{"id":1100,"date":"2020-08-05T14:54:13","date_gmt":"2020-08-05T14:54:13","guid":{"rendered":"https:\/\/www.lively.brussels\/?p=1100"},"modified":"2020-12-08T12:43:52","modified_gmt":"2020-12-08T12:43:52","slug":"attention-terroirist","status":"publish","type":"post","link":"https:\/\/www.lively.brussels\/index.php\/2020\/08\/05\/attention-terroirist\/","title":{"rendered":"Attention Terroirist"},"content":{"rendered":"\n<blockquote class=\"wp-block-quote is-layout-flow wp-block-quote-is-layout-flow\"><p>\u00ab\u00a0<em><em>On veut \u00eatre une centrale d\u2019achat au profit des producteurs et clients <em><em>ENGAG\u00c9S<\/em><\/em>\u00a0\u00bb <\/em><\/em><\/p><cite>Les terroirists<\/cite><\/blockquote>\n\n\n\n<p><strong>Cr\u00e9\u00e9e en 2016, <a href=\"https:\/\/www.facebook.com\/terroiristbxl\" target=\"_blank\" rel=\"noreferrer noopener\">la coop\u00e9rative Terroirist<\/a> a mis en place un syst\u00e8me innovant (et pourtant fameusement simple) pour approvisionner les commer\u00e7ants et restaurateurs bruxellois en fruits, l\u00e9gumes et autres produits d\u2019\u00e9picerie fournis par des producteurs locaux. <\/strong><br>Un r\u00e9seau qui ne cesse de s\u2019agrandir. <br>Nous les avons rencontr\u00e9s.<\/p>\n\n\n\n<hr class=\"wp-block-separator\"\/>\n\n\n\n<p>Apr\u00e8s avoir fr\u00e9quent\u00e9 et travaill\u00e9 \u00e0 divers projets dans l\u2019univers z\u00e9ro d\u00e9chet, Thibaud Godet, au fil de ses rencontres, est de plus en plus convaincu que ce qui compte r\u00e9ellement, c\u2019est de mettre <strong>des produits de qualit\u00e9 sur le devant de la sc\u00e8ne. <\/strong><br>Soutenu d\u00e8s ses d\u00e9buts en 2016 par R\u00e9my de <a href=\"https:\/\/www.marchebio.be\/\" target=\"_blank\" rel=\"noreferrer noopener\">l\u2019Heureux Nouveau<\/a>, devenu March\u00e9 de la Glaci\u00e8re et Quentin Verstappen (Almata, SuperMonkey, La Contrebande\u2026) pour les aspects de logistique, il lance un essai de <strong>centrale d\u2019achat qui met en lien petits producteurs et \u00e9piceries bio et autres \u00e9tablissements horeca<\/strong> pour satisfaire leur approvisionnement. <strong>Le futur projet Terroirist est n\u00e9.<\/strong><\/p>\n\n\n\n<hr class=\"wp-block-separator\"\/>\n\n\n\n<div class=\"wp-block-image\"><figure class=\"aligncenter size-large is-resized\"><img loading=\"lazy\" decoding=\"async\" src=\"https:\/\/www.lively.brussels\/wp-content\/uploads\/2020\/10\/logo-terroirist-300x94-1.png\" alt=\"\" class=\"wp-image-1107\" width=\"440\" height=\"138\"\/><\/figure><\/div>\n\n\n\n<hr class=\"wp-block-separator\"\/>\n\n\n\n<div class=\"wp-block-image\"><figure class=\"aligncenter size-large\"><img loading=\"lazy\" decoding=\"async\" width=\"450\" height=\"234\" src=\"https:\/\/www.lively.brussels\/wp-content\/uploads\/2020\/10\/2020-10-05_Post-15_Image-3.jpg\" alt=\"\" class=\"wp-image-1109\" srcset=\"https:\/\/www.lively.brussels\/wp-content\/uploads\/2020\/10\/2020-10-05_Post-15_Image-3.jpg 450w, https:\/\/www.lively.brussels\/wp-content\/uploads\/2020\/10\/2020-10-05_Post-15_Image-3-300x156.jpg 300w\" sizes=\"auto, (max-width: 450px) 100vw, 450px\" \/><figcaption>Des vrais t\u00eates de Terroirists<\/figcaption><\/figure><\/div>\n\n\n\n<hr class=\"wp-block-separator\"\/>\n\n\n\n<h2 class=\"wp-block-heading\">Et le concept, c&rsquo;est quoi au juste ? <\/h2>\n\n\n\n<p><strong>La formule propos\u00e9e par Terroirist est remarquablement simple : <\/strong><br>\u00catre <strong>l\u2019unique maillon entre magasins, \u00e9piceries et professionnels de l\u2019alimentation \u00e0 Bruxelles et producteurs <\/strong>(bio principalement et en Belgique pour la plupart, mais aussi en France, en Espagne et en Italie) afin de former une structure d\u2019approvisionnement aussi local que possible avec une exigence de tra\u00e7abilit\u00e9 forte. <br>En effet, Terroirist a c\u0153ur&nbsp;de d\u00e9marcher des producteurs respectueux de la terre et travaillant dans le respect de valeurs humaines fortes. Pour les petits exploitants aux rendements trop faibles pour acc\u00e9der aux grossistes, ou qui peinent \u00e0 toucher les particuliers (qui s\u2019orientent plus facilement vers les GASAP ou les Ruches) c\u2019est une mani\u00e8re de <strong>vendre leurs produits \u00e0 un prix juste<\/strong>, tout en se d\u00e9chargeant de l\u2019aspect distribution auquel ils ont souvent peu de temps \u00e0 consacrer.<\/p>\n\n\n\n<hr class=\"wp-block-separator\"\/>\n\n\n\n<h2 class=\"wp-block-heading\">Un mod\u00e8le unique<\/h2>\n\n\n\n<p>\u00c0 l\u2019heure o\u00f9 le questionnement sur la provenance et la mani\u00e8re de produire notre alimentation prend une place grandissante, le concept port\u00e9 par Terroirist peut paraitre \u00e9vident et pourtant, il revendique son c\u00f4t\u00e9 unique et d\u00e9fend un objectif clair. <br><em><strong>\u00ab&nbsp;On veut \u00eatre une centrale d\u2019achat au profit des gens, producteurs et clients, qui sont engag\u00e9s \u00bb<\/strong> <\/em>d\u00e9taille l\u2019\u00e9quipe. <br>Accompagner les producteurs d\u2019un c\u00f4t\u00e9 et approvisionner les professionnels en produits de qualit\u00e9 de l\u2019autre.<\/p>\n\n\n\n<p>Terroirist devient le seul interm\u00e9diaire entre le producteur et le restaurateur ou l\u2019\u00e9picier. Cette d\u00e9marche de simplification permet aux diff\u00e9rents acteurs de grandir ensemble dans une structure o\u00f9 la confiance est \u00e9rig\u00e9e comme valeur moteur.<\/p>\n\n\n\n<p>Comme l\u2019explique l\u2019\u00e9quipe : <em><strong>\u00ab&nbsp;Il arrive que certains producteurs laissent tomber telle ou telle culture car elle n\u2019int\u00e9resse plus personne.&nbsp;\u00bb <\/strong><\/em><br>Terroirist prend alors le temps de discuter avec les restaurateurs de leurs envies et de leurs menus, et leur propose de s\u2019engager \u00e0 acheter ces produits oubli\u00e9s aupr\u00e8s des mara\u00eechers. <br><em>\u00ab&nbsp;Quand vient le temps de la r\u00e9colte, on leur rappelle leurs engagements et au final, tout le monde est satisfait de diversifier les produits chez Terroirist et de d\u00e9fendre une certaine id\u00e9e de la qualit\u00e9. \u00bb<\/em> conclut-il.<\/p>\n\n\n\n<hr class=\"wp-block-separator\"\/>\n\n\n\n<h2 class=\"wp-block-heading\">Et pourquoi une coop\u00e9rative ?<\/h2>\n\n\n\n<p>En 2018, deux ans apr\u00e8s sa formation, Terroirist f\u00e9d\u00e8re toujours un peu plus autour de lui et vient le moment d\u2019officialiser le statut et l\u2019engagement que porte le projet en devenant une coop\u00e9rative. <br>Cr\u00e9er une simple chaine d\u2019approvisionnement en fruits et l\u00e9gumes se r\u00e9v\u00e8lerait extr\u00eamement couteuse, l\u2019int\u00e9r\u00eat pour un grossiste, c\u2019est de proposer un assortiment de produits diversifi\u00e9. <br>Devenir un grossiste parmi les autres semblait r\u00e9ducteur pour l\u2019\u00e9quipe&nbsp;. <\/p>\n\n\n\n<blockquote class=\"wp-block-quote is-layout-flow wp-block-quote-is-layout-flow\"><p>\u00ab\u00a0<em>on est un grossiste certes, mais au service des magasins et restaurants en am\u00e9liorant l\u2019approvisionnement sur lequel ils reprennent le contr\u00f4le<\/em>\u00ab\u00a0. <\/p><cite>L&rsquo;\u00e9quipe des terroirists<\/cite><\/blockquote>\n\n\n\n<p>Et \u00e9videmment, comme toute coop\u00e9rative dans laquelle les membres investissent, qu\u2019elle puisse \u00e0 terme, dans quelques ann\u00e9es, \u00eatre b\u00e9n\u00e9fique et rapporter \u00e0 ses membres sous forme de remises par exemple.<\/p>\n\n\n\n<hr class=\"wp-block-separator\"\/>\n\n\n\n<figure class=\"wp-block-image size-large\"><img loading=\"lazy\" decoding=\"async\" width=\"640\" height=\"640\" src=\"https:\/\/www.lively.brussels\/wp-content\/uploads\/2020\/10\/117431042_791307244740494_970915982709001613_-1.jpg\" alt=\"\" class=\"wp-image-1114\" srcset=\"https:\/\/www.lively.brussels\/wp-content\/uploads\/2020\/10\/117431042_791307244740494_970915982709001613_-1.jpg 640w, https:\/\/www.lively.brussels\/wp-content\/uploads\/2020\/10\/117431042_791307244740494_970915982709001613_-1-300x300.jpg 300w, https:\/\/www.lively.brussels\/wp-content\/uploads\/2020\/10\/117431042_791307244740494_970915982709001613_-1-150x150.jpg 150w, https:\/\/www.lively.brussels\/wp-content\/uploads\/2020\/10\/117431042_791307244740494_970915982709001613_-1-610x610.jpg 610w, https:\/\/www.lively.brussels\/wp-content\/uploads\/2020\/10\/117431042_791307244740494_970915982709001613_-1-500x500.jpg 500w\" sizes=\"auto, (max-width: 640px) 100vw, 640px\" \/><\/figure>\n\n\n\n<hr class=\"wp-block-separator\"\/>\n\n\n\n<h2 class=\"wp-block-heading\">Des sacr\u00e9s enjeux<\/h2>\n\n\n\n<p>Pour d\u00e9passer la relation client-acheteur r\u00e9ductrice qu\u2019on trouve habituellement dans les chaines d\u2019approvisionnement, Terroirist s\u2019occupe d\u00e9sormais \u00e0 consolider son financement et d\u00e9terminer lesquels de ses clients et producteurs partenaires souhaite devenir coop\u00e9rateur. <br><strong>Ainsi, le projet deviendra une coop\u00e9rative dans les faits et s\u2019assurera une certaine p\u00e9rennit\u00e9.<\/strong><\/p>\n\n\n\n<p><strong>D\u2019autres id\u00e9es pour enrichir la coop\u00e9rative, l\u2019\u00e9quipe qui compte aujourd\u2019hui 7 personnes n\u2019en manque pas. <\/strong>Le r\u00e9seau de partenaires continue de grandir, et ce des deux c\u00f4t\u00e9s de la chaine. Aujourd\u2019hui, ce sont une quinzaine de mara\u00eechers et producteurs de fruits, une centaine d\u2019artisans en produits d\u2019\u00e9picerie qui fournissent plus de 60 horecas, traiteurs, transformateurs et autres boulangers. <br>Pour accompagner au plus pr\u00e8s les magasins et restaurateurs, la coop\u00e9rative n\u2019a de cesse de diversifier son offre, notamment en boissons, toujours dans l\u2019objectif de distribuer et faire connaitre le meilleur des produits locaux.<\/p>\n\n\n\n<p>Cet enrichissement passe aussi par la cr\u00e9ation d\u2019un site internet pour mettre en valeur producteurs et coop\u00e9rateurs. <em>\u00ab Si on me demande, \u00ab&nbsp;o\u00f9 est-ce que je peux aller faire mes courses ou aller au restaurant&nbsp;? <\/em>\u00bb, je pourrai renvoyer vers notre site pour savoir o\u00f9 trouver les produits.&nbsp;Les pros, bien souvent, ils n\u2019ont pas assez de temps pour communiquer sur ce qu\u2019ils font. \u00bb <br>L\u2019\u00e9quipe fourmille d\u2019id\u00e9es comme, pourquoi pas, relier les cartes des \u00e9tablissements partenaires avec des informations sur les produits et leur provenance, un peu dans l\u2019id\u00e9e d\u2019une fiche d\u2019identit\u00e9. <em>\u00ab&nbsp;Souvent, on communique beaucoup sur le vin pour la valeur ajout\u00e9e qu\u2019il offre, alors qu\u2019on peut communiquer sur tout :&nbsp; les chips, sur les olives, la tisane, les plats&nbsp;que propose le lieu et \u00e7a aide \u00e0 justifier le prix.&nbsp;\u00bb<\/em> <br><strong>\u00c0 tous les niveaux, Terroirist reste fid\u00e8le \u00e0 son \u00e9thique de tra\u00e7abilit\u00e9 et du prix juste.<\/strong><\/p>\n\n\n\n<hr class=\"wp-block-separator\"\/>\n\n\n\n<h2 class=\"wp-block-heading\">Source des images &amp; illustrations<\/h2>\n\n\n\n<p><a href=\"https:\/\/commons.wikimedia.org\/wiki\/File:BPowerLogo.png\" target=\"_blank\" rel=\"noreferrer noopener\">https:\/\/commons.wikimedia.org\/wiki\/File:BPowerLogo.png<\/a><br><a href=\"https:\/\/www.facebook.com\/terroiristbxl\" target=\"_blank\" rel=\"noreferrer noopener\">https:\/\/www.facebook.com\/terroiristbxl <\/a><\/p>\n\n\n\n<hr class=\"wp-block-separator\"\/>\n\n\n\n<div class=\"wp-block-image\"><figure class=\"aligncenter size-large is-resized\"><img decoding=\"async\" src=\"https:\/\/www.lively.brussels\/wp-content\/uploads\/2020\/09\/by-nc-sa.eu_.png\" alt=\"\" class=\"wp-image-879\" width=\"200\" srcset=\"https:\/\/www.lively.brussels\/wp-content\/uploads\/2020\/09\/by-nc-sa.eu_.png 403w, https:\/\/www.lively.brussels\/wp-content\/uploads\/2020\/09\/by-nc-sa.eu_-300x105.png 300w\" sizes=\"(max-width: 403px) 100vw, 403px\" \/><\/figure><\/div>\n\n\n\n<p class=\"has-text-align-center has-small-font-size\">Cet article est sous Licence Creative Commons.<br>Vous \u00eates libre de le r\u00e9utiliser (en mentionnant l&rsquo;auteur &#8211; BY) mais pas pour un usage commercial (NC) et pour le partager dans les m\u00eames conditions (SA).<\/p>\n","protected":false},"excerpt":{"rendered":"<p>Go vegetables go!<\/p>\n","protected":false},"author":6,"featured_media":1351,"comment_status":"closed","ping_status":"closed","sticky":false,"template":"","format":"standard","meta":{"ngg_post_thumbnail":0,"footnotes":""},"categories":[161],"tags":[159,189,188,142],"class_list":["post-1100","post","type-post","status-publish","format-standard","has-post-thumbnail","hentry","category-portrait","tag-alimentation","tag-cooperative","tag-food","tag-partage","entry-card--landscape"],"yoast_head":"<!-- This site is optimized with the Yoast SEO plugin v27.2 - https:\/\/yoast.com\/product\/yoast-seo-wordpress\/ -->\n<title>Attention Terroirist &#060; LIVELY - Le WebMag de l&#039;\u00e9conomie circulaire<\/title>\n<meta name=\"description\" content=\"Le Webmagazine de l&#039;\u00e9conomie circulaire \u00e0 Bruxelles, de la transition \u00e9conomique et de la durabilit\u00e9.\" \/>\n<meta name=\"robots\" content=\"index, follow, max-snippet:-1, max-image-preview:large, max-video-preview:-1\" \/>\n<link rel=\"canonical\" href=\"https:\/\/www.lively.brussels\/index.php\/2020\/08\/05\/attention-terroirist\/\" \/>\n<meta property=\"og:locale\" content=\"fr_FR\" \/>\n<meta property=\"og:type\" content=\"article\" \/>\n<meta property=\"og:title\" content=\"Attention Terroirist &#060; LIVELY - Le WebMag de l&#039;\u00e9conomie circulaire\" \/>\n<meta property=\"og:description\" content=\"Le Webmagazine de l&#039;\u00e9conomie circulaire \u00e0 Bruxelles, de la transition \u00e9conomique et de la durabilit\u00e9.\" \/>\n<meta property=\"og:url\" content=\"https:\/\/www.lively.brussels\/index.php\/2020\/08\/05\/attention-terroirist\/\" \/>\n<meta property=\"og:site_name\" content=\"LIVELY - Le WebMag de l&#039;\u00e9conomie circulaire\" \/>\n<meta property=\"article:publisher\" content=\"https:\/\/www.facebook.com\/LivelyBrussels\/\" \/>\n<meta property=\"article:published_time\" content=\"2020-08-05T14:54:13+00:00\" \/>\n<meta property=\"article:modified_time\" content=\"2020-12-08T12:43:52+00:00\" \/>\n<meta property=\"og:image\" content=\"https:\/\/www.lively.brussels\/wp-content\/uploads\/2020\/08\/Terroirist.jpg\" \/>\n\t<meta property=\"og:image:width\" content=\"750\" \/>\n\t<meta property=\"og:image:height\" content=\"500\" \/>\n\t<meta property=\"og:image:type\" content=\"image\/jpeg\" \/>\n<meta name=\"author\" content=\"Sybille\" \/>\n<meta name=\"twitter:card\" content=\"summary_large_image\" \/>\n<meta name=\"twitter:creator\" content=\"@BrusselsLively\" \/>\n<meta name=\"twitter:site\" content=\"@BrusselsLively\" \/>\n<meta name=\"twitter:label1\" content=\"\u00c9crit par\" \/>\n\t<meta name=\"twitter:data1\" content=\"Sybille\" \/>\n\t<meta name=\"twitter:label2\" content=\"Dur\u00e9e de lecture estim\u00e9e\" \/>\n\t<meta name=\"twitter:data2\" content=\"6 minutes\" \/>\n<script type=\"application\/ld+json\" class=\"yoast-schema-graph\">{\"@context\":\"https:\/\/schema.org\",\"@graph\":[{\"@type\":\"Article\",\"@id\":\"https:\/\/www.lively.brussels\/index.php\/2020\/08\/05\/attention-terroirist\/#article\",\"isPartOf\":{\"@id\":\"https:\/\/www.lively.brussels\/index.php\/2020\/08\/05\/attention-terroirist\/\"},\"author\":{\"name\":\"Sybille\",\"@id\":\"https:\/\/www.lively.brussels\/#\/schema\/person\/15ecec98f5e673c5eae201e905131269\"},\"headline\":\"Attention Terroirist\",\"datePublished\":\"2020-08-05T14:54:13+00:00\",\"dateModified\":\"2020-12-08T12:43:52+00:00\",\"mainEntityOfPage\":{\"@id\":\"https:\/\/www.lively.brussels\/index.php\/2020\/08\/05\/attention-terroirist\/\"},\"wordCount\":1109,\"publisher\":{\"@id\":\"https:\/\/www.lively.brussels\/#organization\"},\"image\":{\"@id\":\"https:\/\/www.lively.brussels\/index.php\/2020\/08\/05\/attention-terroirist\/#primaryimage\"},\"thumbnailUrl\":\"https:\/\/www.lively.brussels\/wp-content\/uploads\/2020\/08\/Terroirist.jpg\",\"keywords\":[\"Alimentation\",\"Coop\u00e9rative\",\"Food\",\"partage\"],\"articleSection\":[\"Portrait\"],\"inLanguage\":\"fr-FR\"},{\"@type\":\"WebPage\",\"@id\":\"https:\/\/www.lively.brussels\/index.php\/2020\/08\/05\/attention-terroirist\/\",\"url\":\"https:\/\/www.lively.brussels\/index.php\/2020\/08\/05\/attention-terroirist\/\",\"name\":\"Attention Terroirist &#060; LIVELY - Le WebMag de l&#039;\u00e9conomie circulaire\",\"isPartOf\":{\"@id\":\"https:\/\/www.lively.brussels\/#website\"},\"primaryImageOfPage\":{\"@id\":\"https:\/\/www.lively.brussels\/index.php\/2020\/08\/05\/attention-terroirist\/#primaryimage\"},\"image\":{\"@id\":\"https:\/\/www.lively.brussels\/index.php\/2020\/08\/05\/attention-terroirist\/#primaryimage\"},\"thumbnailUrl\":\"https:\/\/www.lively.brussels\/wp-content\/uploads\/2020\/08\/Terroirist.jpg\",\"datePublished\":\"2020-08-05T14:54:13+00:00\",\"dateModified\":\"2020-12-08T12:43:52+00:00\",\"description\":\"Le Webmagazine de l'\u00e9conomie circulaire \u00e0 Bruxelles, de la transition \u00e9conomique et de la durabilit\u00e9.\",\"breadcrumb\":{\"@id\":\"https:\/\/www.lively.brussels\/index.php\/2020\/08\/05\/attention-terroirist\/#breadcrumb\"},\"inLanguage\":\"fr-FR\",\"potentialAction\":[{\"@type\":\"ReadAction\",\"target\":[\"https:\/\/www.lively.brussels\/index.php\/2020\/08\/05\/attention-terroirist\/\"]}]},{\"@type\":\"ImageObject\",\"inLanguage\":\"fr-FR\",\"@id\":\"https:\/\/www.lively.brussels\/index.php\/2020\/08\/05\/attention-terroirist\/#primaryimage\",\"url\":\"https:\/\/www.lively.brussels\/wp-content\/uploads\/2020\/08\/Terroirist.jpg\",\"contentUrl\":\"https:\/\/www.lively.brussels\/wp-content\/uploads\/2020\/08\/Terroirist.jpg\",\"width\":750,\"height\":500},{\"@type\":\"BreadcrumbList\",\"@id\":\"https:\/\/www.lively.brussels\/index.php\/2020\/08\/05\/attention-terroirist\/#breadcrumb\",\"itemListElement\":[{\"@type\":\"ListItem\",\"position\":1,\"name\":\"Accueil\",\"item\":\"https:\/\/www.lively.brussels\/\"},{\"@type\":\"ListItem\",\"position\":2,\"name\":\"Attention Terroirist\"}]},{\"@type\":\"WebSite\",\"@id\":\"https:\/\/www.lively.brussels\/#website\",\"url\":\"https:\/\/www.lively.brussels\/\",\"name\":\"LIVELY - Le WebMag de l&#039;\u00e9conomie circulaire\",\"description\":\"Pour tout savoir de l&#039;\u00e9conomie circulaire \u00e0 Bruxelles, en Belgique et dans le reste de l&#039;univers\",\"publisher\":{\"@id\":\"https:\/\/www.lively.brussels\/#organization\"},\"potentialAction\":[{\"@type\":\"SearchAction\",\"target\":{\"@type\":\"EntryPoint\",\"urlTemplate\":\"https:\/\/www.lively.brussels\/?s={search_term_string}\"},\"query-input\":{\"@type\":\"PropertyValueSpecification\",\"valueRequired\":true,\"valueName\":\"search_term_string\"}}],\"inLanguage\":\"fr-FR\"},{\"@type\":\"Organization\",\"@id\":\"https:\/\/www.lively.brussels\/#organization\",\"name\":\"Sense Brussels SCRL\",\"url\":\"https:\/\/www.lively.brussels\/\",\"logo\":{\"@type\":\"ImageObject\",\"inLanguage\":\"fr-FR\",\"@id\":\"https:\/\/www.lively.brussels\/#\/schema\/logo\/image\/\",\"url\":\"https:\/\/www.lively.brussels\/wp-content\/uploads\/2020\/08\/Lively_Favicon.jpg\",\"contentUrl\":\"https:\/\/www.lively.brussels\/wp-content\/uploads\/2020\/08\/Lively_Favicon.jpg\",\"width\":134,\"height\":134,\"caption\":\"Sense Brussels SCRL\"},\"image\":{\"@id\":\"https:\/\/www.lively.brussels\/#\/schema\/logo\/image\/\"},\"sameAs\":[\"https:\/\/www.facebook.com\/LivelyBrussels\/\",\"https:\/\/x.com\/BrusselsLively\",\"https:\/\/www.instagram.com\/livelybrussels\/\",\"https:\/\/www.linkedin.com\/company\/lively-brussels\"]},{\"@type\":\"Person\",\"@id\":\"https:\/\/www.lively.brussels\/#\/schema\/person\/15ecec98f5e673c5eae201e905131269\",\"name\":\"Sybille\",\"image\":{\"@type\":\"ImageObject\",\"inLanguage\":\"fr-FR\",\"@id\":\"https:\/\/secure.gravatar.com\/avatar\/4e974072af6fa852a43e74ef9238c9fcc054bee47bd2ad22fb9ee34476030349?s=96&d=mm&r=g\",\"url\":\"https:\/\/secure.gravatar.com\/avatar\/4e974072af6fa852a43e74ef9238c9fcc054bee47bd2ad22fb9ee34476030349?s=96&d=mm&r=g\",\"contentUrl\":\"https:\/\/secure.gravatar.com\/avatar\/4e974072af6fa852a43e74ef9238c9fcc054bee47bd2ad22fb9ee34476030349?s=96&d=mm&r=g\",\"caption\":\"Sybille\"},\"url\":\"https:\/\/www.lively.brussels\/index.php\/author\/sybille\/\"}]}<\/script>\n<!-- \/ Yoast SEO plugin. -->","yoast_head_json":{"title":"Attention Terroirist &#060; LIVELY - Le WebMag de l&#039;\u00e9conomie circulaire","description":"Le Webmagazine de l'\u00e9conomie circulaire \u00e0 Bruxelles, de la transition \u00e9conomique et de la durabilit\u00e9.","robots":{"index":"index","follow":"follow","max-snippet":"max-snippet:-1","max-image-preview":"max-image-preview:large","max-video-preview":"max-video-preview:-1"},"canonical":"https:\/\/www.lively.brussels\/index.php\/2020\/08\/05\/attention-terroirist\/","og_locale":"fr_FR","og_type":"article","og_title":"Attention Terroirist &#060; LIVELY - Le WebMag de l&#039;\u00e9conomie circulaire","og_description":"Le Webmagazine de l'\u00e9conomie circulaire \u00e0 Bruxelles, de la transition \u00e9conomique et de la durabilit\u00e9.","og_url":"https:\/\/www.lively.brussels\/index.php\/2020\/08\/05\/attention-terroirist\/","og_site_name":"LIVELY - Le WebMag de l&#039;\u00e9conomie circulaire","article_publisher":"https:\/\/www.facebook.com\/LivelyBrussels\/","article_published_time":"2020-08-05T14:54:13+00:00","article_modified_time":"2020-12-08T12:43:52+00:00","og_image":[{"width":750,"height":500,"url":"https:\/\/www.lively.brussels\/wp-content\/uploads\/2020\/08\/Terroirist.jpg","type":"image\/jpeg"}],"author":"Sybille","twitter_card":"summary_large_image","twitter_creator":"@BrusselsLively","twitter_site":"@BrusselsLively","twitter_misc":{"\u00c9crit par":"Sybille","Dur\u00e9e de lecture estim\u00e9e":"6 minutes"},"schema":{"@context":"https:\/\/schema.org","@graph":[{"@type":"Article","@id":"https:\/\/www.lively.brussels\/index.php\/2020\/08\/05\/attention-terroirist\/#article","isPartOf":{"@id":"https:\/\/www.lively.brussels\/index.php\/2020\/08\/05\/attention-terroirist\/"},"author":{"name":"Sybille","@id":"https:\/\/www.lively.brussels\/#\/schema\/person\/15ecec98f5e673c5eae201e905131269"},"headline":"Attention Terroirist","datePublished":"2020-08-05T14:54:13+00:00","dateModified":"2020-12-08T12:43:52+00:00","mainEntityOfPage":{"@id":"https:\/\/www.lively.brussels\/index.php\/2020\/08\/05\/attention-terroirist\/"},"wordCount":1109,"publisher":{"@id":"https:\/\/www.lively.brussels\/#organization"},"image":{"@id":"https:\/\/www.lively.brussels\/index.php\/2020\/08\/05\/attention-terroirist\/#primaryimage"},"thumbnailUrl":"https:\/\/www.lively.brussels\/wp-content\/uploads\/2020\/08\/Terroirist.jpg","keywords":["Alimentation","Coop\u00e9rative","Food","partage"],"articleSection":["Portrait"],"inLanguage":"fr-FR"},{"@type":"WebPage","@id":"https:\/\/www.lively.brussels\/index.php\/2020\/08\/05\/attention-terroirist\/","url":"https:\/\/www.lively.brussels\/index.php\/2020\/08\/05\/attention-terroirist\/","name":"Attention Terroirist &#060; LIVELY - Le WebMag de l&#039;\u00e9conomie circulaire","isPartOf":{"@id":"https:\/\/www.lively.brussels\/#website"},"primaryImageOfPage":{"@id":"https:\/\/www.lively.brussels\/index.php\/2020\/08\/05\/attention-terroirist\/#primaryimage"},"image":{"@id":"https:\/\/www.lively.brussels\/index.php\/2020\/08\/05\/attention-terroirist\/#primaryimage"},"thumbnailUrl":"https:\/\/www.lively.brussels\/wp-content\/uploads\/2020\/08\/Terroirist.jpg","datePublished":"2020-08-05T14:54:13+00:00","dateModified":"2020-12-08T12:43:52+00:00","description":"Le Webmagazine de l'\u00e9conomie circulaire \u00e0 Bruxelles, de la transition \u00e9conomique et de la durabilit\u00e9.","breadcrumb":{"@id":"https:\/\/www.lively.brussels\/index.php\/2020\/08\/05\/attention-terroirist\/#breadcrumb"},"inLanguage":"fr-FR","potentialAction":[{"@type":"ReadAction","target":["https:\/\/www.lively.brussels\/index.php\/2020\/08\/05\/attention-terroirist\/"]}]},{"@type":"ImageObject","inLanguage":"fr-FR","@id":"https:\/\/www.lively.brussels\/index.php\/2020\/08\/05\/attention-terroirist\/#primaryimage","url":"https:\/\/www.lively.brussels\/wp-content\/uploads\/2020\/08\/Terroirist.jpg","contentUrl":"https:\/\/www.lively.brussels\/wp-content\/uploads\/2020\/08\/Terroirist.jpg","width":750,"height":500},{"@type":"BreadcrumbList","@id":"https:\/\/www.lively.brussels\/index.php\/2020\/08\/05\/attention-terroirist\/#breadcrumb","itemListElement":[{"@type":"ListItem","position":1,"name":"Accueil","item":"https:\/\/www.lively.brussels\/"},{"@type":"ListItem","position":2,"name":"Attention Terroirist"}]},{"@type":"WebSite","@id":"https:\/\/www.lively.brussels\/#website","url":"https:\/\/www.lively.brussels\/","name":"LIVELY - Le WebMag de l&#039;\u00e9conomie circulaire","description":"Pour tout savoir de l&#039;\u00e9conomie circulaire \u00e0 Bruxelles, en Belgique et dans le reste de l&#039;univers","publisher":{"@id":"https:\/\/www.lively.brussels\/#organization"},"potentialAction":[{"@type":"SearchAction","target":{"@type":"EntryPoint","urlTemplate":"https:\/\/www.lively.brussels\/?s={search_term_string}"},"query-input":{"@type":"PropertyValueSpecification","valueRequired":true,"valueName":"search_term_string"}}],"inLanguage":"fr-FR"},{"@type":"Organization","@id":"https:\/\/www.lively.brussels\/#organization","name":"Sense Brussels SCRL","url":"https:\/\/www.lively.brussels\/","logo":{"@type":"ImageObject","inLanguage":"fr-FR","@id":"https:\/\/www.lively.brussels\/#\/schema\/logo\/image\/","url":"https:\/\/www.lively.brussels\/wp-content\/uploads\/2020\/08\/Lively_Favicon.jpg","contentUrl":"https:\/\/www.lively.brussels\/wp-content\/uploads\/2020\/08\/Lively_Favicon.jpg","width":134,"height":134,"caption":"Sense Brussels SCRL"},"image":{"@id":"https:\/\/www.lively.brussels\/#\/schema\/logo\/image\/"},"sameAs":["https:\/\/www.facebook.com\/LivelyBrussels\/","https:\/\/x.com\/BrusselsLively","https:\/\/www.instagram.com\/livelybrussels\/","https:\/\/www.linkedin.com\/company\/lively-brussels"]},{"@type":"Person","@id":"https:\/\/www.lively.brussels\/#\/schema\/person\/15ecec98f5e673c5eae201e905131269","name":"Sybille","image":{"@type":"ImageObject","inLanguage":"fr-FR","@id":"https:\/\/secure.gravatar.com\/avatar\/4e974072af6fa852a43e74ef9238c9fcc054bee47bd2ad22fb9ee34476030349?s=96&d=mm&r=g","url":"https:\/\/secure.gravatar.com\/avatar\/4e974072af6fa852a43e74ef9238c9fcc054bee47bd2ad22fb9ee34476030349?s=96&d=mm&r=g","contentUrl":"https:\/\/secure.gravatar.com\/avatar\/4e974072af6fa852a43e74ef9238c9fcc054bee47bd2ad22fb9ee34476030349?s=96&d=mm&r=g","caption":"Sybille"},"url":"https:\/\/www.lively.brussels\/index.php\/author\/sybille\/"}]}},"_links":{"self":[{"href":"https:\/\/www.lively.brussels\/index.php\/wp-json\/wp\/v2\/posts\/1100","targetHints":{"allow":["GET"]}}],"collection":[{"href":"https:\/\/www.lively.brussels\/index.php\/wp-json\/wp\/v2\/posts"}],"about":[{"href":"https:\/\/www.lively.brussels\/index.php\/wp-json\/wp\/v2\/types\/post"}],"author":[{"embeddable":true,"href":"https:\/\/www.lively.brussels\/index.php\/wp-json\/wp\/v2\/users\/6"}],"replies":[{"embeddable":true,"href":"https:\/\/www.lively.brussels\/index.php\/wp-json\/wp\/v2\/comments?post=1100"}],"version-history":[{"count":15,"href":"https:\/\/www.lively.brussels\/index.php\/wp-json\/wp\/v2\/posts\/1100\/revisions"}],"predecessor-version":[{"id":1341,"href":"https:\/\/www.lively.brussels\/index.php\/wp-json\/wp\/v2\/posts\/1100\/revisions\/1341"}],"wp:featuredmedia":[{"embeddable":true,"href":"https:\/\/www.lively.brussels\/index.php\/wp-json\/wp\/v2\/media\/1351"}],"wp:attachment":[{"href":"https:\/\/www.lively.brussels\/index.php\/wp-json\/wp\/v2\/media?parent=1100"}],"wp:term":[{"taxonomy":"category","embeddable":true,"href":"https:\/\/www.lively.brussels\/index.php\/wp-json\/wp\/v2\/categories?post=1100"},{"taxonomy":"post_tag","embeddable":true,"href":"https:\/\/www.lively.brussels\/index.php\/wp-json\/wp\/v2\/tags?post=1100"}],"curies":[{"name":"wp","href":"https:\/\/api.w.org\/{rel}","templated":true}]}}