{"id":1682,"date":"2021-01-28T19:30:00","date_gmt":"2021-01-28T19:30:00","guid":{"rendered":"https:\/\/www.lively.brussels\/?p=1682"},"modified":"2021-01-31T15:47:58","modified_gmt":"2021-01-31T15:47:58","slug":"a-table","status":"publish","type":"post","link":"https:\/\/www.lively.brussels\/index.php\/2021\/01\/28\/a-table\/","title":{"rendered":"\u00c0 table !"},"content":{"rendered":"\n<p><strong>La recette de la Grande Transition est enfin connue. <br>Il s\u2019agit d\u2019un dessert&nbsp;!<br>Le fameux donut reliant les enjeux environnementaux et sociaux.<\/strong><br>Une preuve irr\u00e9futable que transition ne rime pas avec privation&nbsp;! Miam, miam.<\/p>\n\n\n\n<p><strong>Cette c\u00e9l\u00e8bre p\u00e2tisserie am\u00e9ricaine de forme torique a inspir\u00e9 <a href=\"https:\/\/www.oxfamfrance.org\/actualite\/la-theorie-du-donut-une-nouvelle-economie-est-possible\/\" target=\"_blank\" rel=\"noreferrer noopener\">l\u2019\u00e9conomiste anglaise Kate Raworth <\/a>pour symboliser <a href=\"https:\/\/www.lisez.com\/livre-grand-format\/la-theorie-du-donut\/9782259268080\" target=\"_blank\" rel=\"noreferrer noopener\">sa th\u00e9orie de la transition \u00e9conomique<\/a><\/strong>. <\/p>\n\n\n\n<p>Ah bon&nbsp;?<br><strong>Oui, oui. Notre jolie p\u00e2tisserie se compose de deux limites \u00e0 respecter&nbsp;: <\/strong><br><strong>Un seuil social pour \u00e9viter que la population ne se retrouve pi\u00e9g\u00e9e dans le vide int\u00e9rieur du donut. <\/strong><br><strong>Et un plafond environnemental pour \u00e9viter de d\u00e9passer par la surexploitation les ressources plan\u00e9taires limit\u00e9es<\/strong>, en respectant bien s\u00fbr les principes de la thermodynamique, tr\u00e8s utiles aussi pour cuisiner.<\/p>\n\n\n\n<figure class=\"wp-block-image size-large is-resized\"><img loading=\"lazy\" decoding=\"async\" src=\"https:\/\/www.lively.brussels\/wp-content\/uploads\/2021\/01\/doughnut.jpg\" alt=\"\" class=\"wp-image-1736\" width=\"533\" height=\"518\" srcset=\"https:\/\/www.lively.brussels\/wp-content\/uploads\/2021\/01\/doughnut.jpg 710w, https:\/\/www.lively.brussels\/wp-content\/uploads\/2021\/01\/doughnut-300x292.jpg 300w, https:\/\/www.lively.brussels\/wp-content\/uploads\/2021\/01\/doughnut-610x594.jpg 610w, https:\/\/www.lively.brussels\/wp-content\/uploads\/2021\/01\/doughnut-640x623.jpg 640w, https:\/\/www.lively.brussels\/wp-content\/uploads\/2021\/01\/doughnut-514x500.jpg 514w\" sizes=\"auto, (max-width: 533px) 100vw, 533px\" \/><figcaption>Donut nature<br>Source : <a href=\"https:\/\/www.oxfamfrance.org\/actualite\/la-theorie-du-donut-une-nouvelle-economie-est-possible\/\" target=\"_blank\" rel=\"noreferrer noopener\">Oxfam<\/a><\/figcaption><\/figure>\n\n\n\n<p><strong>Toute la r\u00e9daction de LIVELY s\u2019associe \u00e0 ses recherches, pour vous garantir que ni les cr\u00eapes, ni les bagels, ni m\u00eames les beignets classiques ne peuvent \u00eatre des recettes gagnantes pour la Grande Transition.<\/strong><\/p>\n\n\n\n<p><strong>Vous semblez perplexe et attendez une d\u00e9monstration m\u00e9ticuleuse&nbsp;?<\/strong><br>Vous avez bien raison.<\/p>\n\n\n\n<p><strong>Passons donc en cuisine. &nbsp;<br>Et listons les ingr\u00e9dients d\u00e9licieusement durables.<\/strong><\/p>\n\n\n\n<hr class=\"wp-block-separator\"\/>\n\n\n\n<h2 class=\"wp-block-heading\"><strong>Tout ce qu\u2019il nous faut<\/strong><\/h2>\n\n\n\n<p><strong>Tout d\u2019abord, pour respecter les limites plan\u00e9taires, il nous faut des produits locaux, id\u00e9alement issus de productions raisonn\u00e9es :<\/strong> 450 g de farine, 20 g de levure de boulanger fra\u00eeche, 8 cl d&rsquo;eau ti\u00e8de, 1 \u0153uf (uniquement de poules d\u00e9tendues et \u00e9lev\u00e9es en plein air), 60 g de beurre, 1 pinc\u00e9e de sel, 15 cl de lait, huile de friture (tournesol, arachide etc.)<\/p>\n\n\n\n<p><strong>Et, pour respecter la justice sociale&nbsp;: des ingr\u00e9dients issus des fili\u00e8res du commerce \u00e9quitable<\/strong> (Kate et moi y tenons \u00e9norm\u00e9ment. Nous avons tous les deux travaill\u00e9 pour Oxfam. C\u2019est d\u2019ailleurs chez Oxfam qu\u2019elle a con\u00e7u sa recette \u00e9conomique)&nbsp;: 50 g de sucre, une cuill\u00e8re \u00e0 soupe de jus de citron. Et pour le gla\u00e7age au chocolat : 100 g de chocolat ainsi que 2 cc de lait de coco.<\/p>\n\n\n\n<p><strong>Nous voil\u00e0 pr\u00eats&nbsp;! Sortons maintenant nos ustensiles.<\/strong><\/p>\n\n\n\n<p><strong>La recette de Kate est d\u00e9finie selon 7 principes essentiels&nbsp;que nous allons vous faire d\u00e9couvrir.<\/strong> <\/p>\n\n\n\n<hr class=\"wp-block-separator\"\/>\n\n\n\n<h2 class=\"wp-block-heading\"><strong>\u00c9tape 1 : Repenser les ingr\u00e9dients de notre \u00e9conomie<\/strong><\/h2>\n\n\n\n<p>Laissez reposer les ressources mais attention\u2026 <br><strong>Au lieu de rechercher une hausse constante du PIB, cherchons comment combiner \u00e9quilibre et prosp\u00e9rit\u00e9.<\/strong> <br>Le d\u00e9fi, c\u2019est maintenant de cr\u00e9er des \u00e9conomies, de l\u2019\u00e9chelle locale \u00e0 l\u2019\u00e9chelle globale, qui contribuent \u00e0 <strong>positionner l\u2019ensemble de l\u2019humanit\u00e9 dans l\u2019espace juste et s\u00fbr de notre donut.<\/strong><br>Il est indispensable de s\u2019\u00e9loigner de la culture du 20<sup>\u00e8me<\/sup> si\u00e8cle focalis\u00e9e sur un seul indicateur et d\u2019aller vers une diversit\u00e9 d\u2019indicateurs tels que propos\u00e9s dans le donut. <br>Des pays tels que le Boutan ont d\u00e9j\u00e0 tent\u00e9 l\u2019aventure des indicateurs alternatifs, comme celui du bonheur.<br><strong>Alors qu\u2019attendons-nous pour penser autrement, ici en Europe&nbsp;?<\/strong><\/p>\n\n\n\n<hr class=\"wp-block-separator\"\/>\n\n\n\n<h2 class=\"wp-block-heading\"><strong>\u00c9tape 2 : Relier l\u2019ensemble des ingr\u00e9dients de notre vie terrestre<\/strong><\/h2>\n\n\n\n<p>Versez maintenant tous les ingr\u00e9dients dans un r\u00e9cipient (circulaire \u00e9videmment !) et observez les interactions\u2026<br><strong>Vous d\u00e9couvrirez que les dimensions humaines et plan\u00e9taires sont m\u00e9lang\u00e9es, interconnect\u00e9es au sein d&rsquo;un syst\u00e8me unique. <\/strong>M\u00eame si certains pr\u00e9f\u00e8rent tout couper en petits morceaux pour cr\u00e9er une illusion d\u2019optique.<\/p>\n\n\n\n<p>Tout est reli\u00e9&nbsp;: d\u2019une part, <strong>le non-respect des limites bio-capacitaires risque d\u2019augmenter les difficult\u00e9s d\u2019acc\u00e8s aux ressources pour les plus fragilis\u00e9s <\/strong>de notre soci\u00e9t\u00e9, et d\u2019autre part, plusieurs \u00e9tudes d\u00e9montrent que <strong>les plus riches acc\u00e9l\u00e8rent, en raison de leurs modes de consommation effr\u00e9n\u00e9e, l\u2019\u00e9puisement des ressources<\/strong> pourtant indispensables \u00e0 la vie sur terre.<\/p>\n\n\n\n<p><strong>Kate parle de la n\u00e9cessit\u00e9 d\u2019une \u00e9conomie int\u00e9gr\u00e9e.<\/strong><br>Pourrions-nous dire que cette \u00e9conomie devrait m\u00eame \u00eatre \u00ab&nbsp;r\u00e9encastr\u00e9e&nbsp;\u00bb dans les limites humaines et terrestres&nbsp;?<\/p>\n\n\n\n<p><strong>Il s\u2019agit de construire une \u00e9conomie au service de la vie et non l\u2019inverse.<\/strong> <br>C\u2019est pour cela que <strong>la gouvernance doit \u00eatre organis\u00e9e en incluant l\u2019ensemble des acteurs afin d\u2019\u00e9viter le march\u00e9 ne prenne toutes les d\u00e9cisions de notre vie<\/strong>, y compris en d\u00e9finissant les secteurs qui seraient prioritaires et ceux qui ne le seraient pas&#8230;<\/p>\n\n\n\n<hr class=\"wp-block-separator\"\/>\n\n\n\n<h2 class=\"wp-block-heading\"><strong>\u00c9tape 3 : Cultiver la nature coop\u00e9rative humaine<\/strong><\/h2>\n\n\n\n<p><strong>Couvrez d&rsquo;un linge d\u00e9licat un groupe d\u2019humains venus d\u2019horizons diff\u00e9rents, patientez un peu (1 heure 30 environ) et observez l\u2019alchimie qui se cr\u00e9\u00e9. &nbsp;<br>Vous voyez&nbsp;? <br>Nous sommes capables de r\u00e9ciprocit\u00e9, d\u2019empathie, de coop\u00e9ration, de sociabilit\u00e9&nbsp;!<\/strong><br>Ceci tant en p\u00e9riode faste qu&rsquo;en p\u00e9riode de crise, car nous sommes bien plus que des homo economicus, des consommateurs effr\u00e9n\u00e9s et des investisseurs avides en travail et en capitaux.<\/p>\n\n\n\n<p><strong>Notre ma\u00eetresse cuisini\u00e8re illustre ce 3<sup>\u00e8me<\/sup> principe avec plusieurs exemples<\/strong> dont celui des agriculteurs au Chiapas qui sont plus motiv\u00e9s \u00e0 pr\u00e9server les for\u00eats sur le long terme par une planification collective bas\u00e9e sur les bienfaits de la for\u00eat plut\u00f4t qu\u2019en les d\u00e9dommageant en esp\u00e8ces pour chaque arbre non coup\u00e9.<\/p>\n\n\n\n<hr class=\"wp-block-separator\"\/>\n\n\n\n<h2 class=\"wp-block-heading\"><strong>\u00c9tape 4 : Accepter et comprendre la complexit\u00e9 de notre monde<\/strong><\/h2>\n\n\n\n<p>Dessinez des ronds (\u00e0 l\u2019aide d\u2019un emporte-pi\u00e8ce par exemple) pour <strong>repr\u00e9senter les interactions entre les agents \u00e9conomiques, d\u2019une part, et entre ceux-ci et la nature, d\u2019autre part. <\/strong><br>Surtout \u00e9vitez de ne traiter ces interactions qu\u2019avec une simple planche \u00e0 d\u00e9couper car leurs complexit\u00e9s ne peuvent \u00eatre simplifi\u00e9es selon les processus lin\u00e9aires qui dominent les discours \u00e9conomiques et financiers ambiants.<\/p>\n\n\n\n<p><strong>Comme tout syst\u00e8me, la p\u00e2tisserie\u2026 <br>Pardon\u2026 l\u2019\u00e9conomie est dynamique, instable, impr\u00e9visible et\u2026 complexe.<\/strong><\/p>\n\n\n\n<p>Cependant, la bonne nouvelle est <strong>qu\u2019il est possible d\u2019appr\u00e9hender, voire d\u2019anticiper, les scenarii de cette complexit\u00e9 par l\u2019observation des interactions entre les composants d\u2019un \u00e9cosyst\u00e8me.<\/strong><\/p>\n\n\n\n<p>Kate nous invite donc \u00e0 penser en syst\u00e8mes, et \u00e0 abandonner le concept des externalit\u00e9s car elles ne sont plus possibles \u00e0 partir du moment o\u00f9 l\u2019on d\u00e9cide d\u2019ouvrir les yeux sur la r\u00e9alit\u00e9 des interactions.<br>O\u00f9 devrions-nous \u00ab&nbsp;stocker&nbsp;\u00bb les externalit\u00e9s environnementales (pollutions, etc.) sociales (burn-out) cr\u00e9\u00e9es par les entreprises ? <br>Pendant combien de temps ? <br>Et pourquoi l\u2019Etat devrait continuer \u00e0 les financer, et avec quels moyens budg\u00e9taires&nbsp;? <\/p>\n\n\n\n<p>Entrainons-nous donc \u00e0 relier les cercles des enjeux de note soci\u00e9t\u00e9 et de l\u2019\u00e9conomie, en commen\u00e7ant par les plus proches de notre r\u00e9alit\u00e9 quotidienne pour enfin reprendre la main (pr\u00e9tendument invisible) du march\u00e9.<\/p>\n\n\n\n<hr class=\"wp-block-separator\"\/>\n\n\n\n<h2 class=\"wp-block-heading\"><strong>\u00c9tape 5 : Redistribuer les richesses cr\u00e9\u00e9es<\/strong><\/h2>\n\n\n\n<p>Ce n\u2019est pas en disposant les donuts sur une plaque farin\u00e9e, en les couvrant et les laissant se reposer 30 minutes suppl\u00e9mentaires que le ruissellement de la croissance \u00e9conomique permettra de r\u00e9duire les in\u00e9galit\u00e9s&nbsp;!<\/p>\n\n\n\n<p><strong>Notre cuisini\u00e8re pr\u00e9f\u00e9r\u00e9e est cat\u00e9gorique. <br>Selon elle, Il est urgent de modifier la distribution du revenu mais aussi de la richesse, sp\u00e9cialement celle qui vient du contr\u00f4le de la terre, de la cr\u00e9ation de la monnaie, de la technologie, et du savoir.<\/strong><\/p>\n\n\n\n<p>Les communs du savoir trans-locaux (mis en place en appliquant les principes du design libre et ouvert) permettront \u00e0 chacune et \u00e0 chacun de <strong>cr\u00e9er des entreprises open source<\/strong> et ainsi d\u2019<strong>acc\u00e9l\u00e9rer la r\u00e9g\u00e9n\u00e9ration de l\u2019\u00e9conomie.<\/strong><\/p>\n\n\n\n<hr class=\"wp-block-separator\"\/>\n\n\n\n<h2 class=\"wp-block-heading\"><strong>\u00c9tape 6 : R\u00e9g\u00e9n\u00e9rer les ressources<\/strong><\/h2>\n\n\n\n<p>A ce rythme, il ne sera bient\u00f4t plus possible de faire chauffer l&rsquo;huile dans une casserole \u00e0 170-180\u00b0C pour pr\u00e9parer les donuts&nbsp;si nous continuons d\u2019\u00e9puiser les ressources naturelles et \u00e9nerg\u00e9tiques ! <br><strong>Et alors&nbsp;? Comment fera-t-on la cuisine&nbsp;?<\/strong><\/p>\n\n\n\n<p><strong>Si nous attendons que le march\u00e9 s\u2019autor\u00e9gule, le point de basculement sera brutal, en raison d\u2019une augmentation soudaine du prix d\u2019extraction des ressources et ensuite de l\u2019irr\u00e9versibilit\u00e9 des changements induits par les changements climatiques.<\/strong><\/p>\n\n\n\n<p><strong>C\u2019est pourquoi une \u00e9conomie r\u00e9ellement circulaire est indispensable.<\/strong><br><strong>Et nous avons tous les ingr\u00e9dients n\u00e9cessaires ici&nbsp;en Belgique :<\/strong> connaissances, moyens financiers et de nombreux d\u00e9chets-ressources, provenant de mines urbaines, qui peuvent \u00eatre optimis\u00e9s et r\u00e9utilis\u00e9s pour d\u00e9coupler le bien-\u00eatre des citoyennes et citoyens de l\u2019extraction des ressources naturelles.<\/p>\n\n\n\n<p><strong>La transparence est un autre ingr\u00e9dient indispensable<\/strong> tant sur la composition des produits que sur la localisation et la disponibilit\u00e9 des mat\u00e9riaux, sans oublier, bien s\u00fbr, les processus de transformation.<\/p>\n\n\n\n<hr class=\"wp-block-separator\"\/>\n\n\n\n<h2 class=\"wp-block-heading\"><strong>\u00c9tape 7 : Vivre en nous d\u00e9tachant de la croissance<\/strong><\/h2>\n\n\n\n<p>A ce stade de notre cours de cuisine, imaginez-vous encore frire les donuts et les dorer 2 minutes environ de chaque c\u00f4t\u00e9 puis les \u00e9goutter sur du papier absorbant&nbsp;(jetable&nbsp;!) pour \u00e9ponger l&rsquo;exc\u00e9dent de gras ?? Really&nbsp;? Genuinely&nbsp;?<\/p>\n\n\n\n<p><strong>Eh bien Kate, elle, a pris beaucoup de temps pour r\u00e9fl\u00e9chir \u00e0 cette ultime \u00e9tape&nbsp;: \u00ab&nbsp;T<em>o grow green or not to grow at all ?<\/em>&nbsp;\u00bb.<\/strong><\/p>\n\n\n\n<p>Sa conclusion devrait vous permettre de remplacer la consommation de \u00ab&nbsp;donuts physiques&nbsp;\u00bb par la conception de \u00ab&nbsp;donut \u00e9conomique&nbsp;\u00bb. <\/p>\n\n\n\n<blockquote class=\"wp-block-quote is-layout-flow wp-block-quote-is-layout-flow\"><p>\u00ab&nbsp;<em>Il est essentiel de viser rapidement une \u00e9conomie r\u00e9g\u00e9n\u00e9rative et inclusive et de nous lib\u00e9rer de cette d\u00e9pendance structurelle \u00e0 la croissance<\/em>&nbsp;\u00bb<\/p><cite>Kate Raworth, th\u00e9ricienne de la transition et cheffe \u00e9toil\u00e9e<\/cite><\/blockquote>\n\n\n\n<p><strong>Apr\u00e8s Amsterdam, c\u2019est donc tr\u00e8s bient\u00f4t, \u00e0 notre tour de d\u00e9couvrir les bienfaits de ce donut magique, dont le concept&nbsp;et la m\u00e9thodologie sont finalement d\u00e9licieusement pertinents pour la transition de notre r\u00e9gion. <\/strong><\/p>\n\n\n\n<p><strong>Les premiers donuts devraient \u00eatre bient\u00f4t servis au menu du Conseil des Ministres bruxellois et disponibles dans la foul\u00e9e sur toutes les bonnes tables de la capitale europ\u00e9enne\u2026 <\/strong><\/p>\n\n\n\n<p>A suivre donc. <br>Sur LIVELY \u00e9videmment !<\/p>\n\n\n\n<hr class=\"wp-block-separator\"\/>\n\n\n\n<p class=\"has-medium-font-size\"><strong><span style=\"background-color:#4ee58b\" class=\"tadv-background-color\">ZOOM SUR LE DONUT BRUXELLOIS <\/span><\/strong><\/p>\n\n\n\n<div class=\"wp-block-image\"><figure class=\"aligncenter size-large\"><a href=\"https:\/\/donut.brussels\/\" target=\"_blank\" rel=\"noopener\" class=\"img-link\"><img loading=\"lazy\" decoding=\"async\" width=\"331\" height=\"74\" src=\"https:\/\/www.lively.brussels\/wp-content\/uploads\/2021\/01\/cropped-LOGO_horizontal.png\" alt=\"\" class=\"wp-image-1729\" srcset=\"https:\/\/www.lively.brussels\/wp-content\/uploads\/2021\/01\/cropped-LOGO_horizontal.png 331w, https:\/\/www.lively.brussels\/wp-content\/uploads\/2021\/01\/cropped-LOGO_horizontal-300x67.png 300w\" sizes=\"auto, (max-width: 331px) 100vw, 331px\" \/><\/a><\/figure><\/div>\n\n\n\n<p><strong>Bruxelles fait \u00e9galement partie du mouvement international initi\u00e9e par Kate Raworth. <br>L\u2019\u00e9quipe des chercheuses et chercheurs de <a href=\"https:\/\/donut.brussels\/\" target=\"_blank\" rel=\"noreferrer noopener\">Brussels.Donut <\/a>cherchent \u00e0 adapter la th\u00e9orie du Donut \u00e0 la r\u00e9alit\u00e9 concr\u00e8te de notre R\u00e9gion. <\/strong><br>Elle le fera en cocr\u00e9ation, avec diff\u00e9rents acteurs bruxellois qui participent \u00e0 cette aventure. Vous pouvez trouver plus d\u2019informations sur leur recette Bruxelloise&nbsp;: <a href=\"https:\/\/donut.brussels\/\" target=\"_blank\" rel=\"noreferrer noopener\">https:\/\/donut.brussels\/ <\/a><\/p>\n\n\n\n<hr class=\"wp-block-separator\"\/>\n\n\n\n<div class=\"wp-block-image\"><figure class=\"aligncenter size-large is-resized\"><a href=\"https:\/\/www.lively.brussels\/index.php\/2020\/09\/30\/creative-come-on\/\" target=\"_blank\" rel=\"noopener\" class=\"img-link\"><img loading=\"lazy\" decoding=\"async\" src=\"https:\/\/www.lively.brussels\/wp-content\/uploads\/2020\/09\/by-nc-sa.eu_.png\" alt=\"\" class=\"wp-image-879\" width=\"202\" height=\"71\" srcset=\"https:\/\/www.lively.brussels\/wp-content\/uploads\/2020\/09\/by-nc-sa.eu_.png 403w, https:\/\/www.lively.brussels\/wp-content\/uploads\/2020\/09\/by-nc-sa.eu_-300x105.png 300w\" sizes=\"auto, (max-width: 202px) 100vw, 202px\" \/><\/a><\/figure><\/div>\n\n\n\n<p class=\"has-text-align-center has-small-font-size\"><a href=\"https:\/\/www.lively.brussels\/index.php\/2020\/09\/30\/creative-come-on\/\" target=\"_blank\" rel=\"noreferrer noopener\">Cet article est sous Licence Creative Commons.<\/a><br>Vous \u00eates libre de le r\u00e9utiliser (en mentionnant l&rsquo;auteur &#8211; BY) mais pas pour un usage commercial (NC) et pour le partager dans les m\u00eames conditions (SA).<br><a href=\"https:\/\/creativecommons.org\/licenses\/?lang=fr\" target=\"_blank\" rel=\"noreferrer noopener\">All about Creative Commons<\/a><\/p>\n","protected":false},"excerpt":{"rendered":"<p>La recette du Donut magique<\/p>\n","protected":false},"author":9,"featured_media":1792,"comment_status":"open","ping_status":"closed","sticky":false,"template":"","format":"standard","meta":{"ngg_post_thumbnail":0,"footnotes":""},"categories":[114,66],"tags":[],"class_list":["post-1682","post","type-post","status-publish","format-standard","has-post-thumbnail","hentry","category-a-la-une","category-circularite","entry-card--landscape"],"yoast_head":"<!-- This site is optimized with the Yoast SEO plugin v27.2 - https:\/\/yoast.com\/product\/yoast-seo-wordpress\/ -->\n<title>\u00c0 table ! &#060; LIVELY - Le WebMag de l&#039;\u00e9conomie circulaire<\/title>\n<meta name=\"description\" content=\"Le Webmagazine de l&#039;\u00e9conomie circulaire \u00e0 Bruxelles, de la transition \u00e9conomique et de la durabilit\u00e9.\" \/>\n<meta name=\"robots\" content=\"index, follow, max-snippet:-1, max-image-preview:large, max-video-preview:-1\" \/>\n<link rel=\"canonical\" href=\"https:\/\/www.lively.brussels\/index.php\/2021\/01\/28\/a-table\/\" \/>\n<meta property=\"og:locale\" content=\"fr_FR\" \/>\n<meta property=\"og:type\" content=\"article\" \/>\n<meta property=\"og:title\" content=\"\u00c0 table ! &#060; LIVELY - Le WebMag de l&#039;\u00e9conomie circulaire\" \/>\n<meta property=\"og:description\" content=\"Le Webmagazine de l&#039;\u00e9conomie circulaire \u00e0 Bruxelles, de la transition \u00e9conomique et de la durabilit\u00e9.\" \/>\n<meta property=\"og:url\" content=\"https:\/\/www.lively.brussels\/index.php\/2021\/01\/28\/a-table\/\" \/>\n<meta property=\"og:site_name\" content=\"LIVELY - Le WebMag de l&#039;\u00e9conomie circulaire\" \/>\n<meta property=\"article:publisher\" content=\"https:\/\/www.facebook.com\/LivelyBrussels\/\" \/>\n<meta property=\"article:published_time\" content=\"2021-01-28T19:30:00+00:00\" \/>\n<meta property=\"article:modified_time\" content=\"2021-01-31T15:47:58+00:00\" \/>\n<meta property=\"og:image\" content=\"https:\/\/www.lively.brussels\/wp-content\/uploads\/2021\/01\/2021-01-31_Donuts.jpg\" \/>\n\t<meta property=\"og:image:width\" content=\"750\" \/>\n\t<meta property=\"og:image:height\" content=\"500\" \/>\n\t<meta property=\"og:image:type\" content=\"image\/jpeg\" \/>\n<meta name=\"author\" content=\"Manu\" \/>\n<meta name=\"twitter:card\" content=\"summary_large_image\" \/>\n<meta name=\"twitter:creator\" content=\"@BrusselsLively\" \/>\n<meta name=\"twitter:site\" content=\"@BrusselsLively\" \/>\n<meta name=\"twitter:label1\" content=\"\u00c9crit par\" \/>\n\t<meta name=\"twitter:data1\" content=\"Manu\" \/>\n\t<meta name=\"twitter:label2\" content=\"Dur\u00e9e de lecture estim\u00e9e\" \/>\n\t<meta name=\"twitter:data2\" content=\"8 minutes\" \/>\n<script type=\"application\/ld+json\" class=\"yoast-schema-graph\">{\"@context\":\"https:\/\/schema.org\",\"@graph\":[{\"@type\":\"Article\",\"@id\":\"https:\/\/www.lively.brussels\/index.php\/2021\/01\/28\/a-table\/#article\",\"isPartOf\":{\"@id\":\"https:\/\/www.lively.brussels\/index.php\/2021\/01\/28\/a-table\/\"},\"author\":{\"name\":\"Manu\",\"@id\":\"https:\/\/www.lively.brussels\/#\/schema\/person\/513c2163235ab492c2ac802243603145\"},\"headline\":\"\u00c0 table !\",\"datePublished\":\"2021-01-28T19:30:00+00:00\",\"dateModified\":\"2021-01-31T15:47:58+00:00\",\"mainEntityOfPage\":{\"@id\":\"https:\/\/www.lively.brussels\/index.php\/2021\/01\/28\/a-table\/\"},\"wordCount\":1781,\"commentCount\":0,\"publisher\":{\"@id\":\"https:\/\/www.lively.brussels\/#organization\"},\"image\":{\"@id\":\"https:\/\/www.lively.brussels\/index.php\/2021\/01\/28\/a-table\/#primaryimage\"},\"thumbnailUrl\":\"https:\/\/www.lively.brussels\/wp-content\/uploads\/2021\/01\/2021-01-31_Donuts.jpg\",\"articleSection\":[\"\u00c0 LA UNE\",\"CIRCULARIT\u00c9\"],\"inLanguage\":\"fr-FR\",\"potentialAction\":[{\"@type\":\"CommentAction\",\"name\":\"Comment\",\"target\":[\"https:\/\/www.lively.brussels\/index.php\/2021\/01\/28\/a-table\/#respond\"]}]},{\"@type\":\"WebPage\",\"@id\":\"https:\/\/www.lively.brussels\/index.php\/2021\/01\/28\/a-table\/\",\"url\":\"https:\/\/www.lively.brussels\/index.php\/2021\/01\/28\/a-table\/\",\"name\":\"\u00c0 table ! &#060; LIVELY - Le WebMag de l&#039;\u00e9conomie circulaire\",\"isPartOf\":{\"@id\":\"https:\/\/www.lively.brussels\/#website\"},\"primaryImageOfPage\":{\"@id\":\"https:\/\/www.lively.brussels\/index.php\/2021\/01\/28\/a-table\/#primaryimage\"},\"image\":{\"@id\":\"https:\/\/www.lively.brussels\/index.php\/2021\/01\/28\/a-table\/#primaryimage\"},\"thumbnailUrl\":\"https:\/\/www.lively.brussels\/wp-content\/uploads\/2021\/01\/2021-01-31_Donuts.jpg\",\"datePublished\":\"2021-01-28T19:30:00+00:00\",\"dateModified\":\"2021-01-31T15:47:58+00:00\",\"description\":\"Le Webmagazine de l'\u00e9conomie circulaire \u00e0 Bruxelles, de la transition \u00e9conomique et de la durabilit\u00e9.\",\"breadcrumb\":{\"@id\":\"https:\/\/www.lively.brussels\/index.php\/2021\/01\/28\/a-table\/#breadcrumb\"},\"inLanguage\":\"fr-FR\",\"potentialAction\":[{\"@type\":\"ReadAction\",\"target\":[\"https:\/\/www.lively.brussels\/index.php\/2021\/01\/28\/a-table\/\"]}]},{\"@type\":\"ImageObject\",\"inLanguage\":\"fr-FR\",\"@id\":\"https:\/\/www.lively.brussels\/index.php\/2021\/01\/28\/a-table\/#primaryimage\",\"url\":\"https:\/\/www.lively.brussels\/wp-content\/uploads\/2021\/01\/2021-01-31_Donuts.jpg\",\"contentUrl\":\"https:\/\/www.lively.brussels\/wp-content\/uploads\/2021\/01\/2021-01-31_Donuts.jpg\",\"width\":750,\"height\":500},{\"@type\":\"BreadcrumbList\",\"@id\":\"https:\/\/www.lively.brussels\/index.php\/2021\/01\/28\/a-table\/#breadcrumb\",\"itemListElement\":[{\"@type\":\"ListItem\",\"position\":1,\"name\":\"Accueil\",\"item\":\"https:\/\/www.lively.brussels\/\"},{\"@type\":\"ListItem\",\"position\":2,\"name\":\"\u00c0 table !\"}]},{\"@type\":\"WebSite\",\"@id\":\"https:\/\/www.lively.brussels\/#website\",\"url\":\"https:\/\/www.lively.brussels\/\",\"name\":\"LIVELY - Le WebMag de l&#039;\u00e9conomie circulaire\",\"description\":\"Pour tout savoir de l&#039;\u00e9conomie circulaire \u00e0 Bruxelles, en Belgique et dans le reste de l&#039;univers\",\"publisher\":{\"@id\":\"https:\/\/www.lively.brussels\/#organization\"},\"potentialAction\":[{\"@type\":\"SearchAction\",\"target\":{\"@type\":\"EntryPoint\",\"urlTemplate\":\"https:\/\/www.lively.brussels\/?s={search_term_string}\"},\"query-input\":{\"@type\":\"PropertyValueSpecification\",\"valueRequired\":true,\"valueName\":\"search_term_string\"}}],\"inLanguage\":\"fr-FR\"},{\"@type\":\"Organization\",\"@id\":\"https:\/\/www.lively.brussels\/#organization\",\"name\":\"Sense Brussels SCRL\",\"url\":\"https:\/\/www.lively.brussels\/\",\"logo\":{\"@type\":\"ImageObject\",\"inLanguage\":\"fr-FR\",\"@id\":\"https:\/\/www.lively.brussels\/#\/schema\/logo\/image\/\",\"url\":\"https:\/\/www.lively.brussels\/wp-content\/uploads\/2020\/08\/Lively_Favicon.jpg\",\"contentUrl\":\"https:\/\/www.lively.brussels\/wp-content\/uploads\/2020\/08\/Lively_Favicon.jpg\",\"width\":134,\"height\":134,\"caption\":\"Sense Brussels SCRL\"},\"image\":{\"@id\":\"https:\/\/www.lively.brussels\/#\/schema\/logo\/image\/\"},\"sameAs\":[\"https:\/\/www.facebook.com\/LivelyBrussels\/\",\"https:\/\/x.com\/BrusselsLively\",\"https:\/\/www.instagram.com\/livelybrussels\/\",\"https:\/\/www.linkedin.com\/company\/lively-brussels\"]},{\"@type\":\"Person\",\"@id\":\"https:\/\/www.lively.brussels\/#\/schema\/person\/513c2163235ab492c2ac802243603145\",\"name\":\"Manu\",\"image\":{\"@type\":\"ImageObject\",\"inLanguage\":\"fr-FR\",\"@id\":\"https:\/\/secure.gravatar.com\/avatar\/78dc24ed0bea672dff4419428bda20458e97a17d76419c084f2537c82a266981?s=96&d=mm&r=g\",\"url\":\"https:\/\/secure.gravatar.com\/avatar\/78dc24ed0bea672dff4419428bda20458e97a17d76419c084f2537c82a266981?s=96&d=mm&r=g\",\"contentUrl\":\"https:\/\/secure.gravatar.com\/avatar\/78dc24ed0bea672dff4419428bda20458e97a17d76419c084f2537c82a266981?s=96&d=mm&r=g\",\"caption\":\"Manu\"},\"url\":\"https:\/\/www.lively.brussels\/index.php\/author\/emmanuellively-brussels\/\"}]}<\/script>\n<!-- \/ Yoast SEO plugin. -->","yoast_head_json":{"title":"\u00c0 table ! &#060; LIVELY - Le WebMag de l&#039;\u00e9conomie circulaire","description":"Le Webmagazine de l'\u00e9conomie circulaire \u00e0 Bruxelles, de la transition \u00e9conomique et de la durabilit\u00e9.","robots":{"index":"index","follow":"follow","max-snippet":"max-snippet:-1","max-image-preview":"max-image-preview:large","max-video-preview":"max-video-preview:-1"},"canonical":"https:\/\/www.lively.brussels\/index.php\/2021\/01\/28\/a-table\/","og_locale":"fr_FR","og_type":"article","og_title":"\u00c0 table ! &#060; LIVELY - Le WebMag de l&#039;\u00e9conomie circulaire","og_description":"Le Webmagazine de l'\u00e9conomie circulaire \u00e0 Bruxelles, de la transition \u00e9conomique et de la durabilit\u00e9.","og_url":"https:\/\/www.lively.brussels\/index.php\/2021\/01\/28\/a-table\/","og_site_name":"LIVELY - Le WebMag de l&#039;\u00e9conomie circulaire","article_publisher":"https:\/\/www.facebook.com\/LivelyBrussels\/","article_published_time":"2021-01-28T19:30:00+00:00","article_modified_time":"2021-01-31T15:47:58+00:00","og_image":[{"width":750,"height":500,"url":"https:\/\/www.lively.brussels\/wp-content\/uploads\/2021\/01\/2021-01-31_Donuts.jpg","type":"image\/jpeg"}],"author":"Manu","twitter_card":"summary_large_image","twitter_creator":"@BrusselsLively","twitter_site":"@BrusselsLively","twitter_misc":{"\u00c9crit par":"Manu","Dur\u00e9e de lecture estim\u00e9e":"8 minutes"},"schema":{"@context":"https:\/\/schema.org","@graph":[{"@type":"Article","@id":"https:\/\/www.lively.brussels\/index.php\/2021\/01\/28\/a-table\/#article","isPartOf":{"@id":"https:\/\/www.lively.brussels\/index.php\/2021\/01\/28\/a-table\/"},"author":{"name":"Manu","@id":"https:\/\/www.lively.brussels\/#\/schema\/person\/513c2163235ab492c2ac802243603145"},"headline":"\u00c0 table !","datePublished":"2021-01-28T19:30:00+00:00","dateModified":"2021-01-31T15:47:58+00:00","mainEntityOfPage":{"@id":"https:\/\/www.lively.brussels\/index.php\/2021\/01\/28\/a-table\/"},"wordCount":1781,"commentCount":0,"publisher":{"@id":"https:\/\/www.lively.brussels\/#organization"},"image":{"@id":"https:\/\/www.lively.brussels\/index.php\/2021\/01\/28\/a-table\/#primaryimage"},"thumbnailUrl":"https:\/\/www.lively.brussels\/wp-content\/uploads\/2021\/01\/2021-01-31_Donuts.jpg","articleSection":["\u00c0 LA UNE","CIRCULARIT\u00c9"],"inLanguage":"fr-FR","potentialAction":[{"@type":"CommentAction","name":"Comment","target":["https:\/\/www.lively.brussels\/index.php\/2021\/01\/28\/a-table\/#respond"]}]},{"@type":"WebPage","@id":"https:\/\/www.lively.brussels\/index.php\/2021\/01\/28\/a-table\/","url":"https:\/\/www.lively.brussels\/index.php\/2021\/01\/28\/a-table\/","name":"\u00c0 table ! &#060; LIVELY - Le WebMag de l&#039;\u00e9conomie circulaire","isPartOf":{"@id":"https:\/\/www.lively.brussels\/#website"},"primaryImageOfPage":{"@id":"https:\/\/www.lively.brussels\/index.php\/2021\/01\/28\/a-table\/#primaryimage"},"image":{"@id":"https:\/\/www.lively.brussels\/index.php\/2021\/01\/28\/a-table\/#primaryimage"},"thumbnailUrl":"https:\/\/www.lively.brussels\/wp-content\/uploads\/2021\/01\/2021-01-31_Donuts.jpg","datePublished":"2021-01-28T19:30:00+00:00","dateModified":"2021-01-31T15:47:58+00:00","description":"Le Webmagazine de l'\u00e9conomie circulaire \u00e0 Bruxelles, de la transition \u00e9conomique et de la durabilit\u00e9.","breadcrumb":{"@id":"https:\/\/www.lively.brussels\/index.php\/2021\/01\/28\/a-table\/#breadcrumb"},"inLanguage":"fr-FR","potentialAction":[{"@type":"ReadAction","target":["https:\/\/www.lively.brussels\/index.php\/2021\/01\/28\/a-table\/"]}]},{"@type":"ImageObject","inLanguage":"fr-FR","@id":"https:\/\/www.lively.brussels\/index.php\/2021\/01\/28\/a-table\/#primaryimage","url":"https:\/\/www.lively.brussels\/wp-content\/uploads\/2021\/01\/2021-01-31_Donuts.jpg","contentUrl":"https:\/\/www.lively.brussels\/wp-content\/uploads\/2021\/01\/2021-01-31_Donuts.jpg","width":750,"height":500},{"@type":"BreadcrumbList","@id":"https:\/\/www.lively.brussels\/index.php\/2021\/01\/28\/a-table\/#breadcrumb","itemListElement":[{"@type":"ListItem","position":1,"name":"Accueil","item":"https:\/\/www.lively.brussels\/"},{"@type":"ListItem","position":2,"name":"\u00c0 table !"}]},{"@type":"WebSite","@id":"https:\/\/www.lively.brussels\/#website","url":"https:\/\/www.lively.brussels\/","name":"LIVELY - Le WebMag de l&#039;\u00e9conomie circulaire","description":"Pour tout savoir de l&#039;\u00e9conomie circulaire \u00e0 Bruxelles, en Belgique et dans le reste de l&#039;univers","publisher":{"@id":"https:\/\/www.lively.brussels\/#organization"},"potentialAction":[{"@type":"SearchAction","target":{"@type":"EntryPoint","urlTemplate":"https:\/\/www.lively.brussels\/?s={search_term_string}"},"query-input":{"@type":"PropertyValueSpecification","valueRequired":true,"valueName":"search_term_string"}}],"inLanguage":"fr-FR"},{"@type":"Organization","@id":"https:\/\/www.lively.brussels\/#organization","name":"Sense Brussels SCRL","url":"https:\/\/www.lively.brussels\/","logo":{"@type":"ImageObject","inLanguage":"fr-FR","@id":"https:\/\/www.lively.brussels\/#\/schema\/logo\/image\/","url":"https:\/\/www.lively.brussels\/wp-content\/uploads\/2020\/08\/Lively_Favicon.jpg","contentUrl":"https:\/\/www.lively.brussels\/wp-content\/uploads\/2020\/08\/Lively_Favicon.jpg","width":134,"height":134,"caption":"Sense Brussels SCRL"},"image":{"@id":"https:\/\/www.lively.brussels\/#\/schema\/logo\/image\/"},"sameAs":["https:\/\/www.facebook.com\/LivelyBrussels\/","https:\/\/x.com\/BrusselsLively","https:\/\/www.instagram.com\/livelybrussels\/","https:\/\/www.linkedin.com\/company\/lively-brussels"]},{"@type":"Person","@id":"https:\/\/www.lively.brussels\/#\/schema\/person\/513c2163235ab492c2ac802243603145","name":"Manu","image":{"@type":"ImageObject","inLanguage":"fr-FR","@id":"https:\/\/secure.gravatar.com\/avatar\/78dc24ed0bea672dff4419428bda20458e97a17d76419c084f2537c82a266981?s=96&d=mm&r=g","url":"https:\/\/secure.gravatar.com\/avatar\/78dc24ed0bea672dff4419428bda20458e97a17d76419c084f2537c82a266981?s=96&d=mm&r=g","contentUrl":"https:\/\/secure.gravatar.com\/avatar\/78dc24ed0bea672dff4419428bda20458e97a17d76419c084f2537c82a266981?s=96&d=mm&r=g","caption":"Manu"},"url":"https:\/\/www.lively.brussels\/index.php\/author\/emmanuellively-brussels\/"}]}},"_links":{"self":[{"href":"https:\/\/www.lively.brussels\/index.php\/wp-json\/wp\/v2\/posts\/1682","targetHints":{"allow":["GET"]}}],"collection":[{"href":"https:\/\/www.lively.brussels\/index.php\/wp-json\/wp\/v2\/posts"}],"about":[{"href":"https:\/\/www.lively.brussels\/index.php\/wp-json\/wp\/v2\/types\/post"}],"author":[{"embeddable":true,"href":"https:\/\/www.lively.brussels\/index.php\/wp-json\/wp\/v2\/users\/9"}],"replies":[{"embeddable":true,"href":"https:\/\/www.lively.brussels\/index.php\/wp-json\/wp\/v2\/comments?post=1682"}],"version-history":[{"count":32,"href":"https:\/\/www.lively.brussels\/index.php\/wp-json\/wp\/v2\/posts\/1682\/revisions"}],"predecessor-version":[{"id":1788,"href":"https:\/\/www.lively.brussels\/index.php\/wp-json\/wp\/v2\/posts\/1682\/revisions\/1788"}],"wp:featuredmedia":[{"embeddable":true,"href":"https:\/\/www.lively.brussels\/index.php\/wp-json\/wp\/v2\/media\/1792"}],"wp:attachment":[{"href":"https:\/\/www.lively.brussels\/index.php\/wp-json\/wp\/v2\/media?parent=1682"}],"wp:term":[{"taxonomy":"category","embeddable":true,"href":"https:\/\/www.lively.brussels\/index.php\/wp-json\/wp\/v2\/categories?post=1682"},{"taxonomy":"post_tag","embeddable":true,"href":"https:\/\/www.lively.brussels\/index.php\/wp-json\/wp\/v2\/tags?post=1682"}],"curies":[{"name":"wp","href":"https:\/\/api.w.org\/{rel}","templated":true}]}}