{"id":1768,"date":"2021-01-28T19:00:00","date_gmt":"2021-01-28T19:00:00","guid":{"rendered":"https:\/\/www.lively.brussels\/?p=1768"},"modified":"2021-01-29T12:39:58","modified_gmt":"2021-01-29T12:39:58","slug":"relocalisation-circulaire","status":"publish","type":"post","link":"https:\/\/www.lively.brussels\/index.php\/2021\/01\/28\/relocalisation-circulaire\/","title":{"rendered":"Relocalisation circulaire"},"content":{"rendered":"\n<p>La relocalisation de l\u2019\u00e9conomie et du travail est sur toutes les l\u00e8vres des d\u00e9cideurs \u00e9conomiques et politiques europ\u00e9ens.<br>Mais c\u2019est sans doute plus facile \u00e0 dire qu\u2019\u00e0 faire.<\/p>\n\n\n\n<p><strong>Comment s\u2019y prendre pour bien faire en limitant les effets n\u00e9gatifs en termes d\u2019emploi ou de pouvoir d\u2019achat&nbsp;?<\/strong><\/p>\n\n\n\n<p><strong>La transition circulaire pourrait \u00eatre la voie \u00e0 suivre.<\/strong><\/p>\n\n\n\n<hr class=\"wp-block-separator\"\/>\n\n\n\n<h2 class=\"wp-block-heading\"><strong>C\u2019est le bon moment<\/strong><\/h2>\n\n\n\n<p>Au printemps 2020, en pleine crise COVID, les approvisionnements en \u00e9quipements sanitaires et m\u00e9dicaux, mais \u00e9galement en m\u00e9dicaments ou encore en mat\u00e9riel informatique se sont r\u00e9v\u00e9l\u00e9s compliqu\u00e9s voire impossibles. <br>Tel un balancier dont le mouvement s\u2019inverse progressivement, apr\u00e8s avoir d\u00e9cid\u00e9 de d\u00e9localiser ses usines de production en Asie, l\u2019Occident r\u00e9fl\u00e9chit \u00e0 relocaliser une partie de sa production.<\/p>\n\n\n\n<p><strong>C\u2019est une situation exceptionnelle et pour la premi\u00e8re fois, l\u2019Europe ne peut compter que sur elle-m\u00eame pour red\u00e9marrer. <\/strong>Le grand d\u00e9fi de l\u2019Europe est alors de cr\u00e9er les conditions de son autonomie \u00e9conomique.<br>C\u2019est d\u2019ailleurs l\u2019un des objectifs du grand plan de relance de 750 milliards d\u2019euros lanc\u00e9 par l\u2019Union europ\u00e9enne.<\/p>\n\n\n\n<p><strong>L\u2019intention est fabuleuse me direz-vous mais comment traduire cette dynamique localement ?<\/strong><\/p>\n\n\n\n<p><strong>Les mod\u00e8les \u00e9conomiques actuels sont majoritairement lin\u00e9aires (extraction-consommation-destruction des ressources). <\/strong><br>Ce mouvement de destruction est amplifi\u00e9 par la mode, la fr\u00e9n\u00e9sie de la consommation, et le pouvoir d\u2019achat des consommateurs, sans beaucoup d\u2019attention aux enjeux de r\u00e9silience \u00e0 l\u2019\u00e9chelle plan\u00e9taire ou locale, et encore moins aux questions de fin de vie des produits et \u00e9quipements.<br><strong>Cela signifie que notre \u00e9conomie extrait \u00e9norm\u00e9ment de ressources qui ne sont utilis\u00e9es que pendant une p\u00e9riode tr\u00e8s courte avant de se transformer en d\u00e9chet.<\/strong><\/p>\n\n\n\n<hr class=\"wp-block-separator\"\/>\n\n\n\n<h2 class=\"wp-block-heading\"><strong>Et si le probl\u00e8me devenait la solution&nbsp;?<\/strong><\/h2>\n\n\n\n<p><strong>Et si tous les produits en fin de vie, les invendus, les chutes de production et l\u2019ensemble des autres d\u00e9chets connaissaient une deuxi\u00e8me, voire une troisi\u00e8me vie&nbsp;?<\/strong><\/p>\n\n\n\n<p><strong>C\u2019est aussi cela la raison d\u2019\u00eatre de l\u2019\u00e9conomie circulaire&nbsp;:<\/strong> maximiser la valeur d\u2019usage pendant la p\u00e9riode la plus longue possible.<\/p>\n\n\n\n<p>Pour illustrer notre argument, quelques exemples de tr\u00e9sors qui se cachent dans la m\u00e9tropole Bruxelloise&nbsp;:<\/p>\n\n\n\n<ul class=\"wp-block-list\"><li><strong>La majorit\u00e9 des \u00e9quipements sont d\u00e9truits, recycl\u00e9s sans v\u00e9rifier leur r\u00e9parabilit\u00e9 ou possibilit\u00e9 de r\u00e9utilisation.<\/strong> A titre d\u2019exemple 75% des aspirateurs et des ventilateurs ou encore 25% des grilles pains et fers \u00e0 repasser d\u00e9pos\u00e9s par les Bruxellois-e-s aux parcs \u00e0 conteneurs fonctionnent encore mais sont actuellement d\u00e9truits en dehors de la R\u00e9gion Bruxelloise, sans \u00eatre test\u00e9s.<\/li><\/ul>\n\n\n\n<ul class=\"wp-block-list\"><li><strong>Les retours des ventes en ligne constituent souvent un r\u00e9el d\u00e9fi pour les commer\u00e7ants.<\/strong> Comment v\u00e9rifier, laver, remettre \u00e0 neuf les 8% de v\u00eatements command\u00e9s en ligne et retourn\u00e9s end\u00e9ans les 2 semaines par les \u00ab&nbsp;Selfie Addicts&nbsp;\u00bb qui ne porteront ces v\u00eatements que le temps de se prendre en photo. L\u2019enjeu est tout aussi complexe pour des \u00e9quipements de sports livr\u00e9s et aussi t\u00f4t retourn\u00e9s, avec quelques d\u00e9g\u00e2ts, par des clients ayant chang\u00e9s d\u2019avis&nbsp;?<\/li><\/ul>\n\n\n\n<p><strong>Autant d\u2019exemples qui illustrent la nouvelle tendance initi\u00e9e par plusieurs cha\u00eenes de magasins qui adaptent leurs processus logistiques pour redonner une deuxi\u00e8me vie aux produits.<\/strong><\/p>\n\n\n\n<p><strong>Cette dynamique permet de cr\u00e9er des emplois qualifi\u00e9s<\/strong> (gestion de projets, transformation des processus logistiques, etc. ) <strong>et infra-qualifi\u00e9s<\/strong> (transport, nettoyage, petites r\u00e9parations, etc.) <strong>tout en relocalisant progressivement des activit\u00e9s \u00e9conomiques et l\u2019emploi, ici, en Europe.<\/strong><\/p>\n\n\n\n<p><strong>Mieux encore, cette dynamique permet de renforcer la valeur ajout\u00e9e locale des commer\u00e7ants en diversifiant leurs m\u00e9tiers avec intelligence et imagination.<\/strong><\/p>\n\n\n\n<hr class=\"wp-block-separator\"\/>\n\n\n\n<h2 class=\"wp-block-heading\"><strong>La mayonnaise est en train de prendre<\/strong><\/h2>\n\n\n\n<p><strong>Bien s\u00fbr que non, ce n\u2019est pas de la science-fiction&nbsp;!<br>La preuve&nbsp;: Plusieurs entrepreneurs et artisans circulaires de la R\u00e9gion de Bruxelles-Capitale sont d\u00e9j\u00e0 en train d\u2019ouvrir la voie de cette relocalisation qualitative de l\u2019\u00e9conomie&nbsp;<\/strong>:<\/p>\n\n\n\n<ul class=\"wp-block-list\"><li><strong>Envie de v\u00eatements uniques&nbsp;? <\/strong><br><a href=\"https:\/\/www.isatio.com\/\" target=\"_blank\" rel=\"noreferrer noopener\">Isatio <\/a>r\u00e9cup\u00e8re des \u00e9chantillons de l\u2019industrie textile et les transforme manuellement et localement en une collection exclusive de v\u00eatements et accessoires uniques pour femme.<\/li><\/ul>\n\n\n\n<ul class=\"wp-block-list\"><li><strong>A la recherche de solutions pour votre logement&nbsp;?<\/strong> <br><a href=\"https:\/\/rotordc.com\/\" target=\"_blank\" rel=\"noreferrer noopener\">Rotor DC<\/a> d\u00e9monte et r\u00e9cup\u00e8re des mat\u00e9riaux sur des chantiers de travaux. Ils sont ensuite valoris\u00e9s et r\u00e9utilis\u00e9s sur des nouveaux chantiers ou vendus en pi\u00e8ce unique \u00e0 des professionnels du b\u00e2timent et des particuliers. <br><a href=\"https:\/\/www.bcmaterials.org\/\" target=\"_blank\" rel=\"noreferrer noopener\">BC Materials<\/a> transforme les terres de d\u00e9blai en mat\u00e9riaux de construction de terre crue, tels que des briques en terre comprim\u00e9e, des enduits et du pis\u00e9. <br>Ces mat\u00e9riaux ont un bilan carbone neutre et assurent une atmosph\u00e8re saine dans le b\u00e2timent. <br><a href=\"https:\/\/www.dzerostudio.com\/studio\" target=\"_blank\" rel=\"noreferrer noopener\">Dzerostudio<\/a> est un bureau d\u2019architecture qui d\u00e9veloppe des concepts et des projets innovants en \u00e9conomie circulaire \u00e0 diff\u00e9rentes \u00e9chelles. Ils d\u00e9veloppent notamment des prototypes de mobiliers ou des syst\u00e8mes constructifs avec des d\u00e9chets de chantier ou des mat\u00e9riaux issus de d\u00e9construction d\u2019immeubles.<\/li><\/ul>\n\n\n\n<ul class=\"wp-block-list\"><li><strong>Besoin d\u2019un ordinateur performant&nbsp;? <\/strong><br><a href=\"https:\/\/cf2d.be\/\" target=\"_blank\" rel=\"noreferrer noopener\">CF2D<\/a> revalorise des D\u00e9chets d\u2019Equipement Electriques et Electroniques par des activit\u00e9s dans les domaines de l\u2019\u00e9conomie sociale et de l\u2019environnement : collecte, remise en service et recyclage de mat\u00e9riel informatique.<\/li><\/ul>\n\n\n\n<ul class=\"wp-block-list\"><li><strong><a href=\"http:\/\/www.l-ouvroir.be\/\" target=\"_blank\" rel=\"noreferrer noopener\">L\u2019ouvroir<\/a> revalorise tous types de textiles, papiers, cartons et objets<\/strong> par des techniques d\u2019assemblage et de confection. Cette entreprise de travail adapt\u00e9 s\u2019associe aussi \u00e0 des designers pour la production de prototypes.<\/li><\/ul>\n\n\n\n<p><strong>Ces pionniers de l\u2019\u00e9conomie circulaire d\u00e9montrent, s&rsquo;il en \u00e9tait encore besoin, qu\u2019il existe un savoir-faire important pour repenser et relocaliser l\u2019\u00e9conomie autrement, plus durablement.<\/strong><\/p>\n\n\n\n<hr class=\"wp-block-separator\"\/>\n\n\n\n<div class=\"wp-block-image\"><figure class=\"aligncenter size-large is-resized\"><img loading=\"lazy\" decoding=\"async\" src=\"https:\/\/www.lively.brussels\/wp-content\/uploads\/2020\/09\/by-nc-sa.eu_.png\" alt=\"\" class=\"wp-image-879\" width=\"202\" height=\"71\" srcset=\"https:\/\/www.lively.brussels\/wp-content\/uploads\/2020\/09\/by-nc-sa.eu_.png 403w, https:\/\/www.lively.brussels\/wp-content\/uploads\/2020\/09\/by-nc-sa.eu_-300x105.png 300w\" sizes=\"auto, (max-width: 202px) 100vw, 202px\" \/><\/figure><\/div>\n\n\n\n<p class=\"has-text-align-center has-small-font-size\"><a href=\"https:\/\/www.lively.brussels\/index.php\/2020\/09\/30\/creative-come-on\/\" target=\"_blank\" rel=\"noreferrer noopener\">Cet article est sous Licence Creative Commons.<\/a><br>Vous \u00eates libre de le r\u00e9utiliser (en mentionnant l&rsquo;auteur &#8211; BY) mais pas pour un usage commercial (NC) et pour le partager dans les m\u00eames conditions (SA).<br><a href=\"https:\/\/creativecommons.org\/licenses\/?lang=fr\" target=\"_blank\" rel=\"noreferrer noopener\">All about Creative Commons<\/a><\/p>\n","protected":false},"excerpt":{"rendered":"<p>Pourquoi c\u2019est une bonne id\u00e9e<\/p>\n","protected":false},"author":9,"featured_media":1786,"comment_status":"open","ping_status":"closed","sticky":false,"template":"","format":"standard","meta":{"ngg_post_thumbnail":0,"footnotes":""},"categories":[114,66],"tags":[],"class_list":["post-1768","post","type-post","status-publish","format-standard","has-post-thumbnail","hentry","category-a-la-une","category-circularite","entry-card--landscape"],"yoast_head":"<!-- This site is optimized with the Yoast SEO plugin v27.2 - https:\/\/yoast.com\/product\/yoast-seo-wordpress\/ -->\n<title>Relocalisation circulaire &#060; LIVELY - Le WebMag de l&#039;\u00e9conomie circulaire<\/title>\n<meta name=\"description\" content=\"Le Webmagazine de l&#039;\u00e9conomie circulaire \u00e0 Bruxelles, de la transition \u00e9conomique et de la durabilit\u00e9.\" \/>\n<meta name=\"robots\" content=\"index, follow, max-snippet:-1, max-image-preview:large, max-video-preview:-1\" \/>\n<link rel=\"canonical\" href=\"https:\/\/www.lively.brussels\/index.php\/2021\/01\/28\/relocalisation-circulaire\/\" \/>\n<meta property=\"og:locale\" content=\"fr_FR\" \/>\n<meta property=\"og:type\" content=\"article\" \/>\n<meta property=\"og:title\" content=\"Relocalisation circulaire &#060; LIVELY - Le WebMag de l&#039;\u00e9conomie circulaire\" \/>\n<meta property=\"og:description\" content=\"Le Webmagazine de l&#039;\u00e9conomie circulaire \u00e0 Bruxelles, de la transition \u00e9conomique et de la durabilit\u00e9.\" \/>\n<meta property=\"og:url\" content=\"https:\/\/www.lively.brussels\/index.php\/2021\/01\/28\/relocalisation-circulaire\/\" \/>\n<meta property=\"og:site_name\" content=\"LIVELY - Le WebMag de l&#039;\u00e9conomie circulaire\" \/>\n<meta property=\"article:publisher\" content=\"https:\/\/www.facebook.com\/LivelyBrussels\/\" \/>\n<meta property=\"article:published_time\" content=\"2021-01-28T19:00:00+00:00\" \/>\n<meta property=\"article:modified_time\" content=\"2021-01-29T12:39:58+00:00\" \/>\n<meta property=\"og:image\" content=\"https:\/\/www.lively.brussels\/wp-content\/uploads\/2021\/01\/27-01-2021-Website-Image-LIVELY-New-750x500-1.jpg\" \/>\n\t<meta property=\"og:image:width\" content=\"750\" \/>\n\t<meta property=\"og:image:height\" content=\"500\" \/>\n\t<meta property=\"og:image:type\" content=\"image\/jpeg\" \/>\n<meta name=\"author\" content=\"Manu\" \/>\n<meta name=\"twitter:card\" content=\"summary_large_image\" \/>\n<meta name=\"twitter:creator\" content=\"@BrusselsLively\" \/>\n<meta name=\"twitter:site\" content=\"@BrusselsLively\" \/>\n<meta name=\"twitter:label1\" content=\"\u00c9crit par\" \/>\n\t<meta name=\"twitter:data1\" content=\"Manu\" \/>\n\t<meta name=\"twitter:label2\" content=\"Dur\u00e9e de lecture estim\u00e9e\" \/>\n\t<meta name=\"twitter:data2\" content=\"4 minutes\" \/>\n<script type=\"application\/ld+json\" class=\"yoast-schema-graph\">{\"@context\":\"https:\/\/schema.org\",\"@graph\":[{\"@type\":\"Article\",\"@id\":\"https:\/\/www.lively.brussels\/index.php\/2021\/01\/28\/relocalisation-circulaire\/#article\",\"isPartOf\":{\"@id\":\"https:\/\/www.lively.brussels\/index.php\/2021\/01\/28\/relocalisation-circulaire\/\"},\"author\":{\"name\":\"Manu\",\"@id\":\"https:\/\/www.lively.brussels\/#\/schema\/person\/513c2163235ab492c2ac802243603145\"},\"headline\":\"Relocalisation circulaire\",\"datePublished\":\"2021-01-28T19:00:00+00:00\",\"dateModified\":\"2021-01-29T12:39:58+00:00\",\"mainEntityOfPage\":{\"@id\":\"https:\/\/www.lively.brussels\/index.php\/2021\/01\/28\/relocalisation-circulaire\/\"},\"wordCount\":1022,\"commentCount\":0,\"publisher\":{\"@id\":\"https:\/\/www.lively.brussels\/#organization\"},\"image\":{\"@id\":\"https:\/\/www.lively.brussels\/index.php\/2021\/01\/28\/relocalisation-circulaire\/#primaryimage\"},\"thumbnailUrl\":\"https:\/\/www.lively.brussels\/wp-content\/uploads\/2021\/01\/27-01-2021-Website-Image-LIVELY-New-750x500-1.jpg\",\"articleSection\":[\"\u00c0 LA UNE\",\"CIRCULARIT\u00c9\"],\"inLanguage\":\"fr-FR\",\"potentialAction\":[{\"@type\":\"CommentAction\",\"name\":\"Comment\",\"target\":[\"https:\/\/www.lively.brussels\/index.php\/2021\/01\/28\/relocalisation-circulaire\/#respond\"]}]},{\"@type\":\"WebPage\",\"@id\":\"https:\/\/www.lively.brussels\/index.php\/2021\/01\/28\/relocalisation-circulaire\/\",\"url\":\"https:\/\/www.lively.brussels\/index.php\/2021\/01\/28\/relocalisation-circulaire\/\",\"name\":\"Relocalisation circulaire &#060; LIVELY - Le WebMag de l&#039;\u00e9conomie circulaire\",\"isPartOf\":{\"@id\":\"https:\/\/www.lively.brussels\/#website\"},\"primaryImageOfPage\":{\"@id\":\"https:\/\/www.lively.brussels\/index.php\/2021\/01\/28\/relocalisation-circulaire\/#primaryimage\"},\"image\":{\"@id\":\"https:\/\/www.lively.brussels\/index.php\/2021\/01\/28\/relocalisation-circulaire\/#primaryimage\"},\"thumbnailUrl\":\"https:\/\/www.lively.brussels\/wp-content\/uploads\/2021\/01\/27-01-2021-Website-Image-LIVELY-New-750x500-1.jpg\",\"datePublished\":\"2021-01-28T19:00:00+00:00\",\"dateModified\":\"2021-01-29T12:39:58+00:00\",\"description\":\"Le Webmagazine de l'\u00e9conomie circulaire \u00e0 Bruxelles, de la transition \u00e9conomique et de la durabilit\u00e9.\",\"breadcrumb\":{\"@id\":\"https:\/\/www.lively.brussels\/index.php\/2021\/01\/28\/relocalisation-circulaire\/#breadcrumb\"},\"inLanguage\":\"fr-FR\",\"potentialAction\":[{\"@type\":\"ReadAction\",\"target\":[\"https:\/\/www.lively.brussels\/index.php\/2021\/01\/28\/relocalisation-circulaire\/\"]}]},{\"@type\":\"ImageObject\",\"inLanguage\":\"fr-FR\",\"@id\":\"https:\/\/www.lively.brussels\/index.php\/2021\/01\/28\/relocalisation-circulaire\/#primaryimage\",\"url\":\"https:\/\/www.lively.brussels\/wp-content\/uploads\/2021\/01\/27-01-2021-Website-Image-LIVELY-New-750x500-1.jpg\",\"contentUrl\":\"https:\/\/www.lively.brussels\/wp-content\/uploads\/2021\/01\/27-01-2021-Website-Image-LIVELY-New-750x500-1.jpg\",\"width\":750,\"height\":500},{\"@type\":\"BreadcrumbList\",\"@id\":\"https:\/\/www.lively.brussels\/index.php\/2021\/01\/28\/relocalisation-circulaire\/#breadcrumb\",\"itemListElement\":[{\"@type\":\"ListItem\",\"position\":1,\"name\":\"Accueil\",\"item\":\"https:\/\/www.lively.brussels\/\"},{\"@type\":\"ListItem\",\"position\":2,\"name\":\"Relocalisation circulaire\"}]},{\"@type\":\"WebSite\",\"@id\":\"https:\/\/www.lively.brussels\/#website\",\"url\":\"https:\/\/www.lively.brussels\/\",\"name\":\"LIVELY - Le WebMag de l&#039;\u00e9conomie circulaire\",\"description\":\"Pour tout savoir de l&#039;\u00e9conomie circulaire \u00e0 Bruxelles, en Belgique et dans le reste de l&#039;univers\",\"publisher\":{\"@id\":\"https:\/\/www.lively.brussels\/#organization\"},\"potentialAction\":[{\"@type\":\"SearchAction\",\"target\":{\"@type\":\"EntryPoint\",\"urlTemplate\":\"https:\/\/www.lively.brussels\/?s={search_term_string}\"},\"query-input\":{\"@type\":\"PropertyValueSpecification\",\"valueRequired\":true,\"valueName\":\"search_term_string\"}}],\"inLanguage\":\"fr-FR\"},{\"@type\":\"Organization\",\"@id\":\"https:\/\/www.lively.brussels\/#organization\",\"name\":\"Sense Brussels SCRL\",\"url\":\"https:\/\/www.lively.brussels\/\",\"logo\":{\"@type\":\"ImageObject\",\"inLanguage\":\"fr-FR\",\"@id\":\"https:\/\/www.lively.brussels\/#\/schema\/logo\/image\/\",\"url\":\"https:\/\/www.lively.brussels\/wp-content\/uploads\/2020\/08\/Lively_Favicon.jpg\",\"contentUrl\":\"https:\/\/www.lively.brussels\/wp-content\/uploads\/2020\/08\/Lively_Favicon.jpg\",\"width\":134,\"height\":134,\"caption\":\"Sense Brussels SCRL\"},\"image\":{\"@id\":\"https:\/\/www.lively.brussels\/#\/schema\/logo\/image\/\"},\"sameAs\":[\"https:\/\/www.facebook.com\/LivelyBrussels\/\",\"https:\/\/x.com\/BrusselsLively\",\"https:\/\/www.instagram.com\/livelybrussels\/\",\"https:\/\/www.linkedin.com\/company\/lively-brussels\"]},{\"@type\":\"Person\",\"@id\":\"https:\/\/www.lively.brussels\/#\/schema\/person\/513c2163235ab492c2ac802243603145\",\"name\":\"Manu\",\"image\":{\"@type\":\"ImageObject\",\"inLanguage\":\"fr-FR\",\"@id\":\"https:\/\/secure.gravatar.com\/avatar\/78dc24ed0bea672dff4419428bda20458e97a17d76419c084f2537c82a266981?s=96&d=mm&r=g\",\"url\":\"https:\/\/secure.gravatar.com\/avatar\/78dc24ed0bea672dff4419428bda20458e97a17d76419c084f2537c82a266981?s=96&d=mm&r=g\",\"contentUrl\":\"https:\/\/secure.gravatar.com\/avatar\/78dc24ed0bea672dff4419428bda20458e97a17d76419c084f2537c82a266981?s=96&d=mm&r=g\",\"caption\":\"Manu\"},\"url\":\"https:\/\/www.lively.brussels\/index.php\/author\/emmanuellively-brussels\/\"}]}<\/script>\n<!-- \/ Yoast SEO plugin. -->","yoast_head_json":{"title":"Relocalisation circulaire &#060; LIVELY - Le WebMag de l&#039;\u00e9conomie circulaire","description":"Le Webmagazine de l'\u00e9conomie circulaire \u00e0 Bruxelles, de la transition \u00e9conomique et de la durabilit\u00e9.","robots":{"index":"index","follow":"follow","max-snippet":"max-snippet:-1","max-image-preview":"max-image-preview:large","max-video-preview":"max-video-preview:-1"},"canonical":"https:\/\/www.lively.brussels\/index.php\/2021\/01\/28\/relocalisation-circulaire\/","og_locale":"fr_FR","og_type":"article","og_title":"Relocalisation circulaire &#060; LIVELY - Le WebMag de l&#039;\u00e9conomie circulaire","og_description":"Le Webmagazine de l'\u00e9conomie circulaire \u00e0 Bruxelles, de la transition \u00e9conomique et de la durabilit\u00e9.","og_url":"https:\/\/www.lively.brussels\/index.php\/2021\/01\/28\/relocalisation-circulaire\/","og_site_name":"LIVELY - Le WebMag de l&#039;\u00e9conomie circulaire","article_publisher":"https:\/\/www.facebook.com\/LivelyBrussels\/","article_published_time":"2021-01-28T19:00:00+00:00","article_modified_time":"2021-01-29T12:39:58+00:00","og_image":[{"width":750,"height":500,"url":"https:\/\/www.lively.brussels\/wp-content\/uploads\/2021\/01\/27-01-2021-Website-Image-LIVELY-New-750x500-1.jpg","type":"image\/jpeg"}],"author":"Manu","twitter_card":"summary_large_image","twitter_creator":"@BrusselsLively","twitter_site":"@BrusselsLively","twitter_misc":{"\u00c9crit par":"Manu","Dur\u00e9e de lecture estim\u00e9e":"4 minutes"},"schema":{"@context":"https:\/\/schema.org","@graph":[{"@type":"Article","@id":"https:\/\/www.lively.brussels\/index.php\/2021\/01\/28\/relocalisation-circulaire\/#article","isPartOf":{"@id":"https:\/\/www.lively.brussels\/index.php\/2021\/01\/28\/relocalisation-circulaire\/"},"author":{"name":"Manu","@id":"https:\/\/www.lively.brussels\/#\/schema\/person\/513c2163235ab492c2ac802243603145"},"headline":"Relocalisation circulaire","datePublished":"2021-01-28T19:00:00+00:00","dateModified":"2021-01-29T12:39:58+00:00","mainEntityOfPage":{"@id":"https:\/\/www.lively.brussels\/index.php\/2021\/01\/28\/relocalisation-circulaire\/"},"wordCount":1022,"commentCount":0,"publisher":{"@id":"https:\/\/www.lively.brussels\/#organization"},"image":{"@id":"https:\/\/www.lively.brussels\/index.php\/2021\/01\/28\/relocalisation-circulaire\/#primaryimage"},"thumbnailUrl":"https:\/\/www.lively.brussels\/wp-content\/uploads\/2021\/01\/27-01-2021-Website-Image-LIVELY-New-750x500-1.jpg","articleSection":["\u00c0 LA UNE","CIRCULARIT\u00c9"],"inLanguage":"fr-FR","potentialAction":[{"@type":"CommentAction","name":"Comment","target":["https:\/\/www.lively.brussels\/index.php\/2021\/01\/28\/relocalisation-circulaire\/#respond"]}]},{"@type":"WebPage","@id":"https:\/\/www.lively.brussels\/index.php\/2021\/01\/28\/relocalisation-circulaire\/","url":"https:\/\/www.lively.brussels\/index.php\/2021\/01\/28\/relocalisation-circulaire\/","name":"Relocalisation circulaire &#060; LIVELY - Le WebMag de l&#039;\u00e9conomie circulaire","isPartOf":{"@id":"https:\/\/www.lively.brussels\/#website"},"primaryImageOfPage":{"@id":"https:\/\/www.lively.brussels\/index.php\/2021\/01\/28\/relocalisation-circulaire\/#primaryimage"},"image":{"@id":"https:\/\/www.lively.brussels\/index.php\/2021\/01\/28\/relocalisation-circulaire\/#primaryimage"},"thumbnailUrl":"https:\/\/www.lively.brussels\/wp-content\/uploads\/2021\/01\/27-01-2021-Website-Image-LIVELY-New-750x500-1.jpg","datePublished":"2021-01-28T19:00:00+00:00","dateModified":"2021-01-29T12:39:58+00:00","description":"Le Webmagazine de l'\u00e9conomie circulaire \u00e0 Bruxelles, de la transition \u00e9conomique et de la durabilit\u00e9.","breadcrumb":{"@id":"https:\/\/www.lively.brussels\/index.php\/2021\/01\/28\/relocalisation-circulaire\/#breadcrumb"},"inLanguage":"fr-FR","potentialAction":[{"@type":"ReadAction","target":["https:\/\/www.lively.brussels\/index.php\/2021\/01\/28\/relocalisation-circulaire\/"]}]},{"@type":"ImageObject","inLanguage":"fr-FR","@id":"https:\/\/www.lively.brussels\/index.php\/2021\/01\/28\/relocalisation-circulaire\/#primaryimage","url":"https:\/\/www.lively.brussels\/wp-content\/uploads\/2021\/01\/27-01-2021-Website-Image-LIVELY-New-750x500-1.jpg","contentUrl":"https:\/\/www.lively.brussels\/wp-content\/uploads\/2021\/01\/27-01-2021-Website-Image-LIVELY-New-750x500-1.jpg","width":750,"height":500},{"@type":"BreadcrumbList","@id":"https:\/\/www.lively.brussels\/index.php\/2021\/01\/28\/relocalisation-circulaire\/#breadcrumb","itemListElement":[{"@type":"ListItem","position":1,"name":"Accueil","item":"https:\/\/www.lively.brussels\/"},{"@type":"ListItem","position":2,"name":"Relocalisation circulaire"}]},{"@type":"WebSite","@id":"https:\/\/www.lively.brussels\/#website","url":"https:\/\/www.lively.brussels\/","name":"LIVELY - Le WebMag de l&#039;\u00e9conomie circulaire","description":"Pour tout savoir de l&#039;\u00e9conomie circulaire \u00e0 Bruxelles, en Belgique et dans le reste de l&#039;univers","publisher":{"@id":"https:\/\/www.lively.brussels\/#organization"},"potentialAction":[{"@type":"SearchAction","target":{"@type":"EntryPoint","urlTemplate":"https:\/\/www.lively.brussels\/?s={search_term_string}"},"query-input":{"@type":"PropertyValueSpecification","valueRequired":true,"valueName":"search_term_string"}}],"inLanguage":"fr-FR"},{"@type":"Organization","@id":"https:\/\/www.lively.brussels\/#organization","name":"Sense Brussels SCRL","url":"https:\/\/www.lively.brussels\/","logo":{"@type":"ImageObject","inLanguage":"fr-FR","@id":"https:\/\/www.lively.brussels\/#\/schema\/logo\/image\/","url":"https:\/\/www.lively.brussels\/wp-content\/uploads\/2020\/08\/Lively_Favicon.jpg","contentUrl":"https:\/\/www.lively.brussels\/wp-content\/uploads\/2020\/08\/Lively_Favicon.jpg","width":134,"height":134,"caption":"Sense Brussels SCRL"},"image":{"@id":"https:\/\/www.lively.brussels\/#\/schema\/logo\/image\/"},"sameAs":["https:\/\/www.facebook.com\/LivelyBrussels\/","https:\/\/x.com\/BrusselsLively","https:\/\/www.instagram.com\/livelybrussels\/","https:\/\/www.linkedin.com\/company\/lively-brussels"]},{"@type":"Person","@id":"https:\/\/www.lively.brussels\/#\/schema\/person\/513c2163235ab492c2ac802243603145","name":"Manu","image":{"@type":"ImageObject","inLanguage":"fr-FR","@id":"https:\/\/secure.gravatar.com\/avatar\/78dc24ed0bea672dff4419428bda20458e97a17d76419c084f2537c82a266981?s=96&d=mm&r=g","url":"https:\/\/secure.gravatar.com\/avatar\/78dc24ed0bea672dff4419428bda20458e97a17d76419c084f2537c82a266981?s=96&d=mm&r=g","contentUrl":"https:\/\/secure.gravatar.com\/avatar\/78dc24ed0bea672dff4419428bda20458e97a17d76419c084f2537c82a266981?s=96&d=mm&r=g","caption":"Manu"},"url":"https:\/\/www.lively.brussels\/index.php\/author\/emmanuellively-brussels\/"}]}},"_links":{"self":[{"href":"https:\/\/www.lively.brussels\/index.php\/wp-json\/wp\/v2\/posts\/1768","targetHints":{"allow":["GET"]}}],"collection":[{"href":"https:\/\/www.lively.brussels\/index.php\/wp-json\/wp\/v2\/posts"}],"about":[{"href":"https:\/\/www.lively.brussels\/index.php\/wp-json\/wp\/v2\/types\/post"}],"author":[{"embeddable":true,"href":"https:\/\/www.lively.brussels\/index.php\/wp-json\/wp\/v2\/users\/9"}],"replies":[{"embeddable":true,"href":"https:\/\/www.lively.brussels\/index.php\/wp-json\/wp\/v2\/comments?post=1768"}],"version-history":[{"count":8,"href":"https:\/\/www.lively.brussels\/index.php\/wp-json\/wp\/v2\/posts\/1768\/revisions"}],"predecessor-version":[{"id":1787,"href":"https:\/\/www.lively.brussels\/index.php\/wp-json\/wp\/v2\/posts\/1768\/revisions\/1787"}],"wp:featuredmedia":[{"embeddable":true,"href":"https:\/\/www.lively.brussels\/index.php\/wp-json\/wp\/v2\/media\/1786"}],"wp:attachment":[{"href":"https:\/\/www.lively.brussels\/index.php\/wp-json\/wp\/v2\/media?parent=1768"}],"wp:term":[{"taxonomy":"category","embeddable":true,"href":"https:\/\/www.lively.brussels\/index.php\/wp-json\/wp\/v2\/categories?post=1768"},{"taxonomy":"post_tag","embeddable":true,"href":"https:\/\/www.lively.brussels\/index.php\/wp-json\/wp\/v2\/tags?post=1768"}],"curies":[{"name":"wp","href":"https:\/\/api.w.org\/{rel}","templated":true}]}}