{"id":2154,"date":"2021-04-01T17:30:05","date_gmt":"2021-04-01T17:30:05","guid":{"rendered":"https:\/\/www.lively.brussels\/?p=2154"},"modified":"2021-05-20T15:38:58","modified_gmt":"2021-05-20T15:38:58","slug":"on-a-trouve","status":"publish","type":"post","link":"https:\/\/www.lively.brussels\/index.php\/2021\/04\/01\/on-a-trouve\/","title":{"rendered":"On a trouv\u00e9"},"content":{"rendered":"\n<p>Une fois n\u2019est pas coutume, je vais vous parler de moi (un peu) et de mon nouveau fabuleux opticien (beaucoup).<br><strong>Que je vous raconte. <\/strong><br><strong>Cela faisait quasiment un an que je me promenais avec mon ordonnance pour de nouvelles lunettes dans mon portefeuille. <\/strong><br>Pas que je sois du genre \u00e0 passer ma vie chez les opticiens mais jusque-l\u00e0, je n\u2019avais rien trouv\u00e9.<\/p>\n\n\n\n<p>Et puis, je n\u2019avais aucune envie d\u2019entre dans une boutique o\u00f9 je serais re\u00e7u par un commercial aussi comp\u00e9tent en lunetterie que moi. <br><strong>Je suis de ceux qui pensent qu\u2019on n\u2019ach\u00e8te pas ses lunettes comme on ach\u00e8te une botte de carottes. <\/strong><br><strong>Donc, les boutiques discount \u00e0 bas prix, c\u2019\u00e9tait non. D\u2019office.<\/strong><br>Les Tchin-Tchin et autres Ploum-Ploum, deux pour le prix d\u2019un et le troisi\u00e8me gratuit et on en s\u2019en fout parce que c\u2019est fabriqu\u00e9 en Chine \u00e0 bas prix, je dis non. Simplement pas possible.<br>C\u2019est notamment pour \u00e7a que je me trimballais avec mon ordonnance dans la poche depuis tout ce temps\u2026<\/p>\n\n\n\n<p><strong>Et, parfois, la vie est bien faite. Une \u00e9tincelle de miracle, une p\u00e9pite de merveilles\u2026<\/strong><br>Car, vous n\u2019allez pas me croire, mais ne voil\u00e0-t-il pas que, pas plus tard qu\u2019au d\u00e9but de ce mois, je passe <a href=\"https:\/\/www.google.com\/maps\/dir\/50.8166144,4.34176\/50.8266859,4.3620333\/@50.8211966,4.3431706,15z\/data=!3m1!4b1!4m4!4m3!1m1!4e1!1m0\" target=\"_blank\" rel=\"noreferrer noopener\">Rue du Bailli \u00e0 Ixelles<\/a> et, l\u00e0, que vois-je&nbsp;?<\/p>\n\n\n\n<p><strong>Une tr\u00e8s jolie boutique avec sur la devanture ces mots magiques&nbsp;: <a href=\"https:\/\/www.facebook.com\/Seed.Lunettesdurables\" target=\"_blank\" rel=\"noreferrer noopener\">\u00ab&nbsp;SEED Lunettes durables&nbsp;\u00bb.<\/a><\/strong><\/p>\n\n\n\n<figure class=\"wp-block-image size-large\"><a href=\"https:\/\/www.facebook.com\/Seed.Lunettesdurables\" target=\"_blank\" rel=\"noopener\" class=\"img-link\"><img loading=\"lazy\" decoding=\"async\" width=\"750\" height=\"500\" src=\"https:\/\/www.lively.brussels\/wp-content\/uploads\/2021\/04\/38-Seed-1.jpg\" alt=\"\" class=\"wp-image-2162\" srcset=\"https:\/\/www.lively.brussels\/wp-content\/uploads\/2021\/04\/38-Seed-1.jpg 750w, https:\/\/www.lively.brussels\/wp-content\/uploads\/2021\/04\/38-Seed-1-300x200.jpg 300w, https:\/\/www.lively.brussels\/wp-content\/uploads\/2021\/04\/38-Seed-1-610x407.jpg 610w, https:\/\/www.lively.brussels\/wp-content\/uploads\/2021\/04\/38-Seed-1-640x427.jpg 640w\" sizes=\"auto, (max-width: 750px) 100vw, 750px\" \/><\/a><figcaption><a href=\"https:\/\/www.facebook.com\/Seed.Lunettesdurables\" target=\"_blank\" rel=\"noreferrer noopener\">Bienvenue chez SEED Lunettes durables<\/a><\/figcaption><\/figure>\n\n\n\n<p><strong>Or, et vous le savez bien, chez LIVELY, nous sommes des aventuriers de l\u2019information, les d\u00e9tectives des bons plans \u00e9cologiques, pr\u00eats \u00e0 toutes les p\u00e9rip\u00e9ties pour d\u00e9voiler les secrets de l\u2019\u00e9conomie circulaire \u00e0 nos ch\u00e8res lectrices et chers lecteurs (c\u2019est vous).<\/strong><br>Donc, ni une, ni deux, je bondis de mon fid\u00e8le destrier (mon v\u00e9lo), je remets mon masque (ben oui, oblig\u00e9) et je pousse la porte de la boutique.<\/p>\n\n\n\n<hr class=\"wp-block-separator\"\/>\n\n\n\n<h2 class=\"wp-block-heading\"><strong>Premi\u00e8res impressions<\/strong><\/h2>\n\n\n\n<p><strong>Mes premi\u00e8res impressions&nbsp;? <\/strong><br><strong>Tr\u00e8s positives. Des jolis mod\u00e8les de montures, une tr\u00e8s chouette d\u00e9coration, un charmant jeune homme au sourire sympathique et accueillant.<\/strong><\/p>\n\n\n\n<figure class=\"wp-block-image size-large\"><img loading=\"lazy\" decoding=\"async\" width=\"750\" height=\"500\" src=\"https:\/\/www.lively.brussels\/wp-content\/uploads\/2021\/04\/38-Seed-2.jpg\" alt=\"\" class=\"wp-image-2165\" srcset=\"https:\/\/www.lively.brussels\/wp-content\/uploads\/2021\/04\/38-Seed-2.jpg 750w, https:\/\/www.lively.brussels\/wp-content\/uploads\/2021\/04\/38-Seed-2-300x200.jpg 300w, https:\/\/www.lively.brussels\/wp-content\/uploads\/2021\/04\/38-Seed-2-610x407.jpg 610w, https:\/\/www.lively.brussels\/wp-content\/uploads\/2021\/04\/38-Seed-2-640x427.jpg 640w\" sizes=\"auto, (max-width: 750px) 100vw, 750px\" \/><figcaption>C&rsquo;est lui, c&rsquo;est Monsieur SEED, alias Laurent Marien<\/figcaption><\/figure>\n\n\n\n<p><strong>Mon exp\u00e9rience&nbsp;? Idem, tr\u00e8s positive. <\/strong><br>Pour vous la faire courte, j\u2019ai trouv\u00e9 un mod\u00e8le qui me plaisait beaucoup et j\u2019ai beaucoup appr\u00e9ci\u00e9 le service, tr\u00e8s professionnel. J\u2019ai eu enfin le sentiment d\u2019\u00eatre re\u00e7u par un vrai opticien qui prenait le temps.<br><strong>Mais surtout, j\u2019ai pens\u00e9 \u00e0 vous. <br>Oui, \u00e0 vous, qui, sur chaque bras de la Voie lact\u00e9e, vous demandez chaque jour&nbsp;: \u00ab&nbsp;Mais, bon sang, o\u00f9 est-ce que je vais acheter mes nouvelles lunettes&nbsp;?&nbsp;\u00bb.<\/strong><br>Il fallait donc que je partage ce secret.<br><strong>Et, donc, Monsieur SEED, racontez-nous tout.<\/strong><\/p>\n\n\n\n<hr class=\"wp-block-separator\"\/>\n\n\n\n<h2 class=\"wp-block-heading\"><strong>C\u2019est quoi des lunettes durables&nbsp;?<\/strong><\/h2>\n\n\n\n<p>Bon, pour commencer, ce charmant et sympathique jeune homme ne s\u2019appelle pas Monsieur SEED. <br>\u00c7a c\u2019est le nom du magasin. Son nom \u00e0 lui, c\u2019est Laurent Marien, concepteur et fondateur de cette jolie boutique.<br>Mais peu importe.&nbsp; <br><strong>Par contre, ce qui nous int\u00e9resse, c\u2019est surtout de savoir&nbsp;ce qu\u2019on peut bien appeler des lunettes durables&nbsp;?<\/strong><br>Parce que bon, les tomates bio, on a une id\u00e9e assez pr\u00e9cise mais les lunettes\u2026<\/p>\n\n\n\n<p>Et, pour le coup, Monsieur SEED (j\u2019aime bien l\u2019appeler comme \u00e7a), lui, il y a r\u00e9fl\u00e9chi&nbsp;:<br>\u00ab&nbsp;<em>En fait, je pense qu\u2019il y a autant de d\u00e9finitions que de porteurs de lunettes. <strong>Et c\u2019est \u00e9videmment une question essentielle pour nous, on y a donc soigneusement r\u00e9fl\u00e9chi. <\/strong><\/em><br><em>D\u2019autant qu\u2019on s\u2019est retrouv\u00e9 devant des fournisseurs qui nous proposaient des produits tr\u00e8s diff\u00e9rents.<\/em><br><em>Du coup, nous avons travaill\u00e9 sur la question et \u00e9labor\u00e9 <\/em><strong><em>notre Charte \u00e9thique qui d\u00e9finit ce qui, pour nous, caract\u00e9rise des lunettes durables.<\/em><br><em>Et notre Charte, elle tient en 6 points<\/em><\/strong> : <\/p>\n\n\n\n<figure class=\"wp-block-image size-large\"><img loading=\"lazy\" decoding=\"async\" width=\"750\" height=\"500\" src=\"https:\/\/www.lively.brussels\/wp-content\/uploads\/2021\/04\/38-Seed-3.jpg\" alt=\"\" class=\"wp-image-2175\" srcset=\"https:\/\/www.lively.brussels\/wp-content\/uploads\/2021\/04\/38-Seed-3.jpg 750w, https:\/\/www.lively.brussels\/wp-content\/uploads\/2021\/04\/38-Seed-3-300x200.jpg 300w, https:\/\/www.lively.brussels\/wp-content\/uploads\/2021\/04\/38-Seed-3-610x407.jpg 610w, https:\/\/www.lively.brussels\/wp-content\/uploads\/2021\/04\/38-Seed-3-640x427.jpg 640w\" sizes=\"auto, (max-width: 750px) 100vw, 750px\" \/><\/figure>\n\n\n\n<p><strong>1. Les mat\u00e9riaux&nbsp;<\/strong><br><em><strong>Les mat\u00e9riaux des lunettes que nous proposons doivent \u00eatre soit recycl\u00e9s et recyclables, soit biod\u00e9gradables. <\/strong><\/em><br><em>Le bois, par exemple , est biod\u00e9gradable, l\u2019huile de ricin aussi ainsi que les produits qui viennent de la mer comme des coquillages. A contrario, je ne travaille pas avec du titane, ni avec les mat\u00e9riaux classiques en lunetterie, je ne travaille qu\u2019avec de l\u2019acier parce c\u2019est le m\u00e9tal le plus recycl\u00e9 et le plus facilement recyclable.<\/em><\/p>\n\n\n\n<p><strong>2. Le lieu de fabrication<\/strong><br><em>Autre point essentiel. <strong>Toutes les lunettes que nous vendons sont produites enti\u00e8rement et exclusivement proches de chez nous, en France principalement. <\/strong><\/em><br><em>La production ne peut \u00eatre d\u00e9localis\u00e9e, m\u00eame en partie.<\/em><\/p>\n\n\n\n<p><strong>3. Le respect de l\u2019humain<\/strong><br><em>Evidemment c\u2019est aussi important pour nous de veiller \u00e0 ce que, t<strong>out au long de la chaine de production, tout le monde soit bien trait\u00e9 et bien pay\u00e9.<\/strong><\/em><\/p>\n\n\n\n<p><strong>4. L\u2019engagement \u00e9cologique<\/strong><br><em>Dans notre magasin, nous faisons tout pour \u00eatre le plus \u00e9cologique possible. <strong>Et nous attendons des artisans qui fabriquent nos lunettes qu\u2019ils soient dans la m\u00eame d\u00e9marche.<\/strong><\/em><\/p>\n\n\n\n<p><strong>5. La tra\u00e7abilit\u00e9<\/strong><br><em><strong>Nous connaissons les origines de tous nos produits et des mat\u00e9riaux qui les constituent.<\/strong> Il est hors de question, par exemple, que nous utilisions du bois qui vient de for\u00eats qu\u2019on d\u00e9truit. <\/em><br><em>Donc tous les bois qu\u2019on utilise sont lab\u00e9lis\u00e9s.<\/em><\/p>\n\n\n\n<p><strong>6. La gestion de la collection<\/strong><br><em><strong>On ne travaille qu\u2019avec des marques qui s\u2019engagent \u00e0 nous fournir des pi\u00e8ces au-del\u00e0 de la garantie l\u00e9gale.<\/strong> On ne veut pas collaborer avec des marques qui produisent des mod\u00e8les de lunettes tous les six mois ou tous les ans. On veut vraiment que ce soient des montures qui tiennent sur plusieurs ann\u00e9es<\/em>&nbsp;\u00bb.<\/p>\n\n\n\n<p>Eh bien, \u00e7a c\u2019est r\u00e9fl\u00e9chi. On ne peut pas dire.<br>Concevoir une Charte \u00e9thique dans un m\u00e9tier qui n\u2019en a pas forc\u00e9ment, c\u2019est un vrai travail.<\/p>\n\n\n\n<hr class=\"wp-block-separator\"\/>\n\n\n\n<h2 class=\"wp-block-heading\"><strong>Les bons fournisseurs<\/strong><\/h2>\n\n\n\n<p>\u00ab&nbsp;<em><strong>C\u2019est vrai que \u00e7a n\u2019a pas \u00e9t\u00e9 facile de trouver nos fournisseurs. <\/strong><\/em><br><em>Il faut savoir, en effet, que le monde de l\u2019optique est domin\u00e9 par des g\u00e9ants&nbsp;qui ont un quasi-monopole et qui inondent le march\u00e9. <\/em><\/p>\n\n\n\n<p><em>Dans ce secteur, les petits artisans n\u2019ont aucune visibilit\u00e9. \u00c7a n\u2019a donc pas \u00e9t\u00e9 facile de les trouver. Cela \u00e9tant, je suis opticien depuis 11 ans et je connais les fabricants et leurs repr\u00e9sentants. <\/em><br><em>Qui plus est, il y a aussi des salons professionnels ainsi que le bouche-\u00e0-oreille. <\/em><br><strong><em>C\u2019est donc comme \u00e7a, de contacts en contacts, que j\u2019ai trouv\u00e9 les artisans et les marques avec lesquelles je voulais travailler et qui respectent notre Charte et nos valeurs<\/em>&nbsp;<\/strong>\u00bb. &nbsp;<\/p>\n\n\n\n<figure class=\"wp-block-image size-large\"><img loading=\"lazy\" decoding=\"async\" width=\"750\" height=\"500\" src=\"https:\/\/www.lively.brussels\/wp-content\/uploads\/2021\/04\/38-Seed-4.jpg\" alt=\"\" class=\"wp-image-2179\" srcset=\"https:\/\/www.lively.brussels\/wp-content\/uploads\/2021\/04\/38-Seed-4.jpg 750w, https:\/\/www.lively.brussels\/wp-content\/uploads\/2021\/04\/38-Seed-4-300x200.jpg 300w, https:\/\/www.lively.brussels\/wp-content\/uploads\/2021\/04\/38-Seed-4-610x407.jpg 610w, https:\/\/www.lively.brussels\/wp-content\/uploads\/2021\/04\/38-Seed-4-640x427.jpg 640w\" sizes=\"auto, (max-width: 750px) 100vw, 750px\" \/><\/figure>\n\n\n\n<hr class=\"wp-block-separator\"\/>\n\n\n\n<h2 class=\"wp-block-heading\"><strong>Et, du coup, elles viennent d\u2019o\u00f9 ces lunettes&nbsp;?<\/strong><\/h2>\n\n\n\n<p>\u00ab&nbsp;<em>Principalement de France. O\u00f9 sont fabriqu\u00e9s environ 80&nbsp;% des lunettes du magasin. J\u2019ai aussi une marque fournisseur qui vient de Linz, en Autriche, et une autre qui vient du nord de l\u2019Italie, pr\u00e8s de la Suisse<\/em>&nbsp;\u00bb.<\/p>\n\n\n\n<p>Cela n\u2019a pas d\u00fb \u00eatre \u00e9vident de les s\u00e9lectionner. <br>Comment vous avez fait&nbsp;?<\/p>\n\n\n\n<blockquote class=\"wp-block-quote is-layout-flow wp-block-quote-is-layout-flow\"><p>\u00ab&nbsp;<em>Il faut clairement que chacun de nos fournisseurs remplisse les six points qui composent notre Charte \u00e9thique. <\/em><br><em>Si un seul de ces points n\u2019est pas respect\u00e9, \u00e7a ne m\u2019int\u00e9resse pas&nbsp;\u00bb.<\/em><\/p><cite>Monsieur SEED<\/cite><\/blockquote>\n\n\n\n<hr class=\"wp-block-separator\"\/>\n\n\n\n<h2 class=\"wp-block-heading\"><strong>Les lunettes mais aussi la boutique<\/strong><\/h2>\n\n\n\n<p>Vous le savez, ch\u00e8res lectrices et chers lecteurs, ce qu\u2019on aime chez LIVELY, c\u2019est ceux qui pensent \u00e0 leur truc, qui r\u00e9fl\u00e9chissent, qui s\u2019engagent et qui innovent. <br><strong>Et avec SEED, on a \u00e9t\u00e9 servis.<br>Parce que, non contents de proposer des belles paires de lunettes \u00e9cologiques, ils ont aussi pens\u00e9 \u00e0 d\u2019autres choses.<\/strong><br><strong>La boutique, pour commencer. N\u2019est-ce pas, Monsieur SEED&nbsp;?<\/strong><\/p>\n\n\n\n<p>\u00ab&nbsp;<em>Oui absolument. <\/em><br><em><strong>L\u2019id\u00e9e n\u2019\u00e9tait pas seulement de vendre des produits durables, mais c\u2019\u00e9tait aussi de penser le magasin en coh\u00e9rence avec nos valeurs.<\/strong><\/em><br><em>Je trouvais que \u00e7a avait du sens d\u2019utiliser des mat\u00e9riaux de r\u00e9cup\u00e9ration et c\u2019est comme \u00e7a que tout le magasin a \u00e9t\u00e9 fait&nbsp;: mes pr\u00e9sentoirs, mes tables, tout. <\/em><br><em>Pour \u00e7a, nous avons travaill\u00e9 avec <a href=\"http:\/\/designwithsense.be\/\" target=\"_blank\" rel=\"noreferrer noopener\">le studio Design With Sense, \u00e0 Saint-Gilles,<\/a> <strong>qui a con\u00e7u et r\u00e9alis\u00e9<\/strong> <\/em><strong><em>tout l\u2019am\u00e9nagement de la boutique \u00e0 partir de mat\u00e9riaux de r\u00e9cup\u00e9ration<\/em>&nbsp;<\/strong>\u00bb.<\/p>\n\n\n\n<figure class=\"wp-block-image size-large\"><a href=\"http:\/\/designwithsense.be\/\" target=\"_blank\" rel=\"noopener\" class=\"img-link\"><img loading=\"lazy\" decoding=\"async\" width=\"750\" height=\"500\" src=\"https:\/\/www.lively.brussels\/wp-content\/uploads\/2021\/04\/38-Seed-5.jpg\" alt=\"\" class=\"wp-image-2189\" srcset=\"https:\/\/www.lively.brussels\/wp-content\/uploads\/2021\/04\/38-Seed-5.jpg 750w, https:\/\/www.lively.brussels\/wp-content\/uploads\/2021\/04\/38-Seed-5-300x200.jpg 300w, https:\/\/www.lively.brussels\/wp-content\/uploads\/2021\/04\/38-Seed-5-610x407.jpg 610w, https:\/\/www.lively.brussels\/wp-content\/uploads\/2021\/04\/38-Seed-5-640x427.jpg 640w\" sizes=\"auto, (max-width: 750px) 100vw, 750px\" \/><\/a><figcaption>Et tout cela en mat\u00e9riau recycl\u00e9 &#8211; Avec <a href=\"http:\/\/designwithsense.be\/\" target=\"_blank\" rel=\"noreferrer noopener\">Design with Sense<\/a><\/figcaption><\/figure>\n\n\n\n<p><strong>Eh bien, c\u2019est du beau travail parce qu\u2019elle est tr\u00e8s belle cette boutique.<\/strong><br>\u00ab&nbsp;<em>Oui, c\u2019est clair. <\/em><br><em>Et, franchement, si je devais recommander une adresse, c\u2019est bien la leur. <strong>Je suis super content, j\u2019aime bien mon magasin, je me sens hyper-bien dedans <\/strong><\/em>\u00bb.<\/p>\n\n\n\n<hr class=\"wp-block-separator\"\/>\n\n\n\n<h2 class=\"wp-block-heading\"><strong>Et le recyclage de l\u2019eau \u00e9videmment<\/strong><\/h2>\n\n\n\n<p>\u00c7a, moi je ne le savais pas, mais figurez-vous que <strong>les opticiens sont d\u2019\u00e9normes consommateurs d\u2019eau <\/strong>(les vrais opticiens dipl\u00f4m\u00e9s pas les magasins o\u00f9 il n\u2019y a que des vendeurs et qui font les montages ailleurs ce qui, in fine, ne fait que d\u00e9placer le probl\u00e8me \u00e9videmment).<br>\u00ab&nbsp;<em>En effet. On commande les verres et les montures chez nos fournisseurs puis on sertit les verres. <strong>Et pour tailler un verre avant de le sertir, il faut une dizaine de litres d\u2019eau environ,<\/strong> pour refroidir la meuleuse \u00e0 grande vitesse avec laquelle nous faisons ce travail.<\/em><\/p>\n\n\n\n<figure class=\"wp-block-image size-large\"><img loading=\"lazy\" decoding=\"async\" width=\"750\" height=\"500\" src=\"https:\/\/www.lively.brussels\/wp-content\/uploads\/2021\/04\/38-Seed-8.jpg\" alt=\"\" class=\"wp-image-2211\" srcset=\"https:\/\/www.lively.brussels\/wp-content\/uploads\/2021\/04\/38-Seed-8.jpg 750w, https:\/\/www.lively.brussels\/wp-content\/uploads\/2021\/04\/38-Seed-8-300x200.jpg 300w, https:\/\/www.lively.brussels\/wp-content\/uploads\/2021\/04\/38-Seed-8-610x407.jpg 610w, https:\/\/www.lively.brussels\/wp-content\/uploads\/2021\/04\/38-Seed-8-640x427.jpg 640w\" sizes=\"auto, (max-width: 750px) 100vw, 750px\" \/><\/figure>\n\n\n\n<p><em><strong>Dans les gros magasins, surtout ceux qui proposent deux paires, trois paires ou quatre paires pour le prix d\u2019une, ce sont des centaines, voire des milliers de litres d\u2019eau qui sont d\u00e9pens\u00e9s chaque jour juste pour refroidir les machines.<\/strong><\/em><br><em>J\u2019ai donc voulu travailler aussi l\u00e0-dessus et, pour \u00e7a, j\u2019ai re\u00e7u un financement via <a href=\"http:\/\/www.villagefinance.be\/\" target=\"_blank\" rel=\"noreferrer noopener\">Village Finance \u00e0 Saint-Gilles<\/a>, gr\u00e2ce auquel <strong>j\u2019ai fait fabriquer un syst\u00e8me de recyclage d\u2019eau en circuit ferm\u00e9. <\/strong><\/em><br><em>L\u2019eau est envoy\u00e9e sur ma piste, elle la refroidit et se charge de particules de verre et de poussi\u00e8re de verre. <\/em><br><em>Plut\u00f4t que de partir directement dans les \u00e9gouts, elle est d\u00e9cant\u00e9e puis filtr\u00e9e et \u00e7a repart en circuit ferm\u00e9. Il y a juste le filtre que je dois nettoyer de temps en temps. Du coup la poussi\u00e8re de verre, qu\u2019est-ce qu\u2019on en fait\u2009? On ne sait pas encore. <\/em><br><em>Pour le moment, je la stocke, \u00e7a fait partie des autres choses qu\u2019on doit encore mettre en place pour rendre le magasin plus propre&nbsp;\u00bb.<\/em><\/p>\n\n\n\n<p><strong>Je vous l\u2019avais dit, chez SEED, on r\u00e9fl\u00e9chit vraiment circulaire.<\/strong><\/p>\n\n\n\n<blockquote class=\"wp-block-quote is-layout-flow wp-block-quote-is-layout-flow\"><p>\u00ab&nbsp;<em>L\u2019\u00e9conomie circulaire, c\u2019est l\u2019\u00e9conomie de demain. <\/em><br><em>Je suis persuad\u00e9 qu\u2019il faut qu\u2019on relocalise et qu\u2019on produise proche de chez nous et de fa\u00e7on durable. <\/em><br><em>C\u2019est remettre l\u2019homme au c\u0153ur de l\u2019\u00e9conomie<\/em>&nbsp;\u00bb.<\/p><cite>Monsieur SEED<\/cite><\/blockquote>\n\n\n\n<figure class=\"wp-block-image size-large\"><img loading=\"lazy\" decoding=\"async\" width=\"750\" height=\"290\" src=\"https:\/\/www.lively.brussels\/wp-content\/uploads\/2021\/04\/38-Seed-6.jpg\" alt=\"\" class=\"wp-image-2194\" srcset=\"https:\/\/www.lively.brussels\/wp-content\/uploads\/2021\/04\/38-Seed-6.jpg 750w, https:\/\/www.lively.brussels\/wp-content\/uploads\/2021\/04\/38-Seed-6-300x116.jpg 300w, https:\/\/www.lively.brussels\/wp-content\/uploads\/2021\/04\/38-Seed-6-610x236.jpg 610w, https:\/\/www.lively.brussels\/wp-content\/uploads\/2021\/04\/38-Seed-6-640x247.jpg 640w\" sizes=\"auto, (max-width: 750px) 100vw, 750px\" \/><\/figure>\n\n\n\n<hr class=\"wp-block-separator\"\/>\n\n\n\n<h2 class=\"wp-block-heading\"><strong>Surtout, ne jetez pas vos vieilles lunettes&nbsp;!<\/strong><\/h2>\n\n\n\n<p>C\u2019est vrai que, si vous \u00eates comme moi, vous les gardez. Au cas o\u00f9.<br>Mais le risque c\u2019est de devoir remettre une paire qui n\u2019est plus \u00e0 la mode depuis les heures de gloire d\u2019Yves Mourousi.<br>Vintage certes, mais bon.<\/p>\n\n\n\n<p><strong>Eh bien, la bonne solution, vous l\u2019aurez devin\u00e9, c\u2019est de les apporter chez SEED, parce qu\u2019ils font \u00e7a aussi.<\/strong><\/p>\n\n\n\n<blockquote class=\"wp-block-quote is-layout-flow wp-block-quote-is-layout-flow\"><p><em>\u00ab&nbsp;L\u2019id\u00e9e dans le magasin, c\u2019est que je ne veux pas produire de d\u00e9chets. <\/em><br><em>Rien de ce que je vends, rien de ce qui sort du magasin ne peut devenir un d\u00e9chet, c\u2019est l\u2019id\u00e9e <\/em>\u00bb.<\/p><cite>Monsieur SEED<\/cite><\/blockquote>\n\n\n\n<p>\u00ab&nbsp;<em><strong>On peut donc tout me ramener, aussi bien les lunettes que les lentilles de contact, et moi je m\u2019assure de leur donner une seconde vie.<\/strong><\/em><br><em>Pour les lentilles, c\u2019est essentiellement du silicone m\u00e9dical pour lequel il n\u2019y a pas d\u2019alternatives recyclables. Mais, par contre, on peut me les ramener, y compris les emballages. <\/em><br><em><strong>Moi je les r\u00e9cup\u00e8re dans ma grosse poubelle \u00e0 lentilles et, une fois par an, quand elle est pleine, je la renvoie chez le fabricant et lui, il r\u00e9utilise les mat\u00e9riaux pour faire d\u2019autres objets\u2026 <\/strong><\/em><br><em>Donc c\u2019est quand m\u00eame recycl\u00e9.<\/em><\/p>\n\n\n\n<p><em><strong>Pareil pour les lunettes.<\/strong> <\/em><br><em>Vous pouvez me ramener toutes vos paires, m\u00eame si elles sont en mille morceaux. <strong>Si ce sont des montures qui viennent de chez moi, je peux les renvoyer chez les fournisseurs et \u00e7a repart dans le circuit de production.<\/strong><\/em><br><em><strong>Et si ce sont des lunettes qui ne viennent pas de chez moi mais qui sont encore portables, je les r\u00e9nove ici dans mon atelier. <\/strong><\/em><br><em>Et, l\u00e0, de deux choses l\u2019une. <strong>Soit je les envoie \u00e0 Mayotte, o\u00f9 j\u2019ai travaill\u00e9 plusieurs ann\u00e9es, chez des coll\u00e8gues sur place qui les distribuent dans des lyc\u00e9es et des coll\u00e8ges pour des enfants qui n\u2019y ont pas acc\u00e8s.<\/strong><\/em><br><em><strong>Ou alors, je travaille avec des apprentis en France \u00e0 Auteuil et avec l\u2019organisation <a href=\"https:\/\/www.opticforgood.com\/\" target=\"_blank\" rel=\"noreferrer noopener\">Optic for Good<\/a><\/strong>, que j\u2019ai rejoint r\u00e9cemment. Et eux les r\u00e9parent et les envoient <\/em><a href=\"https:\/\/www.msf-azg.be\/fr\" target=\"_blank\" rel=\"noreferrer noopener\"><em>\u00e0 M\u00e9decins sans Fronti\u00e8res<\/em>&nbsp;<\/a>\u00bb.<\/p>\n\n\n\n<hr class=\"wp-block-separator\"\/>\n\n\n\n<div class=\"wp-block-image\"><figure class=\"aligncenter size-large is-resized\"><a href=\"https:\/\/www.opticforgood.com\/\" target=\"_blank\" rel=\"noopener\" class=\"img-link\"><img loading=\"lazy\" decoding=\"async\" src=\"https:\/\/www.lively.brussels\/wp-content\/uploads\/2021\/04\/optic-for-good-opticien.png\" alt=\"\" class=\"wp-image-2217\" width=\"300\" height=\"300\" srcset=\"https:\/\/www.lively.brussels\/wp-content\/uploads\/2021\/04\/optic-for-good-opticien.png 500w, https:\/\/www.lively.brussels\/wp-content\/uploads\/2021\/04\/optic-for-good-opticien-300x300.png 300w, https:\/\/www.lively.brussels\/wp-content\/uploads\/2021\/04\/optic-for-good-opticien-150x150.png 150w\" sizes=\"auto, (max-width: 300px) 100vw, 300px\" \/><\/a><figcaption><a href=\"https:\/\/www.opticforgood.com\/\" target=\"_blank\" rel=\"noreferrer noopener\">Optic for Good<\/a><\/figcaption><\/figure><\/div>\n\n\n\n<blockquote class=\"wp-block-quote is-layout-flow wp-block-quote-is-layout-flow\"><p>\u00ab&nbsp;<em>Depuis la semaine derni\u00e8re, je suis le premier magasin en Belgique d\u2019ailleurs lab\u00e9lis\u00e9 <a href=\"https:\/\/www.opticforgood.com\/\" target=\"_blank\" rel=\"noreferrer noopener\">Optic For Good. <\/a><\/em><br><em>c\u2019est le premier label ind\u00e9pendant en optique lunetterie, un peu comme un certificat bio pour les aliments. <\/em><br><em>J\u2019en suis tr\u00e8s fier, je dois dire<\/em>&nbsp;\u00bb.<\/p><cite>Monsieur SEED<\/cite><\/blockquote>\n\n\n\n<hr class=\"wp-block-separator\"\/>\n\n\n\n<p class=\"has-sm-color-primary-background-color has-background\"><strong><a href=\"https:\/\/www.opticforgood.com\/\">Optic for Good<\/a> est un label destin\u00e9 aux opticiens et lunettiers bas\u00e9 sur une&nbsp;charte sp\u00e9cifique&nbsp;que les acteurs de la profession doivent respecter pour obtenir cette appellation.<\/strong><br>Cette charte est compos\u00e9e de&nbsp;8 points pr\u00e9cis pour les lunettes&nbsp;et&nbsp;6 points pour les opticiens&nbsp;dont les th\u00e9matiques sont les suivantes : l\u2019engagement de l\u2019entreprise, le respect environnemental, la bienveillance, le savoir-faire, l\u2019innovation, la mati\u00e8re, le lieu de fabrication ou encore la gestion de la collection. <br>C\u2019est sur cette charte que repose l\u2019appellation et le processus d\u2019audit.<br><strong><a href=\"https:\/\/www.lively.brussels\/wp-content\/uploads\/2021\/04\/programme-recyclage.png\" target=\"_blank\" rel=\"noreferrer noopener\">Un tr\u00e8s beau dispositif&nbsp;! <\/a><br>Clair, rigoureux et transparent.<\/strong><em> <\/em><\/p>\n\n\n\n<hr class=\"wp-block-separator\"\/>\n\n\n\n<h2 class=\"wp-block-heading\"><strong>Et d\u2019autres bonnes id\u00e9es encore<\/strong><\/h2>\n\n\n\n<p><strong>Et ce n\u2019est pas tout. Notre opticien pr\u00e9f\u00e9r\u00e9 fourmille de bonnes id\u00e9es.<\/strong><br>\u00ab&nbsp;<em>Effectivement. <strong>Je r\u00e9fl\u00e9chis notamment \u00e0 nos produits d\u2019entretien.<\/strong> j\u2019aimerais avoir un produit un peu plus durable, un peu plus propre. Mais quand j\u2019appelle les fournisseurs traditionnels, ils me disent qu\u2019il n\u2019y a vraiment rien qui existe pour le moment. <\/em><br><em>Du coup, je me suis tourn\u00e9 vers des gens qui pouvaient faire ces produits pour moi, mais, en r\u00e9alit\u00e9, c\u2019est compliqu\u00e9 parce que pour cr\u00e9er un nouveau produit comme celui-l\u00e0, il faut le faire certifier, ce qui implique l\u2019intervention de laboratoires pour les analyses. <\/em><br><em>Et, \u00e9videmment, tout \u00e7a co\u00fbte de l\u2019argent. Donc \u00e7a aussi, c\u2019est un truc que je mettrai en place mais ce sera pour plus tard<\/em>&nbsp;\u00bb.<\/p>\n\n\n\n<hr class=\"wp-block-separator\"\/>\n\n\n\n<h2 class=\"wp-block-heading\"><strong>Comment devient-on le premier opticien durable de Belgique&nbsp;?<\/strong><\/h2>\n\n\n\n<p><strong>Vous le savez maintenant, chez LIVELY, on adore les histoires de ceux qui font l\u2019\u00e9conomie circulaire, ceux qui, taraud\u00e9s par les valeurs qui les animent, franchissent le pas et s\u2019engagent, exp\u00e9rimentent, cr\u00e9ent, inventent et qui, au final, contribuent \u00e0 la Grande Transition que nous voulons tous.<\/strong><\/p>\n\n\n\n<p>Alors, quand on tombe sur un opticien durable, on ne la l\u00e2che pas. On veut en savoir plus\u2026<\/p>\n\n\n\n<p><strong>Du coup, Monsieur SEED, c\u2019est quoi votre histoire&nbsp;?<\/strong><\/p>\n\n\n\n<p>\u00ab&nbsp;<em>Cela fait onze ans maintenant que je suis opticien. J\u2019adore ce m\u00e9tier. J\u2019ai travaill\u00e9 dans tout un tas d\u2019endroits diff\u00e9rents, ici \u00e0 Bruxelles, mais aussi dans les \u00eeles,&nbsp; en Guadeloupe et \u00e0 Mayotte pendant plusieurs ann\u00e9es. <strong>Et peu importe le magasin dans lequel je travaillais, on vendait toujours la m\u00eame chose, des lunettes produites en Chine.<\/strong><\/em><br><em>Dans ma vie quotidienne, j\u2019ai toujours essay\u00e9 de consommer mieux, de consommer diff\u00e9remment. Et pourtant, au magasin, tous les jours, je continuais \u00e0 vendre des montures qui ne correspondaient pas aux valeurs que j\u2019essayais de d\u00e9fendre. <\/em><br><em><strong>Je trouvais que \u00e7a n\u2019avait plus trop de sens. C\u2019est donc comme \u00e7a que j\u2019ai commenc\u00e9 \u00e0 chercher des opticiens ou des lunettiers qui \u00e9taient un peu dans ma d\u00e9marche.<\/strong><\/em><\/p>\n\n\n\n<p><em>Et j\u2019en ai trouv\u00e9 et c\u2019est pour \u00e7a que je me suis dit&nbsp;: <\/em><\/p>\n\n\n\n<blockquote class=\"wp-block-quote is-layout-flow wp-block-quote-is-layout-flow\"><p>&lsquo;<em>Bah tiens, je vais peut-\u00eatre pouvoir ouvrir mon magasin, celui dans lequel je serai fier des produits que je vends\u2019<\/em><\/p><cite>Monsieur SEED<\/cite><\/blockquote>\n\n\n\n<hr class=\"wp-block-separator\"\/>\n\n\n\n<h2 class=\"wp-block-heading\"><strong>Des valeurs au projet d\u2019entreprise<\/strong><\/h2>\n\n\n\n<p>Il y a les valeurs et il y a l\u2019envie. Mais il y aussi le chemin. Se lancer dans la cr\u00e9ation d\u2019entreprise, a fortiori d\u2019une entreprise durable (donc hors des sentiers battus), c\u2019est un vrai projet.<\/p>\n\n\n\n<p><strong>Alors, c\u2019\u00e9tait votre premi\u00e8re fois, Monsieur SEED&nbsp;?<\/strong><br>\u00ab&nbsp;<em>Oui, tout \u00e0 fait. J\u2019ai toujours \u00e9t\u00e9 employ\u00e9 et je n\u2019avais jamais eu envie de me lancer comme ind\u00e9pendant avant, m\u00eame si je viens d\u2019une famille dans laquelle il y avait pas mal de commer\u00e7ants. <\/em><br><em><strong>Mais c\u2019est juste que, tr\u00e8s franchement, je ne m\u2019y retrouvais plus dans mon boulot.<\/strong><\/em><br><em>Je me suis rendu compte qu\u2019il n\u2019y avait plus aucun magasin en Belgique dans lequel j\u2019avais envie de travailler.<\/em><br><em><strong>Je ne voulais plus bosser pour une cha\u00eene et pas non plus pour un ind\u00e9pendant haut de gamme, parce que vendre des montures Chanel, c\u2019est du plastique, c\u2019est fait en Chine, et \u00e7a ne m\u2019amuse pas<\/strong> <\/em>\u00bb.<\/p>\n\n\n\n<figure class=\"wp-block-image size-large\"><img loading=\"lazy\" decoding=\"async\" width=\"750\" height=\"500\" src=\"https:\/\/www.lively.brussels\/wp-content\/uploads\/2021\/04\/38-Seed-9.jpg\" alt=\"\" class=\"wp-image-2228\" srcset=\"https:\/\/www.lively.brussels\/wp-content\/uploads\/2021\/04\/38-Seed-9.jpg 750w, https:\/\/www.lively.brussels\/wp-content\/uploads\/2021\/04\/38-Seed-9-300x200.jpg 300w, https:\/\/www.lively.brussels\/wp-content\/uploads\/2021\/04\/38-Seed-9-610x407.jpg 610w, https:\/\/www.lively.brussels\/wp-content\/uploads\/2021\/04\/38-Seed-9-640x427.jpg 640w\" sizes=\"auto, (max-width: 750px) 100vw, 750px\" \/><\/figure>\n\n\n\n<blockquote class=\"wp-block-quote is-layout-flow wp-block-quote-is-layout-flow\"><p>\u00ab&nbsp;<em>J\u2019en suis arriv\u00e9 au point o\u00f9 soit je faisais ce magasin, soit je changeais de m\u00e9tier. <\/em><br><em>Et je n\u2019avais pas envie de changer parce que j\u2019aime ce m\u00e9tier. Donc je me suis dit&nbsp;: \u2018Je vais faire mon truc\u2019. <\/em><br><em>C\u2019est comme \u00e7a que \u00e7a a commenc\u00e9<\/em>&nbsp;\u00bb.<\/p><cite>Monsieur SEED<\/cite><\/blockquote>\n\n\n\n<p><strong>\u00c7a, c\u2019est le d\u00e9clic. Et puis ensuite, on s\u2019y met.<\/strong><br>\u00ab&nbsp;<em>Exactement. <strong>Et, pour \u00e7a, je me suis fait accompagner par <a href=\"https:\/\/hub.brussels\/fr\/\" target=\"_blank\" rel=\"noreferrer noopener\">hub.brussels<\/a> et <a href=\"https:\/\/1819.brussels\/\" target=\"_blank\" rel=\"noreferrer noopener\">le 1819<\/a><\/strong>. <\/em><br><em><strong>Je ne comprends d\u2019ailleurs pas qu\u2019on puisse entreprendre sans passer par eux, ils ont des \u00e9quipes vraiment comp\u00e9tentes, y compris des gens sp\u00e9cialis\u00e9s en \u00e9conomie circulaire avec lesquels on a pu d\u00e9cortiquer le magasin d\u2019optique pour essayer de le rendre plus propre et plus durable.<\/strong><\/em><br><em>Cela faisait 11 ans que j\u2019avais un peu le nez dans le guidon et il y a des choses dont je ne me rendais pas compte. \u00c7a a \u00e9t\u00e9 vraiment hyper riche. <\/em><br><em>Franchement, je leur dois beaucoup, ils ont \u00e9t\u00e9 fantastiques<\/em>&nbsp;\u00bb.&nbsp;<\/p>\n\n\n\n<hr class=\"wp-block-separator\"\/>\n\n\n\n<h2 class=\"wp-block-heading\"><strong>Et \u00e7a marche&nbsp;?<\/strong><\/h2>\n\n\n\n<p>\u00ab&nbsp;<em><strong>C\u2019est vrai qu\u2019ouvrir en plein confinement, \u00e7a n\u2019a pas \u00e9t\u00e9 \u00e9vident.<\/strong> Du coup, \u00e7a commence doucement. <\/em><br><em>Cela \u00e9tant, cela fait tellement longtemps que je bassine tous mes proches avec mes lunettes durables que tous mes copains sont venus m\u2019acheter des lunettes. Donc oui, \u00e7a m\u2019a pay\u00e9 mes premiers mois. Et puis j\u2019ai re\u00e7u des subsides de la Ville de Bruxelles qui m\u2019aident \u00e0 payer mes premiers mois de loyer. Mais j\u2019ai d\u2019autres copains qui ont ouvert des magasins d\u2019optique plus traditionnels dans d\u2019autres villes et, pour eux aussi, \u00e7a met du temps.<\/em><\/p>\n\n\n\n<p><em><strong>Le Belge a son m\u00e9decin, son pharmacien, son opticien\u2026 Il faut du temps pour se faire sa client\u00e8le, c\u2019est normal.<\/strong><\/em><br><em>Apr\u00e8s, vous dire si c\u2019est tr\u00e8s doucement ou moyennement doucement, c\u2019est mon premier et seul magasin et \u00e7a ne fait que trois mois que j\u2019ai ouvert, donc c\u2019est un peu t\u00f4t pour vous r\u00e9pondre. <\/em><br><em>Si dans trois ans je suis encore l\u00e0, c\u2019est que mon positionnement \u00e9tait correct, mais j\u2019esp\u00e8re&nbsp;<\/em>\u00bb.<\/p>\n\n\n\n<blockquote class=\"wp-block-quote is-layout-flow wp-block-quote-is-layout-flow\"><p>\u00ab&nbsp;<em>En tout cas, je n\u2019ai jamais \u00e9t\u00e9 aussi content de me lever le matin <\/em>\u00bb.<\/p><cite>Monsieur SEED<\/cite><\/blockquote>\n\n\n\n<hr class=\"wp-block-separator\"\/>\n\n\n\n<h2 class=\"wp-block-heading\"><strong>Message aux binocleux<\/strong><\/h2>\n\n\n\n<p><strong>En tout cas, moi je suis tr\u00e8s content de mes nouvelles lunettes durables&nbsp;!<\/strong><br>Elles sont chouettes, elles plaisent \u00e0 me femme (l\u2019essentiel), je voie beaucoup mieux avec (ce qui est un peu le minimum me direz-vous mais bon) et j\u2019en suis fier&nbsp;!<\/p>\n\n\n\n<p><strong>Donc avis aux astigmates, myopes, presbytes et autres quarantenaires&nbsp;:<\/strong><br><strong>On a trouv\u00e9 vos nouvelles lunettes&nbsp;! <\/strong><br><strong>Elles sont chez SEED Lunettes durables&nbsp;!<\/strong><\/p>\n\n\n\n<p><strong>Parce que vous le valez bien.<\/strong><\/p>\n\n\n\n<p>Bises \u00e0 tous et merci, Monsieur SEED&nbsp;!<\/p>\n\n\n\n<figure class=\"wp-block-image size-large\"><img loading=\"lazy\" decoding=\"async\" width=\"750\" height=\"500\" src=\"https:\/\/www.lively.brussels\/wp-content\/uploads\/2021\/04\/38-Seed-10.jpg\" alt=\"\" class=\"wp-image-2235\" srcset=\"https:\/\/www.lively.brussels\/wp-content\/uploads\/2021\/04\/38-Seed-10.jpg 750w, https:\/\/www.lively.brussels\/wp-content\/uploads\/2021\/04\/38-Seed-10-300x200.jpg 300w, https:\/\/www.lively.brussels\/wp-content\/uploads\/2021\/04\/38-Seed-10-610x407.jpg 610w, https:\/\/www.lively.brussels\/wp-content\/uploads\/2021\/04\/38-Seed-10-640x427.jpg 640w\" sizes=\"auto, (max-width: 750px) 100vw, 750px\" \/><figcaption>Vos nouvelles lunettes vous attendent !<\/figcaption><\/figure>\n\n\n\n<hr class=\"wp-block-separator\"\/>\n\n\n\n<h2 class=\"wp-block-heading\">Sources<\/h2>\n\n\n\n<p><a href=\"https:\/\/www.facebook.com\/Seed.Lunettesdurables\" target=\"_blank\" rel=\"noreferrer noopener\">Images SEED<\/a><\/p>\n\n\n\n<hr class=\"wp-block-separator\"\/>\n\n\n\n<div class=\"wp-block-image\"><figure class=\"aligncenter size-large is-resized\"><img loading=\"lazy\" decoding=\"async\" src=\"https:\/\/www.lively.brussels\/wp-content\/uploads\/2020\/09\/by-nc-sa.eu_.png\" alt=\"\" class=\"wp-image-879\" width=\"202\" height=\"71\" srcset=\"https:\/\/www.lively.brussels\/wp-content\/uploads\/2020\/09\/by-nc-sa.eu_.png 403w, https:\/\/www.lively.brussels\/wp-content\/uploads\/2020\/09\/by-nc-sa.eu_-300x105.png 300w\" sizes=\"auto, (max-width: 202px) 100vw, 202px\" \/><\/figure><\/div>\n\n\n\n<p class=\"has-text-align-center has-small-font-size\"><a href=\"https:\/\/www.lively.brussels\/index.php\/2020\/09\/30\/creative-come-on\/\" target=\"_blank\" rel=\"noreferrer noopener\">Cet article est sous Licence Creative Commons.<\/a><br>Vous \u00eates libre de le r\u00e9utiliser (en mentionnant l\u2019auteur \u2013 BY) mais pas pour un usage commercial (NC) et pour le partager dans les m\u00eames conditions (SA).<br><a href=\"https:\/\/creativecommons.org\/licenses\/?lang=fr\" target=\"_blank\" rel=\"noreferrer noopener\">All about Creative Commons<\/a><\/p>\n","protected":false},"excerpt":{"rendered":"<p>Vos nouvelles lunettes !<\/p>\n","protected":false},"author":2,"featured_media":2530,"comment_status":"open","ping_status":"closed","sticky":false,"template":"","format":"standard","meta":{"ngg_post_thumbnail":0,"footnotes":""},"categories":[114,66],"tags":[187,153,222],"class_list":["post-2154","post","type-post","status-publish","format-standard","has-post-thumbnail","hentry","category-a-la-une","category-circularite","tag-bruxelles-capitale","tag-economie-circulaire","tag-lunettes","entry-card--landscape"],"yoast_head":"<!-- This site is optimized with the Yoast SEO plugin v27.2 - https:\/\/yoast.com\/product\/yoast-seo-wordpress\/ -->\n<title>On a trouv\u00e9 &#060; LIVELY - Le WebMag de l&#039;\u00e9conomie circulaire<\/title>\n<meta name=\"description\" content=\"Le Webmagazine de l&#039;\u00e9conomie circulaire \u00e0 Bruxelles, de la transition \u00e9conomique et de la durabilit\u00e9.\" \/>\n<meta name=\"robots\" content=\"index, follow, max-snippet:-1, max-image-preview:large, max-video-preview:-1\" \/>\n<link rel=\"canonical\" href=\"https:\/\/www.lively.brussels\/index.php\/2021\/04\/01\/on-a-trouve\/\" \/>\n<meta property=\"og:locale\" content=\"fr_FR\" \/>\n<meta property=\"og:type\" content=\"article\" \/>\n<meta property=\"og:title\" content=\"On a trouv\u00e9 &#060; LIVELY - Le WebMag de l&#039;\u00e9conomie circulaire\" \/>\n<meta property=\"og:description\" content=\"Le Webmagazine de l&#039;\u00e9conomie circulaire \u00e0 Bruxelles, de la transition \u00e9conomique et de la durabilit\u00e9.\" \/>\n<meta property=\"og:url\" content=\"https:\/\/www.lively.brussels\/index.php\/2021\/04\/01\/on-a-trouve\/\" \/>\n<meta property=\"og:site_name\" content=\"LIVELY - Le WebMag de l&#039;\u00e9conomie circulaire\" \/>\n<meta property=\"article:publisher\" content=\"https:\/\/www.facebook.com\/LivelyBrussels\/\" \/>\n<meta property=\"article:published_time\" content=\"2021-04-01T17:30:05+00:00\" \/>\n<meta property=\"article:modified_time\" content=\"2021-05-20T15:38:58+00:00\" \/>\n<meta property=\"og:image\" content=\"https:\/\/www.lively.brussels\/wp-content\/uploads\/2021\/04\/38-Seed_BXL.jpg\" \/>\n\t<meta property=\"og:image:width\" content=\"750\" \/>\n\t<meta property=\"og:image:height\" content=\"500\" \/>\n\t<meta property=\"og:image:type\" content=\"image\/jpeg\" \/>\n<meta name=\"author\" content=\"Dan\" \/>\n<meta name=\"twitter:card\" content=\"summary_large_image\" \/>\n<meta name=\"twitter:creator\" content=\"@BrusselsLively\" \/>\n<meta name=\"twitter:site\" content=\"@BrusselsLively\" \/>\n<meta name=\"twitter:label1\" content=\"\u00c9crit par\" \/>\n\t<meta name=\"twitter:data1\" content=\"Dan\" \/>\n\t<meta name=\"twitter:label2\" content=\"Dur\u00e9e de lecture estim\u00e9e\" \/>\n\t<meta name=\"twitter:data2\" content=\"16 minutes\" \/>\n<script type=\"application\/ld+json\" class=\"yoast-schema-graph\">{\"@context\":\"https:\/\/schema.org\",\"@graph\":[{\"@type\":\"Article\",\"@id\":\"https:\/\/www.lively.brussels\/index.php\/2021\/04\/01\/on-a-trouve\/#article\",\"isPartOf\":{\"@id\":\"https:\/\/www.lively.brussels\/index.php\/2021\/04\/01\/on-a-trouve\/\"},\"author\":{\"name\":\"Dan\",\"@id\":\"https:\/\/www.lively.brussels\/#\/schema\/person\/27b8da6d7e6a73c586858220b3689813\"},\"headline\":\"On a trouv\u00e9\",\"datePublished\":\"2021-04-01T17:30:05+00:00\",\"dateModified\":\"2021-05-20T15:38:58+00:00\",\"mainEntityOfPage\":{\"@id\":\"https:\/\/www.lively.brussels\/index.php\/2021\/04\/01\/on-a-trouve\/\"},\"wordCount\":3478,\"commentCount\":1,\"publisher\":{\"@id\":\"https:\/\/www.lively.brussels\/#organization\"},\"image\":{\"@id\":\"https:\/\/www.lively.brussels\/index.php\/2021\/04\/01\/on-a-trouve\/#primaryimage\"},\"thumbnailUrl\":\"https:\/\/www.lively.brussels\/wp-content\/uploads\/2021\/04\/38-Seed_BXL.jpg\",\"keywords\":[\"Bruxelles-Capitale\",\"Economie circulaire\",\"Lunettes\"],\"articleSection\":[\"\u00c0 LA UNE\",\"CIRCULARIT\u00c9\"],\"inLanguage\":\"fr-FR\",\"potentialAction\":[{\"@type\":\"CommentAction\",\"name\":\"Comment\",\"target\":[\"https:\/\/www.lively.brussels\/index.php\/2021\/04\/01\/on-a-trouve\/#respond\"]}]},{\"@type\":\"WebPage\",\"@id\":\"https:\/\/www.lively.brussels\/index.php\/2021\/04\/01\/on-a-trouve\/\",\"url\":\"https:\/\/www.lively.brussels\/index.php\/2021\/04\/01\/on-a-trouve\/\",\"name\":\"On a trouv\u00e9 &#060; LIVELY - Le WebMag de l&#039;\u00e9conomie circulaire\",\"isPartOf\":{\"@id\":\"https:\/\/www.lively.brussels\/#website\"},\"primaryImageOfPage\":{\"@id\":\"https:\/\/www.lively.brussels\/index.php\/2021\/04\/01\/on-a-trouve\/#primaryimage\"},\"image\":{\"@id\":\"https:\/\/www.lively.brussels\/index.php\/2021\/04\/01\/on-a-trouve\/#primaryimage\"},\"thumbnailUrl\":\"https:\/\/www.lively.brussels\/wp-content\/uploads\/2021\/04\/38-Seed_BXL.jpg\",\"datePublished\":\"2021-04-01T17:30:05+00:00\",\"dateModified\":\"2021-05-20T15:38:58+00:00\",\"description\":\"Le Webmagazine de l'\u00e9conomie circulaire \u00e0 Bruxelles, de la transition \u00e9conomique et de la durabilit\u00e9.\",\"breadcrumb\":{\"@id\":\"https:\/\/www.lively.brussels\/index.php\/2021\/04\/01\/on-a-trouve\/#breadcrumb\"},\"inLanguage\":\"fr-FR\",\"potentialAction\":[{\"@type\":\"ReadAction\",\"target\":[\"https:\/\/www.lively.brussels\/index.php\/2021\/04\/01\/on-a-trouve\/\"]}]},{\"@type\":\"ImageObject\",\"inLanguage\":\"fr-FR\",\"@id\":\"https:\/\/www.lively.brussels\/index.php\/2021\/04\/01\/on-a-trouve\/#primaryimage\",\"url\":\"https:\/\/www.lively.brussels\/wp-content\/uploads\/2021\/04\/38-Seed_BXL.jpg\",\"contentUrl\":\"https:\/\/www.lively.brussels\/wp-content\/uploads\/2021\/04\/38-Seed_BXL.jpg\",\"width\":750,\"height\":500},{\"@type\":\"BreadcrumbList\",\"@id\":\"https:\/\/www.lively.brussels\/index.php\/2021\/04\/01\/on-a-trouve\/#breadcrumb\",\"itemListElement\":[{\"@type\":\"ListItem\",\"position\":1,\"name\":\"Accueil\",\"item\":\"https:\/\/www.lively.brussels\/\"},{\"@type\":\"ListItem\",\"position\":2,\"name\":\"On a trouv\u00e9\"}]},{\"@type\":\"WebSite\",\"@id\":\"https:\/\/www.lively.brussels\/#website\",\"url\":\"https:\/\/www.lively.brussels\/\",\"name\":\"LIVELY - Le WebMag de l&#039;\u00e9conomie circulaire\",\"description\":\"Pour tout savoir de l&#039;\u00e9conomie circulaire \u00e0 Bruxelles, en Belgique et dans le reste de l&#039;univers\",\"publisher\":{\"@id\":\"https:\/\/www.lively.brussels\/#organization\"},\"potentialAction\":[{\"@type\":\"SearchAction\",\"target\":{\"@type\":\"EntryPoint\",\"urlTemplate\":\"https:\/\/www.lively.brussels\/?s={search_term_string}\"},\"query-input\":{\"@type\":\"PropertyValueSpecification\",\"valueRequired\":true,\"valueName\":\"search_term_string\"}}],\"inLanguage\":\"fr-FR\"},{\"@type\":\"Organization\",\"@id\":\"https:\/\/www.lively.brussels\/#organization\",\"name\":\"Sense Brussels SCRL\",\"url\":\"https:\/\/www.lively.brussels\/\",\"logo\":{\"@type\":\"ImageObject\",\"inLanguage\":\"fr-FR\",\"@id\":\"https:\/\/www.lively.brussels\/#\/schema\/logo\/image\/\",\"url\":\"https:\/\/www.lively.brussels\/wp-content\/uploads\/2020\/08\/Lively_Favicon.jpg\",\"contentUrl\":\"https:\/\/www.lively.brussels\/wp-content\/uploads\/2020\/08\/Lively_Favicon.jpg\",\"width\":134,\"height\":134,\"caption\":\"Sense Brussels SCRL\"},\"image\":{\"@id\":\"https:\/\/www.lively.brussels\/#\/schema\/logo\/image\/\"},\"sameAs\":[\"https:\/\/www.facebook.com\/LivelyBrussels\/\",\"https:\/\/x.com\/BrusselsLively\",\"https:\/\/www.instagram.com\/livelybrussels\/\",\"https:\/\/www.linkedin.com\/company\/lively-brussels\"]},{\"@type\":\"Person\",\"@id\":\"https:\/\/www.lively.brussels\/#\/schema\/person\/27b8da6d7e6a73c586858220b3689813\",\"name\":\"Dan\",\"image\":{\"@type\":\"ImageObject\",\"inLanguage\":\"fr-FR\",\"@id\":\"https:\/\/secure.gravatar.com\/avatar\/1c44b4e64c6affe7d245ec199692d5edbd481f3147a0239eef7565f0ac162043?s=96&d=mm&r=g\",\"url\":\"https:\/\/secure.gravatar.com\/avatar\/1c44b4e64c6affe7d245ec199692d5edbd481f3147a0239eef7565f0ac162043?s=96&d=mm&r=g\",\"contentUrl\":\"https:\/\/secure.gravatar.com\/avatar\/1c44b4e64c6affe7d245ec199692d5edbd481f3147a0239eef7565f0ac162043?s=96&d=mm&r=g\",\"caption\":\"Dan\"},\"url\":\"https:\/\/www.lively.brussels\/index.php\/author\/remade_dan\/\"}]}<\/script>\n<!-- \/ Yoast SEO plugin. -->","yoast_head_json":{"title":"On a trouv\u00e9 &#060; LIVELY - Le WebMag de l&#039;\u00e9conomie circulaire","description":"Le Webmagazine de l'\u00e9conomie circulaire \u00e0 Bruxelles, de la transition \u00e9conomique et de la durabilit\u00e9.","robots":{"index":"index","follow":"follow","max-snippet":"max-snippet:-1","max-image-preview":"max-image-preview:large","max-video-preview":"max-video-preview:-1"},"canonical":"https:\/\/www.lively.brussels\/index.php\/2021\/04\/01\/on-a-trouve\/","og_locale":"fr_FR","og_type":"article","og_title":"On a trouv\u00e9 &#060; LIVELY - Le WebMag de l&#039;\u00e9conomie circulaire","og_description":"Le Webmagazine de l'\u00e9conomie circulaire \u00e0 Bruxelles, de la transition \u00e9conomique et de la durabilit\u00e9.","og_url":"https:\/\/www.lively.brussels\/index.php\/2021\/04\/01\/on-a-trouve\/","og_site_name":"LIVELY - Le WebMag de l&#039;\u00e9conomie circulaire","article_publisher":"https:\/\/www.facebook.com\/LivelyBrussels\/","article_published_time":"2021-04-01T17:30:05+00:00","article_modified_time":"2021-05-20T15:38:58+00:00","og_image":[{"width":750,"height":500,"url":"https:\/\/www.lively.brussels\/wp-content\/uploads\/2021\/04\/38-Seed_BXL.jpg","type":"image\/jpeg"}],"author":"Dan","twitter_card":"summary_large_image","twitter_creator":"@BrusselsLively","twitter_site":"@BrusselsLively","twitter_misc":{"\u00c9crit par":"Dan","Dur\u00e9e de lecture estim\u00e9e":"16 minutes"},"schema":{"@context":"https:\/\/schema.org","@graph":[{"@type":"Article","@id":"https:\/\/www.lively.brussels\/index.php\/2021\/04\/01\/on-a-trouve\/#article","isPartOf":{"@id":"https:\/\/www.lively.brussels\/index.php\/2021\/04\/01\/on-a-trouve\/"},"author":{"name":"Dan","@id":"https:\/\/www.lively.brussels\/#\/schema\/person\/27b8da6d7e6a73c586858220b3689813"},"headline":"On a trouv\u00e9","datePublished":"2021-04-01T17:30:05+00:00","dateModified":"2021-05-20T15:38:58+00:00","mainEntityOfPage":{"@id":"https:\/\/www.lively.brussels\/index.php\/2021\/04\/01\/on-a-trouve\/"},"wordCount":3478,"commentCount":1,"publisher":{"@id":"https:\/\/www.lively.brussels\/#organization"},"image":{"@id":"https:\/\/www.lively.brussels\/index.php\/2021\/04\/01\/on-a-trouve\/#primaryimage"},"thumbnailUrl":"https:\/\/www.lively.brussels\/wp-content\/uploads\/2021\/04\/38-Seed_BXL.jpg","keywords":["Bruxelles-Capitale","Economie circulaire","Lunettes"],"articleSection":["\u00c0 LA UNE","CIRCULARIT\u00c9"],"inLanguage":"fr-FR","potentialAction":[{"@type":"CommentAction","name":"Comment","target":["https:\/\/www.lively.brussels\/index.php\/2021\/04\/01\/on-a-trouve\/#respond"]}]},{"@type":"WebPage","@id":"https:\/\/www.lively.brussels\/index.php\/2021\/04\/01\/on-a-trouve\/","url":"https:\/\/www.lively.brussels\/index.php\/2021\/04\/01\/on-a-trouve\/","name":"On a trouv\u00e9 &#060; LIVELY - Le WebMag de l&#039;\u00e9conomie circulaire","isPartOf":{"@id":"https:\/\/www.lively.brussels\/#website"},"primaryImageOfPage":{"@id":"https:\/\/www.lively.brussels\/index.php\/2021\/04\/01\/on-a-trouve\/#primaryimage"},"image":{"@id":"https:\/\/www.lively.brussels\/index.php\/2021\/04\/01\/on-a-trouve\/#primaryimage"},"thumbnailUrl":"https:\/\/www.lively.brussels\/wp-content\/uploads\/2021\/04\/38-Seed_BXL.jpg","datePublished":"2021-04-01T17:30:05+00:00","dateModified":"2021-05-20T15:38:58+00:00","description":"Le Webmagazine de l'\u00e9conomie circulaire \u00e0 Bruxelles, de la transition \u00e9conomique et de la durabilit\u00e9.","breadcrumb":{"@id":"https:\/\/www.lively.brussels\/index.php\/2021\/04\/01\/on-a-trouve\/#breadcrumb"},"inLanguage":"fr-FR","potentialAction":[{"@type":"ReadAction","target":["https:\/\/www.lively.brussels\/index.php\/2021\/04\/01\/on-a-trouve\/"]}]},{"@type":"ImageObject","inLanguage":"fr-FR","@id":"https:\/\/www.lively.brussels\/index.php\/2021\/04\/01\/on-a-trouve\/#primaryimage","url":"https:\/\/www.lively.brussels\/wp-content\/uploads\/2021\/04\/38-Seed_BXL.jpg","contentUrl":"https:\/\/www.lively.brussels\/wp-content\/uploads\/2021\/04\/38-Seed_BXL.jpg","width":750,"height":500},{"@type":"BreadcrumbList","@id":"https:\/\/www.lively.brussels\/index.php\/2021\/04\/01\/on-a-trouve\/#breadcrumb","itemListElement":[{"@type":"ListItem","position":1,"name":"Accueil","item":"https:\/\/www.lively.brussels\/"},{"@type":"ListItem","position":2,"name":"On a trouv\u00e9"}]},{"@type":"WebSite","@id":"https:\/\/www.lively.brussels\/#website","url":"https:\/\/www.lively.brussels\/","name":"LIVELY - Le WebMag de l&#039;\u00e9conomie circulaire","description":"Pour tout savoir de l&#039;\u00e9conomie circulaire \u00e0 Bruxelles, en Belgique et dans le reste de l&#039;univers","publisher":{"@id":"https:\/\/www.lively.brussels\/#organization"},"potentialAction":[{"@type":"SearchAction","target":{"@type":"EntryPoint","urlTemplate":"https:\/\/www.lively.brussels\/?s={search_term_string}"},"query-input":{"@type":"PropertyValueSpecification","valueRequired":true,"valueName":"search_term_string"}}],"inLanguage":"fr-FR"},{"@type":"Organization","@id":"https:\/\/www.lively.brussels\/#organization","name":"Sense Brussels SCRL","url":"https:\/\/www.lively.brussels\/","logo":{"@type":"ImageObject","inLanguage":"fr-FR","@id":"https:\/\/www.lively.brussels\/#\/schema\/logo\/image\/","url":"https:\/\/www.lively.brussels\/wp-content\/uploads\/2020\/08\/Lively_Favicon.jpg","contentUrl":"https:\/\/www.lively.brussels\/wp-content\/uploads\/2020\/08\/Lively_Favicon.jpg","width":134,"height":134,"caption":"Sense Brussels SCRL"},"image":{"@id":"https:\/\/www.lively.brussels\/#\/schema\/logo\/image\/"},"sameAs":["https:\/\/www.facebook.com\/LivelyBrussels\/","https:\/\/x.com\/BrusselsLively","https:\/\/www.instagram.com\/livelybrussels\/","https:\/\/www.linkedin.com\/company\/lively-brussels"]},{"@type":"Person","@id":"https:\/\/www.lively.brussels\/#\/schema\/person\/27b8da6d7e6a73c586858220b3689813","name":"Dan","image":{"@type":"ImageObject","inLanguage":"fr-FR","@id":"https:\/\/secure.gravatar.com\/avatar\/1c44b4e64c6affe7d245ec199692d5edbd481f3147a0239eef7565f0ac162043?s=96&d=mm&r=g","url":"https:\/\/secure.gravatar.com\/avatar\/1c44b4e64c6affe7d245ec199692d5edbd481f3147a0239eef7565f0ac162043?s=96&d=mm&r=g","contentUrl":"https:\/\/secure.gravatar.com\/avatar\/1c44b4e64c6affe7d245ec199692d5edbd481f3147a0239eef7565f0ac162043?s=96&d=mm&r=g","caption":"Dan"},"url":"https:\/\/www.lively.brussels\/index.php\/author\/remade_dan\/"}]}},"_links":{"self":[{"href":"https:\/\/www.lively.brussels\/index.php\/wp-json\/wp\/v2\/posts\/2154","targetHints":{"allow":["GET"]}}],"collection":[{"href":"https:\/\/www.lively.brussels\/index.php\/wp-json\/wp\/v2\/posts"}],"about":[{"href":"https:\/\/www.lively.brussels\/index.php\/wp-json\/wp\/v2\/types\/post"}],"author":[{"embeddable":true,"href":"https:\/\/www.lively.brussels\/index.php\/wp-json\/wp\/v2\/users\/2"}],"replies":[{"embeddable":true,"href":"https:\/\/www.lively.brussels\/index.php\/wp-json\/wp\/v2\/comments?post=2154"}],"version-history":[{"count":47,"href":"https:\/\/www.lively.brussels\/index.php\/wp-json\/wp\/v2\/posts\/2154\/revisions"}],"predecessor-version":[{"id":2528,"href":"https:\/\/www.lively.brussels\/index.php\/wp-json\/wp\/v2\/posts\/2154\/revisions\/2528"}],"wp:featuredmedia":[{"embeddable":true,"href":"https:\/\/www.lively.brussels\/index.php\/wp-json\/wp\/v2\/media\/2530"}],"wp:attachment":[{"href":"https:\/\/www.lively.brussels\/index.php\/wp-json\/wp\/v2\/media?parent=2154"}],"wp:term":[{"taxonomy":"category","embeddable":true,"href":"https:\/\/www.lively.brussels\/index.php\/wp-json\/wp\/v2\/categories?post=2154"},{"taxonomy":"post_tag","embeddable":true,"href":"https:\/\/www.lively.brussels\/index.php\/wp-json\/wp\/v2\/tags?post=2154"}],"curies":[{"name":"wp","href":"https:\/\/api.w.org\/{rel}","templated":true}]}}