{"id":2399,"date":"2021-04-01T15:30:34","date_gmt":"2021-04-01T15:30:34","guid":{"rendered":"https:\/\/www.lively.brussels\/?p=2399"},"modified":"2021-04-02T17:07:49","modified_gmt":"2021-04-02T17:07:49","slug":"ressources-naturelles","status":"publish","type":"post","link":"https:\/\/www.lively.brussels\/index.php\/2021\/04\/01\/ressources-naturelles\/","title":{"rendered":"Ressources naturelles"},"content":{"rendered":"\n<h2 class=\"wp-block-heading\">TROIS&nbsp;!<\/h2>\n\n\n\n<p><a href=\"https:\/\/www.upi.com\/Science_News\/2012\/05\/15\/WWF-report-By-2050-we-will-need-3-planets\/85601337117734\/?ur3=1\" target=\"_blank\" rel=\"noreferrer noopener\"><strong>C\u2019est le nombre de plan\u00e8tes dont nous aurions besoin si tous les Terriens consommaient autant que, nous autres, Europ\u00e9ens.<\/strong><\/a><\/p>\n\n\n\n<p>Pas terrible, n\u2019est-ce pas&nbsp;?<\/p>\n\n\n\n<p>Mais, en fait, on en est o\u00f9&nbsp;?<br><strong>Faisons le point sur les ressources disponibles, et le r\u00f4le de l\u2019\u00e9conomie circulaire pour optimiser ces ressources existantes.<\/strong><\/p>\n\n\n\n<hr class=\"wp-block-separator\"\/>\n\n\n\n<h2 class=\"wp-block-heading\"><strong>Le bonheur, c\u2019est pas consommer<\/strong><\/h2>\n\n\n\n<p><strong>La transition circulaire a pour objectif de pr\u00e9server les ressources, \u00e0 prolonger leur utilisation dans l\u2019\u00e9cosyst\u00e8me, et d\u00e9coupler l\u2019\u00e9conomie, voire le bonheur, de l\u2019extraction des ressources naturelles.<\/strong><\/p>\n\n\n\n<p><strong>Pas besoin de p\u00e9trole, de charbon ou de plastique pour \u00eatre heureux.<\/strong><\/p>\n\n\n\n<p>Cela \u00e9tant, dans la r\u00e9alit\u00e9 thermodynamique des limites de la plan\u00e8te Terre, <strong>cette approche soul\u00e8ve de plusieurs questions&nbsp;:<\/strong><\/p>\n\n\n\n<h2 class=\"wp-block-heading\"><strong>Question n\u00b0 1&nbsp;: <\/strong><br><strong>Combien de ressources mini\u00e8res pouvons-nous encore extraire de la plan\u00e8te ?<\/strong><\/h2>\n\n\n\n<p><strong>Les indicateurs des ressources bio-capacitaires sont alarmants. Il est plus que temps de s\u2019en rendre compte.<\/strong><\/p>\n\n\n\n<p><strong>Entre 1970 et 2017, l\u2019extraction annuelle de mati\u00e8res premi\u00e8res au niveau mondial a tripl\u00e9, passant de 27 \u00e0 92 milliards de tonnes,<\/strong> et continuera d\u2019augmenter d\u2019une part en raison de la d\u00e9mographie ainsi que de l\u2019\u00e9volution de la consommation des pays \u00e9mergents o\u00f9 une classe moyenne r\u00eave de vivre avec le confort mat\u00e9riel dans lequel nous vivons en Europe.<\/p>\n\n\n\n<figure class=\"wp-block-image size-large\"><img loading=\"lazy\" decoding=\"async\" width=\"750\" height=\"500\" src=\"https:\/\/www.lively.brussels\/wp-content\/uploads\/2021\/04\/41-Ressources-Naturelles-1.jpg\" alt=\"\" class=\"wp-image-2408\" srcset=\"https:\/\/www.lively.brussels\/wp-content\/uploads\/2021\/04\/41-Ressources-Naturelles-1.jpg 750w, https:\/\/www.lively.brussels\/wp-content\/uploads\/2021\/04\/41-Ressources-Naturelles-1-300x200.jpg 300w, https:\/\/www.lively.brussels\/wp-content\/uploads\/2021\/04\/41-Ressources-Naturelles-1-610x407.jpg 610w, https:\/\/www.lively.brussels\/wp-content\/uploads\/2021\/04\/41-Ressources-Naturelles-1-640x427.jpg 640w\" sizes=\"auto, (max-width: 750px) 100vw, 750px\" \/><figcaption>L&rsquo;extraction mini\u00e8re en Bolivie, encore tr\u00e8s artisanale, est la seconde industrie extractive du pays, apr\u00e8s les secteurs p\u00e9trolier et gazier.<br>Elle pose de graves probl\u00e8mes environnementaux et sanitaires. <br><a href=\"https:\/\/reporterre.net\/La-Bolivie-dechiree-entre-extractivisme-et-protection-de-la-Terre-Mere\" target=\"_blank\" rel=\"noreferrer noopener\">Source : Reporterre<\/a><\/figcaption><\/figure>\n\n\n\n<p><strong>Contrairement \u00e0 ce que nous pourrions croire, nous sommes loin d\u2019une \u00e9conomie d\u00e9mat\u00e9rialis\u00e9e.<\/strong> L\u2019\u00e9conomie digitale a besoin de fibres optiques, de serveurs et d\u2019\u00e9nergies bien tangibles et r\u00e9elles.&nbsp; <strong>M\u00eame les technologies vertes n\u00e9cessitent des m\u00e9taux &amp; terres rares.<\/strong><\/p>\n\n\n\n<figure class=\"wp-block-image size-large\"><img loading=\"lazy\" decoding=\"async\" width=\"750\" height=\"500\" src=\"https:\/\/www.lively.brussels\/wp-content\/uploads\/2021\/04\/41-Ressources-Naturelles-2.jpg\" alt=\"\" class=\"wp-image-2411\" srcset=\"https:\/\/www.lively.brussels\/wp-content\/uploads\/2021\/04\/41-Ressources-Naturelles-2.jpg 750w, https:\/\/www.lively.brussels\/wp-content\/uploads\/2021\/04\/41-Ressources-Naturelles-2-300x200.jpg 300w, https:\/\/www.lively.brussels\/wp-content\/uploads\/2021\/04\/41-Ressources-Naturelles-2-610x407.jpg 610w, https:\/\/www.lively.brussels\/wp-content\/uploads\/2021\/04\/41-Ressources-Naturelles-2-640x427.jpg 640w\" sizes=\"auto, (max-width: 750px) 100vw, 750px\" \/><figcaption>La Chine d\u00e9tient environ 86 % de la production mondiale de terres rares (Chiffres 2017) &#8211; <a href=\"https:\/\/www.notre-planete.info\/actualites\/4159-energies-renouvelables-batteries-terres-rares\" target=\"_blank\" rel=\"noreferrer noopener\">Source : Notre-Planete.info<\/a><\/figcaption><\/figure>\n\n\n\n<p><strong>Certains experts parlent d\u2019un futur plateau de la consommation occidentale, un point au-del\u00e0 duquel la courbe va s\u2019aplatir. C\u2019est une hypoth\u00e8se rassurante, mais cette tendance, si elle se confirme, ne suffirait pas \u00e0 compenser la croissance de la demande des pays \u00e9mergents.<\/strong><\/p>\n\n\n\n<p><br><strong>Une l\u00e9gende urbaine fort r\u00e9pandue fait \u00e9tat de la rar\u00e9faction des ressources g\u00e9ologiques <\/strong>avec une p\u00e9nurie annonc\u00e9e pour la majorit\u00e9 des minerais d\u2019ici les 40 \u00e0 50 prochaines ann\u00e9es.<br><strong>Ces informations doivent pourtant \u00eatre nuanc\u00e9es car les donn\u00e9es utilis\u00e9es proviennent exclusivement des compagnies extractives<\/strong> qui r\u00e9alisent leurs pr\u00e9visions sur base des gisements qu\u2019ils sondent et des r\u00e9alit\u00e9s actuelles du march\u00e9. <br>Leur fen\u00eatre temporelle correspond justement aux dates des p\u00e9nuries annonc\u00e9es\u2026. <strong>Certains g\u00e9ologues pr\u00e9tendent qu\u2019il resterait plus de 300 gisements exploitables<\/strong> permettant d\u2019assurer l\u2019approvisionnement minier pour les trois prochains si\u00e8cles \u00e0 une profondeur maximal de 300 m\u00e8tres, soit le standard actuel pour les co\u00fbts d\u2019extraction \u00e9quivalents.<\/p>\n\n\n\n<blockquote class=\"wp-block-quote is-layout-flow wp-block-quote-is-layout-flow\"><p>Est-ce que cela signifie pour autant que nous pouvons continuer pendant encore plusieurs g\u00e9n\u00e9rations&nbsp;? <br>La r\u00e9ponse est NON \u00e9videmment. <br>Et cela pour au moins 3 raisons&nbsp;:<\/p><\/blockquote>\n\n\n\n<ol class=\"wp-block-list\" type=\"1\"><li><strong>Les \u00e9missions de CO2&nbsp;: <\/strong>l\u2019augmentation des \u00e9missions de carbone est la premi\u00e8re cause du r\u00e9chauffement climatique. Elle constitue <strong>un probl\u00e8me majeur pour la sant\u00e9 humaine, la biodiversit\u00e9 et la survie de nombreux \u00e9cosyst\u00e8mes. <\/strong>Et plus les nous \u00e9ventrons la terre, plus nous produisons de CO2.<\/li><li><strong>Les monopoles d\u2019acc\u00e8s aux gisements miniers, ainsi qu\u2019aux usines de raffinage, provoquent une pression importante sur les prix. <\/strong>Un exemple concret&nbsp;: le triplement actuel du prix des mat\u00e9riaux de construction, voire parfois la disparition de certains produits sur les march\u00e9s occidentaux. <strong>La Chine poss\u00e8de \u00e9norm\u00e9ment de gisements sur son territoire ou en Afrique et en Am\u00e9rique Latine et privil\u00e9gie avant tout sa demande croissante int\u00e9rieure.<\/strong><\/li><li><strong>La fin de l\u2019\u00e8re p\u00e9troli\u00e8re cr\u00e9era un s\u00e9isme \u00e9conomique.<\/strong> <br>Les gisements de p\u00e9trole sont eux biens plus limit\u00e9s, \u00e0 co\u00fbt de forage \u00e9quivalent. <strong>La fin de l\u2019\u00e9conomie p\u00e9troli\u00e8re constituera un choc majeur, tant au niveau de l\u2019augmentation des co\u00fbts logistiques que du s\u00e9isme sur les march\u00e9s financiers qui affectera indirectement le cours des mati\u00e8res premi\u00e8res, dont les minerais.<\/strong><\/li><\/ol>\n\n\n\n<blockquote class=\"wp-block-quote is-layout-flow wp-block-quote-is-layout-flow\"><p>Pour ces 3 raisons au moins, il est indispensable de favoriser la circularit\u00e9 et le partage des ressources mat\u00e9rielles au niveau le plus local, et des ressources immat\u00e9rielles, dont les connaissances, savoirs et expertises, au niveau le plus global possible.<\/p><\/blockquote>\n\n\n\n<hr class=\"wp-block-separator\"\/>\n\n\n\n<h2 class=\"wp-block-heading\"><strong>Question n\u00b0 2&nbsp;: <\/strong><br><strong>Comment v\u00e9ritablement freiner l\u2019extraction et le pillage des ressources naturelles&nbsp;?<\/strong><\/h2>\n\n\n\n<p><strong>M\u00eame si nous collections 95 % des d\u00e9chets-ressources avec une efficacit\u00e9 quasi-absolue<\/strong> en termes de logistique et de recyclage (en prenant en compte la dispersion des \u00e9quipements et ressources, ainsi que la complexit\u00e9 du d\u00e9montage des mat\u00e9riaux pour en r\u00e9cup\u00e9rer chacun des composants), <strong>apr\u00e8s 14 cycles de recyclage, la moiti\u00e9 des ressources seront dissip\u00e9es.<\/strong><\/p>\n\n\n\n<blockquote class=\"wp-block-quote is-layout-flow wp-block-quote-is-layout-flow\"><p>Sans repenser nos modes de production et de consommation, nous ne pourrons pas freiner l\u2019extraction des ressources naturelles.<\/p><\/blockquote>\n\n\n\n<p>C\u2019est un enjeu environnemental mais \u00e9galement social. <br><strong>En surfant, tweetant et tik-tokant, nous nous rendons complices de fait l\u2019exploitation de dizaines de milliers d\u2019enfants travaillant dans les mines de cobalt qui alimentent 20% de l\u2019extraction totale de ce minerai technologique provenant du Congo.<\/strong><\/p>\n\n\n\n<figure class=\"wp-block-image size-large\"><img loading=\"lazy\" decoding=\"async\" width=\"750\" height=\"500\" src=\"https:\/\/www.lively.brussels\/wp-content\/uploads\/2021\/04\/41-Ressources-Naturelles-3.jpg\" alt=\"\" class=\"wp-image-2421\" srcset=\"https:\/\/www.lively.brussels\/wp-content\/uploads\/2021\/04\/41-Ressources-Naturelles-3.jpg 750w, https:\/\/www.lively.brussels\/wp-content\/uploads\/2021\/04\/41-Ressources-Naturelles-3-300x200.jpg 300w, https:\/\/www.lively.brussels\/wp-content\/uploads\/2021\/04\/41-Ressources-Naturelles-3-610x407.jpg 610w, https:\/\/www.lively.brussels\/wp-content\/uploads\/2021\/04\/41-Ressources-Naturelles-3-640x427.jpg 640w\" sizes=\"auto, (max-width: 750px) 100vw, 750px\" \/><figcaption>40 000 enfants travaillent dans des conditions extr\u00eamement dangereuses dans les mines de cobalt en R\u00e9publique d\u00e9mocratique du Congo. <br><a href=\"https:\/\/institutnr.org\/40-000-enfants-travaillent-toujours-dans-les-mines-pour-nos-batteries\" target=\"_blank\" rel=\"noreferrer noopener\">Source : INR<\/a><\/figcaption><\/figure>\n\n\n\n<p><strong>Seul le d\u00e9veloppement d\u2019innovations et d\u2019op\u00e9rations les plus vertueuses en \u00e9conomie circulaire, selon le principe de <a href=\"https:\/\/www.lively.brussels\/index.php\/2020\/06\/09\/lechelle-de-lansink-pour-les-nuls\/\">l\u2019\u00e9chelle de Lansink<\/a> permettra de refuser, de repenser et de r\u00e9duire l\u2019extraction et la consommation des ressources naturelles<\/strong> n\u00e9cessaires pour vivre sur cette plan\u00e8te en r\u00e9duisant les impacts pour les humains et la terre.<\/p>\n\n\n\n<hr class=\"wp-block-separator\"\/>\n\n\n\n<h2 class=\"wp-block-heading\"><strong>Question n\u00b0 3&nbsp;: Quel est le bilan des ressources vitales ?<\/strong><\/h2>\n\n\n\n<p>En dehors des pr\u00e9cieux m\u00e9taux et minerais, les ressources les plus essentielles telles que l\u2019eau, la faune et la flore constituent les ingr\u00e9dients vitaux de notre existence dans l\u2019univers. <strong>Etymologiquement \u00ab l\u2019\u00e9conomie&nbsp;\u00bb d\u00e9signe \u00ab&nbsp;l&rsquo;administration de la maison \u00bb, notre seule et unique plan\u00e8te habitable.<\/strong><\/p>\n\n\n\n<p><strong>Mais notre maison est dans un sale \u00e9tat. Les poubelles d\u00e9bordent de d\u00e9chets et de cadavres.<\/strong><\/p>\n\n\n\n<p><a href=\"https:\/\/wwf.be\/fr\/actualites\/la-biodiversite-sest-effondree-de-68-depuis-1970\/\" target=\"_blank\" rel=\"noreferrer noopener\">D\u2019apr\u00e8s le WWF, pr\u00e8s de deux-tiers de la faune sauvage dans le monde a disparu, le tout en pr\u00e8s de cinquante ans,<\/a> et plus de 15% des esp\u00e8res de plantes risquent de disparaitre en raison des changements climatiques. L\u2019eau recouvre plus de 72% de la surface de la plan\u00e8te mais les humains ne peuvent consommer qu\u2019un maximum de 1% de l\u2019eau disponible sur Terre.<\/p>\n\n\n\n<blockquote class=\"wp-block-quote is-layout-flow wp-block-quote-is-layout-flow\"><p>LE PRINCIPAL COUPABLE DE CETTE PERTE DE BIODIVERSIT\u00c9 DRAMATIQUE : NOTRE SYST\u00c8ME ALIMENTAIRE<\/p><cite><a href=\"https:\/\/wwf.be\/fr\/actualites\/la-biodiversite-sest-effondree-de-68-depuis-1970\/\" target=\"_blank\" rel=\"noreferrer noopener\">RAPPORT WWF <\/a><\/cite><\/blockquote>\n\n\n\n<p><strong>1,4 milliards de personnes vivent actuellement en p\u00e9nurie, avec moins de 1000 m3 d\u2019eau par an<\/strong>. Et en 2025, 63% de la population mondiale devrait subir stress hydrique ou p\u00e9nurie d\u2019eau.<\/p>\n\n\n\n<hr class=\"wp-block-separator\"\/>\n\n\n\n<h2 class=\"wp-block-heading\"><strong>Question n\u00b0 4&nbsp;: <\/strong><br><strong>Que pouvons-nous faire pour inverser les courbes anthropiques&nbsp;?<\/strong><\/h2>\n\n\n\n<p><strong>La r\u00e9ponse est simple et claire&nbsp;: Nous devons imp\u00e9rativement prendre conscience de notre propre empreinte \u00e9cologique et d\u2019utilisation en ressources, et viser la neutralit\u00e9, voire la sobri\u00e9t\u00e9 la plus importante possible.<\/strong><\/p>\n\n\n\n<p><strong>A notre \u00e9chelle individuelle, 30% des ressources consomm\u00e9es sont utilis\u00e9es pour notre logement, 30% concernent les ressources li\u00e9es \u00e0 nos biens &amp; services, 20% \u00e0 notre alimentation et enfin 20% \u00e0 notre mobilit\u00e9.<\/strong><\/p>\n\n\n\n<p>Les pays scandinaves nous montrent la voie \u00e0 suivre&nbsp;:<\/p>\n\n\n\n<p><strong>Et si demain, nous utilisions tous <a href=\"https:\/\/doconomy.com\/\" target=\"_blank\" rel=\"noreferrer noopener\">la carte de cr\u00e9dit invent\u00e9e par la start-up su\u00e9doise Do Card <\/a>qui vous avertit (ou vous bloque votre consommation) lorsque vous avez atteint votre quota d\u2019\u00e9missions de CO2&nbsp;?<\/strong><\/p>\n\n\n\n<figure class=\"wp-block-image size-large\"><img loading=\"lazy\" decoding=\"async\" width=\"750\" height=\"500\" src=\"https:\/\/www.lively.brussels\/wp-content\/uploads\/2021\/04\/41-Ressources-Naturelles-.jpg\" alt=\"\" class=\"wp-image-2428\" srcset=\"https:\/\/www.lively.brussels\/wp-content\/uploads\/2021\/04\/41-Ressources-Naturelles-.jpg 750w, https:\/\/www.lively.brussels\/wp-content\/uploads\/2021\/04\/41-Ressources-Naturelles--300x200.jpg 300w, https:\/\/www.lively.brussels\/wp-content\/uploads\/2021\/04\/41-Ressources-Naturelles--610x407.jpg 610w, https:\/\/www.lively.brussels\/wp-content\/uploads\/2021\/04\/41-Ressources-Naturelles--640x427.jpg 640w\" sizes=\"auto, (max-width: 750px) 100vw, 750px\" \/><figcaption><a href=\"https:\/\/doconomy.com\/doeverydayclimateaction\/\" target=\"_blank\" rel=\"noreferrer noopener\">Climate action in your pocket.<\/a><\/figcaption><\/figure>\n\n\n\n<p>Une alternative plus motivante existe actuellement dans la Lathi en Finlande. Les habitants peuvent convertir les quotas CO2 \u00e9pargn\u00e9s en achats de produits locaux durables.<\/p>\n\n\n\n<hr class=\"wp-block-separator\"\/>\n\n\n\n<h2 class=\"wp-block-heading\">Peut-\u00eatre aussi que nous devons nous interroger sur la notion m\u00eame de ressource<\/h2>\n\n\n\n<p><strong>Ne faudrait-il pas int\u00e9grer l\u2019ensemble du vivant dans le Commun mondial que nous devons prot\u00e9ger&nbsp;par tous les moyens humains ?&nbsp;<\/strong><\/p>\n\n\n\n<p><strong>Bref, il est temps de r\u00e9fl\u00e9chir et de changer nos foutues mauvaises habitudes&nbsp;!<\/strong><\/p>\n\n\n\n<p class=\"has-sm-color-primary-background-color has-background\"><a href=\"https:\/\/selectra.info\/energie\/guides\/environnement\/empreinte-carbone\/calcul\" target=\"_blank\" rel=\"noreferrer noopener\"><span style=\"background-color:#ffffff\" class=\"tadv-background-color\">Prenez 10 minutes pour prendre conscience de votre empreinte.<\/span><\/a><br>Il s\u2019agit d\u2019un scan rapide de votre consommation en ressources pour vous nourrir, vous loger, vous chauffer, vous d\u00e9placer.<br>Histoire de savoir o\u00f9 nous en sommes. <\/p>\n\n\n\n<hr class=\"wp-block-separator\"\/>\n\n\n\n<div class=\"wp-block-image\"><figure class=\"aligncenter size-large is-resized\"><img loading=\"lazy\" decoding=\"async\" src=\"https:\/\/www.lively.brussels\/wp-content\/uploads\/2020\/09\/by-nc-sa.eu_.png\" alt=\"\" class=\"wp-image-879\" width=\"202\" height=\"71\" srcset=\"https:\/\/www.lively.brussels\/wp-content\/uploads\/2020\/09\/by-nc-sa.eu_.png 403w, https:\/\/www.lively.brussels\/wp-content\/uploads\/2020\/09\/by-nc-sa.eu_-300x105.png 300w\" sizes=\"auto, (max-width: 202px) 100vw, 202px\" \/><\/figure><\/div>\n\n\n\n<p class=\"has-text-align-center has-small-font-size\"><a href=\"https:\/\/www.lively.brussels\/index.php\/2020\/09\/30\/creative-come-on\/\" target=\"_blank\" rel=\"noreferrer noopener\">Cet article est sous Licence Creative Commons.<\/a><br>Vous \u00eates libre de le r\u00e9utiliser (en mentionnant l\u2019auteur \u2013 BY) mais pas pour un usage commercial (NC) et pour le partager dans les m\u00eames conditions (SA).<br><a href=\"https:\/\/creativecommons.org\/licenses\/?lang=fr\" target=\"_blank\" rel=\"noreferrer noopener\">All about Creative Commons<\/a><\/p>\n","protected":false},"excerpt":{"rendered":"<p>Va vraiment falloir se calmer<\/p>\n","protected":false},"author":9,"featured_media":2534,"comment_status":"open","ping_status":"closed","sticky":false,"template":"","format":"standard","meta":{"ngg_post_thumbnail":0,"footnotes":""},"categories":[226],"tags":[230,228,231,227,229],"class_list":["post-2399","post","type-post","status-publish","format-standard","has-post-thumbnail","hentry","category-ressources","tag-chine","tag-petrole","tag-prospective","tag-ressources","tag-terres-rares","entry-card--landscape"],"yoast_head":"<!-- This site is optimized with the Yoast SEO plugin v27.2 - https:\/\/yoast.com\/product\/yoast-seo-wordpress\/ -->\n<title>Ressources naturelles &#060; LIVELY - Le WebMag de l&#039;\u00e9conomie circulaire<\/title>\n<meta name=\"description\" content=\"Le Webmagazine de l&#039;\u00e9conomie circulaire \u00e0 Bruxelles, de la transition \u00e9conomique et de la durabilit\u00e9.\" \/>\n<meta name=\"robots\" content=\"index, follow, max-snippet:-1, max-image-preview:large, max-video-preview:-1\" \/>\n<link rel=\"canonical\" href=\"https:\/\/www.lively.brussels\/index.php\/2021\/04\/01\/ressources-naturelles\/\" \/>\n<meta property=\"og:locale\" content=\"fr_FR\" \/>\n<meta property=\"og:type\" content=\"article\" \/>\n<meta property=\"og:title\" content=\"Ressources naturelles &#060; LIVELY - Le WebMag de l&#039;\u00e9conomie circulaire\" \/>\n<meta property=\"og:description\" content=\"Le Webmagazine de l&#039;\u00e9conomie circulaire \u00e0 Bruxelles, de la transition \u00e9conomique et de la durabilit\u00e9.\" \/>\n<meta property=\"og:url\" content=\"https:\/\/www.lively.brussels\/index.php\/2021\/04\/01\/ressources-naturelles\/\" \/>\n<meta property=\"og:site_name\" content=\"LIVELY - Le WebMag de l&#039;\u00e9conomie circulaire\" \/>\n<meta property=\"article:publisher\" content=\"https:\/\/www.facebook.com\/LivelyBrussels\/\" \/>\n<meta property=\"article:published_time\" content=\"2021-04-01T15:30:34+00:00\" \/>\n<meta property=\"article:modified_time\" content=\"2021-04-02T17:07:49+00:00\" \/>\n<meta property=\"og:image\" content=\"https:\/\/www.lively.brussels\/wp-content\/uploads\/2021\/04\/41-Ressources-Naturelles-NEW.jpg\" \/>\n\t<meta property=\"og:image:width\" content=\"750\" \/>\n\t<meta property=\"og:image:height\" content=\"500\" \/>\n\t<meta property=\"og:image:type\" content=\"image\/jpeg\" \/>\n<meta name=\"author\" content=\"Manu\" \/>\n<meta name=\"twitter:card\" content=\"summary_large_image\" \/>\n<meta name=\"twitter:creator\" content=\"@BrusselsLively\" \/>\n<meta name=\"twitter:site\" content=\"@BrusselsLively\" \/>\n<meta name=\"twitter:label1\" content=\"\u00c9crit par\" \/>\n\t<meta name=\"twitter:data1\" content=\"Manu\" \/>\n\t<meta name=\"twitter:label2\" content=\"Dur\u00e9e de lecture estim\u00e9e\" \/>\n\t<meta name=\"twitter:data2\" content=\"7 minutes\" \/>\n<script type=\"application\/ld+json\" class=\"yoast-schema-graph\">{\"@context\":\"https:\/\/schema.org\",\"@graph\":[{\"@type\":\"Article\",\"@id\":\"https:\/\/www.lively.brussels\/index.php\/2021\/04\/01\/ressources-naturelles\/#article\",\"isPartOf\":{\"@id\":\"https:\/\/www.lively.brussels\/index.php\/2021\/04\/01\/ressources-naturelles\/\"},\"author\":{\"name\":\"Manu\",\"@id\":\"https:\/\/www.lively.brussels\/#\/schema\/person\/513c2163235ab492c2ac802243603145\"},\"headline\":\"Ressources naturelles\",\"datePublished\":\"2021-04-01T15:30:34+00:00\",\"dateModified\":\"2021-04-02T17:07:49+00:00\",\"mainEntityOfPage\":{\"@id\":\"https:\/\/www.lively.brussels\/index.php\/2021\/04\/01\/ressources-naturelles\/\"},\"wordCount\":1481,\"commentCount\":0,\"publisher\":{\"@id\":\"https:\/\/www.lively.brussels\/#organization\"},\"image\":{\"@id\":\"https:\/\/www.lively.brussels\/index.php\/2021\/04\/01\/ressources-naturelles\/#primaryimage\"},\"thumbnailUrl\":\"https:\/\/www.lively.brussels\/wp-content\/uploads\/2021\/04\/41-Ressources-Naturelles-NEW.jpg\",\"keywords\":[\"Chine\",\"P\u00e9trole\",\"Prospective\",\"Ressources\",\"Terres rares\"],\"articleSection\":[\"Ressources\"],\"inLanguage\":\"fr-FR\",\"potentialAction\":[{\"@type\":\"CommentAction\",\"name\":\"Comment\",\"target\":[\"https:\/\/www.lively.brussels\/index.php\/2021\/04\/01\/ressources-naturelles\/#respond\"]}]},{\"@type\":\"WebPage\",\"@id\":\"https:\/\/www.lively.brussels\/index.php\/2021\/04\/01\/ressources-naturelles\/\",\"url\":\"https:\/\/www.lively.brussels\/index.php\/2021\/04\/01\/ressources-naturelles\/\",\"name\":\"Ressources naturelles &#060; LIVELY - Le WebMag de l&#039;\u00e9conomie circulaire\",\"isPartOf\":{\"@id\":\"https:\/\/www.lively.brussels\/#website\"},\"primaryImageOfPage\":{\"@id\":\"https:\/\/www.lively.brussels\/index.php\/2021\/04\/01\/ressources-naturelles\/#primaryimage\"},\"image\":{\"@id\":\"https:\/\/www.lively.brussels\/index.php\/2021\/04\/01\/ressources-naturelles\/#primaryimage\"},\"thumbnailUrl\":\"https:\/\/www.lively.brussels\/wp-content\/uploads\/2021\/04\/41-Ressources-Naturelles-NEW.jpg\",\"datePublished\":\"2021-04-01T15:30:34+00:00\",\"dateModified\":\"2021-04-02T17:07:49+00:00\",\"description\":\"Le Webmagazine de l'\u00e9conomie circulaire \u00e0 Bruxelles, de la transition \u00e9conomique et de la durabilit\u00e9.\",\"breadcrumb\":{\"@id\":\"https:\/\/www.lively.brussels\/index.php\/2021\/04\/01\/ressources-naturelles\/#breadcrumb\"},\"inLanguage\":\"fr-FR\",\"potentialAction\":[{\"@type\":\"ReadAction\",\"target\":[\"https:\/\/www.lively.brussels\/index.php\/2021\/04\/01\/ressources-naturelles\/\"]}]},{\"@type\":\"ImageObject\",\"inLanguage\":\"fr-FR\",\"@id\":\"https:\/\/www.lively.brussels\/index.php\/2021\/04\/01\/ressources-naturelles\/#primaryimage\",\"url\":\"https:\/\/www.lively.brussels\/wp-content\/uploads\/2021\/04\/41-Ressources-Naturelles-NEW.jpg\",\"contentUrl\":\"https:\/\/www.lively.brussels\/wp-content\/uploads\/2021\/04\/41-Ressources-Naturelles-NEW.jpg\",\"width\":750,\"height\":500},{\"@type\":\"BreadcrumbList\",\"@id\":\"https:\/\/www.lively.brussels\/index.php\/2021\/04\/01\/ressources-naturelles\/#breadcrumb\",\"itemListElement\":[{\"@type\":\"ListItem\",\"position\":1,\"name\":\"Accueil\",\"item\":\"https:\/\/www.lively.brussels\/\"},{\"@type\":\"ListItem\",\"position\":2,\"name\":\"Ressources naturelles\"}]},{\"@type\":\"WebSite\",\"@id\":\"https:\/\/www.lively.brussels\/#website\",\"url\":\"https:\/\/www.lively.brussels\/\",\"name\":\"LIVELY - Le WebMag de l&#039;\u00e9conomie circulaire\",\"description\":\"Pour tout savoir de l&#039;\u00e9conomie circulaire \u00e0 Bruxelles, en Belgique et dans le reste de l&#039;univers\",\"publisher\":{\"@id\":\"https:\/\/www.lively.brussels\/#organization\"},\"potentialAction\":[{\"@type\":\"SearchAction\",\"target\":{\"@type\":\"EntryPoint\",\"urlTemplate\":\"https:\/\/www.lively.brussels\/?s={search_term_string}\"},\"query-input\":{\"@type\":\"PropertyValueSpecification\",\"valueRequired\":true,\"valueName\":\"search_term_string\"}}],\"inLanguage\":\"fr-FR\"},{\"@type\":\"Organization\",\"@id\":\"https:\/\/www.lively.brussels\/#organization\",\"name\":\"Sense Brussels SCRL\",\"url\":\"https:\/\/www.lively.brussels\/\",\"logo\":{\"@type\":\"ImageObject\",\"inLanguage\":\"fr-FR\",\"@id\":\"https:\/\/www.lively.brussels\/#\/schema\/logo\/image\/\",\"url\":\"https:\/\/www.lively.brussels\/wp-content\/uploads\/2020\/08\/Lively_Favicon.jpg\",\"contentUrl\":\"https:\/\/www.lively.brussels\/wp-content\/uploads\/2020\/08\/Lively_Favicon.jpg\",\"width\":134,\"height\":134,\"caption\":\"Sense Brussels SCRL\"},\"image\":{\"@id\":\"https:\/\/www.lively.brussels\/#\/schema\/logo\/image\/\"},\"sameAs\":[\"https:\/\/www.facebook.com\/LivelyBrussels\/\",\"https:\/\/x.com\/BrusselsLively\",\"https:\/\/www.instagram.com\/livelybrussels\/\",\"https:\/\/www.linkedin.com\/company\/lively-brussels\"]},{\"@type\":\"Person\",\"@id\":\"https:\/\/www.lively.brussels\/#\/schema\/person\/513c2163235ab492c2ac802243603145\",\"name\":\"Manu\",\"image\":{\"@type\":\"ImageObject\",\"inLanguage\":\"fr-FR\",\"@id\":\"https:\/\/secure.gravatar.com\/avatar\/78dc24ed0bea672dff4419428bda20458e97a17d76419c084f2537c82a266981?s=96&d=mm&r=g\",\"url\":\"https:\/\/secure.gravatar.com\/avatar\/78dc24ed0bea672dff4419428bda20458e97a17d76419c084f2537c82a266981?s=96&d=mm&r=g\",\"contentUrl\":\"https:\/\/secure.gravatar.com\/avatar\/78dc24ed0bea672dff4419428bda20458e97a17d76419c084f2537c82a266981?s=96&d=mm&r=g\",\"caption\":\"Manu\"},\"url\":\"https:\/\/www.lively.brussels\/index.php\/author\/emmanuellively-brussels\/\"}]}<\/script>\n<!-- \/ Yoast SEO plugin. -->","yoast_head_json":{"title":"Ressources naturelles &#060; LIVELY - Le WebMag de l&#039;\u00e9conomie circulaire","description":"Le Webmagazine de l'\u00e9conomie circulaire \u00e0 Bruxelles, de la transition \u00e9conomique et de la durabilit\u00e9.","robots":{"index":"index","follow":"follow","max-snippet":"max-snippet:-1","max-image-preview":"max-image-preview:large","max-video-preview":"max-video-preview:-1"},"canonical":"https:\/\/www.lively.brussels\/index.php\/2021\/04\/01\/ressources-naturelles\/","og_locale":"fr_FR","og_type":"article","og_title":"Ressources naturelles &#060; LIVELY - Le WebMag de l&#039;\u00e9conomie circulaire","og_description":"Le Webmagazine de l'\u00e9conomie circulaire \u00e0 Bruxelles, de la transition \u00e9conomique et de la durabilit\u00e9.","og_url":"https:\/\/www.lively.brussels\/index.php\/2021\/04\/01\/ressources-naturelles\/","og_site_name":"LIVELY - Le WebMag de l&#039;\u00e9conomie circulaire","article_publisher":"https:\/\/www.facebook.com\/LivelyBrussels\/","article_published_time":"2021-04-01T15:30:34+00:00","article_modified_time":"2021-04-02T17:07:49+00:00","og_image":[{"width":750,"height":500,"url":"https:\/\/www.lively.brussels\/wp-content\/uploads\/2021\/04\/41-Ressources-Naturelles-NEW.jpg","type":"image\/jpeg"}],"author":"Manu","twitter_card":"summary_large_image","twitter_creator":"@BrusselsLively","twitter_site":"@BrusselsLively","twitter_misc":{"\u00c9crit par":"Manu","Dur\u00e9e de lecture estim\u00e9e":"7 minutes"},"schema":{"@context":"https:\/\/schema.org","@graph":[{"@type":"Article","@id":"https:\/\/www.lively.brussels\/index.php\/2021\/04\/01\/ressources-naturelles\/#article","isPartOf":{"@id":"https:\/\/www.lively.brussels\/index.php\/2021\/04\/01\/ressources-naturelles\/"},"author":{"name":"Manu","@id":"https:\/\/www.lively.brussels\/#\/schema\/person\/513c2163235ab492c2ac802243603145"},"headline":"Ressources naturelles","datePublished":"2021-04-01T15:30:34+00:00","dateModified":"2021-04-02T17:07:49+00:00","mainEntityOfPage":{"@id":"https:\/\/www.lively.brussels\/index.php\/2021\/04\/01\/ressources-naturelles\/"},"wordCount":1481,"commentCount":0,"publisher":{"@id":"https:\/\/www.lively.brussels\/#organization"},"image":{"@id":"https:\/\/www.lively.brussels\/index.php\/2021\/04\/01\/ressources-naturelles\/#primaryimage"},"thumbnailUrl":"https:\/\/www.lively.brussels\/wp-content\/uploads\/2021\/04\/41-Ressources-Naturelles-NEW.jpg","keywords":["Chine","P\u00e9trole","Prospective","Ressources","Terres rares"],"articleSection":["Ressources"],"inLanguage":"fr-FR","potentialAction":[{"@type":"CommentAction","name":"Comment","target":["https:\/\/www.lively.brussels\/index.php\/2021\/04\/01\/ressources-naturelles\/#respond"]}]},{"@type":"WebPage","@id":"https:\/\/www.lively.brussels\/index.php\/2021\/04\/01\/ressources-naturelles\/","url":"https:\/\/www.lively.brussels\/index.php\/2021\/04\/01\/ressources-naturelles\/","name":"Ressources naturelles &#060; LIVELY - Le WebMag de l&#039;\u00e9conomie circulaire","isPartOf":{"@id":"https:\/\/www.lively.brussels\/#website"},"primaryImageOfPage":{"@id":"https:\/\/www.lively.brussels\/index.php\/2021\/04\/01\/ressources-naturelles\/#primaryimage"},"image":{"@id":"https:\/\/www.lively.brussels\/index.php\/2021\/04\/01\/ressources-naturelles\/#primaryimage"},"thumbnailUrl":"https:\/\/www.lively.brussels\/wp-content\/uploads\/2021\/04\/41-Ressources-Naturelles-NEW.jpg","datePublished":"2021-04-01T15:30:34+00:00","dateModified":"2021-04-02T17:07:49+00:00","description":"Le Webmagazine de l'\u00e9conomie circulaire \u00e0 Bruxelles, de la transition \u00e9conomique et de la durabilit\u00e9.","breadcrumb":{"@id":"https:\/\/www.lively.brussels\/index.php\/2021\/04\/01\/ressources-naturelles\/#breadcrumb"},"inLanguage":"fr-FR","potentialAction":[{"@type":"ReadAction","target":["https:\/\/www.lively.brussels\/index.php\/2021\/04\/01\/ressources-naturelles\/"]}]},{"@type":"ImageObject","inLanguage":"fr-FR","@id":"https:\/\/www.lively.brussels\/index.php\/2021\/04\/01\/ressources-naturelles\/#primaryimage","url":"https:\/\/www.lively.brussels\/wp-content\/uploads\/2021\/04\/41-Ressources-Naturelles-NEW.jpg","contentUrl":"https:\/\/www.lively.brussels\/wp-content\/uploads\/2021\/04\/41-Ressources-Naturelles-NEW.jpg","width":750,"height":500},{"@type":"BreadcrumbList","@id":"https:\/\/www.lively.brussels\/index.php\/2021\/04\/01\/ressources-naturelles\/#breadcrumb","itemListElement":[{"@type":"ListItem","position":1,"name":"Accueil","item":"https:\/\/www.lively.brussels\/"},{"@type":"ListItem","position":2,"name":"Ressources naturelles"}]},{"@type":"WebSite","@id":"https:\/\/www.lively.brussels\/#website","url":"https:\/\/www.lively.brussels\/","name":"LIVELY - Le WebMag de l&#039;\u00e9conomie circulaire","description":"Pour tout savoir de l&#039;\u00e9conomie circulaire \u00e0 Bruxelles, en Belgique et dans le reste de l&#039;univers","publisher":{"@id":"https:\/\/www.lively.brussels\/#organization"},"potentialAction":[{"@type":"SearchAction","target":{"@type":"EntryPoint","urlTemplate":"https:\/\/www.lively.brussels\/?s={search_term_string}"},"query-input":{"@type":"PropertyValueSpecification","valueRequired":true,"valueName":"search_term_string"}}],"inLanguage":"fr-FR"},{"@type":"Organization","@id":"https:\/\/www.lively.brussels\/#organization","name":"Sense Brussels SCRL","url":"https:\/\/www.lively.brussels\/","logo":{"@type":"ImageObject","inLanguage":"fr-FR","@id":"https:\/\/www.lively.brussels\/#\/schema\/logo\/image\/","url":"https:\/\/www.lively.brussels\/wp-content\/uploads\/2020\/08\/Lively_Favicon.jpg","contentUrl":"https:\/\/www.lively.brussels\/wp-content\/uploads\/2020\/08\/Lively_Favicon.jpg","width":134,"height":134,"caption":"Sense Brussels SCRL"},"image":{"@id":"https:\/\/www.lively.brussels\/#\/schema\/logo\/image\/"},"sameAs":["https:\/\/www.facebook.com\/LivelyBrussels\/","https:\/\/x.com\/BrusselsLively","https:\/\/www.instagram.com\/livelybrussels\/","https:\/\/www.linkedin.com\/company\/lively-brussels"]},{"@type":"Person","@id":"https:\/\/www.lively.brussels\/#\/schema\/person\/513c2163235ab492c2ac802243603145","name":"Manu","image":{"@type":"ImageObject","inLanguage":"fr-FR","@id":"https:\/\/secure.gravatar.com\/avatar\/78dc24ed0bea672dff4419428bda20458e97a17d76419c084f2537c82a266981?s=96&d=mm&r=g","url":"https:\/\/secure.gravatar.com\/avatar\/78dc24ed0bea672dff4419428bda20458e97a17d76419c084f2537c82a266981?s=96&d=mm&r=g","contentUrl":"https:\/\/secure.gravatar.com\/avatar\/78dc24ed0bea672dff4419428bda20458e97a17d76419c084f2537c82a266981?s=96&d=mm&r=g","caption":"Manu"},"url":"https:\/\/www.lively.brussels\/index.php\/author\/emmanuellively-brussels\/"}]}},"_links":{"self":[{"href":"https:\/\/www.lively.brussels\/index.php\/wp-json\/wp\/v2\/posts\/2399","targetHints":{"allow":["GET"]}}],"collection":[{"href":"https:\/\/www.lively.brussels\/index.php\/wp-json\/wp\/v2\/posts"}],"about":[{"href":"https:\/\/www.lively.brussels\/index.php\/wp-json\/wp\/v2\/types\/post"}],"author":[{"embeddable":true,"href":"https:\/\/www.lively.brussels\/index.php\/wp-json\/wp\/v2\/users\/9"}],"replies":[{"embeddable":true,"href":"https:\/\/www.lively.brussels\/index.php\/wp-json\/wp\/v2\/comments?post=2399"}],"version-history":[{"count":17,"href":"https:\/\/www.lively.brussels\/index.php\/wp-json\/wp\/v2\/posts\/2399\/revisions"}],"predecessor-version":[{"id":2535,"href":"https:\/\/www.lively.brussels\/index.php\/wp-json\/wp\/v2\/posts\/2399\/revisions\/2535"}],"wp:featuredmedia":[{"embeddable":true,"href":"https:\/\/www.lively.brussels\/index.php\/wp-json\/wp\/v2\/media\/2534"}],"wp:attachment":[{"href":"https:\/\/www.lively.brussels\/index.php\/wp-json\/wp\/v2\/media?parent=2399"}],"wp:term":[{"taxonomy":"category","embeddable":true,"href":"https:\/\/www.lively.brussels\/index.php\/wp-json\/wp\/v2\/categories?post=2399"},{"taxonomy":"post_tag","embeddable":true,"href":"https:\/\/www.lively.brussels\/index.php\/wp-json\/wp\/v2\/tags?post=2399"}],"curies":[{"name":"wp","href":"https:\/\/api.w.org\/{rel}","templated":true}]}}