{"id":2549,"date":"2021-05-18T18:30:54","date_gmt":"2021-05-18T18:30:54","guid":{"rendered":"https:\/\/www.lively.brussels\/?p=2549"},"modified":"2021-05-21T07:59:08","modified_gmt":"2021-05-21T07:59:08","slug":"reparator-guide","status":"publish","type":"post","link":"https:\/\/www.lively.brussels\/index.php\/2021\/05\/18\/reparator-guide\/","title":{"rendered":"Reparator Guide"},"content":{"rendered":"\n<p><strong>L\u2019hiver s\u2019ach\u00e8ve et nous viennent avec les beaux jours d\u2019\u00e9tranges envies de faire des trucs.<\/strong><\/p>\n\n\n\n<p><strong>Tiens, il fait beau, je r\u00e9parerais bien mon v\u00e9lo\u00a0!<\/strong><br>Et, tant que j\u2019y suis, ce serait bien aussi de remettre sur pied mon vieux PC pour regarder des s\u00e9ries dans le lit.<\/p>\n\n\n\n<p>Et parce que je suis un fou furieux, je crois que je vais aussi apprendre \u00e0 coudre pour repriser mon vieux Perfecto.<\/p>\n\n\n\n<p><strong>Et bien c\u2019est possible&nbsp;!<\/strong><\/p>\n\n\n\n<p><strong>Parce que LIVELY a pour vous, ch\u00e8res lectrices et chers lecteurs, <a href=\"https:\/\/www.lively.brussels\/index.php\/maps\/reparators-map\/\" target=\"_blank\" rel=\"noreferrer noopener\">la Map des R\u00e9parateurs<\/a> pour trouver tous les bons plans pr\u00e8s de chez vous.<\/strong><\/p>\n\n\n\n<div class=\"wp-block-image\"><figure class=\"aligncenter size-large is-resized\"><img loading=\"lazy\" decoding=\"async\" src=\"https:\/\/www.lively.brussels\/wp-content\/uploads\/2020\/12\/Lively_Pins-896x1024.png\" alt=\"\" class=\"wp-image-1344\" width=\"224\" height=\"256\" srcset=\"https:\/\/www.lively.brussels\/wp-content\/uploads\/2020\/12\/Lively_Pins-896x1024.png 896w, https:\/\/www.lively.brussels\/wp-content\/uploads\/2020\/12\/Lively_Pins-262x300.png 262w, https:\/\/www.lively.brussels\/wp-content\/uploads\/2020\/12\/Lively_Pins-768x878.png 768w, https:\/\/www.lively.brussels\/wp-content\/uploads\/2020\/12\/Lively_Pins-1343x1536.png 1343w, https:\/\/www.lively.brussels\/wp-content\/uploads\/2020\/12\/Lively_Pins-1791x2048.png 1791w, https:\/\/www.lively.brussels\/wp-content\/uploads\/2020\/12\/Lively_Pins-610x697.png 610w, https:\/\/www.lively.brussels\/wp-content\/uploads\/2020\/12\/Lively_Pins-640x732.png 640w, https:\/\/www.lively.brussels\/wp-content\/uploads\/2020\/12\/Lively_Pins-1024x1171.png 1024w, https:\/\/www.lively.brussels\/wp-content\/uploads\/2020\/12\/Lively_Pins-437x500.png 437w, https:\/\/www.lively.brussels\/wp-content\/uploads\/2020\/12\/Lively_Pins-1320x1509.png 1320w, https:\/\/www.lively.brussels\/wp-content\/uploads\/2020\/12\/Lively_Pins.png 1876w\" sizes=\"auto, (max-width: 224px) 100vw, 224px\" \/><\/figure><\/div>\n\n\n\n<p class=\"has-text-align-center\"><a href=\"https:\/\/www.lively.brussels\/index.php\/maps\/reparators-map\/\" target=\"_blank\" rel=\"noreferrer noopener\">La Map des R\u00e9parateurs \u00e0 Bruxelles<\/a><\/p>\n\n\n\n<hr class=\"wp-block-separator\"\/>\n\n\n\n<h2 class=\"wp-block-heading\"><strong>Un petit Zoom sur nos r\u00e9parateurs pr\u00e9f\u00e9r\u00e9s<\/strong><\/h2>\n\n\n\n<p>La r\u00e9paration est LE sujet d\u2019actualit\u00e9 en \u00e9conomie circulaire.<\/p>\n\n\n\n<p>Mais cette fois plut\u00f4t que d\u2019interviewer <a href=\"https:\/\/www.lively.brussels\/index.php\/2021\/02\/26\/la-reparation-cest-du-serieux\/\" target=\"_blank\" rel=\"noreferrer noopener\">LA star mondiale de la r\u00e9paration<\/a>, nous vous proposons <strong>une balade printani\u00e8re dans les rues de la capitale europ\u00e9enne pour d\u00e9couvrir notre s\u00e9lection coup de c\u0153ur des 10 lieux magiques de la r\u00e9paration.<\/strong><\/p>\n\n\n\n<hr class=\"wp-block-separator\"\/>\n\n\n\n<h2 class=\"wp-block-heading\"><strong>Une envie de TOUT r\u00e9parer\u2026 ?<\/strong><\/h2>\n\n\n\n<p>\u00c7a d\u00e9mange, hein ? <br>Cette incontr\u00f4lable envie de tout r\u00e9parer qui ne vous quitte plus&#8230;<br>Ne vous inqui\u00e9tez pas, on a ce qu&rsquo;il vous faut :<\/p>\n\n\n\n<p><strong><a href=\"https:\/\/www.lesdebrouillardes.be\/\" target=\"_blank\" rel=\"noreferrer noopener\">Les D\u00e9brouillardes <\/a>proposent des formations de bricolage, que ce soit pour des petits travaux, de la r\u00e9novation de la maison ou de meubles, des cours de couture pour la d\u00e9coration, etc. <\/strong><br>Vous deviendrez alors la Reine ou le Roi de la r\u00e9paration maison !<br>Plus rien ne vous r\u00e9sistera ! Pas une \u00e9tag\u00e8re, pas un robinet, pas m\u00eame une fus\u00e9e intersid\u00e9rale&#8230;<\/p>\n\n\n\n<hr class=\"wp-block-separator\"\/>\n\n\n\n<h2 class=\"wp-block-heading\"><strong>\u2026ou de changer de d\u00e9cor&nbsp;?<\/strong><\/h2>\n\n\n\n<p><strong>Si vos d\u00e9mangeaisons concernent la d\u00e9coration et l&rsquo;ameublement de votre joli logis, l\u00e0-aussi l&rsquo;\u00e9conomie circulaire bruxelloise a la solution : <\/strong><\/p>\n\n\n\n<ul class=\"wp-block-list\"><li><strong><a href=\"http:\/\/recycleriesociale.be\/\" target=\"_blank\" rel=\"noreferrer noopener\">La recyclerie sociale de Saint-Gilles<\/a><\/strong> collecte, trie et r\u00e9pare tout objet d&rsquo;ameublement ou de d\u00e9coration. Les objets sont ensuite vendus dans le magasin o\u00f9 vous pourrez d\u00e9nicher aussi de bonnes affaires.<\/li><\/ul>\n\n\n\n<ul class=\"wp-block-list\"><li><strong><a href=\"https:\/\/citeco.be\/fr\/\" target=\"_blank\" rel=\"noreferrer noopener\">CITECO, entreprise circulaire et d&rsquo;\u00e9conomie sociale, <\/a><\/strong>vous propose ses services de cannage et rempaillage \u00e0 Bruxelles gr\u00e2ce aux techniques traditionnelles mises en oeuvre par des personnes aveugles et malvoyantes pour la restauration compl\u00e8te de vos meubles.<\/li><\/ul>\n\n\n\n<hr class=\"wp-block-separator\"\/>\n\n\n\n<h2 class=\"wp-block-heading\"><strong>soigner votre look ? <\/strong><br><strong>changer de style&nbsp;?<\/strong><\/h2>\n\n\n\n<p><strong>Parce que, l\u00e0-aussi, pour \u00eatre plus belle \/ beau que jamais, l&rsquo;Upcycling est une sacr\u00e9ment bonne solution. <br>Les Bons Plans LIVELY : <\/strong><\/p>\n\n\n\n<ul class=\"wp-block-list\"><li><strong><a href=\"https:\/\/www.rouf.be\/\" target=\"_blank\" rel=\"noreferrer noopener\">Rouf est une boutique de seconde main tr\u00e8s sp\u00e9ciale<\/a><\/strong> faisant de l&rsquo;upcycling, qui propose des travaux de couture (r\u00e9paration, ajustement), ainsi que des ateliers de couture pour apprendre \u00e0 r\u00e9parer ses v\u00eatements soi-m\u00eame.<\/li><\/ul>\n\n\n\n<ul class=\"wp-block-list\"><li><strong><a href=\"https:\/\/www.ssam.eu\/\" target=\"_blank\" rel=\"noreferrer noopener\">Shoeshine &amp; More<\/a><\/strong> : Marcello vous propose un service de cordonnerie qui r\u00e9pare tout type de chaussures, que ce soit pour des particuliers ou des entreprises qui souhaitent faire r\u00e9parer les chaussures de travail de leurs employ\u00e9s. <br>Rencontrez-le Pr\u00e9sident de la F\u00e9d\u00e9ration Europ\u00e9enne de ce secteur particuli\u00e8rement brillant.<\/li><\/ul>\n\n\n\n<hr class=\"wp-block-separator\"\/>\n\n\n\n<h2 class=\"wp-block-heading\">Et ma b\u00e9cane ? <\/h2>\n\n\n\n<p>Bien s\u00fbr, vous avez <a href=\"https:\/\/www.lively.brussels\/index.php\/maps\/velos-doccase-la-map\/\" target=\"_blank\" rel=\"noreferrer noopener\">la Map des V\u00e9los d&rsquo;Occase<\/a> sur LIVELY. <br>Que nous vous compl\u00e9tons avec <a href=\"https:\/\/www.lively.brussels\/index.php\/maps\/reparators-map\/\" target=\"_blank\" rel=\"noreferrer noopener\">les bons plans de r\u00e9parateurs sp\u00e9cialis\u00e9s<\/a>. <br><strong>Parmi ceux-ci, nos petits chouchous : <\/strong><br><\/p>\n\n\n\n<ul class=\"wp-block-list\"><li><a href=\"https:\/\/papadouala.collectifs.net\/atelier-velo\/\" target=\"_blank\" rel=\"noreferrer noopener\"><strong>PAPADouala<\/strong> <\/a>promeut et d\u00e9veloppe des actions et gestes citoyens qui participent \u00e0 une vie et une ville durables sur deux axes-clefs : l&rsquo;alimentation et la mobilit\u00e9 douce. <br>D\u00e9couvrez leur service de r\u00e9paration. Trop sympas ils sont. <\/li><\/ul>\n\n\n\n<figure class=\"wp-block-image size-large\"><img loading=\"lazy\" decoding=\"async\" width=\"750\" height=\"500\" src=\"https:\/\/www.lively.brussels\/wp-content\/uploads\/2021\/05\/2021-04-30-LIVELY-POST-43-Reparateurs-2-1.jpg\" alt=\"\" class=\"wp-image-2589\" srcset=\"https:\/\/www.lively.brussels\/wp-content\/uploads\/2021\/05\/2021-04-30-LIVELY-POST-43-Reparateurs-2-1.jpg 750w, https:\/\/www.lively.brussels\/wp-content\/uploads\/2021\/05\/2021-04-30-LIVELY-POST-43-Reparateurs-2-1-300x200.jpg 300w, https:\/\/www.lively.brussels\/wp-content\/uploads\/2021\/05\/2021-04-30-LIVELY-POST-43-Reparateurs-2-1-610x407.jpg 610w, https:\/\/www.lively.brussels\/wp-content\/uploads\/2021\/05\/2021-04-30-LIVELY-POST-43-Reparateurs-2-1-640x427.jpg 640w\" sizes=\"auto, (max-width: 750px) 100vw, 750px\" \/><figcaption>Ambiance studieuse et sympa chez <a href=\"https:\/\/papadouala.collectifs.net\/\" target=\"_blank\" rel=\"noreferrer noopener\">PAPADouala<\/a><\/figcaption><\/figure>\n\n\n\n<ul class=\"wp-block-list\"><li><strong><a href=\"https:\/\/voot.be\/\" target=\"_blank\" rel=\"noreferrer noopener\">Les Ateliers de la Rue Voot<\/a><\/strong> apprennent aux petits et grands cyclistes \u00e0 entretenir et r\u00e9parer leurs v\u00e9los. <br>Pour les enfants qui grandissent, ils peuvent \u00e9changer leur v\u00e9lo trop petit contre un autre qu&rsquo;ils remettent \u00e0 neuf avec un m\u00e9canicien ultra-professionnel.<\/li><\/ul>\n\n\n\n<hr class=\"wp-block-separator\"\/>\n\n\n\n<h2 class=\"wp-block-heading\">IT &amp; Electro aussi ? <\/h2>\n\n\n\n<p><strong>Evidemment. Et l\u00e0-aussi, c&rsquo;est un vrai sujet. <br>Les PC et les appareils \u00e9lectroniques qu&rsquo;on voudrait r\u00e9parer mais qu&rsquo;on sait pas comment alors on les met \u00e0 la cave en attendant&#8230;<br>C&rsquo;est fini, \u00e7a. <\/strong><br><strong><a href=\"https:\/\/www.just-electronic.be\/\" target=\"_blank\" rel=\"noreferrer noopener\">Gr\u00e2ce \u00e0 Just Electronic<\/a><\/strong> (et les autres <a href=\"https:\/\/www.lively.brussels\/index.php\/maps\/reparators-map\/\" target=\"_blank\" rel=\"noreferrer noopener\">sur la Map<\/a>) : <br>Partant du constat qu&rsquo;il y a trop de d\u00e9chets d&rsquo;\u00e9quipements \u00e9lectronique, Ba, le fondateur de <a href=\"https:\/\/www.just-electronic.be\/\" target=\"_blank\" rel=\"noreferrer noopener\"><strong>Just Electronic r\u00e9cup\u00e8re et r\u00e9pare avec talent vos appareils \u00e9lectroniques<\/strong> <\/a>(ordinateur, TV, smartphone, aspirateur, etc.) et vous propose aussi des appareils uniques au niveau design.<\/p>\n\n\n\n<hr class=\"wp-block-separator\"\/>\n\n\n\n<h2 class=\"wp-block-heading\">Id\u00e9e de r\u00eave<\/h2>\n\n\n\n<p>Dans la s\u00e9rie des id\u00e9es originales (notamment pour des cadeaux uniques et personnalis\u00e9s)&#8230;<br><strong>Si vous r\u00eavez de redorer un vieux manuscrit ou de cr\u00e9er votre livre de contes magiques, <a href=\"http:\/\/www.l-ouvroir.be\/\" target=\"_blank\" rel=\"noreferrer noopener\">l\u2019Ouvroir vous donne l\u2019opportunit\u00e9 de relier vos livres pr\u00e9cieux<\/a> <\/strong>ou d\u2019effectuer une cr\u00e9ation personnalis\u00e9e et unique.<br>L&rsquo;atelier travaille de mani\u00e8re traditionnelle (dorure, etc.) avec des techniques semi-industrielles pour la cr\u00e9ation d\u2019ouvrages.<br>Un livre unique rien qu&rsquo;\u00e0 vous !<\/p>\n\n\n\n<figure class=\"wp-block-image size-large\"><img loading=\"lazy\" decoding=\"async\" width=\"750\" height=\"500\" src=\"https:\/\/www.lively.brussels\/wp-content\/uploads\/2021\/05\/2021-04-30-LIVELY-POST-43-Reparateurs-3-1.jpg\" alt=\"\" class=\"wp-image-2593\" srcset=\"https:\/\/www.lively.brussels\/wp-content\/uploads\/2021\/05\/2021-04-30-LIVELY-POST-43-Reparateurs-3-1.jpg 750w, https:\/\/www.lively.brussels\/wp-content\/uploads\/2021\/05\/2021-04-30-LIVELY-POST-43-Reparateurs-3-1-300x200.jpg 300w, https:\/\/www.lively.brussels\/wp-content\/uploads\/2021\/05\/2021-04-30-LIVELY-POST-43-Reparateurs-3-1-610x407.jpg 610w, https:\/\/www.lively.brussels\/wp-content\/uploads\/2021\/05\/2021-04-30-LIVELY-POST-43-Reparateurs-3-1-640x427.jpg 640w\" sizes=\"auto, (max-width: 750px) 100vw, 750px\" \/><figcaption><a href=\"http:\/\/www.l-ouvroir.be\/services#first\" target=\"_blank\" rel=\"noreferrer noopener\">L&rsquo;Ouvroir<\/a>, c&rsquo;est du boulot de pros !<\/figcaption><\/figure>\n\n\n\n<hr class=\"wp-block-separator\"\/>\n\n\n\n<h2 class=\"wp-block-heading\">Ready to be a Maker ? <\/h2>\n\n\n\n<p><strong>Vous avez tout r\u00e9par\u00e9 ? Et il vous en faut encore ? <br>Vous \u00eates pr\u00eats \u00e0 rejoindre le cercle des Makers. <\/strong><\/p>\n\n\n\n<p>Parce que si vous ne trouvez pas votre bonheur ou la solution \u00e0 LA r\u00e9paration dont vous avez besoin, Gilles et l\u2019\u00e9quipe des 125 makers et les 500 contributeurs <strong>de <a href=\"https:\/\/microfactory.be\/\" target=\"_blank\" rel=\"noreferrer noopener\">Microfactory<\/a><\/strong> pourront certainement vous aider \u00e0 r\u00e9usiner, cr\u00e9er, transformer des objets ou leurs composants. <br>Attention, il s\u2019agit d\u2019un cercle de passionn\u00e9-e-s, vous risquez de devenir membre et d\u2019y rester actif pendant de longues ann\u00e9es.<\/p>\n\n\n\n<hr class=\"wp-block-separator\"\/>\n\n\n\n<h2 class=\"wp-block-heading\">REPARATORS &#8211; L&rsquo;annuaire<\/h2>\n\n\n\n<p>Un top 10 est un top 10\u2026 Si vous recherchez l\u2019ensemble des r\u00e9parateurs de la m\u00e9tropole Bruxelloise, nous vous invitons \u00e0 consulter <strong><a href=\"https:\/\/repairtogether.be\/nos-ressources\/reparation\/\" target=\"_blank\" rel=\"noreferrer noopener\">l\u2019Annuaire de la R\u00e9paration de Repair Together<\/a><\/strong>, l\u2019association qui r\u00e9unit les Repairs Caf\u00e9s et propose des animations \u00e0 tout un chacun, pour vous sensibiliser \u00e0 la r\u00e9paration, ainsi que des tutos en ligne.<\/p>\n\n\n\n<p><strong>Ca y est ! F\u00e9licitations !<br>Vous avez rejoint le Panth\u00e9on des R\u00e9parateurs \/ Upcyclers !<\/strong> <\/p>\n\n\n\n<p><strong>Bonnes r\u00e9parations \u00e0 tous !<\/strong><\/p>\n\n\n\n<p class=\"has-sm-color-primary-background-color has-background\"><strong><a href=\"https:\/\/wikifab.org\/wiki\/Accueil\" target=\"_blank\" rel=\"noreferrer noopener\">WIKIFAB&nbsp;: R\u00e9parer avec les bons conseils d\u2019une communaut\u00e9<\/a><\/strong><br>La r\u00e9paration &amp; le bricolage peuvent commencer en explorant les milliers de conseils peaufin\u00e9s en pair-\u00e0-pair gr\u00e2ce \u00e0 <a href=\"https:\/\/wikifab.org\/wiki\/Accueil\" target=\"_blank\" rel=\"noreferrer noopener\">WIKIFAB<\/a>. <br>Vous rejoindrez peut-\u00eatre la communaut\u00e9 des Makers qui alimentent librement cette plateforme de partage de connaissances et d\u2019exp\u00e9riences.<br>Franchement, que des bons tuyaux&#8230;<\/p>\n\n\n\n<hr class=\"wp-block-separator\"\/>\n\n\n\n<div class=\"wp-block-image\"><figure class=\"aligncenter size-large is-resized\"><img loading=\"lazy\" decoding=\"async\" src=\"https:\/\/www.lively.brussels\/wp-content\/uploads\/2020\/09\/by-nc-sa.eu_.png\" alt=\"\" class=\"wp-image-879\" width=\"202\" height=\"71\" srcset=\"https:\/\/www.lively.brussels\/wp-content\/uploads\/2020\/09\/by-nc-sa.eu_.png 403w, https:\/\/www.lively.brussels\/wp-content\/uploads\/2020\/09\/by-nc-sa.eu_-300x105.png 300w\" sizes=\"auto, (max-width: 202px) 100vw, 202px\" \/><\/figure><\/div>\n\n\n\n<p class=\"has-text-align-center has-small-font-size\"><a href=\"https:\/\/www.lively.brussels\/index.php\/2020\/09\/30\/creative-come-on\/\" target=\"_blank\" rel=\"noreferrer noopener\">Cet article est sous Licence Creative Commons.<\/a><br>Vous \u00eates libre de le r\u00e9utiliser (en mentionnant l\u2019auteur \u2013 BY) mais pas pour un usage commercial (NC) et pour le partager dans les m\u00eames conditions (SA).<br><a href=\"https:\/\/creativecommons.org\/licenses\/?lang=fr\" target=\"_blank\" rel=\"noreferrer noopener\">All about Creative Commons<\/a><\/p>\n","protected":false},"excerpt":{"rendered":"<p>Les bons plans \u00e0 Bruxelles<\/p>\n","protected":false},"author":9,"featured_media":3033,"comment_status":"open","ping_status":"closed","sticky":false,"template":"","format":"standard","meta":{"ngg_post_thumbnail":0,"footnotes":""},"categories":[70],"tags":[],"class_list":["post-2549","post","type-post","status-publish","format-standard","has-post-thumbnail","hentry","category-reparation","entry-card--landscape"],"yoast_head":"<!-- This site is optimized with the Yoast SEO plugin v27.2 - https:\/\/yoast.com\/product\/yoast-seo-wordpress\/ -->\n<title>Reparator Guide &#060; LIVELY - Le WebMag de l&#039;\u00e9conomie circulaire<\/title>\n<meta name=\"description\" content=\"Le Webmagazine de l&#039;\u00e9conomie circulaire \u00e0 Bruxelles, de la transition \u00e9conomique et de la durabilit\u00e9.\" \/>\n<meta name=\"robots\" content=\"index, follow, max-snippet:-1, max-image-preview:large, max-video-preview:-1\" \/>\n<link rel=\"canonical\" href=\"https:\/\/www.lively.brussels\/index.php\/2021\/05\/18\/reparator-guide\/\" \/>\n<meta property=\"og:locale\" content=\"fr_FR\" \/>\n<meta property=\"og:type\" content=\"article\" \/>\n<meta property=\"og:title\" content=\"Reparator Guide &#060; LIVELY - Le WebMag de l&#039;\u00e9conomie circulaire\" \/>\n<meta property=\"og:description\" content=\"Le Webmagazine de l&#039;\u00e9conomie circulaire \u00e0 Bruxelles, de la transition \u00e9conomique et de la durabilit\u00e9.\" \/>\n<meta property=\"og:url\" content=\"https:\/\/www.lively.brussels\/index.php\/2021\/05\/18\/reparator-guide\/\" \/>\n<meta property=\"og:site_name\" content=\"LIVELY - Le WebMag de l&#039;\u00e9conomie circulaire\" \/>\n<meta property=\"article:publisher\" content=\"https:\/\/www.facebook.com\/LivelyBrussels\/\" \/>\n<meta property=\"article:published_time\" content=\"2021-05-18T18:30:54+00:00\" \/>\n<meta property=\"article:modified_time\" content=\"2021-05-21T07:59:08+00:00\" \/>\n<meta property=\"og:image\" content=\"https:\/\/www.lively.brussels\/wp-content\/uploads\/2021\/05\/2021-04-30-LIVELY-POST-43-Reparateurs-1A-NEW.jpg\" \/>\n\t<meta property=\"og:image:width\" content=\"750\" \/>\n\t<meta property=\"og:image:height\" content=\"500\" \/>\n\t<meta property=\"og:image:type\" content=\"image\/jpeg\" \/>\n<meta name=\"author\" content=\"Manu\" \/>\n<meta name=\"twitter:card\" content=\"summary_large_image\" \/>\n<meta name=\"twitter:creator\" content=\"@BrusselsLively\" \/>\n<meta name=\"twitter:site\" content=\"@BrusselsLively\" \/>\n<meta name=\"twitter:label1\" content=\"\u00c9crit par\" \/>\n\t<meta name=\"twitter:data1\" content=\"Manu\" \/>\n\t<meta name=\"twitter:label2\" content=\"Dur\u00e9e de lecture estim\u00e9e\" \/>\n\t<meta name=\"twitter:data2\" content=\"6 minutes\" \/>\n<script type=\"application\/ld+json\" class=\"yoast-schema-graph\">{\"@context\":\"https:\/\/schema.org\",\"@graph\":[{\"@type\":\"Article\",\"@id\":\"https:\/\/www.lively.brussels\/index.php\/2021\/05\/18\/reparator-guide\/#article\",\"isPartOf\":{\"@id\":\"https:\/\/www.lively.brussels\/index.php\/2021\/05\/18\/reparator-guide\/\"},\"author\":{\"name\":\"Manu\",\"@id\":\"https:\/\/www.lively.brussels\/#\/schema\/person\/513c2163235ab492c2ac802243603145\"},\"headline\":\"Reparator Guide\",\"datePublished\":\"2021-05-18T18:30:54+00:00\",\"dateModified\":\"2021-05-21T07:59:08+00:00\",\"mainEntityOfPage\":{\"@id\":\"https:\/\/www.lively.brussels\/index.php\/2021\/05\/18\/reparator-guide\/\"},\"wordCount\":1111,\"commentCount\":1,\"publisher\":{\"@id\":\"https:\/\/www.lively.brussels\/#organization\"},\"image\":{\"@id\":\"https:\/\/www.lively.brussels\/index.php\/2021\/05\/18\/reparator-guide\/#primaryimage\"},\"thumbnailUrl\":\"https:\/\/www.lively.brussels\/wp-content\/uploads\/2021\/05\/2021-04-30-LIVELY-POST-43-Reparateurs-1A-NEW.jpg\",\"articleSection\":[\"R\u00e9paration\"],\"inLanguage\":\"fr-FR\",\"potentialAction\":[{\"@type\":\"CommentAction\",\"name\":\"Comment\",\"target\":[\"https:\/\/www.lively.brussels\/index.php\/2021\/05\/18\/reparator-guide\/#respond\"]}]},{\"@type\":\"WebPage\",\"@id\":\"https:\/\/www.lively.brussels\/index.php\/2021\/05\/18\/reparator-guide\/\",\"url\":\"https:\/\/www.lively.brussels\/index.php\/2021\/05\/18\/reparator-guide\/\",\"name\":\"Reparator Guide &#060; LIVELY - Le WebMag de l&#039;\u00e9conomie circulaire\",\"isPartOf\":{\"@id\":\"https:\/\/www.lively.brussels\/#website\"},\"primaryImageOfPage\":{\"@id\":\"https:\/\/www.lively.brussels\/index.php\/2021\/05\/18\/reparator-guide\/#primaryimage\"},\"image\":{\"@id\":\"https:\/\/www.lively.brussels\/index.php\/2021\/05\/18\/reparator-guide\/#primaryimage\"},\"thumbnailUrl\":\"https:\/\/www.lively.brussels\/wp-content\/uploads\/2021\/05\/2021-04-30-LIVELY-POST-43-Reparateurs-1A-NEW.jpg\",\"datePublished\":\"2021-05-18T18:30:54+00:00\",\"dateModified\":\"2021-05-21T07:59:08+00:00\",\"description\":\"Le Webmagazine de l'\u00e9conomie circulaire \u00e0 Bruxelles, de la transition \u00e9conomique et de la durabilit\u00e9.\",\"breadcrumb\":{\"@id\":\"https:\/\/www.lively.brussels\/index.php\/2021\/05\/18\/reparator-guide\/#breadcrumb\"},\"inLanguage\":\"fr-FR\",\"potentialAction\":[{\"@type\":\"ReadAction\",\"target\":[\"https:\/\/www.lively.brussels\/index.php\/2021\/05\/18\/reparator-guide\/\"]}]},{\"@type\":\"ImageObject\",\"inLanguage\":\"fr-FR\",\"@id\":\"https:\/\/www.lively.brussels\/index.php\/2021\/05\/18\/reparator-guide\/#primaryimage\",\"url\":\"https:\/\/www.lively.brussels\/wp-content\/uploads\/2021\/05\/2021-04-30-LIVELY-POST-43-Reparateurs-1A-NEW.jpg\",\"contentUrl\":\"https:\/\/www.lively.brussels\/wp-content\/uploads\/2021\/05\/2021-04-30-LIVELY-POST-43-Reparateurs-1A-NEW.jpg\",\"width\":750,\"height\":500},{\"@type\":\"BreadcrumbList\",\"@id\":\"https:\/\/www.lively.brussels\/index.php\/2021\/05\/18\/reparator-guide\/#breadcrumb\",\"itemListElement\":[{\"@type\":\"ListItem\",\"position\":1,\"name\":\"Accueil\",\"item\":\"https:\/\/www.lively.brussels\/\"},{\"@type\":\"ListItem\",\"position\":2,\"name\":\"Reparator Guide\"}]},{\"@type\":\"WebSite\",\"@id\":\"https:\/\/www.lively.brussels\/#website\",\"url\":\"https:\/\/www.lively.brussels\/\",\"name\":\"LIVELY - Le WebMag de l&#039;\u00e9conomie circulaire\",\"description\":\"Pour tout savoir de l&#039;\u00e9conomie circulaire \u00e0 Bruxelles, en Belgique et dans le reste de l&#039;univers\",\"publisher\":{\"@id\":\"https:\/\/www.lively.brussels\/#organization\"},\"potentialAction\":[{\"@type\":\"SearchAction\",\"target\":{\"@type\":\"EntryPoint\",\"urlTemplate\":\"https:\/\/www.lively.brussels\/?s={search_term_string}\"},\"query-input\":{\"@type\":\"PropertyValueSpecification\",\"valueRequired\":true,\"valueName\":\"search_term_string\"}}],\"inLanguage\":\"fr-FR\"},{\"@type\":\"Organization\",\"@id\":\"https:\/\/www.lively.brussels\/#organization\",\"name\":\"Sense Brussels SCRL\",\"url\":\"https:\/\/www.lively.brussels\/\",\"logo\":{\"@type\":\"ImageObject\",\"inLanguage\":\"fr-FR\",\"@id\":\"https:\/\/www.lively.brussels\/#\/schema\/logo\/image\/\",\"url\":\"https:\/\/www.lively.brussels\/wp-content\/uploads\/2020\/08\/Lively_Favicon.jpg\",\"contentUrl\":\"https:\/\/www.lively.brussels\/wp-content\/uploads\/2020\/08\/Lively_Favicon.jpg\",\"width\":134,\"height\":134,\"caption\":\"Sense Brussels SCRL\"},\"image\":{\"@id\":\"https:\/\/www.lively.brussels\/#\/schema\/logo\/image\/\"},\"sameAs\":[\"https:\/\/www.facebook.com\/LivelyBrussels\/\",\"https:\/\/x.com\/BrusselsLively\",\"https:\/\/www.instagram.com\/livelybrussels\/\",\"https:\/\/www.linkedin.com\/company\/lively-brussels\"]},{\"@type\":\"Person\",\"@id\":\"https:\/\/www.lively.brussels\/#\/schema\/person\/513c2163235ab492c2ac802243603145\",\"name\":\"Manu\",\"image\":{\"@type\":\"ImageObject\",\"inLanguage\":\"fr-FR\",\"@id\":\"https:\/\/secure.gravatar.com\/avatar\/78dc24ed0bea672dff4419428bda20458e97a17d76419c084f2537c82a266981?s=96&d=mm&r=g\",\"url\":\"https:\/\/secure.gravatar.com\/avatar\/78dc24ed0bea672dff4419428bda20458e97a17d76419c084f2537c82a266981?s=96&d=mm&r=g\",\"contentUrl\":\"https:\/\/secure.gravatar.com\/avatar\/78dc24ed0bea672dff4419428bda20458e97a17d76419c084f2537c82a266981?s=96&d=mm&r=g\",\"caption\":\"Manu\"},\"url\":\"https:\/\/www.lively.brussels\/index.php\/author\/emmanuellively-brussels\/\"}]}<\/script>\n<!-- \/ Yoast SEO plugin. -->","yoast_head_json":{"title":"Reparator Guide &#060; LIVELY - Le WebMag de l&#039;\u00e9conomie circulaire","description":"Le Webmagazine de l'\u00e9conomie circulaire \u00e0 Bruxelles, de la transition \u00e9conomique et de la durabilit\u00e9.","robots":{"index":"index","follow":"follow","max-snippet":"max-snippet:-1","max-image-preview":"max-image-preview:large","max-video-preview":"max-video-preview:-1"},"canonical":"https:\/\/www.lively.brussels\/index.php\/2021\/05\/18\/reparator-guide\/","og_locale":"fr_FR","og_type":"article","og_title":"Reparator Guide &#060; LIVELY - Le WebMag de l&#039;\u00e9conomie circulaire","og_description":"Le Webmagazine de l'\u00e9conomie circulaire \u00e0 Bruxelles, de la transition \u00e9conomique et de la durabilit\u00e9.","og_url":"https:\/\/www.lively.brussels\/index.php\/2021\/05\/18\/reparator-guide\/","og_site_name":"LIVELY - Le WebMag de l&#039;\u00e9conomie circulaire","article_publisher":"https:\/\/www.facebook.com\/LivelyBrussels\/","article_published_time":"2021-05-18T18:30:54+00:00","article_modified_time":"2021-05-21T07:59:08+00:00","og_image":[{"width":750,"height":500,"url":"https:\/\/www.lively.brussels\/wp-content\/uploads\/2021\/05\/2021-04-30-LIVELY-POST-43-Reparateurs-1A-NEW.jpg","type":"image\/jpeg"}],"author":"Manu","twitter_card":"summary_large_image","twitter_creator":"@BrusselsLively","twitter_site":"@BrusselsLively","twitter_misc":{"\u00c9crit par":"Manu","Dur\u00e9e de lecture estim\u00e9e":"6 minutes"},"schema":{"@context":"https:\/\/schema.org","@graph":[{"@type":"Article","@id":"https:\/\/www.lively.brussels\/index.php\/2021\/05\/18\/reparator-guide\/#article","isPartOf":{"@id":"https:\/\/www.lively.brussels\/index.php\/2021\/05\/18\/reparator-guide\/"},"author":{"name":"Manu","@id":"https:\/\/www.lively.brussels\/#\/schema\/person\/513c2163235ab492c2ac802243603145"},"headline":"Reparator Guide","datePublished":"2021-05-18T18:30:54+00:00","dateModified":"2021-05-21T07:59:08+00:00","mainEntityOfPage":{"@id":"https:\/\/www.lively.brussels\/index.php\/2021\/05\/18\/reparator-guide\/"},"wordCount":1111,"commentCount":1,"publisher":{"@id":"https:\/\/www.lively.brussels\/#organization"},"image":{"@id":"https:\/\/www.lively.brussels\/index.php\/2021\/05\/18\/reparator-guide\/#primaryimage"},"thumbnailUrl":"https:\/\/www.lively.brussels\/wp-content\/uploads\/2021\/05\/2021-04-30-LIVELY-POST-43-Reparateurs-1A-NEW.jpg","articleSection":["R\u00e9paration"],"inLanguage":"fr-FR","potentialAction":[{"@type":"CommentAction","name":"Comment","target":["https:\/\/www.lively.brussels\/index.php\/2021\/05\/18\/reparator-guide\/#respond"]}]},{"@type":"WebPage","@id":"https:\/\/www.lively.brussels\/index.php\/2021\/05\/18\/reparator-guide\/","url":"https:\/\/www.lively.brussels\/index.php\/2021\/05\/18\/reparator-guide\/","name":"Reparator Guide &#060; LIVELY - Le WebMag de l&#039;\u00e9conomie circulaire","isPartOf":{"@id":"https:\/\/www.lively.brussels\/#website"},"primaryImageOfPage":{"@id":"https:\/\/www.lively.brussels\/index.php\/2021\/05\/18\/reparator-guide\/#primaryimage"},"image":{"@id":"https:\/\/www.lively.brussels\/index.php\/2021\/05\/18\/reparator-guide\/#primaryimage"},"thumbnailUrl":"https:\/\/www.lively.brussels\/wp-content\/uploads\/2021\/05\/2021-04-30-LIVELY-POST-43-Reparateurs-1A-NEW.jpg","datePublished":"2021-05-18T18:30:54+00:00","dateModified":"2021-05-21T07:59:08+00:00","description":"Le Webmagazine de l'\u00e9conomie circulaire \u00e0 Bruxelles, de la transition \u00e9conomique et de la durabilit\u00e9.","breadcrumb":{"@id":"https:\/\/www.lively.brussels\/index.php\/2021\/05\/18\/reparator-guide\/#breadcrumb"},"inLanguage":"fr-FR","potentialAction":[{"@type":"ReadAction","target":["https:\/\/www.lively.brussels\/index.php\/2021\/05\/18\/reparator-guide\/"]}]},{"@type":"ImageObject","inLanguage":"fr-FR","@id":"https:\/\/www.lively.brussels\/index.php\/2021\/05\/18\/reparator-guide\/#primaryimage","url":"https:\/\/www.lively.brussels\/wp-content\/uploads\/2021\/05\/2021-04-30-LIVELY-POST-43-Reparateurs-1A-NEW.jpg","contentUrl":"https:\/\/www.lively.brussels\/wp-content\/uploads\/2021\/05\/2021-04-30-LIVELY-POST-43-Reparateurs-1A-NEW.jpg","width":750,"height":500},{"@type":"BreadcrumbList","@id":"https:\/\/www.lively.brussels\/index.php\/2021\/05\/18\/reparator-guide\/#breadcrumb","itemListElement":[{"@type":"ListItem","position":1,"name":"Accueil","item":"https:\/\/www.lively.brussels\/"},{"@type":"ListItem","position":2,"name":"Reparator Guide"}]},{"@type":"WebSite","@id":"https:\/\/www.lively.brussels\/#website","url":"https:\/\/www.lively.brussels\/","name":"LIVELY - Le WebMag de l&#039;\u00e9conomie circulaire","description":"Pour tout savoir de l&#039;\u00e9conomie circulaire \u00e0 Bruxelles, en Belgique et dans le reste de l&#039;univers","publisher":{"@id":"https:\/\/www.lively.brussels\/#organization"},"potentialAction":[{"@type":"SearchAction","target":{"@type":"EntryPoint","urlTemplate":"https:\/\/www.lively.brussels\/?s={search_term_string}"},"query-input":{"@type":"PropertyValueSpecification","valueRequired":true,"valueName":"search_term_string"}}],"inLanguage":"fr-FR"},{"@type":"Organization","@id":"https:\/\/www.lively.brussels\/#organization","name":"Sense Brussels SCRL","url":"https:\/\/www.lively.brussels\/","logo":{"@type":"ImageObject","inLanguage":"fr-FR","@id":"https:\/\/www.lively.brussels\/#\/schema\/logo\/image\/","url":"https:\/\/www.lively.brussels\/wp-content\/uploads\/2020\/08\/Lively_Favicon.jpg","contentUrl":"https:\/\/www.lively.brussels\/wp-content\/uploads\/2020\/08\/Lively_Favicon.jpg","width":134,"height":134,"caption":"Sense Brussels SCRL"},"image":{"@id":"https:\/\/www.lively.brussels\/#\/schema\/logo\/image\/"},"sameAs":["https:\/\/www.facebook.com\/LivelyBrussels\/","https:\/\/x.com\/BrusselsLively","https:\/\/www.instagram.com\/livelybrussels\/","https:\/\/www.linkedin.com\/company\/lively-brussels"]},{"@type":"Person","@id":"https:\/\/www.lively.brussels\/#\/schema\/person\/513c2163235ab492c2ac802243603145","name":"Manu","image":{"@type":"ImageObject","inLanguage":"fr-FR","@id":"https:\/\/secure.gravatar.com\/avatar\/78dc24ed0bea672dff4419428bda20458e97a17d76419c084f2537c82a266981?s=96&d=mm&r=g","url":"https:\/\/secure.gravatar.com\/avatar\/78dc24ed0bea672dff4419428bda20458e97a17d76419c084f2537c82a266981?s=96&d=mm&r=g","contentUrl":"https:\/\/secure.gravatar.com\/avatar\/78dc24ed0bea672dff4419428bda20458e97a17d76419c084f2537c82a266981?s=96&d=mm&r=g","caption":"Manu"},"url":"https:\/\/www.lively.brussels\/index.php\/author\/emmanuellively-brussels\/"}]}},"_links":{"self":[{"href":"https:\/\/www.lively.brussels\/index.php\/wp-json\/wp\/v2\/posts\/2549","targetHints":{"allow":["GET"]}}],"collection":[{"href":"https:\/\/www.lively.brussels\/index.php\/wp-json\/wp\/v2\/posts"}],"about":[{"href":"https:\/\/www.lively.brussels\/index.php\/wp-json\/wp\/v2\/types\/post"}],"author":[{"embeddable":true,"href":"https:\/\/www.lively.brussels\/index.php\/wp-json\/wp\/v2\/users\/9"}],"replies":[{"embeddable":true,"href":"https:\/\/www.lively.brussels\/index.php\/wp-json\/wp\/v2\/comments?post=2549"}],"version-history":[{"count":22,"href":"https:\/\/www.lively.brussels\/index.php\/wp-json\/wp\/v2\/posts\/2549\/revisions"}],"predecessor-version":[{"id":3038,"href":"https:\/\/www.lively.brussels\/index.php\/wp-json\/wp\/v2\/posts\/2549\/revisions\/3038"}],"wp:featuredmedia":[{"embeddable":true,"href":"https:\/\/www.lively.brussels\/index.php\/wp-json\/wp\/v2\/media\/3033"}],"wp:attachment":[{"href":"https:\/\/www.lively.brussels\/index.php\/wp-json\/wp\/v2\/media?parent=2549"}],"wp:term":[{"taxonomy":"category","embeddable":true,"href":"https:\/\/www.lively.brussels\/index.php\/wp-json\/wp\/v2\/categories?post=2549"},{"taxonomy":"post_tag","embeddable":true,"href":"https:\/\/www.lively.brussels\/index.php\/wp-json\/wp\/v2\/tags?post=2549"}],"curies":[{"name":"wp","href":"https:\/\/api.w.org\/{rel}","templated":true}]}}