{"id":2657,"date":"2023-05-18T18:30:31","date_gmt":"2023-05-18T18:30:31","guid":{"rendered":"https:\/\/www.lively.brussels\/?p=2657"},"modified":"2024-05-21T10:08:46","modified_gmt":"2024-05-21T10:08:46","slug":"grands-coeurs","status":"publish","type":"post","link":"https:\/\/www.lively.brussels\/index.php\/2023\/05\/18\/grands-coeurs\/","title":{"rendered":"Grands C\u0153urs"},"content":{"rendered":"\n<p><strong>Ce qui est vraiment g\u00e9nial avec l\u2019\u00e9conomie circulaire <\/strong>(et, plus g\u00e9n\u00e9ralement, avec l\u2019\u00e9conomie de la vertu, comme on aime bien l\u2019appeler), <strong>c\u2019est sa facult\u00e9 \u00e0 m\u00ealer dynamisme entrepreneurial, plaisir et engagement.<\/strong><\/p>\n\n\n\n<p><strong>On bosse (beaucoup), on s\u2019amuse (souvent) et on a le c\u0153ur pur et l\u00e9ger parce qu\u2019on participe au Grand Bien Commun, cet \u00e9lan collectif pour une humanit\u00e9 et un monde plus ouverts, respectueux, pr\u00e9serv\u00e9s et positifs.<\/strong><br>On se l\u00e8ve le matin pour de bonnes journ\u00e9es de boulot et on se couche le soir avec le sentiment de faire les choses bien.<\/p>\n\n\n\n<hr class=\"wp-block-separator\"\/>\n\n\n\n<p><strong>Et dans cette grande famille, nous vous pr\u00e9sentons aujourd\u2019hui une bi\u00e8re.<\/strong><br>Je savais que \u00e7a allait vous plaire. On n\u2019attrape pas les mouches avec du vinaigre\u2026<\/p>\n\n\n\n<p><strong>Mais pas n\u2019importe laquelle, <a href=\"https:\/\/100pap.be\/\" target=\"_blank\" rel=\"noreferrer noopener\">la bi\u00e8re 100PAP, la Bi\u00e8re Solidaire.<\/a><\/strong><\/p>\n\n\n\n<p><strong>Alors, c\u2019est quoi une bi\u00e8re solidaire&nbsp;?<\/strong><br>Non, ce n\u2019est pas seulement une bi\u00e8re qu\u2019on boit avec de nombreux potes. Enfin, pas seulement.<br>Et, non, ce n\u2019est pas non plus la derni\u00e8re bi\u00e8re dans le frigo. <br>\u00c7a, c\u2019est la bi\u00e8re solitaire\u2026<\/p>\n\n\n\n<p><strong>Eh bien, pour r\u00e9pondre \u00e0 cette question, nous avons demand\u00e9 \u00e0 Nathalie et Paul qui font partie de l\u2019\u00e9quipe qui g\u00e8re <a href=\"https:\/\/100pap.be\/a-propos\/\" target=\"_blank\" rel=\"noreferrer noopener\">ce projet magnifique<\/a>.<\/strong><\/p>\n\n\n\n<hr class=\"wp-block-separator\"\/>\n\n\n\n<h2 class=\"wp-block-heading\"><strong>Sant\u00e9, Solidarit\u00e9<\/strong><\/h2>\n\n\n\n<p><strong>Du coup, Nathalie et Paul, qu\u2019est-ce que c\u2019est que cette bi\u00e8re&nbsp;? <br>Et qu\u2019est-ce qu\u2019elle a de sp\u00e9cial&nbsp;?<\/strong><\/p>\n\n\n\n<p><em><strong>\u00ab&nbsp;Par rapport \u00e0 toutes les autres bi\u00e8res, ce qu\u2019elle a de diff\u00e9rent, c\u2019est que celle-ci, elle est solidaire. <\/strong><\/em><br><strong><em>\u00c7a veut dire que tous les b\u00e9n\u00e9fices du projet sont vers\u00e9s \u00e0 la cause. <\/em><br><em>Et la cause, c\u2019est le droit au logement pour tout le monde et, en l\u2019occurrence ici, pour les personnes sans papiers. <\/em><\/strong><br><em>Parce que si tu n\u2019as pas de papiers, trouver un propri\u00e9taire qui va te louer un logement, ce n\u2019est pas que c\u2019est compliqu\u00e9, c\u2019est juste pas possible&nbsp;\u00bb.<\/em><\/p>\n\n\n\n<p><strong>Du coup, pour chaque bi\u00e8re qu\u2019on ach\u00e8te, on vous soutient dans cette cause, c\u2019est bien \u00e7a&nbsp;?<\/strong><\/p>\n\n\n\n<p><strong>\u00ab&nbsp;<em>Exactement. D\u2019o\u00f9 le nom de la bi\u00e8re \u00ab\u2009100PAP\u2009\u00bb et la carte d\u2019identit\u00e9 sur l\u2019\u00e9tiquette. <\/em><br><em>Avec nos partenaires, on fabrique et on vend cette bi\u00e8re et tous les b\u00e9n\u00e9fices vont au projet.<\/em><\/strong><\/p>\n\n\n\n<figure class=\"wp-block-image size-large\"><img loading=\"lazy\" decoding=\"async\" width=\"750\" height=\"500\" src=\"https:\/\/www.lively.brussels\/wp-content\/uploads\/2021\/05\/2021-04-30-LIVELY-POST-46-BIERE-100PAP-10.jpg\" alt=\"\" class=\"wp-image-2666\" srcset=\"https:\/\/www.lively.brussels\/wp-content\/uploads\/2021\/05\/2021-04-30-LIVELY-POST-46-BIERE-100PAP-10.jpg 750w, https:\/\/www.lively.brussels\/wp-content\/uploads\/2021\/05\/2021-04-30-LIVELY-POST-46-BIERE-100PAP-10-300x200.jpg 300w, https:\/\/www.lively.brussels\/wp-content\/uploads\/2021\/05\/2021-04-30-LIVELY-POST-46-BIERE-100PAP-10-610x407.jpg 610w, https:\/\/www.lively.brussels\/wp-content\/uploads\/2021\/05\/2021-04-30-LIVELY-POST-46-BIERE-100PAP-10-640x427.jpg 640w\" sizes=\"auto, (max-width: 750px) 100vw, 750px\" \/><figcaption><a href=\"https:\/\/100pap.be\/a-propos\/\" target=\"_blank\" rel=\"noreferrer noopener\">100PAP, la bi\u00e8re solidaire<br>Pour aider les sans-papiers<\/a><\/figcaption><\/figure>\n\n\n\n<p><em><strong>En chiffres, c\u2019est clair&nbsp;:<\/strong><\/em><\/p>\n\n\n\n<ul class=\"wp-block-list\"><li><em><strong>20&nbsp;% des b\u00e9n\u00e9fices servent \u00e0 faire tourner la boutique<\/strong>, payer le brasseur, payer les frais de stockage, de livraison et tous les frais qui vont avec, la certification bio et tutti quanti.<\/em><\/li><li><em><strong>30&nbsp;% vont dans les aides directes aux collectifs de sans-papiers <\/strong>pour financer des occupations \u00e0 court terme, prendre en charge des frais de loyers, de charges, d\u2019assurances, de garanties locatives ou d\u2019\u00e9ventuels travaux de r\u00e9novation. On a d\u00e9j\u00e0 donn\u00e9 plus de 20.000&nbsp;\u20ac en aides directes depuis qu\u2019on existe.<\/em><\/li><li><em><strong>50 % enfin sont consacr\u00e9s \u00e0 de l\u2019\u00e9pargne \u00e0 long terme pour financer l&rsquo;acc\u00e8s \u00e0 un ou plusieurs b\u00e2timents de mani\u00e8re p\u00e9renne et non pr\u00e9caire.<\/strong> <\/em><br><em>\u00c7a c\u2019est vraiment notre grand projet, acqu\u00e9rir un b\u00e2timent qu\u2019on pourra mettre durablement \u00e0 disposition des sans-papiers. Et, pour le moment, il y a plus ou moins 42.000&nbsp;\u20ac sur ce compte \u00e9pargne&nbsp;\u00bb.<\/em><\/li><\/ul>\n\n\n\n<p><\/p>\n\n\n\n<p><strong>Une sacr\u00e9e histoire, n\u2019est-ce pas&nbsp;?<\/strong><br>Et un v\u00e9ritable engagement militant. <br><strong>Parce que ce dont on parle, c\u2019est des conditions de vie de milliers de femmes, d\u2019hommes et de familles sans logement. <\/strong><br>Un vrai sujet.<\/p>\n\n\n\n<figure class=\"wp-block-image size-large\"><img loading=\"lazy\" decoding=\"async\" width=\"750\" height=\"500\" src=\"https:\/\/www.lively.brussels\/wp-content\/uploads\/2021\/05\/2021-04-30-LIVELY-POST-46-BIERE-100PAP-5.jpg\" alt=\"\" class=\"wp-image-2663\" srcset=\"https:\/\/www.lively.brussels\/wp-content\/uploads\/2021\/05\/2021-04-30-LIVELY-POST-46-BIERE-100PAP-5.jpg 750w, https:\/\/www.lively.brussels\/wp-content\/uploads\/2021\/05\/2021-04-30-LIVELY-POST-46-BIERE-100PAP-5-300x200.jpg 300w, https:\/\/www.lively.brussels\/wp-content\/uploads\/2021\/05\/2021-04-30-LIVELY-POST-46-BIERE-100PAP-5-610x407.jpg 610w, https:\/\/www.lively.brussels\/wp-content\/uploads\/2021\/05\/2021-04-30-LIVELY-POST-46-BIERE-100PAP-5-640x427.jpg 640w\" sizes=\"auto, (max-width: 750px) 100vw, 750px\" \/><\/figure>\n\n\n\n<hr class=\"wp-block-separator\"\/>\n\n\n\n<h2 class=\"wp-block-heading\"><strong>Boire pour la cause<\/strong><\/h2>\n\n\n\n<p><strong>Du militantisme social \u00e0 la fabrication de bi\u00e8re, il y a quand m\u00eame un pas. <br>Original et cr\u00e9atif, on ne peut pas dire.<\/strong><\/p>\n\n\n\n<p><strong>Mais comment une id\u00e9e pareille a pu vous venir \u00e0 l\u2019esprit&nbsp;?<\/strong><\/p>\n\n\n\n<p><strong>\u00ab&nbsp;<em>Tout est n\u00e9 des \u00e9v\u00e8nements au parc Maximilien<\/em><\/strong> (o\u00f9 de nombreux demandeurs d\u2019asile et r\u00e9fugi\u00e9s s\u2019\u00e9taient rassembl\u00e9s avant d\u2019\u00eatre \u00e9vacu\u00e9s par la police &#8211; NDLR). <br><strong><em>Pour nous, ce n\u2019\u00e9tait simplement pas possible&nbsp;! <\/em><br><em>Et donc, les premiers membres de l\u2019\u00e9quipe ont fait une r\u00e9union pour essayer de trouver une solution&nbsp;\u00bb.<\/em><\/strong><\/p>\n\n\n\n<blockquote class=\"wp-block-quote is-layout-flow wp-block-quote-is-layout-flow\"><p><em>\u00ab&nbsp;Et autour de la table, ils avaient soif et il n\u2019y avait rien \u00e0 boire. <\/em><br><em>Alors, il y en a un qui a dit&nbsp;: <\/em><br><em>\u2018Quelqu\u2019un a pens\u00e9 \u00e0 prendre de la bi\u00e8re\u2009?\u2019&nbsp;\u00bb<\/em><\/p><\/blockquote>\n\n\n\n<p><strong><em>\u00ab&nbsp;Non, personne&nbsp;? <\/em><br><em>Ah, mais c\u2019est \u00e7a qu\u2019il faudrait faire, une bi\u00e8re&nbsp;! <\/em><br><em>Et donc voil\u00e0, de l\u00e0 est partie l\u2019id\u00e9e de cette bi\u00e8re solidaire. <\/em><br><em>C\u2019est pour \u00e7a que je t\u2019ai dit au d\u00e9but&nbsp;: la cl\u00e9 du truc c\u2019est que tu bois pour une cause. <\/em><\/strong><br><em>Tu as vu tous les gens qui aiment la bi\u00e8re et qui l\u2019ach\u00e8tent n\u2019importe o\u00f9, \u00e0 de gros industriels. Et c\u2019est \u00e7a qu\u2019on a chang\u00e9. <\/em><br><em><strong>C\u2019est \u00e7a qui est nouveau&nbsp;\u00bb.<\/strong><\/em><\/p>\n\n\n\n<hr class=\"wp-block-separator\"\/>\n\n\n\n<h2 class=\"wp-block-heading\"><strong>Pour et avec les sans-papiers<\/strong><\/h2>\n\n\n\n<p><strong>Fondamentalement, avant d\u2019\u00eatre des brasseurs, <a href=\"https:\/\/100pap.be\/structure\/\" target=\"_blank\" rel=\"noreferrer noopener\">les b\u00e9n\u00e9voles du collectif h\u00e9berg\u00e9 par l\u2019asbl Bruxelles Initiatives (BXI)<\/a> sont des militants pour le droit au logement des sans-papiers.<\/strong><\/p>\n\n\n\n<figure class=\"wp-block-image size-large\"><a href=\"https:\/\/vimeo.com\/183806192\" target=\"_blank\" rel=\"noopener\" class=\"img-link\"><img loading=\"lazy\" decoding=\"async\" width=\"750\" height=\"500\" src=\"https:\/\/www.lively.brussels\/wp-content\/uploads\/2021\/05\/2021-04-30-LIVELY-POST-46-BIERE-100PAP-8.jpg\" alt=\"\" class=\"wp-image-2679\" srcset=\"https:\/\/www.lively.brussels\/wp-content\/uploads\/2021\/05\/2021-04-30-LIVELY-POST-46-BIERE-100PAP-8.jpg 750w, https:\/\/www.lively.brussels\/wp-content\/uploads\/2021\/05\/2021-04-30-LIVELY-POST-46-BIERE-100PAP-8-300x200.jpg 300w, https:\/\/www.lively.brussels\/wp-content\/uploads\/2021\/05\/2021-04-30-LIVELY-POST-46-BIERE-100PAP-8-610x407.jpg 610w, https:\/\/www.lively.brussels\/wp-content\/uploads\/2021\/05\/2021-04-30-LIVELY-POST-46-BIERE-100PAP-8-640x427.jpg 640w\" sizes=\"auto, (max-width: 750px) 100vw, 750px\" \/><\/a><figcaption><a href=\"https:\/\/vimeo.com\/183806192\" target=\"_blank\" rel=\"noreferrer noopener\">Sur Zin TV, un t\u00e9moignage \u00e0 regarder<\/a><\/figcaption><\/figure>\n\n\n\n<p>Et, l\u00e0 aussi, <strong>la m\u00e9thode est int\u00e9ressante parce que l\u2019\u00e9quipe 100PAP travaille en cocr\u00e9ation efficace avec les collectifs de sans-papiers de Belgique<\/strong> avec lesquels des r\u00e9unions sont organis\u00e9s r\u00e9guli\u00e8rement (au moins une fois par trimestre) pour identifier les besoins tr\u00e8s concrets et \u00e9laborer ensemble les r\u00e9ponses et solutions \u00e0 fournir.<\/p>\n\n\n\n<p><strong>C\u2019est comme \u00e7a que \u00e7a marche, Nathalie et Paul&nbsp;?<\/strong><\/p>\n\n\n\n<p>\u00ab&nbsp;<em><strong>Tout \u00e0 fait. On travaille avec des collectifs de personnes sans papiers, pas avec des sans-papiers individuellement. <\/strong><\/em><br><em>On est, par exemple, en relations \u00e9troites avec un collectif d\u2019Afghans et aussi avec <a href=\"https:\/\/www.facebook.com\/voixsp1\/\" target=\"_blank\" rel=\"noreferrer noopener\">la Voix des Sans-Papiers (VSP)<\/a>, un collectif bien organis\u00e9 qui g\u00e8re des occupations pr\u00e9caires. <\/em><br><em>On est en contact avec eux et ils nous font parvenir leurs petites demandes, ils connaissent le montant de l\u2019enveloppe disponible et savent comment on fonctionne.<\/em><br><em><strong>Et, nous on les aide pour les factures de gaz, d\u2019\u00e9lectricit\u00e9, de chauffage, les r\u00e9parations sanitaires, les cautions, les assurances, les d\u00e9m\u00e9nagements\u2026 donc c\u2019est vraiment de l\u2019aide tr\u00e8s pratique au logement. <\/strong><\/em><br><em>Et c\u2019est parfaitement transparent. On a des r\u00e9unions avec eux tous les deux ou trois mois&nbsp;\u00bb.<\/em><\/p>\n\n\n\n<p><strong>Efficace, pragmatique et utile.<\/strong><\/p>\n\n\n\n<figure class=\"wp-block-image size-large\"><a href=\"https:\/\/www.wearebelgiumtoo.be\/\" target=\"_blank\" rel=\"noopener\" class=\"img-link\"><img loading=\"lazy\" decoding=\"async\" width=\"750\" height=\"500\" src=\"https:\/\/www.lively.brussels\/wp-content\/uploads\/2021\/05\/2021-04-30-LIVELY-POST-46-BIERE-100PAP-11.jpg\" alt=\"\" class=\"wp-image-2680\" srcset=\"https:\/\/www.lively.brussels\/wp-content\/uploads\/2021\/05\/2021-04-30-LIVELY-POST-46-BIERE-100PAP-11.jpg 750w, https:\/\/www.lively.brussels\/wp-content\/uploads\/2021\/05\/2021-04-30-LIVELY-POST-46-BIERE-100PAP-11-300x200.jpg 300w, https:\/\/www.lively.brussels\/wp-content\/uploads\/2021\/05\/2021-04-30-LIVELY-POST-46-BIERE-100PAP-11-610x407.jpg 610w, https:\/\/www.lively.brussels\/wp-content\/uploads\/2021\/05\/2021-04-30-LIVELY-POST-46-BIERE-100PAP-11-640x427.jpg 640w\" sizes=\"auto, (max-width: 750px) 100vw, 750px\" \/><\/a><figcaption><a href=\"https:\/\/www.wearebelgiumtoo.be\/\" target=\"_blank\" rel=\"noreferrer noopener\">We are Belgium too<\/a><\/figcaption><\/figure>\n\n\n\n<hr class=\"wp-block-separator\"\/>\n\n\n\n<h2 class=\"wp-block-heading\"><strong>Et c\u2019est une vraie bi\u00e8re bruxelloise<\/strong><\/h2>\n\n\n\n<p><strong>Evidemment, la question que tous les amateurs se posent (moi le premier) est de savoir comment des militants b\u00e9n\u00e9voles au droit au logement peuvent produire une bonne bi\u00e8re. <\/strong><br><strong>Parce qu\u2019on est d\u2019accord, une bonne bi\u00e8re, \u00e7a ne se fabrique pas comme \u00e7a. <\/strong><br>On est en Belgique et les standards sont \u00e9lev\u00e9s.<\/p>\n\n\n\n<p><strong>Du coup, cette bi\u00e8re 100PAP&nbsp;? Elle vient d\u2019o\u00f9&nbsp;?<\/strong><\/p>\n\n\n\n<p><strong>\u00ab&nbsp;<em>\u00c7a aussi, c\u2019est une sacr\u00e9e histoire. <\/em><\/strong><br><em>Historiquement, une fois que l\u2019id\u00e9e a \u00e9t\u00e9 adopt\u00e9e, les membres de l\u2019\u00e9quipe sont all\u00e9es voir Antoine de <\/em><a href=\"https:\/\/jiraibrasserchezvous.com\/\" target=\"_blank\" rel=\"noreferrer noopener\"><em>\u2018<\/em>J\u2019irais brasser chez vous\u2019<em>, des passionn\u00e9s de bi\u00e8re et bons brasseurs<\/em><\/a><em>, qui leur a dit : <\/em><br><em>\u2018<\/em>Bah moi, j\u2019en ai une de bi\u00e8re pour vous si elle vous pla\u00eet. Elle est l\u00e0, on met les \u00e9tiquettes dessus et voil\u00e0 quoi<em>\u2019. <\/em><br><em>Ils ont fait \u00e7a, ils ont pris cette bi\u00e8re, ils ont coll\u00e9 eux-m\u00eames mis les \u00e9tiquettes dessus. Et voil\u00e0.<\/em><\/p>\n\n\n\n<p><strong>Et ce n\u2019est que le d\u00e9but de l\u2019histoire\u2026<\/strong><\/p>\n\n\n\n<p><em>\u00ab&nbsp;Effectivement, parce qu\u2019Antoine, de \u2018<\/em>J\u2019irais brasser chez vous\u2019<em>, travaillait avec <a href=\"https:\/\/brasserie3f.be\/\" target=\"_blank\" rel=\"noreferrer noopener\">la brasserie 3F \u00e0 Frameries<\/a>. <\/em><br><em>On les a contact\u00e9s et on a travaill\u00e9 en direct avec eux un moment. <strong>Mais, en fait, ce n\u2019\u00e9tait pas id\u00e9al pour nous. <\/strong><\/em><br><em>Ils ne faisaient pas de bi\u00e8re bio, ils ne proposaient pas de syst\u00e8mes de consigne pour les bouteilles et le brasseur nous imposait 8.000 litres de production minimum.<\/em><\/p>\n\n\n\n<p><strong><em>Et l\u00e0-dessus, la crise COVID. <\/em><br><em>D\u2019un seul coup, on s\u2019est retrouv\u00e9s avec 80&nbsp;% de nos partenaires ferm\u00e9s, les caf\u00e9s, les lieux culturels, tous ces lieux alternatifs\u2026 <\/em><\/strong><br><em>Tous nos clients \u00e9taient ferm\u00e9s, donc on ne pouvait pas produire et \u00e9couler 8.000&nbsp;litres.<\/em><\/p>\n\n\n\n<h2 class=\"wp-block-heading\"><em>\u00ab&nbsp;On a profit\u00e9 de la crise COVID pour rebondir et pour faire un appel d\u2019offres pour une bi\u00e8re bio et en bouteilles consign\u00e9es. <\/em><br><em>Et quand la Brasserie de la Senne a r\u00e9pondu\u2026 <\/em><br><em>c\u2019\u00e9tait d\u00e9j\u00e0 presque gagn\u00e9 d\u2019avance&nbsp;\u00bb.<\/em><\/h2>\n\n\n\n<p><em>\u00ab&nbsp;D\u2019autant que l\u2019autre candidat \u00e9tait situ\u00e9 beaucoup plus loin. <\/em><br><em><strong>Alors on a choisi <a href=\"https:\/\/www.brasseriedelasenne.be\/\" target=\"_blank\" rel=\"noreferrer noopener\">la Brasserie de la Senne<\/a>.<\/strong><\/em><br><em>On leur a donn\u00e9 la recette originale de 3F, et <strong>maintenant on a notre bi\u00e8re qui est bio, en bouteille consign\u00e9e et fabriqu\u00e9e \u00e0 Bruxelles&nbsp;\u00bb.<\/strong><\/em><\/p>\n\n\n\n<figure class=\"wp-block-image size-large\"><img loading=\"lazy\" decoding=\"async\" width=\"750\" height=\"500\" src=\"https:\/\/www.lively.brussels\/wp-content\/uploads\/2021\/05\/2021-04-30-LIVELY-POST-46-BIERE-100PAP-4.jpg\" alt=\"\" class=\"wp-image-2691\" srcset=\"https:\/\/www.lively.brussels\/wp-content\/uploads\/2021\/05\/2021-04-30-LIVELY-POST-46-BIERE-100PAP-4.jpg 750w, https:\/\/www.lively.brussels\/wp-content\/uploads\/2021\/05\/2021-04-30-LIVELY-POST-46-BIERE-100PAP-4-300x200.jpg 300w, https:\/\/www.lively.brussels\/wp-content\/uploads\/2021\/05\/2021-04-30-LIVELY-POST-46-BIERE-100PAP-4-610x407.jpg 610w, https:\/\/www.lively.brussels\/wp-content\/uploads\/2021\/05\/2021-04-30-LIVELY-POST-46-BIERE-100PAP-4-640x427.jpg 640w\" sizes=\"auto, (max-width: 750px) 100vw, 750px\" \/><figcaption><strong>Il n&rsquo;y a pas \u00e0 dire, c&rsquo;est beau.<\/strong> <br>Source : <a href=\"https:\/\/www.brasseriedelasenne.be\/\" target=\"_blank\" rel=\"noreferrer noopener\">Brasserie de la Senne<\/a><\/figcaption><\/figure>\n\n\n\n<hr class=\"wp-block-separator\"\/>\n\n\n\n<p><strong>Du coup, maintenant, vous vous demandez o\u00f9 on peut la trouver cette fameuse bi\u00e8re solidaire&nbsp;?<\/strong><\/p>\n\n\n\n<p><strong><a href=\"https:\/\/100pap.gogocarto.fr\/annuaire#\/carte\/@50.79,4.38,10z?cat=all\" target=\"_blank\" rel=\"noreferrer noopener\">Facile, il y une carte ici.<\/a><\/strong><br><strong><a href=\"https:\/\/100pap.be\/acheter-de-la-100pap\/\" target=\"_blank\" rel=\"noreferrer noopener\">Et un Webshop l\u00e0. <\/a><\/strong><\/p>\n\n\n\n<figure class=\"wp-block-image size-large\"><img loading=\"lazy\" decoding=\"async\" width=\"750\" height=\"500\" src=\"https:\/\/www.lively.brussels\/wp-content\/uploads\/2021\/05\/2021-04-30-LIVELY-POST-46-BIERE-100PAP-3.jpg\" alt=\"\" class=\"wp-image-2697\" srcset=\"https:\/\/www.lively.brussels\/wp-content\/uploads\/2021\/05\/2021-04-30-LIVELY-POST-46-BIERE-100PAP-3.jpg 750w, https:\/\/www.lively.brussels\/wp-content\/uploads\/2021\/05\/2021-04-30-LIVELY-POST-46-BIERE-100PAP-3-300x200.jpg 300w, https:\/\/www.lively.brussels\/wp-content\/uploads\/2021\/05\/2021-04-30-LIVELY-POST-46-BIERE-100PAP-3-610x407.jpg 610w, https:\/\/www.lively.brussels\/wp-content\/uploads\/2021\/05\/2021-04-30-LIVELY-POST-46-BIERE-100PAP-3-640x427.jpg 640w\" sizes=\"auto, (max-width: 750px) 100vw, 750px\" \/><figcaption>Et, bien s\u00fbr aussi, dans <a href=\"https:\/\/100pap.gogocarto.fr\/annuaire#\/carte\/@50.839,4.363,13z?cat=all\" target=\"_blank\" rel=\"noreferrer noopener\">la plupart des bars un peu s\u00e9rieux de Bruxelles.<\/a> <br>Source : <a href=\"https:\/\/www.facebook.com\/100PAP.beer\" target=\"_blank\" rel=\"noreferrer noopener\">Facebook 100PAP<\/a><\/figcaption><\/figure>\n\n\n\n<hr class=\"wp-block-separator\"\/>\n\n\n\n<figure class=\"wp-block-image size-large\"><img loading=\"lazy\" decoding=\"async\" width=\"750\" height=\"500\" src=\"https:\/\/www.lively.brussels\/wp-content\/uploads\/2021\/05\/2021-04-30-LIVELY-POST-46-BIERE-100PAP-12.jpg\" alt=\"\" class=\"wp-image-2708\" srcset=\"https:\/\/www.lively.brussels\/wp-content\/uploads\/2021\/05\/2021-04-30-LIVELY-POST-46-BIERE-100PAP-12.jpg 750w, https:\/\/www.lively.brussels\/wp-content\/uploads\/2021\/05\/2021-04-30-LIVELY-POST-46-BIERE-100PAP-12-300x200.jpg 300w, https:\/\/www.lively.brussels\/wp-content\/uploads\/2021\/05\/2021-04-30-LIVELY-POST-46-BIERE-100PAP-12-610x407.jpg 610w, https:\/\/www.lively.brussels\/wp-content\/uploads\/2021\/05\/2021-04-30-LIVELY-POST-46-BIERE-100PAP-12-640x427.jpg 640w\" sizes=\"auto, (max-width: 750px) 100vw, 750px\" \/><figcaption><a href=\"https:\/\/100pap.be\/acheter-de-la-100pap\/\" target=\"_blank\" rel=\"noreferrer noopener\">Ou alors vous la faites livrer \u00e0 la maison. Facile. <\/a><\/figcaption><\/figure>\n\n\n\n<hr class=\"wp-block-separator\"\/>\n\n\n\n<h2 class=\"wp-block-heading\"><strong>Et une vraie d\u00e9marche circulaire<\/strong><\/h2>\n\n\n\n<p><strong>Consign\u00e9e, locale et bio, c\u2019est d\u00e9j\u00e0 pas mal du tout.<br>Mais, chez 100PAP, ils ne pr\u00e9voient pas de s\u2019arr\u00eater l\u00e0.<\/strong><\/p>\n\n\n\n<p><strong>Sur le sujet, Nathalie Paul ont les id\u00e9es claires&nbsp;:<\/strong> <br>\u00ab&nbsp;<em>C\u2019est vrai que le projet n\u2019est pas encore 100&nbsp;% circulaire. Mais en tout cas, il a pour ambition de tendre vers la circularit\u00e9. Et donc \u00e7a, \u00e7a se traduit notamment avec l\u2019installation du projet au sein du <a href=\"http:\/\/www.circularium.be\/fr\/\" target=\"_blank\" rel=\"noreferrer noopener\">Circularium<\/a> depuis septembre dernier<\/em> (promis on y consacre bient\u00f4t un article dans LIVELY \u2013 NDLR).<\/p>\n\n\n\n<p><em><strong>Et donc, pourquoi est-ce que 100PAP actuellement n\u2019est toujours pas \u00e0 100&nbsp;% circulaire\u2009? <\/strong><\/em><br><em><strong>Ce n\u2019est pas parce qu\u2019il n\u2019y a pas de volont\u00e9 ou parce qu\u2019il y a un d\u00e9sint\u00e9r\u00eat pour les questions d\u2019environnement, au contraire. On a plein d\u2019id\u00e9es. <\/strong><\/em><br><em>Mais, comme je le disais, il n\u2019y a que des b\u00e9n\u00e9voles dans l\u2019\u00e9quipe, donc des personnes qui ne peuvent pas \u00eatre l\u00e0 \u00e0 100&nbsp;%.<\/em><br><em><strong>Et puis aussi, il y a la finalit\u00e9 sociale<\/strong> qui fait que, forc\u00e9ment, faire des changements, transitionner vers la circularit\u00e9, \u00e7a repr\u00e9sente des co\u00fbts. <strong>Il ne faut pas oublier que le but premier du projet, c\u2019est quand m\u00eame de reverser les fonds aux sans-papiers.<\/strong><\/em><\/p>\n\n\n\n<p><em>Donc d\u00e9j\u00e0, pour le moment il y a la bouteille qui est consign\u00e9e. C\u2019est un premier pas vers la circularit\u00e9.<\/em><\/p>\n\n\n\n<p><em><strong>Cela \u00e9tant, on a plein de projets.<\/strong> <\/em><br><em>Il y a notamment la volont\u00e9 de revaloriser <a href=\"https:\/\/fr.wikipedia.org\/wiki\/Dr%C3%AAche\" target=\"_blank\" rel=\"noreferrer noopener\">la dr\u00eache (les r\u00e9sidus du brassage des&nbsp;c\u00e9r\u00e9ales)<\/a> et on en produit \u00e9norm\u00e9ment. Je pense que pour un hectolitre de bi\u00e8re, on r\u00e9cup\u00e8re 20&nbsp;kg de dr\u00eache, donc c\u2019est \u00e9norme. Et nous, la derni\u00e8re fois qu\u2019on a produit de la bi\u00e8re c\u2019\u00e9tait 55&nbsp;hectolitres donc il y a de quoi faire.<\/em><\/p>\n\n\n\n<p><em>Comment valoriser la dr\u00eache\u2009? <\/em><br><em>Il y a plein de possibilit\u00e9s&nbsp;: \u00e7a peut \u00eatre compost\u00e9, \u00e7a peut \u00eatre transform\u00e9 en crackers, en pains\u2026 Et \u00e7a peut aussi servir de nourriture pour les animaux, pour les poules, par exemple.<\/em><br><em><strong>Et, \u00e0 part la dr\u00eache, il y a aussi la question des bacs qu\u2019on aimerait avoir \u00e0 l\u2019avenir.<\/strong> <strong>En plastique recycl\u00e9 du coup, pour pouvoir transporter nos bi\u00e8res. <\/strong><\/em><br><em>Et \u00e7a, c\u2019est aussi un projet qui va vers plus de circularit\u00e9. Donc il y a plein d\u2019id\u00e9es au sein du projet. Mais il faut le temps que \u00e7a se mette en place&nbsp;\u00bb.<\/em><\/p>\n\n\n\n<figure class=\"wp-block-image size-large\"><img loading=\"lazy\" decoding=\"async\" width=\"750\" height=\"500\" src=\"https:\/\/www.lively.brussels\/wp-content\/uploads\/2021\/05\/2021-04-30-LIVELY-POST-46-BIERE-100PAP-6.jpg\" alt=\"\" class=\"wp-image-2704\" srcset=\"https:\/\/www.lively.brussels\/wp-content\/uploads\/2021\/05\/2021-04-30-LIVELY-POST-46-BIERE-100PAP-6.jpg 750w, https:\/\/www.lively.brussels\/wp-content\/uploads\/2021\/05\/2021-04-30-LIVELY-POST-46-BIERE-100PAP-6-300x200.jpg 300w, https:\/\/www.lively.brussels\/wp-content\/uploads\/2021\/05\/2021-04-30-LIVELY-POST-46-BIERE-100PAP-6-610x407.jpg 610w, https:\/\/www.lively.brussels\/wp-content\/uploads\/2021\/05\/2021-04-30-LIVELY-POST-46-BIERE-100PAP-6-640x427.jpg 640w\" sizes=\"auto, (max-width: 750px) 100vw, 750px\" \/><\/figure>\n\n\n\n<hr class=\"wp-block-separator\"\/>\n\n\n\n<h2 class=\"wp-block-heading\"><strong>Avec la grande famille circulaire bruxelloise<\/strong><\/h2>\n\n\n\n<p><strong>Du coup, on a voulu leur parler de <a href=\"https:\/\/fr.beerfood.be\/\" target=\"_blank\" rel=\"noreferrer noopener\">Beerfood, un acteur circulaire bien connu des amateurs, qui justement r\u00e9cup\u00e8re les grains utilis\u00e9s pour la fabrication de la bi\u00e8re pour produire de d\u00e9licieux crackers. <\/a><\/strong><br><strong>Eat Beer&nbsp;!<\/strong><\/p>\n\n\n\n<figure class=\"wp-block-image size-large\"><a href=\"https:\/\/fr.beerfood.be\/\" target=\"_blank\" rel=\"noopener\" class=\"img-link\"><img loading=\"lazy\" decoding=\"async\" width=\"750\" height=\"500\" src=\"https:\/\/www.lively.brussels\/wp-content\/uploads\/2021\/05\/2021-04-30-LIVELY-POST-46-BIERE-100PAP-13.jpg\" alt=\"\" class=\"wp-image-2717\" srcset=\"https:\/\/www.lively.brussels\/wp-content\/uploads\/2021\/05\/2021-04-30-LIVELY-POST-46-BIERE-100PAP-13.jpg 750w, https:\/\/www.lively.brussels\/wp-content\/uploads\/2021\/05\/2021-04-30-LIVELY-POST-46-BIERE-100PAP-13-300x200.jpg 300w, https:\/\/www.lively.brussels\/wp-content\/uploads\/2021\/05\/2021-04-30-LIVELY-POST-46-BIERE-100PAP-13-610x407.jpg 610w, https:\/\/www.lively.brussels\/wp-content\/uploads\/2021\/05\/2021-04-30-LIVELY-POST-46-BIERE-100PAP-13-640x427.jpg 640w\" sizes=\"auto, (max-width: 750px) 100vw, 750px\" \/><\/a><figcaption><strong><a href=\"https:\/\/fr.beerfood.be\/\" target=\"_blank\" rel=\"noreferrer noopener\">Beer Food &#8211; Eat Beer !<\/a><\/strong><\/figcaption><\/figure>\n\n\n\n<p><strong>Mais \u00e9videmment, ils connaissaient d\u00e9j\u00e0.<\/strong><\/p>\n\n\n\n<p><strong>\u00ab&nbsp;<em><a href=\"https:\/\/fr.beerfood.be\/\" target=\"_blank\" rel=\"noreferrer noopener\">Beerfood&nbsp;?<\/a> On les aime, comme on les aime\u2009! <\/em><\/strong><br><em>Pour notre anniversaire, on leur a achet\u00e9 200&nbsp;paquets. C\u2019est\u2026 c\u2019est g\u00e9nial ce qu\u2019ils font&nbsp;! On leur en a parl\u00e9 mais l\u00e0-aussi, ce n\u2019est pas simple. Il faut une installation sp\u00e9ciale chez le brasseur pour que \u00e7a marche\u2026 parce qu\u2019en fait, la dr\u00e8che, elle doit \u00eatre r\u00e9cup\u00e9r\u00e9e dans la journ\u00e9e. En un jour elle est morte.<\/em> <em>Donc \u00e7a doit \u00eatre fait vite, \u00e7a doit \u00eatre vraiment bien retir\u00e9, repris, s\u00e9ch\u00e9, etc.<\/em><br><em>Et en plus, il a pas mal de questions administratives \u00e0 r\u00e9gler pour pouvoir r\u00e9cup\u00e9rer la dr\u00eache \u00e0 la Brasserie de la Senne et la confier \u00e0 Beerfood. Et du coup, finalement, on en vient \u00e0 se demander comment revaloriser notre dr\u00eache \u00e0 nous, celle qui est issue de notre propre bi\u00e8re. <\/em><br><em>On est vraiment dans toutes ces r\u00e9flexions aujourd\u2019hui&nbsp;\u00bb.<\/em><\/p>\n\n\n\n<p><strong>\u00c7a cogite dur chez 100PAP, faut reconnaitre. <br>Et carr\u00e9ment dans le bon sens.<\/strong><\/p>\n\n\n\n<p><strong>Parce qu\u2019ils ont aussi pens\u00e9 aux bacs. Et toujours avec la grande famille circulaire bruxelloise.<\/strong><\/p>\n\n\n\n<div class=\"wp-block-image\"><figure class=\"aligncenter size-large is-resized\"><a href=\"http:\/\/belalbatros.com\/\" target=\"_blank\" rel=\"noopener\" class=\"img-link\"><img loading=\"lazy\" decoding=\"async\" src=\"https:\/\/www.lively.brussels\/wp-content\/uploads\/2021\/05\/logo-bel-albatros7-1024x583.jpg\" alt=\"\" class=\"wp-image-2721\" width=\"256\" height=\"146\" srcset=\"https:\/\/www.lively.brussels\/wp-content\/uploads\/2021\/05\/logo-bel-albatros7-1024x583.jpg 1024w, https:\/\/www.lively.brussels\/wp-content\/uploads\/2021\/05\/logo-bel-albatros7-300x171.jpg 300w, https:\/\/www.lively.brussels\/wp-content\/uploads\/2021\/05\/logo-bel-albatros7-768x437.jpg 768w, https:\/\/www.lively.brussels\/wp-content\/uploads\/2021\/05\/logo-bel-albatros7-610x347.jpg 610w, https:\/\/www.lively.brussels\/wp-content\/uploads\/2021\/05\/logo-bel-albatros7-640x364.jpg 640w, https:\/\/www.lively.brussels\/wp-content\/uploads\/2021\/05\/logo-bel-albatros7-878x500.jpg 878w, https:\/\/www.lively.brussels\/wp-content\/uploads\/2021\/05\/logo-bel-albatros7.jpg 1284w\" sizes=\"auto, (max-width: 256px) 100vw, 256px\" \/><\/a><figcaption><a href=\"http:\/\/belalbatros.com\/\" target=\"_blank\" rel=\"noreferrer noopener\">Bel Albatros<br>Solutions circulaires en plastqiue recycl\u00e9. <\/a><br><a href=\"https:\/\/www.lively.brussels\/index.php\/2021\/02\/26\/circular-nexus\/\" target=\"_blank\" rel=\"noreferrer noopener\">On en parle aussi ici. <\/a><\/figcaption><\/figure><\/div>\n\n\n\n<p><strong>\u00ab&nbsp;<em>Oui, pour les bacs, on a contact\u00e9 <a href=\"http:\/\/belalbatros.com\/\" target=\"_blank\" rel=\"noreferrer noopener\">Bel Albatros<\/a>,<\/em><\/strong><em> mais l\u00e0-aussi, c\u2019est assez compliqu\u00e9. Leur sp\u00e9cialit\u00e9, ce sont les grandes plaques de plastique recycl\u00e9. Et quand on a demand\u00e9 \u00e0 Guilain, il nous a dit qu\u2019il fallait compter sur un co\u00fbt de 10.000 euros environ pour les moules en plastique inject\u00e9. <\/em><br><em><strong>Cela \u00e9tant, on continue \u00e0 chercher parce qu\u2019au niveau circularit\u00e9, ce serait vraiment super. Et \u00e7a donnerait aussi une meilleure image de brasseur \u00e0 ce moment-l\u00e0&nbsp;\u00bb.<\/strong><\/em><\/p>\n\n\n\n<hr class=\"wp-block-separator\"\/>\n\n\n\n<h2 class=\"wp-block-heading\"><strong>Les secrets du faire ensemble<\/strong><\/h2>\n\n\n\n<p><strong>Impressionnante, l\u2019\u00e9quipe 100PAP, je trouve. <br>Ils aident les sans-papiers, ils produisent et vendent de la bi\u00e8re, ils d\u00e9veloppent plein d\u2019initiatives circulaires\u2026<\/strong><\/p>\n\n\n\n<p><strong>Mais, comment fait-on tout cela quand on est un collectif de b\u00e9n\u00e9voles&nbsp;?<\/strong><br>C\u2019est l\u2019une des grandes questions qu\u2019on aime explorer chez LIVELY, en lien \u00e9videmment avec <a href=\"https:\/\/www.lively.brussels\/index.php\/2021\/04\/01\/tous-pour-les-biens-communs\/\" target=\"_blank\" rel=\"noreferrer noopener\">les Biens Communs.<\/a><\/p>\n\n\n\n<p><strong>Comment faire pour que \u00e7a marche&nbsp;? <br>Quels sont les bons trucs pour faire vivre un collectif autour de projets partag\u00e9s&nbsp;?<\/strong><\/p>\n\n\n\n<p><strong>On a demand\u00e9 \u00e0 Nathalie et Paul. <\/strong><br>R\u00e9ponses concr\u00e8tes et \u00e9clairantes.<br><strong>\u00ab&nbsp;<em>On a diff\u00e9rentes cellules pour les grandes activit\u00e9s du projet, <\/em><\/strong><em>une cellule vente, une cellule finances, une cellule de contact avec les collectifs de sans-papier, une cellule communication, etc. Et on a la chance d\u2019avoir des stagiaires qui nous aident, comme Nathalie notamment.<\/em><br><em><strong>Et, puis tous les mardis, on se r\u00e9unit et on d\u00e9cide ensemble. Donc, c\u2019est plut\u00f4t de la d\u00e9mocratie horizontale au niveau de l\u2019organisation. <\/strong>\u00c7a prend parfois plus de temps, parce qu\u2019\u00e9videmment, il faut d\u00e9battre, argumenter&#8230; La d\u00e9mocratie, c\u2019est quelque chose. Tu as des conflits d\u2019\u00e9gos, des conflits de personnalit\u00e9s, les int\u00e9r\u00eats de chacun ne sont pas les m\u00eames. Certains ont un int\u00e9r\u00eat manifeste pour les occupations de sans-papiers, certains ont un int\u00e9r\u00eat manifeste pour la bi\u00e8re, tu vois\u2009? On est une bi\u00e8re solidaire et, en fin de compte, c\u2019est un truc assez dual.<\/em><br><em><strong>Et quand on se retrouve le mardi, tout le monde argumente et met tout ce qu\u2019il a \u00e0 dire sur la table et puis on passe au vote, il n\u2019y a pas grand-chose de plus que tu puisses faire. <\/strong><\/em><br><em>La cl\u00e9 c\u2019est d\u2019avoir de vraies cellules qui fonctionnent.<\/em><br><em><strong>Mais voil\u00e0, on fait les choses ensemble, en tout cas, on essaye&nbsp;\u00bb.<\/strong><\/em><\/p>\n\n\n\n<blockquote class=\"wp-block-quote is-layout-flow wp-block-quote-is-layout-flow\"><p><em>\u00ab&nbsp;C\u2019est juste que \u00e7a prend deux fois plus de temps. <\/em><br><em>C\u2019est \u00e7a la richesse de la d\u00e9mocratie&nbsp;\u00bb.<\/em><\/p><\/blockquote>\n\n\n\n<p><strong>Dans la foul\u00e9e, Nathalie et Paul ont relev\u00e9 un autre point essentiel&nbsp;:<\/strong><br><em><strong>\u00ab&nbsp;Et, en fin de compte, je pense que \u00e7a fonctionne parce qu\u2019il y a un objectif qui est commun \u00e0 tous finalement. <\/strong>Il y a des divergences, des d\u00e9saccords et parfois des conflits. Mais finalement le but, il est commun. <strong>On veut aider les personnes sans papier \u00e0 avoir acc\u00e8s au logement. Et donc, c\u2019est \u00e7a qui fait que \u00e7a fonctionne.<\/strong><\/em><br><em>Et oui, c\u2019est \u00e7a, c\u2019est discuter, discuter, discuter et avoir un but commun. S\u2019il n\u2019y avait pas de but commun, je pense qu\u2019il y a des gens qui se d\u00e9testeraient finalement au sein de l\u2019\u00e9quipe, tu vois.<\/em><\/p>\n\n\n\n<blockquote class=\"wp-block-quote is-layout-flow wp-block-quote-is-layout-flow\"><p><em>\u00ab&nbsp;Le fait qu\u2019il y ait ce but en commun, c\u2019est \u00e7a qui fait que \u00e7a marche entre nous. <\/em><br><em>Il ne faut pas qu\u2019on oublie que notre objectif, c\u2019est \u00e7a, et il faut qu\u2019on l\u2019atteigne&nbsp;\u00bb.<\/em><\/p><\/blockquote>\n\n\n\n<figure class=\"wp-block-image size-large\"><img loading=\"lazy\" decoding=\"async\" width=\"750\" height=\"500\" src=\"https:\/\/www.lively.brussels\/wp-content\/uploads\/2021\/05\/2021-04-30-LIVELY-POST-46-BIERE-100PAP-9.jpg\" alt=\"\" class=\"wp-image-2706\" srcset=\"https:\/\/www.lively.brussels\/wp-content\/uploads\/2021\/05\/2021-04-30-LIVELY-POST-46-BIERE-100PAP-9.jpg 750w, https:\/\/www.lively.brussels\/wp-content\/uploads\/2021\/05\/2021-04-30-LIVELY-POST-46-BIERE-100PAP-9-300x200.jpg 300w, https:\/\/www.lively.brussels\/wp-content\/uploads\/2021\/05\/2021-04-30-LIVELY-POST-46-BIERE-100PAP-9-610x407.jpg 610w, https:\/\/www.lively.brussels\/wp-content\/uploads\/2021\/05\/2021-04-30-LIVELY-POST-46-BIERE-100PAP-9-640x427.jpg 640w\" sizes=\"auto, (max-width: 750px) 100vw, 750px\" \/><\/figure>\n\n\n\n<hr class=\"wp-block-separator\"\/>\n\n\n\n<h2 class=\"wp-block-heading\"><strong>Des id\u00e9es pleins la bouteille<\/strong><\/h2>\n\n\n\n<p><strong>Quel fourmillement d\u2019id\u00e9es, que de projets&nbsp;!<\/strong><\/p>\n\n\n\n<p>Et le petit mot de la fin&nbsp;de Nathalie et Paul&nbsp;:<\/p>\n\n\n\n<p><em><strong>\u00ab&nbsp;Ce qu\u2019on voulait dire aussi c\u2019est qu\u2019il y a 150.000&nbsp;sans-papiers environ en Belgique et, nous, on est peu moins de 500.<\/strong> <\/em><br><em><strong>Donc 100PAP c\u2019est un peu comme une goutte dans ce grand oc\u00e9an, mais la goutte est belle et on essaye de la faire grossir le plus possible.<\/strong><\/em><\/p>\n\n\n\n<p><em>Par exemple, je trouve que \u00e7a serait vraiment quelque chose de chouette de d\u00e9velopper un vrai march\u00e9 des boissons solidaires. Des trucs que vraiment tout le monde consomme. <\/em><br><em>Des jus de fruits, pourquoi pas&nbsp;?<\/em><\/p>\n\n\n\n<p><em>Et puis, j\u2019aimerais bien aussi qu\u2019on aide les SDF,&nbsp; tu vois. <\/em><br><em><strong>Mais voil\u00e0, c\u2019est la 100PAP, on aide les sans-papiers. \u00bb<\/strong><\/em><\/p>\n\n\n\n<p><strong>Et bien, nous est fans&nbsp;!<\/strong><\/p>\n\n\n\n<p><strong>Bravo, la 100PAP&nbsp;!<\/strong><\/p>\n\n\n\n<figure class=\"wp-block-image size-large\"><img loading=\"lazy\" decoding=\"async\" width=\"750\" height=\"500\" src=\"https:\/\/www.lively.brussels\/wp-content\/uploads\/2021\/05\/2021-04-30-LIVELY-POST-46-BIERE-100PAP-7.jpg\" alt=\"\" class=\"wp-image-2727\" srcset=\"https:\/\/www.lively.brussels\/wp-content\/uploads\/2021\/05\/2021-04-30-LIVELY-POST-46-BIERE-100PAP-7.jpg 750w, https:\/\/www.lively.brussels\/wp-content\/uploads\/2021\/05\/2021-04-30-LIVELY-POST-46-BIERE-100PAP-7-300x200.jpg 300w, https:\/\/www.lively.brussels\/wp-content\/uploads\/2021\/05\/2021-04-30-LIVELY-POST-46-BIERE-100PAP-7-610x407.jpg 610w, https:\/\/www.lively.brussels\/wp-content\/uploads\/2021\/05\/2021-04-30-LIVELY-POST-46-BIERE-100PAP-7-640x427.jpg 640w\" sizes=\"auto, (max-width: 750px) 100vw, 750px\" \/><\/figure>\n\n\n\n<hr class=\"wp-block-separator\"\/>\n\n\n\n<div class=\"wp-block-image\"><figure class=\"aligncenter size-large is-resized\"><img loading=\"lazy\" decoding=\"async\" src=\"https:\/\/www.lively.brussels\/wp-content\/uploads\/2020\/09\/by-nc-sa.eu_.png\" alt=\"\" class=\"wp-image-879\" width=\"202\" height=\"71\" srcset=\"https:\/\/www.lively.brussels\/wp-content\/uploads\/2020\/09\/by-nc-sa.eu_.png 403w, https:\/\/www.lively.brussels\/wp-content\/uploads\/2020\/09\/by-nc-sa.eu_-300x105.png 300w\" sizes=\"auto, (max-width: 202px) 100vw, 202px\" \/><\/figure><\/div>\n\n\n\n<p class=\"has-text-align-center has-small-font-size\"><a href=\"https:\/\/www.lively.brussels\/index.php\/2020\/09\/30\/creative-come-on\/\" target=\"_blank\" rel=\"noreferrer noopener\">Cet article est sous Licence Creative Commons.<\/a><br>Vous \u00eates libre de le r\u00e9utiliser (en mentionnant l\u2019auteur \u2013 BY) mais pas pour un usage commercial (NC) et pour le partager dans les m\u00eames conditions (SA).<br><a href=\"https:\/\/creativecommons.org\/licenses\/?lang=fr\" target=\"_blank\" rel=\"noreferrer noopener\">All about Creative Commons<\/a><\/p>\n","protected":false},"excerpt":{"rendered":"<p>Histoire de boire<\/p>\n","protected":false},"author":2,"featured_media":3035,"comment_status":"open","ping_status":"closed","sticky":false,"template":"","format":"standard","meta":{"ngg_post_thumbnail":0,"footnotes":""},"categories":[241],"tags":[],"class_list":["post-2657","post","type-post","status-publish","format-standard","has-post-thumbnail","hentry","category-solidarite","entry-card--landscape"],"yoast_head":"<!-- This site is optimized with the Yoast SEO plugin v27.2 - https:\/\/yoast.com\/product\/yoast-seo-wordpress\/ -->\n<title>Grands C\u0153urs &#060; LIVELY - Le WebMag de l&#039;\u00e9conomie circulaire<\/title>\n<meta name=\"description\" content=\"Le Webmagazine de l&#039;\u00e9conomie circulaire \u00e0 Bruxelles, de la transition \u00e9conomique et de la durabilit\u00e9.\" \/>\n<meta name=\"robots\" content=\"index, follow, max-snippet:-1, max-image-preview:large, max-video-preview:-1\" \/>\n<link rel=\"canonical\" href=\"https:\/\/www.lively.brussels\/index.php\/2023\/05\/18\/grands-coeurs\/\" \/>\n<meta property=\"og:locale\" content=\"fr_FR\" \/>\n<meta property=\"og:type\" content=\"article\" \/>\n<meta property=\"og:title\" content=\"Grands C\u0153urs &#060; LIVELY - Le WebMag de l&#039;\u00e9conomie circulaire\" \/>\n<meta property=\"og:description\" content=\"Le Webmagazine de l&#039;\u00e9conomie circulaire \u00e0 Bruxelles, de la transition \u00e9conomique et de la durabilit\u00e9.\" \/>\n<meta property=\"og:url\" content=\"https:\/\/www.lively.brussels\/index.php\/2023\/05\/18\/grands-coeurs\/\" \/>\n<meta property=\"og:site_name\" content=\"LIVELY - Le WebMag de l&#039;\u00e9conomie circulaire\" \/>\n<meta property=\"article:publisher\" content=\"https:\/\/www.facebook.com\/LivelyBrussels\/\" \/>\n<meta property=\"article:published_time\" content=\"2023-05-18T18:30:31+00:00\" \/>\n<meta property=\"article:modified_time\" content=\"2024-05-21T10:08:46+00:00\" \/>\n<meta property=\"og:image\" content=\"https:\/\/www.lively.brussels\/wp-content\/uploads\/2021\/05\/2021-04-30-LIVELY-POST-46-BIERE-100PAP-1NEW.jpg\" \/>\n\t<meta property=\"og:image:width\" content=\"750\" \/>\n\t<meta property=\"og:image:height\" content=\"500\" \/>\n\t<meta property=\"og:image:type\" content=\"image\/jpeg\" \/>\n<meta name=\"author\" content=\"Dan\" \/>\n<meta name=\"twitter:card\" content=\"summary_large_image\" \/>\n<meta name=\"twitter:creator\" content=\"@BrusselsLively\" \/>\n<meta name=\"twitter:site\" content=\"@BrusselsLively\" \/>\n<meta name=\"twitter:label1\" content=\"\u00c9crit par\" \/>\n\t<meta name=\"twitter:data1\" content=\"Dan\" \/>\n\t<meta name=\"twitter:label2\" content=\"Dur\u00e9e de lecture estim\u00e9e\" \/>\n\t<meta name=\"twitter:data2\" content=\"15 minutes\" \/>\n<script type=\"application\/ld+json\" class=\"yoast-schema-graph\">{\"@context\":\"https:\/\/schema.org\",\"@graph\":[{\"@type\":\"Article\",\"@id\":\"https:\/\/www.lively.brussels\/index.php\/2023\/05\/18\/grands-coeurs\/#article\",\"isPartOf\":{\"@id\":\"https:\/\/www.lively.brussels\/index.php\/2023\/05\/18\/grands-coeurs\/\"},\"author\":{\"name\":\"Dan\",\"@id\":\"https:\/\/www.lively.brussels\/#\/schema\/person\/27b8da6d7e6a73c586858220b3689813\"},\"headline\":\"Grands C\u0153urs\",\"datePublished\":\"2023-05-18T18:30:31+00:00\",\"dateModified\":\"2024-05-21T10:08:46+00:00\",\"mainEntityOfPage\":{\"@id\":\"https:\/\/www.lively.brussels\/index.php\/2023\/05\/18\/grands-coeurs\/\"},\"wordCount\":3050,\"commentCount\":0,\"publisher\":{\"@id\":\"https:\/\/www.lively.brussels\/#organization\"},\"image\":{\"@id\":\"https:\/\/www.lively.brussels\/index.php\/2023\/05\/18\/grands-coeurs\/#primaryimage\"},\"thumbnailUrl\":\"https:\/\/www.lively.brussels\/wp-content\/uploads\/2021\/05\/2021-04-30-LIVELY-POST-46-BIERE-100PAP-1NEW.jpg\",\"articleSection\":[\"Solidarit\u00e9\"],\"inLanguage\":\"fr-FR\",\"potentialAction\":[{\"@type\":\"CommentAction\",\"name\":\"Comment\",\"target\":[\"https:\/\/www.lively.brussels\/index.php\/2023\/05\/18\/grands-coeurs\/#respond\"]}]},{\"@type\":\"WebPage\",\"@id\":\"https:\/\/www.lively.brussels\/index.php\/2023\/05\/18\/grands-coeurs\/\",\"url\":\"https:\/\/www.lively.brussels\/index.php\/2023\/05\/18\/grands-coeurs\/\",\"name\":\"Grands C\u0153urs &#060; LIVELY - Le WebMag de l&#039;\u00e9conomie circulaire\",\"isPartOf\":{\"@id\":\"https:\/\/www.lively.brussels\/#website\"},\"primaryImageOfPage\":{\"@id\":\"https:\/\/www.lively.brussels\/index.php\/2023\/05\/18\/grands-coeurs\/#primaryimage\"},\"image\":{\"@id\":\"https:\/\/www.lively.brussels\/index.php\/2023\/05\/18\/grands-coeurs\/#primaryimage\"},\"thumbnailUrl\":\"https:\/\/www.lively.brussels\/wp-content\/uploads\/2021\/05\/2021-04-30-LIVELY-POST-46-BIERE-100PAP-1NEW.jpg\",\"datePublished\":\"2023-05-18T18:30:31+00:00\",\"dateModified\":\"2024-05-21T10:08:46+00:00\",\"description\":\"Le Webmagazine de l'\u00e9conomie circulaire \u00e0 Bruxelles, de la transition \u00e9conomique et de la durabilit\u00e9.\",\"breadcrumb\":{\"@id\":\"https:\/\/www.lively.brussels\/index.php\/2023\/05\/18\/grands-coeurs\/#breadcrumb\"},\"inLanguage\":\"fr-FR\",\"potentialAction\":[{\"@type\":\"ReadAction\",\"target\":[\"https:\/\/www.lively.brussels\/index.php\/2023\/05\/18\/grands-coeurs\/\"]}]},{\"@type\":\"ImageObject\",\"inLanguage\":\"fr-FR\",\"@id\":\"https:\/\/www.lively.brussels\/index.php\/2023\/05\/18\/grands-coeurs\/#primaryimage\",\"url\":\"https:\/\/www.lively.brussels\/wp-content\/uploads\/2021\/05\/2021-04-30-LIVELY-POST-46-BIERE-100PAP-1NEW.jpg\",\"contentUrl\":\"https:\/\/www.lively.brussels\/wp-content\/uploads\/2021\/05\/2021-04-30-LIVELY-POST-46-BIERE-100PAP-1NEW.jpg\",\"width\":750,\"height\":500},{\"@type\":\"BreadcrumbList\",\"@id\":\"https:\/\/www.lively.brussels\/index.php\/2023\/05\/18\/grands-coeurs\/#breadcrumb\",\"itemListElement\":[{\"@type\":\"ListItem\",\"position\":1,\"name\":\"Accueil\",\"item\":\"https:\/\/www.lively.brussels\/\"},{\"@type\":\"ListItem\",\"position\":2,\"name\":\"Grands C\u0153urs\"}]},{\"@type\":\"WebSite\",\"@id\":\"https:\/\/www.lively.brussels\/#website\",\"url\":\"https:\/\/www.lively.brussels\/\",\"name\":\"LIVELY - Le WebMag de l&#039;\u00e9conomie circulaire\",\"description\":\"Pour tout savoir de l&#039;\u00e9conomie circulaire \u00e0 Bruxelles, en Belgique et dans le reste de l&#039;univers\",\"publisher\":{\"@id\":\"https:\/\/www.lively.brussels\/#organization\"},\"potentialAction\":[{\"@type\":\"SearchAction\",\"target\":{\"@type\":\"EntryPoint\",\"urlTemplate\":\"https:\/\/www.lively.brussels\/?s={search_term_string}\"},\"query-input\":{\"@type\":\"PropertyValueSpecification\",\"valueRequired\":true,\"valueName\":\"search_term_string\"}}],\"inLanguage\":\"fr-FR\"},{\"@type\":\"Organization\",\"@id\":\"https:\/\/www.lively.brussels\/#organization\",\"name\":\"Sense Brussels SCRL\",\"url\":\"https:\/\/www.lively.brussels\/\",\"logo\":{\"@type\":\"ImageObject\",\"inLanguage\":\"fr-FR\",\"@id\":\"https:\/\/www.lively.brussels\/#\/schema\/logo\/image\/\",\"url\":\"https:\/\/www.lively.brussels\/wp-content\/uploads\/2020\/08\/Lively_Favicon.jpg\",\"contentUrl\":\"https:\/\/www.lively.brussels\/wp-content\/uploads\/2020\/08\/Lively_Favicon.jpg\",\"width\":134,\"height\":134,\"caption\":\"Sense Brussels SCRL\"},\"image\":{\"@id\":\"https:\/\/www.lively.brussels\/#\/schema\/logo\/image\/\"},\"sameAs\":[\"https:\/\/www.facebook.com\/LivelyBrussels\/\",\"https:\/\/x.com\/BrusselsLively\",\"https:\/\/www.instagram.com\/livelybrussels\/\",\"https:\/\/www.linkedin.com\/company\/lively-brussels\"]},{\"@type\":\"Person\",\"@id\":\"https:\/\/www.lively.brussels\/#\/schema\/person\/27b8da6d7e6a73c586858220b3689813\",\"name\":\"Dan\",\"image\":{\"@type\":\"ImageObject\",\"inLanguage\":\"fr-FR\",\"@id\":\"https:\/\/secure.gravatar.com\/avatar\/1c44b4e64c6affe7d245ec199692d5edbd481f3147a0239eef7565f0ac162043?s=96&d=mm&r=g\",\"url\":\"https:\/\/secure.gravatar.com\/avatar\/1c44b4e64c6affe7d245ec199692d5edbd481f3147a0239eef7565f0ac162043?s=96&d=mm&r=g\",\"contentUrl\":\"https:\/\/secure.gravatar.com\/avatar\/1c44b4e64c6affe7d245ec199692d5edbd481f3147a0239eef7565f0ac162043?s=96&d=mm&r=g\",\"caption\":\"Dan\"},\"url\":\"https:\/\/www.lively.brussels\/index.php\/author\/remade_dan\/\"}]}<\/script>\n<!-- \/ Yoast SEO plugin. -->","yoast_head_json":{"title":"Grands C\u0153urs &#060; LIVELY - Le WebMag de l&#039;\u00e9conomie circulaire","description":"Le Webmagazine de l'\u00e9conomie circulaire \u00e0 Bruxelles, de la transition \u00e9conomique et de la durabilit\u00e9.","robots":{"index":"index","follow":"follow","max-snippet":"max-snippet:-1","max-image-preview":"max-image-preview:large","max-video-preview":"max-video-preview:-1"},"canonical":"https:\/\/www.lively.brussels\/index.php\/2023\/05\/18\/grands-coeurs\/","og_locale":"fr_FR","og_type":"article","og_title":"Grands C\u0153urs &#060; LIVELY - Le WebMag de l&#039;\u00e9conomie circulaire","og_description":"Le Webmagazine de l'\u00e9conomie circulaire \u00e0 Bruxelles, de la transition \u00e9conomique et de la durabilit\u00e9.","og_url":"https:\/\/www.lively.brussels\/index.php\/2023\/05\/18\/grands-coeurs\/","og_site_name":"LIVELY - Le WebMag de l&#039;\u00e9conomie circulaire","article_publisher":"https:\/\/www.facebook.com\/LivelyBrussels\/","article_published_time":"2023-05-18T18:30:31+00:00","article_modified_time":"2024-05-21T10:08:46+00:00","og_image":[{"width":750,"height":500,"url":"https:\/\/www.lively.brussels\/wp-content\/uploads\/2021\/05\/2021-04-30-LIVELY-POST-46-BIERE-100PAP-1NEW.jpg","type":"image\/jpeg"}],"author":"Dan","twitter_card":"summary_large_image","twitter_creator":"@BrusselsLively","twitter_site":"@BrusselsLively","twitter_misc":{"\u00c9crit par":"Dan","Dur\u00e9e de lecture estim\u00e9e":"15 minutes"},"schema":{"@context":"https:\/\/schema.org","@graph":[{"@type":"Article","@id":"https:\/\/www.lively.brussels\/index.php\/2023\/05\/18\/grands-coeurs\/#article","isPartOf":{"@id":"https:\/\/www.lively.brussels\/index.php\/2023\/05\/18\/grands-coeurs\/"},"author":{"name":"Dan","@id":"https:\/\/www.lively.brussels\/#\/schema\/person\/27b8da6d7e6a73c586858220b3689813"},"headline":"Grands C\u0153urs","datePublished":"2023-05-18T18:30:31+00:00","dateModified":"2024-05-21T10:08:46+00:00","mainEntityOfPage":{"@id":"https:\/\/www.lively.brussels\/index.php\/2023\/05\/18\/grands-coeurs\/"},"wordCount":3050,"commentCount":0,"publisher":{"@id":"https:\/\/www.lively.brussels\/#organization"},"image":{"@id":"https:\/\/www.lively.brussels\/index.php\/2023\/05\/18\/grands-coeurs\/#primaryimage"},"thumbnailUrl":"https:\/\/www.lively.brussels\/wp-content\/uploads\/2021\/05\/2021-04-30-LIVELY-POST-46-BIERE-100PAP-1NEW.jpg","articleSection":["Solidarit\u00e9"],"inLanguage":"fr-FR","potentialAction":[{"@type":"CommentAction","name":"Comment","target":["https:\/\/www.lively.brussels\/index.php\/2023\/05\/18\/grands-coeurs\/#respond"]}]},{"@type":"WebPage","@id":"https:\/\/www.lively.brussels\/index.php\/2023\/05\/18\/grands-coeurs\/","url":"https:\/\/www.lively.brussels\/index.php\/2023\/05\/18\/grands-coeurs\/","name":"Grands C\u0153urs &#060; LIVELY - Le WebMag de l&#039;\u00e9conomie circulaire","isPartOf":{"@id":"https:\/\/www.lively.brussels\/#website"},"primaryImageOfPage":{"@id":"https:\/\/www.lively.brussels\/index.php\/2023\/05\/18\/grands-coeurs\/#primaryimage"},"image":{"@id":"https:\/\/www.lively.brussels\/index.php\/2023\/05\/18\/grands-coeurs\/#primaryimage"},"thumbnailUrl":"https:\/\/www.lively.brussels\/wp-content\/uploads\/2021\/05\/2021-04-30-LIVELY-POST-46-BIERE-100PAP-1NEW.jpg","datePublished":"2023-05-18T18:30:31+00:00","dateModified":"2024-05-21T10:08:46+00:00","description":"Le Webmagazine de l'\u00e9conomie circulaire \u00e0 Bruxelles, de la transition \u00e9conomique et de la durabilit\u00e9.","breadcrumb":{"@id":"https:\/\/www.lively.brussels\/index.php\/2023\/05\/18\/grands-coeurs\/#breadcrumb"},"inLanguage":"fr-FR","potentialAction":[{"@type":"ReadAction","target":["https:\/\/www.lively.brussels\/index.php\/2023\/05\/18\/grands-coeurs\/"]}]},{"@type":"ImageObject","inLanguage":"fr-FR","@id":"https:\/\/www.lively.brussels\/index.php\/2023\/05\/18\/grands-coeurs\/#primaryimage","url":"https:\/\/www.lively.brussels\/wp-content\/uploads\/2021\/05\/2021-04-30-LIVELY-POST-46-BIERE-100PAP-1NEW.jpg","contentUrl":"https:\/\/www.lively.brussels\/wp-content\/uploads\/2021\/05\/2021-04-30-LIVELY-POST-46-BIERE-100PAP-1NEW.jpg","width":750,"height":500},{"@type":"BreadcrumbList","@id":"https:\/\/www.lively.brussels\/index.php\/2023\/05\/18\/grands-coeurs\/#breadcrumb","itemListElement":[{"@type":"ListItem","position":1,"name":"Accueil","item":"https:\/\/www.lively.brussels\/"},{"@type":"ListItem","position":2,"name":"Grands C\u0153urs"}]},{"@type":"WebSite","@id":"https:\/\/www.lively.brussels\/#website","url":"https:\/\/www.lively.brussels\/","name":"LIVELY - Le WebMag de l&#039;\u00e9conomie circulaire","description":"Pour tout savoir de l&#039;\u00e9conomie circulaire \u00e0 Bruxelles, en Belgique et dans le reste de l&#039;univers","publisher":{"@id":"https:\/\/www.lively.brussels\/#organization"},"potentialAction":[{"@type":"SearchAction","target":{"@type":"EntryPoint","urlTemplate":"https:\/\/www.lively.brussels\/?s={search_term_string}"},"query-input":{"@type":"PropertyValueSpecification","valueRequired":true,"valueName":"search_term_string"}}],"inLanguage":"fr-FR"},{"@type":"Organization","@id":"https:\/\/www.lively.brussels\/#organization","name":"Sense Brussels SCRL","url":"https:\/\/www.lively.brussels\/","logo":{"@type":"ImageObject","inLanguage":"fr-FR","@id":"https:\/\/www.lively.brussels\/#\/schema\/logo\/image\/","url":"https:\/\/www.lively.brussels\/wp-content\/uploads\/2020\/08\/Lively_Favicon.jpg","contentUrl":"https:\/\/www.lively.brussels\/wp-content\/uploads\/2020\/08\/Lively_Favicon.jpg","width":134,"height":134,"caption":"Sense Brussels SCRL"},"image":{"@id":"https:\/\/www.lively.brussels\/#\/schema\/logo\/image\/"},"sameAs":["https:\/\/www.facebook.com\/LivelyBrussels\/","https:\/\/x.com\/BrusselsLively","https:\/\/www.instagram.com\/livelybrussels\/","https:\/\/www.linkedin.com\/company\/lively-brussels"]},{"@type":"Person","@id":"https:\/\/www.lively.brussels\/#\/schema\/person\/27b8da6d7e6a73c586858220b3689813","name":"Dan","image":{"@type":"ImageObject","inLanguage":"fr-FR","@id":"https:\/\/secure.gravatar.com\/avatar\/1c44b4e64c6affe7d245ec199692d5edbd481f3147a0239eef7565f0ac162043?s=96&d=mm&r=g","url":"https:\/\/secure.gravatar.com\/avatar\/1c44b4e64c6affe7d245ec199692d5edbd481f3147a0239eef7565f0ac162043?s=96&d=mm&r=g","contentUrl":"https:\/\/secure.gravatar.com\/avatar\/1c44b4e64c6affe7d245ec199692d5edbd481f3147a0239eef7565f0ac162043?s=96&d=mm&r=g","caption":"Dan"},"url":"https:\/\/www.lively.brussels\/index.php\/author\/remade_dan\/"}]}},"_links":{"self":[{"href":"https:\/\/www.lively.brussels\/index.php\/wp-json\/wp\/v2\/posts\/2657","targetHints":{"allow":["GET"]}}],"collection":[{"href":"https:\/\/www.lively.brussels\/index.php\/wp-json\/wp\/v2\/posts"}],"about":[{"href":"https:\/\/www.lively.brussels\/index.php\/wp-json\/wp\/v2\/types\/post"}],"author":[{"embeddable":true,"href":"https:\/\/www.lively.brussels\/index.php\/wp-json\/wp\/v2\/users\/2"}],"replies":[{"embeddable":true,"href":"https:\/\/www.lively.brussels\/index.php\/wp-json\/wp\/v2\/comments?post=2657"}],"version-history":[{"count":38,"href":"https:\/\/www.lively.brussels\/index.php\/wp-json\/wp\/v2\/posts\/2657\/revisions"}],"predecessor-version":[{"id":3036,"href":"https:\/\/www.lively.brussels\/index.php\/wp-json\/wp\/v2\/posts\/2657\/revisions\/3036"}],"wp:featuredmedia":[{"embeddable":true,"href":"https:\/\/www.lively.brussels\/index.php\/wp-json\/wp\/v2\/media\/3035"}],"wp:attachment":[{"href":"https:\/\/www.lively.brussels\/index.php\/wp-json\/wp\/v2\/media?parent=2657"}],"wp:term":[{"taxonomy":"category","embeddable":true,"href":"https:\/\/www.lively.brussels\/index.php\/wp-json\/wp\/v2\/categories?post=2657"},{"taxonomy":"post_tag","embeddable":true,"href":"https:\/\/www.lively.brussels\/index.php\/wp-json\/wp\/v2\/tags?post=2657"}],"curies":[{"name":"wp","href":"https:\/\/api.w.org\/{rel}","templated":true}]}}