{"id":2831,"date":"2021-05-18T18:30:35","date_gmt":"2021-05-18T18:30:35","guid":{"rendered":"https:\/\/www.lively.brussels\/?p=2831"},"modified":"2021-05-25T13:43:15","modified_gmt":"2021-05-25T13:43:15","slug":"my-cosy-place","status":"publish","type":"post","link":"https:\/\/www.lively.brussels\/index.php\/2021\/05\/18\/my-cosy-place\/","title":{"rendered":"My Cosy Place"},"content":{"rendered":"\n<p><strong>Le sujet du jour, c\u2019est le bien-\u00eatre.<\/strong><br>Un sujet plut\u00f4t positif, n\u2019est-ce pas&nbsp;?<\/p>\n\n\n\n<p><strong>Et dans la grande famille du bien-\u00eatre, je voudrais un espace de vie qui soit parfait, dans lequel je me sente bien.<\/strong><br><strong>Un agencement bien pens\u00e9, pile-poil pour mes affaires et mes petites habitudes personnelles et de travail.<br>Des mat\u00e9riaux purs et de qualit\u00e9 aux doux reflets de bois fauve\u2026<\/strong><\/p>\n\n\n\n<p><strong>Le confort, la s\u00e9r\u00e9nit\u00e9, la contemplation\u2026<\/strong><br>Autant de sensations dont a mesur\u00e9 encore plus l\u2019importance avec cette triste p\u00e9riode de confinement qui doit bient\u00f4t s\u2019achever\u2026<br><strong>O\u00f9 l\u2019on a pu se rendre compte, si c\u2019\u00e9tait encore n\u00e9cessaire, qu\u2019un cadre de vie agr\u00e9able, \u00e7a peut vraiment tout changer et faire d\u2019un espace de vie ou de travail un vrai lieu de bien-\u00eatre et de confort.<\/strong><\/p>\n\n\n\n<p><strong>Cet int\u00e9rieur cosy et chaleureux, vous y pensez, vous aussi&nbsp;?<br>Cet espace qui est \u00e0 vous, exactement comme vous le voulez.<\/strong><\/p>\n\n\n\n<p><strong>\u00c7a tombe bien parce que nous avons trouv\u00e9 l\u2019\u00e9quipe qui peut vous faire tout cela.<br>R\u00e9aliser votre petit cocon de b\u00e9atitude et de satisfaction.<\/strong><\/p>\n\n\n\n<p>Faisons les pr\u00e9sentations.<br><strong>Ch\u00e8res lectrices et lecteurs ador\u00e9(e)s de LIVELY, nous vous pr\u00e9sentons <a href=\"http:\/\/designwithsense.be\/\" target=\"_blank\" rel=\"noreferrer noopener\">Design With Sense, les cr\u00e9ateurs d\u2019int\u00e9rieurs dont vous r\u00eavez. <\/a><\/strong><br><strong>Et circulaires, \u00e9videmment.<\/strong><br>Pour que ce soit aussi confortable pour l\u2019\u00e2me que pour le corps. Et parce qu\u2019on est sur LIVELY, bien s\u00fbr.<\/p>\n\n\n\n<div class=\"wp-block-image\"><figure class=\"aligncenter size-large is-resized\"><a href=\"http:\/\/designwithsense.be\/\" target=\"_blank\" rel=\"noopener\" class=\"img-link\"><img loading=\"lazy\" decoding=\"async\" src=\"https:\/\/www.lively.brussels\/wp-content\/uploads\/2021\/05\/logo_web_black.png\" alt=\"\" class=\"wp-image-2837\" width=\"266\" height=\"23\" srcset=\"https:\/\/www.lively.brussels\/wp-content\/uploads\/2021\/05\/logo_web_black.png 354w, https:\/\/www.lively.brussels\/wp-content\/uploads\/2021\/05\/logo_web_black-300x25.png 300w\" sizes=\"auto, (max-width: 266px) 100vw, 266px\" \/><\/a><\/figure><\/div>\n\n\n\n<p><strong>Et pour d\u00e9couvrir ce magnifique projet, c\u2019est Christelle Vial qui nous fait la visite.<\/strong><br><strong>Bonjour Christelle&nbsp;!<\/strong><\/p>\n\n\n\n<figure class=\"wp-block-image size-large\"><img loading=\"lazy\" decoding=\"async\" width=\"750\" height=\"421\" src=\"https:\/\/www.lively.brussels\/wp-content\/uploads\/2021\/05\/2021-04-30-LIVELY-POST-50-DESIGN-WITH-SENSE-10.jpg\" alt=\"\" class=\"wp-image-3045\" srcset=\"https:\/\/www.lively.brussels\/wp-content\/uploads\/2021\/05\/2021-04-30-LIVELY-POST-50-DESIGN-WITH-SENSE-10.jpg 750w, https:\/\/www.lively.brussels\/wp-content\/uploads\/2021\/05\/2021-04-30-LIVELY-POST-50-DESIGN-WITH-SENSE-10-300x168.jpg 300w, https:\/\/www.lively.brussels\/wp-content\/uploads\/2021\/05\/2021-04-30-LIVELY-POST-50-DESIGN-WITH-SENSE-10-610x342.jpg 610w, https:\/\/www.lively.brussels\/wp-content\/uploads\/2021\/05\/2021-04-30-LIVELY-POST-50-DESIGN-WITH-SENSE-10-640x359.jpg 640w\" sizes=\"auto, (max-width: 750px) 100vw, 750px\" \/><figcaption><a href=\"http:\/\/designwithsense.be\/\" target=\"_blank\" rel=\"noreferrer noopener\">Bienvenue chez Design With Sense !<\/a><\/figcaption><\/figure>\n\n\n\n<hr class=\"wp-block-separator\"\/>\n\n\n\n<h2 class=\"wp-block-heading\"><strong>Fabrication circulaire\u2026<\/strong><\/h2>\n\n\n\n<p>Du coup, Christelle, <strong>c\u2019est quoi, Design With Sense&nbsp;?<\/strong><\/p>\n\n\n\n<p><strong>\u00ab&nbsp;<em>En fait, Design With Sense, c\u2019est un atelier de conception et de fabrication d\u2019espaces de vie \u00e0 haute valeur environnementale, c\u2019est-\u00e0-dire que nous travaillons essentiellement \u00e0 partir de mat\u00e9riaux de r\u00e9cup\u00e9ration (70 % minimum), principalement du bois, dans le cadre d\u2019une d\u00e9marche de r\u00e9emploi.<\/em><\/strong><\/p>\n\n\n\n<p><em><strong>Nous sommes aujourd\u2019hui organis\u00e9s en un collectif de cinq&nbsp;personnes, architectes, architectes d\u2019int\u00e9rieur et menuisiers \u00e9b\u00e9nistes, et nous travaillons aussi bien pour des particuliers que pour des entreprises, pour des espaces de bureau notamment&nbsp;\u00bb.<\/strong><\/em><\/p>\n\n\n\n<figure class=\"wp-block-image size-large\"><img loading=\"lazy\" decoding=\"async\" width=\"750\" height=\"500\" src=\"https:\/\/www.lively.brussels\/wp-content\/uploads\/2021\/05\/2021-04-30-LIVELY-POST-50-DESIGN-WITH-SENSE-2.jpg\" alt=\"\" class=\"wp-image-2845\" srcset=\"https:\/\/www.lively.brussels\/wp-content\/uploads\/2021\/05\/2021-04-30-LIVELY-POST-50-DESIGN-WITH-SENSE-2.jpg 750w, https:\/\/www.lively.brussels\/wp-content\/uploads\/2021\/05\/2021-04-30-LIVELY-POST-50-DESIGN-WITH-SENSE-2-300x200.jpg 300w, https:\/\/www.lively.brussels\/wp-content\/uploads\/2021\/05\/2021-04-30-LIVELY-POST-50-DESIGN-WITH-SENSE-2-610x407.jpg 610w, https:\/\/www.lively.brussels\/wp-content\/uploads\/2021\/05\/2021-04-30-LIVELY-POST-50-DESIGN-WITH-SENSE-2-640x427.jpg 640w\" sizes=\"auto, (max-width: 750px) 100vw, 750px\" \/><figcaption>Espaces de bien-\u00eatre<br><a href=\"http:\/\/designwithsense.be\/\" target=\"_blank\" rel=\"noreferrer noopener\">Made by Design With Sense<\/a><\/figcaption><\/figure>\n\n\n\n<hr class=\"wp-block-separator\"\/>\n\n\n\n<h2 class=\"wp-block-heading\"><strong>\u2026et design en cocr\u00e9ation<\/strong><\/h2>\n\n\n\n<p><strong>\u00c7a, c\u2019\u00e9tait pour les m\u00e9tiers, mais ce qui est tout aussi int\u00e9ressant chez Design With Sense, c\u2019est l\u2019approche.<\/strong><\/p>\n\n\n\n<p><em><strong>\u00ab&nbsp;C\u2019est vrai que c\u2019est fondamental pour nous et c\u2019est aussi ce qui fait un peu la singularit\u00e9 de Design With Sense.<\/strong><\/em><br><em><strong>En effet, nous d\u00e9veloppons tous nos projets <a href=\"http:\/\/designwithsense.be\/?page_id=3541\" target=\"_blank\" rel=\"noreferrer noopener\">dans le cadre d\u2019une vraie d\u00e9marche de cocr\u00e9ation<\/a> avec les clients. <\/strong><\/em><br><em>Et c\u2019est vraiment tr\u00e8s concret. <\/em><br><em>D\u00e8s les phases de conception, et parfois jusqu\u2019\u00e0 la production, on int\u00e8gre le client, l\u2019usager, dans les processus de travail, <strong>et cela par des m\u00e9thodes d\u2019intelligence collective que nous avons con\u00e7ues pour \u00e7a<\/strong>&nbsp;\u00bb.<\/em><\/p>\n\n\n\n<figure class=\"wp-block-image size-large\"><img loading=\"lazy\" decoding=\"async\" width=\"750\" height=\"500\" src=\"https:\/\/www.lively.brussels\/wp-content\/uploads\/2021\/05\/2021-04-30-LIVELY-POST-50-DESIGN-WITH-SENSE-3.jpg\" alt=\"\" class=\"wp-image-2849\" srcset=\"https:\/\/www.lively.brussels\/wp-content\/uploads\/2021\/05\/2021-04-30-LIVELY-POST-50-DESIGN-WITH-SENSE-3.jpg 750w, https:\/\/www.lively.brussels\/wp-content\/uploads\/2021\/05\/2021-04-30-LIVELY-POST-50-DESIGN-WITH-SENSE-3-300x200.jpg 300w, https:\/\/www.lively.brussels\/wp-content\/uploads\/2021\/05\/2021-04-30-LIVELY-POST-50-DESIGN-WITH-SENSE-3-610x407.jpg 610w, https:\/\/www.lively.brussels\/wp-content\/uploads\/2021\/05\/2021-04-30-LIVELY-POST-50-DESIGN-WITH-SENSE-3-640x427.jpg 640w\" sizes=\"auto, (max-width: 750px) 100vw, 750px\" \/><figcaption>Alors l\u00e0, ce sera ma biblioth\u00e8que !<\/figcaption><\/figure>\n\n\n\n<blockquote class=\"wp-block-quote is-layout-flow wp-block-quote-is-layout-flow\"><p><em>\u00ab&nbsp;On ne travaille pas seulement pour nos clients, mais vraiment avec eux&nbsp;\u00bb.<\/em><\/p><cite>Christelle, <a href=\"http:\/\/designwithsense.be\/\" target=\"_blank\" rel=\"noreferrer noopener\">Design With Sense<\/a><\/cite><\/blockquote>\n\n\n\n<p>\u00ab&nbsp;<em>En r\u00e8gle g\u00e9n\u00e9rale, les clients viennent vers nous avec leur id\u00e9e mais aussi avec l\u2019envie d\u2019\u00eatre conseill\u00e9, souvent pour optimiser et embellir leurs espaces. <\/em><br><em><strong>C\u2019est donc sur base de cette demande qu\u2019on d\u00e9veloppe notre approche de cocr\u00e9ation, de codesign avec le client pour \u00e9laborer d\u2019abord le concept ensemble \u00e0 partir duquel on pourra \u00e9tablir le budget.<\/strong><\/em><br><em>Puis, au fur et \u00e0 mesure du projet, on int\u00e8gre les d\u00e9tails&nbsp;\u00bb<\/em>.<\/p>\n\n\n\n<p><strong>OK, d\u2019accord. Je suis donc un client et je viens chez vous et\u2026<\/strong><br>\u00ab&nbsp;<em>En fait, \u00e7a fonctionne vraiment bien. En r\u00e8gle g\u00e9n\u00e9rale, on fait une premi\u00e8re visite (gratuite) chez le client d\u00e9j\u00e0 pour se rencontrer et s\u2019assurer que \u00e7a matche bien, si de mani\u00e8re, non pas unilat\u00e9rale, mais bien bilat\u00e9rale, \u00e7a fonctionne.<\/em><br><em><strong>Est-ce qu\u2019eux rencontrent nos objectifs et nos convictions\u2009? Est-ce qu\u2019inversement, on rencontre leurs envies\u2009?<\/strong><\/em><br><em>Puis, si on est bien dans le m\u00eame esprit, on pr\u00e9pare l\u2019\u00e9tape suivante, une premi\u00e8re s\u00e9ance de deux \u00e0 trois&nbsp;heures g\u00e9n\u00e9ralement, qui r\u00e9unit toutes les parties prenantes de la maison, tout ceux qui vont vivre dans ces espaces, y compris les enfants parfois.<\/em><br><em><strong>L\u2019id\u00e9e ici c\u2019est vraiment de comprendre les besoins et les aspirations de chacun.<\/strong> <\/em><br><em><strong>On discute \u00e0 partir d\u2019exercices d\u2019intelligence collective qu\u2019on a cr\u00e9\u00e9s, qu\u2019on a adapt\u00e9s \u00e0 notre activit\u00e9.<\/strong> Et, ainsi, on b\u00e2tit ensemble les premiers scenarii de fonctionnement des espaces,&nbsp;qu\u2019on va compl\u00e9ter et affiner avec eux lors des sessions de codesign suivantes.<\/em><br><em><strong>Puis, \u00e0 un moment donn\u00e9, on va ensemble \u00e0 l\u2019atelier pour d\u00e9couvrir les mat\u00e9riaux de r\u00e9emploi \u00e0 la fois singuliers et uniques, les toucher, visualiser des assemblages\u2026 \u00bb.<\/strong><\/em><\/p>\n\n\n\n<blockquote class=\"wp-block-quote is-layout-flow wp-block-quote-is-layout-flow\"><p>\u00ab&nbsp;<em>Cette approche de codesign est vraiment fondamentale. Notre conviction, c\u2019est que ce sont les personnes qui vivent les lieux qui peuvent cr\u00e9er le concept <\/em>\u00bb.<\/p><cite>CHRISTELLE, <a href=\"http:\/\/designwithsense.be\/\" target=\"_blank\" rel=\"noreferrer noopener\">DESIGN WITH SENSE<\/a><\/cite><\/blockquote>\n\n\n\n<p><strong>C\u2019est donc bien de cela dont on parle&nbsp;: des int\u00e9rieurs imagin\u00e9s par l\u2019\u00e9quipe et par vous, des lieux de vie que vous dessinez avec des professionnels qui ont pleinement int\u00e9gr\u00e9 cette \u00e9coute dans leur d\u00e9marche.<br>Faut reconna\u00eetre, \u00e7a fait envie.<\/strong><\/p>\n\n\n\n<hr class=\"wp-block-separator\"\/>\n\n\n\n<h2 class=\"wp-block-heading\"><strong>C\u2019est vrai tout \u00e7a, Monsieur J.&nbsp;?<\/strong><\/h2>\n\n\n\n<p><strong>Du coup, pour \u00eatre bien s\u00fbr de bien comprendre, on a demand\u00e9 \u00e0 un client de Design With Sense.<br>\u00c7a se passe vraiment comme \u00e7a, Monsieur J.&nbsp;?&nbsp;<\/strong><br>Un petit t\u00e9moignage&nbsp;?<\/p>\n\n\n\n<p><em>\u00ab&nbsp;En fait, nous on est presque des habitu\u00e9s, des vrais fans en fait\u2026 <strong>Apr\u00e8s une premi\u00e8re exp\u00e9rience tr\u00e8s r\u00e9ussie, l\u2019am\u00e9nagement des combles de notre appartement de Saint-Gilles, nous avons fait appel \u00e0 Design With Sense pour concevoir l\u2019am\u00e9nagement de notre nouvelle maison \u00e0 la campagne.<\/strong><\/em><br><em>Avec leur m\u00e9thode d\u2019intelligence collective vraiment tr\u00e8s int\u00e9ressante, Kimberly et Jacques nous ont aid\u00e9 \u00e0 penser et concevoir les fonctions de chacune des pi\u00e8ces de notre maison. <\/em><br><em><strong>Cela nous a vraiment aid\u00e9 parce que c\u2019est pas toujours \u00e9vident de faire des choix en famille\u2026&nbsp;\u00bb.<\/strong><\/em><\/p>\n\n\n\n<p><strong>Oui, \u00e7a on veut bien imaginer. <br>Les battles pour le dressing ou le rangement des bouquins, \u00e7a peut vite \u00eatre compliqu\u00e9\u2026<\/strong><\/p>\n\n\n\n<p><em>\u00ab&nbsp;Pour vous donner un exemple, l\u2019espace \u00e9vier de notre cuisine a \u00e9t\u00e9 con\u00e7u pour que je puisse faire la vaisselle en admirant le jardin par la fen\u00eatre tout en \u00e9coutant des podcasts (une de mes passions). <\/em><br><strong><em>Tout a \u00e9t\u00e9 vraiment pens\u00e9 comme on le voulait. <\/em><br><em>Et en mat\u00e9riau de r\u00e9emploi, bien s\u00fbr&nbsp;\u00bb.<\/em><\/strong><\/p>\n\n\n\n<figure class=\"wp-block-image size-large\"><img loading=\"lazy\" decoding=\"async\" width=\"750\" height=\"500\" src=\"https:\/\/www.lively.brussels\/wp-content\/uploads\/2021\/05\/2021-04-30-LIVELY-POST-50-DESIGN-WITH-SENSE-5.jpg\" alt=\"\" class=\"wp-image-2861\" srcset=\"https:\/\/www.lively.brussels\/wp-content\/uploads\/2021\/05\/2021-04-30-LIVELY-POST-50-DESIGN-WITH-SENSE-5.jpg 750w, https:\/\/www.lively.brussels\/wp-content\/uploads\/2021\/05\/2021-04-30-LIVELY-POST-50-DESIGN-WITH-SENSE-5-300x200.jpg 300w, https:\/\/www.lively.brussels\/wp-content\/uploads\/2021\/05\/2021-04-30-LIVELY-POST-50-DESIGN-WITH-SENSE-5-610x407.jpg 610w, https:\/\/www.lively.brussels\/wp-content\/uploads\/2021\/05\/2021-04-30-LIVELY-POST-50-DESIGN-WITH-SENSE-5-640x427.jpg 640w\" sizes=\"auto, (max-width: 750px) 100vw, 750px\" \/><figcaption>C&rsquo;est vrai qu&rsquo;il est beau votre int\u00e9rieur, Monsieur J. !<\/figcaption><\/figure>\n\n\n\n<blockquote class=\"wp-block-quote is-layout-flow wp-block-quote-is-layout-flow\"><p><em>\u00ab&nbsp;Par exemple, les panneaux de nos placards de cuisine \u00e9taient dans leur vie pr\u00e9c\u00e9dente des panneaux de bois qui couvraient les murs de l\u2019ancien WTC \u00e0 Bruxelles&nbsp;\u00bb.<\/em><\/p><cite>Monsieur J. <\/cite><\/blockquote>\n\n\n\n<p><strong>Et, en plus, on a un vrai morceau d\u2019histoire dans sa cuisine\u2026<\/strong><\/p>\n\n\n\n<hr class=\"wp-block-separator\"\/>\n\n\n\n<h2 class=\"wp-block-heading\"><strong>Et pour vous, Pauline et Cyrus&nbsp;?<\/strong><\/h2>\n\n\n\n<p><strong>Pauline et Cyrus (des amis) nous ont aussi partag\u00e9 leur t\u00e9moignage&nbsp;:<\/strong><br><em>\u00ab&nbsp;Nous vivons dans un appartement de taille moyenne et souhaitions am\u00e9liorer les espaces pour plusieurs raisons : accueillir un nouveau-n\u00e9, disposer de nouveaux espaces de travail \u00e0 la fois pour les parents (t\u00e9l\u00e9travail) et les deux filles (\u00e9cole \u00e0 domicile), tout en am\u00e9liorant l&rsquo;intimit\u00e9 mise \u00e0 mal par le confinement&nbsp;\u00bb.<\/em><\/p>\n\n\n\n<p><strong>Sacr\u00e9 challenge, effectivement&nbsp;!<br>Et \u00e7a s\u2019est pass\u00e9 comment pour vous&nbsp;?<\/strong><\/p>\n\n\n\n<blockquote class=\"wp-block-quote is-layout-flow wp-block-quote-is-layout-flow\"><p><em>\u00ab&nbsp;Vraiment top ! Design With Sense a organis\u00e9 deux workshops d&rsquo;une apr\u00e8s-midi, interactifs et ludiques, qui ont permis \u00e0 chacun de nous, enfants et adultes, d&rsquo;expliciter nos mani\u00e8res d&rsquo;occuper les espaces et d&rsquo;\u00e9mettre nos besoins en profondeur&nbsp;\u00bb.<\/em><\/p><cite>Pauline &amp; Cyrus<\/cite><\/blockquote>\n\n\n\n<p><em>\u00ab&nbsp;<strong>Ils nous ont ensuite fait diff\u00e9rentes propositions et, \u00e0 chaque \u00e9tape, nous avons eu notre mot \u00e0 dire. <\/strong><\/em><br><em>Nous avons m\u00eame \u00e9t\u00e9 invit\u00e9s dans les ateliers, ce qui nous a permis de mieux voir les mat\u00e9riaux pr\u00e9vus (recycl\u00e9s) et, en ce qui nous concerne, \u00e0 mieux saisir le volume de travail \u00e0 r\u00e9aliser.<\/em><br><strong><em>Au final, nous sommes hyper satisfaits. <\/em><br><em>On a l&rsquo;impression de disposer de davantage d&rsquo;espace qu&rsquo;avant. Et nous d\u00e9partageons d\u00e9j\u00e0 mieux les espaces de travail et de vie de famille&nbsp;\u00bb.<\/em><\/strong><\/p>\n\n\n\n<p>Merci, Pauline et Cyrus&nbsp;!<\/p>\n\n\n\n<hr class=\"wp-block-separator\"\/>\n\n\n\n<h2 class=\"wp-block-heading\"><strong>La noblesse des mat\u00e9riaux<\/strong><\/h2>\n\n\n\n<p>Je dois dire que, pour ma part, ce qui m\u2019a vraiment impressionn\u00e9 dans les r\u00e9alisations de Design With Sense (notamment chez Monsieur J.), c\u2019est la qualit\u00e9 et la beaut\u00e9 des mat\u00e9riaux. <br><strong>Des bois purs et patin\u00e9s qui respirent l\u2019\u00e2ge et les temps anciens dans un habillage de modernit\u00e9 et de lignes soign\u00e9es. <\/strong><br>Vraiment, j\u2019adore.<\/p>\n\n\n\n<figure class=\"wp-block-image size-large\"><img loading=\"lazy\" decoding=\"async\" width=\"750\" height=\"500\" src=\"https:\/\/www.lively.brussels\/wp-content\/uploads\/2021\/05\/2021-04-30-LIVELY-POST-50-DESIGN-WITH-SENSE-6.jpg\" alt=\"\" class=\"wp-image-2871\" srcset=\"https:\/\/www.lively.brussels\/wp-content\/uploads\/2021\/05\/2021-04-30-LIVELY-POST-50-DESIGN-WITH-SENSE-6.jpg 750w, https:\/\/www.lively.brussels\/wp-content\/uploads\/2021\/05\/2021-04-30-LIVELY-POST-50-DESIGN-WITH-SENSE-6-300x200.jpg 300w, https:\/\/www.lively.brussels\/wp-content\/uploads\/2021\/05\/2021-04-30-LIVELY-POST-50-DESIGN-WITH-SENSE-6-610x407.jpg 610w, https:\/\/www.lively.brussels\/wp-content\/uploads\/2021\/05\/2021-04-30-LIVELY-POST-50-DESIGN-WITH-SENSE-6-640x427.jpg 640w\" sizes=\"auto, (max-width: 750px) 100vw, 750px\" \/><figcaption>La beaut\u00e9 des mati\u00e8res. <\/figcaption><\/figure>\n\n\n\n<p><strong>Et justement, causons circulaire. <\/strong><br><strong>Ces mat\u00e9riaux, presque pr\u00e9cieux, ils viennent d\u2019o\u00f9, Christelle&nbsp;?<\/strong><\/p>\n\n\n\n<p><strong>\u00ab&nbsp;<em>Essentiellement de fili\u00e8res de r\u00e9emploi. <\/em><br><em>Et c\u2019est vrai qu\u2019\u00e0 Bruxelles, ces fili\u00e8res existent d\u00e9j\u00e0 depuis quelques ann\u00e9es et elles se d\u00e9veloppent bien. <\/em><\/strong><br><em>Dans ce domaine, <strong>il y a des fournisseurs sp\u00e9cialis\u00e9s qui sont assez connus comme <a href=\"https:\/\/rotordc.com\/\" target=\"_blank\" rel=\"noreferrer noopener\">Rotor&nbsp;DC<\/a> ou <a href=\"https:\/\/retrival.be\/\" target=\"_blank\" rel=\"noreferrer noopener\">Retrival<\/a>, par exemple, qui d\u00e9construisent des b\u00e2timents dans le cadre d\u2019une d\u00e9marche circulaire de r\u00e9emploi des mat\u00e9riaux et revendent la mati\u00e8re.<\/strong><\/em><\/p>\n\n\n\n<figure class=\"wp-block-image size-large\"><img loading=\"lazy\" decoding=\"async\" width=\"750\" height=\"500\" src=\"https:\/\/www.lively.brussels\/wp-content\/uploads\/2021\/05\/2021-04-30-LIVELY-POST-50-DESIGN-WITH-SENSE-7.jpg\" alt=\"\" class=\"wp-image-2877\" srcset=\"https:\/\/www.lively.brussels\/wp-content\/uploads\/2021\/05\/2021-04-30-LIVELY-POST-50-DESIGN-WITH-SENSE-7.jpg 750w, https:\/\/www.lively.brussels\/wp-content\/uploads\/2021\/05\/2021-04-30-LIVELY-POST-50-DESIGN-WITH-SENSE-7-300x200.jpg 300w, https:\/\/www.lively.brussels\/wp-content\/uploads\/2021\/05\/2021-04-30-LIVELY-POST-50-DESIGN-WITH-SENSE-7-610x407.jpg 610w, https:\/\/www.lively.brussels\/wp-content\/uploads\/2021\/05\/2021-04-30-LIVELY-POST-50-DESIGN-WITH-SENSE-7-640x427.jpg 640w\" sizes=\"auto, (max-width: 750px) 100vw, 750px\" \/><figcaption><a href=\"https:\/\/rotordc.com\/\" target=\"_blank\" rel=\"noreferrer noopener\">ROTOR DC &#8211; Fournisseur de bois r\u00e9cup\u00e9r\u00e9<\/a><\/figcaption><\/figure>\n\n\n\n<p><em>On a aussi des contacts privil\u00e9gi\u00e9s de notre c\u00f4t\u00e9, notamment avec des mus\u00e9es ou des entreprises qui nous fournissent des chutes par exemple, ou des \u00e9l\u00e9ments de d\u00e9construction d\u2019expositions.<\/em><br><em><strong>Et puis, pour les \u00e9l\u00e9ments d\u00e9coratifs de nos projets, nous travaillons beaucoup avec d\u2019autres acteurs de l\u2019\u00e9conomie circulaire, que ce soit, par exemple, pour des lampes ou des \u00e9l\u00e9ments de design textile.<\/strong><\/em><br><em>Enfin, mais c\u2019est beaucoup plus anecdotique, ce sont aussi parfois des mat\u00e9riaux fournis par des particuliers qui nous contactent en nous les proposant&nbsp;\u00bb. &nbsp;<\/em><\/p>\n\n\n\n<p><strong>Et si ce n\u2019est pas circulaire, c\u2019est durable. C\u2019est bien \u00e7a&nbsp;?<\/strong><br>\u00ab&nbsp;<em>Oui, tout \u00e0 fait. Parce que si nous utilisons en moyenne 70 % de mat\u00e9riaux issus de fili\u00e8res de r\u00e9emploi, cela signifie \u00e9videment que nous utilisons environ 30 % de mat\u00e9riaux neufs. <\/em><br><em>Mais, l\u00e0 aussi, on est tr\u00e8s attentifs en choisissant toujours des produits durables labellis\u00e9s et aussi locaux que possible&nbsp;\u00bb.<\/em><\/p>\n\n\n\n<blockquote class=\"wp-block-quote is-layout-flow wp-block-quote-is-layout-flow\"><p><em>\u00ab&nbsp;Ce que nous voulons, c\u2019est \u00eatre toujours le plus \u00e9cologique possible, c\u2019est vraiment dans notre ADN&nbsp;\u00bb.<\/em><\/p><cite>CHRISTELLE, <a href=\"http:\/\/designwithsense.be\/\" target=\"_blank\" rel=\"noreferrer noopener\">DESIGN WITH SENSE<\/a><\/cite><\/blockquote>\n\n\n\n<hr class=\"wp-block-separator\"\/>\n\n\n\n<h2 class=\"wp-block-heading\"><strong>Circularit\u00e9 = Cr\u00e9ativit\u00e9<\/strong><\/h2>\n\n\n\n<p><strong>Ce qui est aussi passionnant chez Design With Sense, c\u2019est le lien quasi-organique qu\u2019ils ont \u00e9tabli d\u00e8s le d\u00e9but entre circularit\u00e9 et cr\u00e9ativit\u00e9.<\/strong><br>Le r\u00e9emploi n\u2019est pas v\u00e9cu comme une contrainte mais v\u00e9ritablement comme une opportunit\u00e9 cr\u00e9ative.<\/p>\n\n\n\n<p>C\u2019est bien \u00e7a, Christelle&nbsp;? J\u2019ai tout compris&nbsp;?<br>\u00ab&nbsp;<em>Exactement&nbsp;! L\u2019\u00e9conomie circulaire, c\u2019est un concept qui s\u2019est vraiment popularis\u00e9 ces derni\u00e8res ann\u00e9es, apr\u00e8s la naissance de Design With Sense il y a 5 ans. <\/em><br><em>Donc on s\u2019y est forc\u00e9ment retrouv\u00e9 puisque notre objectif de d\u00e9part, avant m\u00eame donc que ces concepts ne soient vraiment connus, c\u2019\u00e9tait vraiment \u2018Design better, Waste less\u2019 \u00bb.<\/em><\/p>\n\n\n\n<blockquote class=\"wp-block-quote is-layout-flow wp-block-quote-is-layout-flow\"><p><em>\u00ab&nbsp;Pour nous, capter ces mat\u00e9riaux avant qu\u2019ils ne deviennent des d\u00e9chets et les travailler, c\u2019est vraiment une source de cr\u00e9ativit\u00e9 infinie&nbsp;!&nbsp;\u00bb<\/em><\/p><cite>CHRISTELLE, <a href=\"http:\/\/designwithsense.be\/\" target=\"_blank\" rel=\"noreferrer noopener\">DESIGN WITH SENSE<\/a><\/cite><\/blockquote>\n\n\n\n<figure class=\"wp-block-image size-large\"><img loading=\"lazy\" decoding=\"async\" width=\"750\" height=\"500\" src=\"https:\/\/www.lively.brussels\/wp-content\/uploads\/2021\/05\/2021-04-30-LIVELY-POST-50-DESIGN-WITH-SENSE-8.jpg\" alt=\"\" class=\"wp-image-2887\" srcset=\"https:\/\/www.lively.brussels\/wp-content\/uploads\/2021\/05\/2021-04-30-LIVELY-POST-50-DESIGN-WITH-SENSE-8.jpg 750w, https:\/\/www.lively.brussels\/wp-content\/uploads\/2021\/05\/2021-04-30-LIVELY-POST-50-DESIGN-WITH-SENSE-8-300x200.jpg 300w, https:\/\/www.lively.brussels\/wp-content\/uploads\/2021\/05\/2021-04-30-LIVELY-POST-50-DESIGN-WITH-SENSE-8-610x407.jpg 610w, https:\/\/www.lively.brussels\/wp-content\/uploads\/2021\/05\/2021-04-30-LIVELY-POST-50-DESIGN-WITH-SENSE-8-640x427.jpg 640w\" sizes=\"auto, (max-width: 750px) 100vw, 750px\" \/><figcaption>Alchimie des mati\u00e8res. Circularit\u00e9 = Cr\u00e9ativit\u00e9<\/figcaption><\/figure>\n\n\n\n<p>\u00ab&nbsp;<em>Et c\u2019est vraiment tr\u00e8s concret. Pour un architecte d\u2019int\u00e9rieur \u2018classique\u2019 (qui a re\u00e7u un enseignement plut\u00f4t traditionnel), cela revient \u00e0 changer son regard sur la mati\u00e8re qui devient vraiment source principale de cr\u00e9ativit\u00e9 et d\u2019inspiration pour le projet. Et pas l\u2019inverse.<\/em><br><em><strong>Dans cette approche, nous ne sommes pas dans une gestion de mati\u00e8re constante, dans un flux infini, mais plut\u00f4t dans une gestion de la ressource disponible.<\/strong> <\/em><br><em>Ce qui nous oblige \u00e0 \u00eatre hyper-cr\u00e9atifs avec comme mat\u00e9riaux la mati\u00e8re et l\u2019humain, gr\u00e2ce \u00e0 tout ce travail de cocr\u00e9ation avec les clients.<\/em> <br><em><strong>Il faut constamment se r\u00e9inventer, il faut constamment \u00eatre en \u00e9veil, rien n\u2019est acquis, m\u00eame dans la mise en \u0153uvre.<\/strong><\/em><br><em>Les menuisiers, par exemple, doivent s\u2019adapter \u00e0 des panneaux qui ne sont pas toujours parfaits. <\/em><br><em>Il peut y avoir des clous, des coups, de l\u2019usure. <strong>Et c\u2019est justement l\u00e0 qu\u2019il faut \u00eatre malin, astucieux et cr\u00e9atifs pour les exploiter intelligemment et ce, \u00e0 chaque \u00e9tape, de la conception jusqu\u2019\u00e0 la fabrication.<\/strong><\/em><br><em><strong>Et \u00e7a, c\u2019est vraiment devenu notre passion&nbsp;\u00bb.<\/strong><\/em><\/p>\n\n\n\n<hr class=\"wp-block-separator\"\/>\n\n\n\n<h2 class=\"wp-block-heading\"><strong>Un vrai projet coop\u00e9ratif<\/strong><\/h2>\n\n\n\n<p><strong>Cet esprit circulaire et durable est profond\u00e9ment inscrit dans le projet d\u2019entreprise et dans son histoire.<\/strong><br>\u00ab&nbsp;<em>C\u2019est vrai. Le projet est n\u00e9 en 2014 et, au d\u00e9but, ils \u00e9taient deux, un architecte et un menuisier-\u00e9b\u00e9niste. En 2015, &nbsp;j\u2019ai rejoint l\u2019\u00e9quipe en proposant les concepts de codesign et la dimension plus environnementale par l\u2019utilisation de mat\u00e9riaux de r\u00e9emploi dans le projet et par la proposition de mettre le client, l\u2019\u00eatre humain, au c\u0153ur du processus de conception. <\/em><br><em>Nous sommes 5 aujourd\u2019hui. Tous passionn\u00e9s par le projet.<\/em><br><em>Nous d\u00e9pendons d\u2019une coop\u00e9rative d\u2019entrepreneurs salari\u00e9s, mais <strong>cette ann\u00e9e, nous allons cr\u00e9er notre propre coop\u00e9rative pour en porter ensemble la responsabilit\u00e9. <\/strong><\/em><br><em>C\u2019est une nouvelle \u00e9tape dans la vie du projet&nbsp;\u00bb.<\/em><\/p>\n\n\n\n<blockquote class=\"wp-block-quote is-layout-flow wp-block-quote-is-layout-flow\"><p><em>\u00ab&nbsp;On veut vraiment travailler la dimension coop\u00e9rative du projet, notamment au niveau de la gouvernance partag\u00e9e, pour \u00eatre vraiment coresponsables de notre outil entrepreneurial&nbsp;et prendre ensemble les d\u00e9cisions. <\/em><br><em>C\u2019est vraiment une formidable aventure humaine&nbsp;\u00bb.<\/em><\/p><cite>CHRISTELLE, <a href=\"http:\/\/designwithsense.be\/\" target=\"_blank\" rel=\"noreferrer noopener\">DESIGN WITH SENSE<\/a><\/cite><\/blockquote>\n\n\n\n<p>Eh bien, \u00e7a on veut bien le croire.<\/p>\n\n\n\n<p><strong>Et on vous souhaite le meilleur pour cette nouvelle \u00e9tape de la vie de Design With Sense&nbsp;!<\/strong><\/p>\n\n\n\n<figure class=\"wp-block-image size-large is-resized\"><img loading=\"lazy\" decoding=\"async\" src=\"https:\/\/www.lively.brussels\/wp-content\/uploads\/2021\/05\/2021-04-30-LIVELY-POST-50-DESIGN-WITH-SENSE-9.jpg\" alt=\"\" class=\"wp-image-2892\" width=\"480\" height=\"320\" srcset=\"https:\/\/www.lively.brussels\/wp-content\/uploads\/2021\/05\/2021-04-30-LIVELY-POST-50-DESIGN-WITH-SENSE-9.jpg 750w, https:\/\/www.lively.brussels\/wp-content\/uploads\/2021\/05\/2021-04-30-LIVELY-POST-50-DESIGN-WITH-SENSE-9-300x200.jpg 300w, https:\/\/www.lively.brussels\/wp-content\/uploads\/2021\/05\/2021-04-30-LIVELY-POST-50-DESIGN-WITH-SENSE-9-610x407.jpg 610w, https:\/\/www.lively.brussels\/wp-content\/uploads\/2021\/05\/2021-04-30-LIVELY-POST-50-DESIGN-WITH-SENSE-9-640x427.jpg 640w\" sizes=\"auto, (max-width: 480px) 100vw, 480px\" \/><figcaption><a href=\"http:\/\/designwithsense.be\/?portfolio=biblitotheek-sint-gillis\" target=\"_blank\" rel=\"noreferrer noopener\">Espace Enfants \u00e0 la Biblioth\u00e8que de Saint-Gilles<\/a><br>Design With Sense<\/figcaption><\/figure>\n\n\n\n<p><strong>Et \u00e0 nos lectrices et lecteurs ador\u00e9(e)s, nous esp\u00e9rons que vous \u00eates aussi convaincus que nous par ce magnifique projet.<\/strong><\/p>\n\n\n\n<p><strong>Et aussi que \u00e7a vous a donn\u00e9 envie.<br>En tout cas, moi c\u2019est s\u00fbr.<\/strong><\/p>\n\n\n\n<hr class=\"wp-block-separator\"\/>\n\n\n\n<div class=\"wp-block-image\"><figure class=\"aligncenter size-large is-resized\"><img loading=\"lazy\" decoding=\"async\" src=\"https:\/\/www.lively.brussels\/wp-content\/uploads\/2020\/09\/by-nc-sa.eu_.png\" alt=\"\" class=\"wp-image-879\" width=\"202\" height=\"71\" srcset=\"https:\/\/www.lively.brussels\/wp-content\/uploads\/2020\/09\/by-nc-sa.eu_.png 403w, https:\/\/www.lively.brussels\/wp-content\/uploads\/2020\/09\/by-nc-sa.eu_-300x105.png 300w\" sizes=\"auto, (max-width: 202px) 100vw, 202px\" \/><\/figure><\/div>\n\n\n\n<p class=\"has-text-align-center has-small-font-size\"><a href=\"https:\/\/www.lively.brussels\/index.php\/2020\/09\/30\/creative-come-on\/\" target=\"_blank\" rel=\"noreferrer noopener\">Cet article est sous Licence Creative Commons.<\/a><br>Vous \u00eates libre de le r\u00e9utiliser (en mentionnant l\u2019auteur \u2013 BY) mais pas pour un usage commercial (NC) et pour le partager dans les m\u00eames conditions (SA).<br><a href=\"https:\/\/creativecommons.org\/licenses\/?lang=fr\" target=\"_blank\" rel=\"noreferrer noopener\">All about Creative Commons<\/a><\/p>\n","protected":false},"excerpt":{"rendered":"<p>Design With Sense &#038; You<\/p>\n","protected":false},"author":2,"featured_media":2832,"comment_status":"open","ping_status":"closed","sticky":false,"template":"","format":"standard","meta":{"ngg_post_thumbnail":0,"footnotes":""},"categories":[237],"tags":[20,247,246],"class_list":["post-2831","post","type-post","status-publish","format-standard","has-post-thumbnail","hentry","category-creativite","tag-design","tag-materiaux","tag-reemploi","entry-card--landscape"],"yoast_head":"<!-- This site is optimized with the Yoast SEO plugin v27.2 - https:\/\/yoast.com\/product\/yoast-seo-wordpress\/ -->\n<title>My Cosy Place &#060; LIVELY - Le WebMag de l&#039;\u00e9conomie circulaire<\/title>\n<meta name=\"description\" content=\"Le Webmagazine de l&#039;\u00e9conomie circulaire \u00e0 Bruxelles, de la transition \u00e9conomique et de la durabilit\u00e9.\" \/>\n<meta name=\"robots\" content=\"index, follow, max-snippet:-1, max-image-preview:large, max-video-preview:-1\" \/>\n<link rel=\"canonical\" href=\"https:\/\/www.lively.brussels\/index.php\/2021\/05\/18\/my-cosy-place\/\" \/>\n<meta property=\"og:locale\" content=\"fr_FR\" \/>\n<meta property=\"og:type\" content=\"article\" \/>\n<meta property=\"og:title\" content=\"My Cosy Place &#060; LIVELY - Le WebMag de l&#039;\u00e9conomie circulaire\" \/>\n<meta property=\"og:description\" content=\"Le Webmagazine de l&#039;\u00e9conomie circulaire \u00e0 Bruxelles, de la transition \u00e9conomique et de la durabilit\u00e9.\" \/>\n<meta property=\"og:url\" content=\"https:\/\/www.lively.brussels\/index.php\/2021\/05\/18\/my-cosy-place\/\" \/>\n<meta property=\"og:site_name\" content=\"LIVELY - Le WebMag de l&#039;\u00e9conomie circulaire\" \/>\n<meta property=\"article:publisher\" content=\"https:\/\/www.facebook.com\/LivelyBrussels\/\" \/>\n<meta property=\"article:published_time\" content=\"2021-05-18T18:30:35+00:00\" \/>\n<meta property=\"article:modified_time\" content=\"2021-05-25T13:43:15+00:00\" \/>\n<meta property=\"og:image\" content=\"https:\/\/www.lively.brussels\/wp-content\/uploads\/2021\/05\/2021-04-30-LIVELY-POST-50-DESIGN-WITH-SENSE-1.jpg\" \/>\n\t<meta property=\"og:image:width\" content=\"750\" \/>\n\t<meta property=\"og:image:height\" content=\"500\" \/>\n\t<meta property=\"og:image:type\" content=\"image\/jpeg\" \/>\n<meta name=\"author\" content=\"Dan\" \/>\n<meta name=\"twitter:card\" content=\"summary_large_image\" \/>\n<meta name=\"twitter:creator\" content=\"@BrusselsLively\" \/>\n<meta name=\"twitter:site\" content=\"@BrusselsLively\" \/>\n<meta name=\"twitter:label1\" content=\"\u00c9crit par\" \/>\n\t<meta name=\"twitter:data1\" content=\"Dan\" \/>\n\t<meta name=\"twitter:label2\" content=\"Dur\u00e9e de lecture estim\u00e9e\" \/>\n\t<meta name=\"twitter:data2\" content=\"12 minutes\" \/>\n<script type=\"application\/ld+json\" class=\"yoast-schema-graph\">{\"@context\":\"https:\/\/schema.org\",\"@graph\":[{\"@type\":\"Article\",\"@id\":\"https:\/\/www.lively.brussels\/index.php\/2021\/05\/18\/my-cosy-place\/#article\",\"isPartOf\":{\"@id\":\"https:\/\/www.lively.brussels\/index.php\/2021\/05\/18\/my-cosy-place\/\"},\"author\":{\"name\":\"Dan\",\"@id\":\"https:\/\/www.lively.brussels\/#\/schema\/person\/27b8da6d7e6a73c586858220b3689813\"},\"headline\":\"My Cosy Place\",\"datePublished\":\"2021-05-18T18:30:35+00:00\",\"dateModified\":\"2021-05-25T13:43:15+00:00\",\"mainEntityOfPage\":{\"@id\":\"https:\/\/www.lively.brussels\/index.php\/2021\/05\/18\/my-cosy-place\/\"},\"wordCount\":2467,\"commentCount\":0,\"publisher\":{\"@id\":\"https:\/\/www.lively.brussels\/#organization\"},\"image\":{\"@id\":\"https:\/\/www.lively.brussels\/index.php\/2021\/05\/18\/my-cosy-place\/#primaryimage\"},\"thumbnailUrl\":\"https:\/\/www.lively.brussels\/wp-content\/uploads\/2021\/05\/2021-04-30-LIVELY-POST-50-DESIGN-WITH-SENSE-1.jpg\",\"keywords\":[\"Design\",\"Mat\u00e9riaux\",\"R\u00e9emploi\"],\"articleSection\":[\"Cr\u00e9ativit\u00e9\"],\"inLanguage\":\"fr-FR\",\"potentialAction\":[{\"@type\":\"CommentAction\",\"name\":\"Comment\",\"target\":[\"https:\/\/www.lively.brussels\/index.php\/2021\/05\/18\/my-cosy-place\/#respond\"]}]},{\"@type\":\"WebPage\",\"@id\":\"https:\/\/www.lively.brussels\/index.php\/2021\/05\/18\/my-cosy-place\/\",\"url\":\"https:\/\/www.lively.brussels\/index.php\/2021\/05\/18\/my-cosy-place\/\",\"name\":\"My Cosy Place &#060; LIVELY - Le WebMag de l&#039;\u00e9conomie circulaire\",\"isPartOf\":{\"@id\":\"https:\/\/www.lively.brussels\/#website\"},\"primaryImageOfPage\":{\"@id\":\"https:\/\/www.lively.brussels\/index.php\/2021\/05\/18\/my-cosy-place\/#primaryimage\"},\"image\":{\"@id\":\"https:\/\/www.lively.brussels\/index.php\/2021\/05\/18\/my-cosy-place\/#primaryimage\"},\"thumbnailUrl\":\"https:\/\/www.lively.brussels\/wp-content\/uploads\/2021\/05\/2021-04-30-LIVELY-POST-50-DESIGN-WITH-SENSE-1.jpg\",\"datePublished\":\"2021-05-18T18:30:35+00:00\",\"dateModified\":\"2021-05-25T13:43:15+00:00\",\"description\":\"Le Webmagazine de l'\u00e9conomie circulaire \u00e0 Bruxelles, de la transition \u00e9conomique et de la durabilit\u00e9.\",\"breadcrumb\":{\"@id\":\"https:\/\/www.lively.brussels\/index.php\/2021\/05\/18\/my-cosy-place\/#breadcrumb\"},\"inLanguage\":\"fr-FR\",\"potentialAction\":[{\"@type\":\"ReadAction\",\"target\":[\"https:\/\/www.lively.brussels\/index.php\/2021\/05\/18\/my-cosy-place\/\"]}]},{\"@type\":\"ImageObject\",\"inLanguage\":\"fr-FR\",\"@id\":\"https:\/\/www.lively.brussels\/index.php\/2021\/05\/18\/my-cosy-place\/#primaryimage\",\"url\":\"https:\/\/www.lively.brussels\/wp-content\/uploads\/2021\/05\/2021-04-30-LIVELY-POST-50-DESIGN-WITH-SENSE-1.jpg\",\"contentUrl\":\"https:\/\/www.lively.brussels\/wp-content\/uploads\/2021\/05\/2021-04-30-LIVELY-POST-50-DESIGN-WITH-SENSE-1.jpg\",\"width\":750,\"height\":500},{\"@type\":\"BreadcrumbList\",\"@id\":\"https:\/\/www.lively.brussels\/index.php\/2021\/05\/18\/my-cosy-place\/#breadcrumb\",\"itemListElement\":[{\"@type\":\"ListItem\",\"position\":1,\"name\":\"Accueil\",\"item\":\"https:\/\/www.lively.brussels\/\"},{\"@type\":\"ListItem\",\"position\":2,\"name\":\"My Cosy Place\"}]},{\"@type\":\"WebSite\",\"@id\":\"https:\/\/www.lively.brussels\/#website\",\"url\":\"https:\/\/www.lively.brussels\/\",\"name\":\"LIVELY - Le WebMag de l&#039;\u00e9conomie circulaire\",\"description\":\"Pour tout savoir de l&#039;\u00e9conomie circulaire \u00e0 Bruxelles, en Belgique et dans le reste de l&#039;univers\",\"publisher\":{\"@id\":\"https:\/\/www.lively.brussels\/#organization\"},\"potentialAction\":[{\"@type\":\"SearchAction\",\"target\":{\"@type\":\"EntryPoint\",\"urlTemplate\":\"https:\/\/www.lively.brussels\/?s={search_term_string}\"},\"query-input\":{\"@type\":\"PropertyValueSpecification\",\"valueRequired\":true,\"valueName\":\"search_term_string\"}}],\"inLanguage\":\"fr-FR\"},{\"@type\":\"Organization\",\"@id\":\"https:\/\/www.lively.brussels\/#organization\",\"name\":\"Sense Brussels SCRL\",\"url\":\"https:\/\/www.lively.brussels\/\",\"logo\":{\"@type\":\"ImageObject\",\"inLanguage\":\"fr-FR\",\"@id\":\"https:\/\/www.lively.brussels\/#\/schema\/logo\/image\/\",\"url\":\"https:\/\/www.lively.brussels\/wp-content\/uploads\/2020\/08\/Lively_Favicon.jpg\",\"contentUrl\":\"https:\/\/www.lively.brussels\/wp-content\/uploads\/2020\/08\/Lively_Favicon.jpg\",\"width\":134,\"height\":134,\"caption\":\"Sense Brussels SCRL\"},\"image\":{\"@id\":\"https:\/\/www.lively.brussels\/#\/schema\/logo\/image\/\"},\"sameAs\":[\"https:\/\/www.facebook.com\/LivelyBrussels\/\",\"https:\/\/x.com\/BrusselsLively\",\"https:\/\/www.instagram.com\/livelybrussels\/\",\"https:\/\/www.linkedin.com\/company\/lively-brussels\"]},{\"@type\":\"Person\",\"@id\":\"https:\/\/www.lively.brussels\/#\/schema\/person\/27b8da6d7e6a73c586858220b3689813\",\"name\":\"Dan\",\"image\":{\"@type\":\"ImageObject\",\"inLanguage\":\"fr-FR\",\"@id\":\"https:\/\/secure.gravatar.com\/avatar\/1c44b4e64c6affe7d245ec199692d5edbd481f3147a0239eef7565f0ac162043?s=96&d=mm&r=g\",\"url\":\"https:\/\/secure.gravatar.com\/avatar\/1c44b4e64c6affe7d245ec199692d5edbd481f3147a0239eef7565f0ac162043?s=96&d=mm&r=g\",\"contentUrl\":\"https:\/\/secure.gravatar.com\/avatar\/1c44b4e64c6affe7d245ec199692d5edbd481f3147a0239eef7565f0ac162043?s=96&d=mm&r=g\",\"caption\":\"Dan\"},\"url\":\"https:\/\/www.lively.brussels\/index.php\/author\/remade_dan\/\"}]}<\/script>\n<!-- \/ Yoast SEO plugin. -->","yoast_head_json":{"title":"My Cosy Place &#060; LIVELY - Le WebMag de l&#039;\u00e9conomie circulaire","description":"Le Webmagazine de l'\u00e9conomie circulaire \u00e0 Bruxelles, de la transition \u00e9conomique et de la durabilit\u00e9.","robots":{"index":"index","follow":"follow","max-snippet":"max-snippet:-1","max-image-preview":"max-image-preview:large","max-video-preview":"max-video-preview:-1"},"canonical":"https:\/\/www.lively.brussels\/index.php\/2021\/05\/18\/my-cosy-place\/","og_locale":"fr_FR","og_type":"article","og_title":"My Cosy Place &#060; LIVELY - Le WebMag de l&#039;\u00e9conomie circulaire","og_description":"Le Webmagazine de l'\u00e9conomie circulaire \u00e0 Bruxelles, de la transition \u00e9conomique et de la durabilit\u00e9.","og_url":"https:\/\/www.lively.brussels\/index.php\/2021\/05\/18\/my-cosy-place\/","og_site_name":"LIVELY - Le WebMag de l&#039;\u00e9conomie circulaire","article_publisher":"https:\/\/www.facebook.com\/LivelyBrussels\/","article_published_time":"2021-05-18T18:30:35+00:00","article_modified_time":"2021-05-25T13:43:15+00:00","og_image":[{"width":750,"height":500,"url":"https:\/\/www.lively.brussels\/wp-content\/uploads\/2021\/05\/2021-04-30-LIVELY-POST-50-DESIGN-WITH-SENSE-1.jpg","type":"image\/jpeg"}],"author":"Dan","twitter_card":"summary_large_image","twitter_creator":"@BrusselsLively","twitter_site":"@BrusselsLively","twitter_misc":{"\u00c9crit par":"Dan","Dur\u00e9e de lecture estim\u00e9e":"12 minutes"},"schema":{"@context":"https:\/\/schema.org","@graph":[{"@type":"Article","@id":"https:\/\/www.lively.brussels\/index.php\/2021\/05\/18\/my-cosy-place\/#article","isPartOf":{"@id":"https:\/\/www.lively.brussels\/index.php\/2021\/05\/18\/my-cosy-place\/"},"author":{"name":"Dan","@id":"https:\/\/www.lively.brussels\/#\/schema\/person\/27b8da6d7e6a73c586858220b3689813"},"headline":"My Cosy Place","datePublished":"2021-05-18T18:30:35+00:00","dateModified":"2021-05-25T13:43:15+00:00","mainEntityOfPage":{"@id":"https:\/\/www.lively.brussels\/index.php\/2021\/05\/18\/my-cosy-place\/"},"wordCount":2467,"commentCount":0,"publisher":{"@id":"https:\/\/www.lively.brussels\/#organization"},"image":{"@id":"https:\/\/www.lively.brussels\/index.php\/2021\/05\/18\/my-cosy-place\/#primaryimage"},"thumbnailUrl":"https:\/\/www.lively.brussels\/wp-content\/uploads\/2021\/05\/2021-04-30-LIVELY-POST-50-DESIGN-WITH-SENSE-1.jpg","keywords":["Design","Mat\u00e9riaux","R\u00e9emploi"],"articleSection":["Cr\u00e9ativit\u00e9"],"inLanguage":"fr-FR","potentialAction":[{"@type":"CommentAction","name":"Comment","target":["https:\/\/www.lively.brussels\/index.php\/2021\/05\/18\/my-cosy-place\/#respond"]}]},{"@type":"WebPage","@id":"https:\/\/www.lively.brussels\/index.php\/2021\/05\/18\/my-cosy-place\/","url":"https:\/\/www.lively.brussels\/index.php\/2021\/05\/18\/my-cosy-place\/","name":"My Cosy Place &#060; LIVELY - Le WebMag de l&#039;\u00e9conomie circulaire","isPartOf":{"@id":"https:\/\/www.lively.brussels\/#website"},"primaryImageOfPage":{"@id":"https:\/\/www.lively.brussels\/index.php\/2021\/05\/18\/my-cosy-place\/#primaryimage"},"image":{"@id":"https:\/\/www.lively.brussels\/index.php\/2021\/05\/18\/my-cosy-place\/#primaryimage"},"thumbnailUrl":"https:\/\/www.lively.brussels\/wp-content\/uploads\/2021\/05\/2021-04-30-LIVELY-POST-50-DESIGN-WITH-SENSE-1.jpg","datePublished":"2021-05-18T18:30:35+00:00","dateModified":"2021-05-25T13:43:15+00:00","description":"Le Webmagazine de l'\u00e9conomie circulaire \u00e0 Bruxelles, de la transition \u00e9conomique et de la durabilit\u00e9.","breadcrumb":{"@id":"https:\/\/www.lively.brussels\/index.php\/2021\/05\/18\/my-cosy-place\/#breadcrumb"},"inLanguage":"fr-FR","potentialAction":[{"@type":"ReadAction","target":["https:\/\/www.lively.brussels\/index.php\/2021\/05\/18\/my-cosy-place\/"]}]},{"@type":"ImageObject","inLanguage":"fr-FR","@id":"https:\/\/www.lively.brussels\/index.php\/2021\/05\/18\/my-cosy-place\/#primaryimage","url":"https:\/\/www.lively.brussels\/wp-content\/uploads\/2021\/05\/2021-04-30-LIVELY-POST-50-DESIGN-WITH-SENSE-1.jpg","contentUrl":"https:\/\/www.lively.brussels\/wp-content\/uploads\/2021\/05\/2021-04-30-LIVELY-POST-50-DESIGN-WITH-SENSE-1.jpg","width":750,"height":500},{"@type":"BreadcrumbList","@id":"https:\/\/www.lively.brussels\/index.php\/2021\/05\/18\/my-cosy-place\/#breadcrumb","itemListElement":[{"@type":"ListItem","position":1,"name":"Accueil","item":"https:\/\/www.lively.brussels\/"},{"@type":"ListItem","position":2,"name":"My Cosy Place"}]},{"@type":"WebSite","@id":"https:\/\/www.lively.brussels\/#website","url":"https:\/\/www.lively.brussels\/","name":"LIVELY - Le WebMag de l&#039;\u00e9conomie circulaire","description":"Pour tout savoir de l&#039;\u00e9conomie circulaire \u00e0 Bruxelles, en Belgique et dans le reste de l&#039;univers","publisher":{"@id":"https:\/\/www.lively.brussels\/#organization"},"potentialAction":[{"@type":"SearchAction","target":{"@type":"EntryPoint","urlTemplate":"https:\/\/www.lively.brussels\/?s={search_term_string}"},"query-input":{"@type":"PropertyValueSpecification","valueRequired":true,"valueName":"search_term_string"}}],"inLanguage":"fr-FR"},{"@type":"Organization","@id":"https:\/\/www.lively.brussels\/#organization","name":"Sense Brussels SCRL","url":"https:\/\/www.lively.brussels\/","logo":{"@type":"ImageObject","inLanguage":"fr-FR","@id":"https:\/\/www.lively.brussels\/#\/schema\/logo\/image\/","url":"https:\/\/www.lively.brussels\/wp-content\/uploads\/2020\/08\/Lively_Favicon.jpg","contentUrl":"https:\/\/www.lively.brussels\/wp-content\/uploads\/2020\/08\/Lively_Favicon.jpg","width":134,"height":134,"caption":"Sense Brussels SCRL"},"image":{"@id":"https:\/\/www.lively.brussels\/#\/schema\/logo\/image\/"},"sameAs":["https:\/\/www.facebook.com\/LivelyBrussels\/","https:\/\/x.com\/BrusselsLively","https:\/\/www.instagram.com\/livelybrussels\/","https:\/\/www.linkedin.com\/company\/lively-brussels"]},{"@type":"Person","@id":"https:\/\/www.lively.brussels\/#\/schema\/person\/27b8da6d7e6a73c586858220b3689813","name":"Dan","image":{"@type":"ImageObject","inLanguage":"fr-FR","@id":"https:\/\/secure.gravatar.com\/avatar\/1c44b4e64c6affe7d245ec199692d5edbd481f3147a0239eef7565f0ac162043?s=96&d=mm&r=g","url":"https:\/\/secure.gravatar.com\/avatar\/1c44b4e64c6affe7d245ec199692d5edbd481f3147a0239eef7565f0ac162043?s=96&d=mm&r=g","contentUrl":"https:\/\/secure.gravatar.com\/avatar\/1c44b4e64c6affe7d245ec199692d5edbd481f3147a0239eef7565f0ac162043?s=96&d=mm&r=g","caption":"Dan"},"url":"https:\/\/www.lively.brussels\/index.php\/author\/remade_dan\/"}]}},"_links":{"self":[{"href":"https:\/\/www.lively.brussels\/index.php\/wp-json\/wp\/v2\/posts\/2831","targetHints":{"allow":["GET"]}}],"collection":[{"href":"https:\/\/www.lively.brussels\/index.php\/wp-json\/wp\/v2\/posts"}],"about":[{"href":"https:\/\/www.lively.brussels\/index.php\/wp-json\/wp\/v2\/types\/post"}],"author":[{"embeddable":true,"href":"https:\/\/www.lively.brussels\/index.php\/wp-json\/wp\/v2\/users\/2"}],"replies":[{"embeddable":true,"href":"https:\/\/www.lively.brussels\/index.php\/wp-json\/wp\/v2\/comments?post=2831"}],"version-history":[{"count":39,"href":"https:\/\/www.lively.brussels\/index.php\/wp-json\/wp\/v2\/posts\/2831\/revisions"}],"predecessor-version":[{"id":3046,"href":"https:\/\/www.lively.brussels\/index.php\/wp-json\/wp\/v2\/posts\/2831\/revisions\/3046"}],"wp:featuredmedia":[{"embeddable":true,"href":"https:\/\/www.lively.brussels\/index.php\/wp-json\/wp\/v2\/media\/2832"}],"wp:attachment":[{"href":"https:\/\/www.lively.brussels\/index.php\/wp-json\/wp\/v2\/media?parent=2831"}],"wp:term":[{"taxonomy":"category","embeddable":true,"href":"https:\/\/www.lively.brussels\/index.php\/wp-json\/wp\/v2\/categories?post=2831"},{"taxonomy":"post_tag","embeddable":true,"href":"https:\/\/www.lively.brussels\/index.php\/wp-json\/wp\/v2\/tags?post=2831"}],"curies":[{"name":"wp","href":"https:\/\/api.w.org\/{rel}","templated":true}]}}