{"id":3722,"date":"2024-04-05T19:00:34","date_gmt":"2024-04-05T19:00:34","guid":{"rendered":"https:\/\/www.lively.brussels\/?p=3722"},"modified":"2024-05-21T10:05:20","modified_gmt":"2024-05-21T10:05:20","slug":"la-transition-expliquee-a-ma-mere","status":"publish","type":"post","link":"https:\/\/www.lively.brussels\/index.php\/2024\/04\/05\/la-transition-expliquee-a-ma-mere\/","title":{"rendered":"La Transition expliqu\u00e9e \u00e0 ma m\u00e8re"},"content":{"rendered":"\n<p><strong>La Grande Transition, ce n\u2019est plus un projet, un programme politique ou un slogan, c\u2019est une exigence. <br>Et c\u2019est maintenant.<\/strong><br><a href=\"https:\/\/climat.be\/actualites\/2021\/6e-rapport-du-giec-face-a-des-risques-sans-precedent-la-communaute-scientifique-lance-un-nouveau-signal-d-alarme\" target=\"_blank\" rel=\"noreferrer noopener\">Le dernier rapport du GIEC (Groupe d\u2019experts Intergouvernemental sur l\u2019\u00c9volution du Climat) est on ne peut plus clair&nbsp;: la crise climatique est sur nous et elle va affecter en profondeur notre vie \u00e0 tous dans les toutes prochaines ann\u00e9es.<\/a><br>Et ce n\u2019est pas qu\u2019au Bengladesh, au Niger ou en Bolivie. <\/p>\n\n\n\n<p>C\u2019est ici et maintenant.<\/p>\n\n\n\n<p><strong>OK mais on parle de quoi&nbsp;? <br>En quoi \u00e7a nous concerne&nbsp;?<\/strong><\/p>\n\n\n\n<p><strong>Les sc\u00e9narios et les projections sont nombreux mais quels qu\u2019ils soient, ce qui se dessine, ce sont des conditions climatiques extr\u00eames<\/strong> (d\u00f4mes de chaleur, pluies diluviennes, inondations, etc.), <strong>des mouvements de population qui risquent de provoquer le chaos dans de nombreuses r\u00e9gions du monde<\/strong> (et des millions de r\u00e9fugi\u00e9s climatiques aux portes de l\u2019Europe), <strong>des for\u00eats en flammes sur tous les continents, des r\u00e9gions c\u00f4ti\u00e8res sous les eaux<\/strong> (y compris chez nous), <strong>des flux d\u2019\u00e9changes qui vont se r\u00e9duire<\/strong> (avec en cons\u00e9quence des hausses de prix pour de nombreux produits) e<strong>t une biodiversit\u00e9 \u00e0 l\u2019agonie.<\/strong><\/p>\n\n\n\n<div class=\"wp-block-image\"><figure class=\"aligncenter size-full\"><a href=\"https:\/\/coastal.climatecentral.org\/map\/8\/4.4965\/50.9754\/?theme=sea_level_rise&amp;map_type=year&amp;basemap=roadmap&amp;contiguous=true&amp;elevation_model=best_available&amp;forecast_year=2050&amp;pathway=rcp45&amp;percentile=p50&amp;refresh=true&amp;return_level=return_level_1&amp;slr_model=kopp_2014\" target=\"_blank\" rel=\"noopener\" class=\"img-link\"><img loading=\"lazy\" decoding=\"async\" width=\"750\" height=\"500\" src=\"https:\/\/www.lively.brussels\/wp-content\/uploads\/2021\/09\/2021-08-31-LIVELY-POST_65-3.jpg\" alt=\"\" class=\"wp-image-3729\" srcset=\"https:\/\/www.lively.brussels\/wp-content\/uploads\/2021\/09\/2021-08-31-LIVELY-POST_65-3.jpg 750w, https:\/\/www.lively.brussels\/wp-content\/uploads\/2021\/09\/2021-08-31-LIVELY-POST_65-3-300x200.jpg 300w, https:\/\/www.lively.brussels\/wp-content\/uploads\/2021\/09\/2021-08-31-LIVELY-POST_65-3-610x407.jpg 610w, https:\/\/www.lively.brussels\/wp-content\/uploads\/2021\/09\/2021-08-31-LIVELY-POST_65-3-640x427.jpg 640w\" sizes=\"auto, (max-width: 750px) 100vw, 750px\" \/><\/a><figcaption><strong><a href=\"https:\/\/coastal.climatecentral.org\/map\/8\/4.4965\/50.9754\/?theme=sea_level_rise&amp;map_type=year&amp;basemap=roadmap&amp;contiguous=true&amp;elevation_model=best_available&amp;forecast_year=2050&amp;pathway=rcp45&amp;percentile=p50&amp;refresh=true&amp;return_level=return_level_1&amp;slr_model=kopp_2014\" target=\"_blank\" rel=\"noreferrer noopener\">Pr\u00e9visions de zones inondables en Belgique en 2050. <\/a><\/strong><br><a href=\"https:\/\/coastal.climatecentral.org\/map\/8\/4.4965\/50.9754\/?theme=sea_level_rise&amp;map_type=year&amp;basemap=roadmap&amp;contiguous=true&amp;elevation_model=best_available&amp;forecast_year=2050&amp;pathway=rcp45&amp;percentile=p50&amp;refresh=true&amp;return_level=return_level_1&amp;slr_model=kopp_2014\" target=\"_blank\" rel=\"noreferrer noopener\">Source : Carte Climate Central<\/a><\/figcaption><\/figure><\/div>\n\n\n\n<p><strong>Et non, ce n\u2019est pas de la science-fiction.<br>Et, n\u2019en d\u00e9plaise \u00e0 certains, ce n\u2019est pas non plus un discours catastrophiste.<\/strong><\/p>\n\n\n\n<p><strong>C\u2019est de la science. <\/strong><br>Ni plus, ni moins que de la science.<br>Demandez donc aux gens d\u2019Ottawa au Canada, de Pepinster en province de Li\u00e8ge, d\u2019Erftstadt en Allemagne ou d\u2019Ath\u00e8nes en Gr\u00e8ce\u2026<\/p>\n\n\n\n<h2 class=\"wp-block-heading\"><strong>La Transition est notre r\u00e9ponse<\/strong><\/h2>\n\n\n\n<p><strong>A ce stade, il y a trois r\u00e9ponses possibles&nbsp;:<\/strong><\/p>\n\n\n\n<ol class=\"wp-block-list\" type=\"1\"><li><strong>On n\u2019y croit pas ou on s\u2019en fout.<\/strong><br><\/li><li><strong>On y croit mais on pense qu\u2019on ne peut (veut) rien y faire et que c\u2019est la fin du monde.<br><\/strong><\/li><li><strong>On y croit et on veut essayer de faire quelque chose.<\/strong><\/li><\/ol>\n\n\n\n<p><\/p>\n\n\n\n<p><strong>A ceux qui ont coch\u00e9 la premi\u00e8re r\u00e9ponse, il n\u2019y a pas grand-chose \u00e0 dire. <\/strong><br>Continuez \u00e0 rouler en 4&#215;4 Diesel, \u00e0 prendre l\u2019avion cinq fois par an et \u00e0 penser comme des supporters de Donald Trump.<\/p>\n\n\n\n<p><strong>A ceux qui ont coch\u00e9 la deuxi\u00e8me r\u00e9ponse&nbsp;: <\/strong>Nous les comprenons mais <strong>le d\u00e9faitisme et l\u2019abandon ne sont pas des r\u00e9ponses acceptables. <\/strong><br>Nous avons une responsabilit\u00e9 vis-\u00e0-vis des jeunes g\u00e9n\u00e9rations et, plus globalement, de toutes les esp\u00e8ces vivantes.<br>Pensons comme des r\u00e9sistants courageux, pas comme des collaborateurs soumis et apathiques.<\/p>\n\n\n\n<p><strong>A ceux qui ont coch\u00e9 la troisi\u00e8me r\u00e9ponse. Nous tous, j\u2019esp\u00e8re.<br>La Grande Transition est la r\u00e9ponse.<\/strong><br><strong>Elle consiste sch\u00e9matiquement \u00e0 changer notre syst\u00e8me de vie pour anticiper et att\u00e9nuer les cons\u00e9quences \u00e9cologiques, sociales et \u00e9conomiques de cette temp\u00eate qui nous arrive dessus.<\/strong><\/p>\n\n\n\n<div class=\"wp-block-image\"><figure class=\"aligncenter size-full\"><img loading=\"lazy\" decoding=\"async\" width=\"750\" height=\"500\" src=\"https:\/\/www.lively.brussels\/wp-content\/uploads\/2021\/09\/2021-08-31-LIVELY-POST_65-1B.jpg\" alt=\"\" class=\"wp-image-3723\" srcset=\"https:\/\/www.lively.brussels\/wp-content\/uploads\/2021\/09\/2021-08-31-LIVELY-POST_65-1B.jpg 750w, https:\/\/www.lively.brussels\/wp-content\/uploads\/2021\/09\/2021-08-31-LIVELY-POST_65-1B-300x200.jpg 300w, https:\/\/www.lively.brussels\/wp-content\/uploads\/2021\/09\/2021-08-31-LIVELY-POST_65-1B-610x407.jpg 610w, https:\/\/www.lively.brussels\/wp-content\/uploads\/2021\/09\/2021-08-31-LIVELY-POST_65-1B-640x427.jpg 640w\" sizes=\"auto, (max-width: 750px) 100vw, 750px\" \/><figcaption><strong>Nous aussi, nous sommes avec Elle. <\/strong><br>Marche pour le Climat &#8211; Washington 2017 &#8211; <a href=\"https:\/\/commons.wikimedia.org\/wiki\/File:People%27s_Climate_March_2017_in_Washington_DC_39.jpg\" target=\"_blank\" rel=\"noreferrer noopener\">Source : Wikip\u00e9dia<\/a><\/figcaption><\/figure><\/div>\n\n\n\n<p><strong>OK. Mais quand on a dit \u00e7a, on a tout dit et on a rien dit.<br>Certes.<br>Du coup, on a demand\u00e9 \u00e0 ceux dont la transition est le m\u00e9tier. <br>En substance, \u00e0 Florent Losson qui, au sein de <a href=\"https:\/\/www.groupeone.be\/\" target=\"_blank\" rel=\"noreferrer noopener\">l\u2019ASBL Groupe One<\/a>, anime des ateliers et formations sur ce vaste sujet qu\u2019est la Grande Transition.<\/strong><\/p>\n\n\n\n<hr class=\"wp-block-separator\"\/>\n\n\n\n<h2 class=\"wp-block-heading\"><strong>Avant toutes choses, c\u2019est nous<\/strong><\/h2>\n\n\n\n<p><strong>Il y a un r\u00e9el socle th\u00e9orique \u00e0 la Transition, dont <a href=\"https:\/\/fr.wikipedia.org\/wiki\/Rob_Hopkins\" target=\"_blank\" rel=\"noreferrer noopener\">Rob Hopkins, un universitaire et enseignant britannique est l\u2019un des principaux porte-paroles<\/a>. <\/strong><br>Formateur en permaculture, initiateur du Mouvement international des&nbsp;villes en transition, il est l&rsquo;auteur de plusieurs ouvrages sur ce sujet,&nbsp; dont The Transition Handbook&nbsp;(2008),&nbsp;The Transition Companion&nbsp;(2011),&nbsp;The Power of Just Doing Stuff&nbsp;(2013) et&nbsp;21 Stories of Transition&nbsp;(2015).<\/p>\n\n\n\n<div class=\"wp-block-image\"><figure class=\"aligncenter size-full\"><a href=\"https:\/\/fr.wikipedia.org\/wiki\/Rob_Hopkins\" target=\"_blank\" rel=\"noopener\" class=\"img-link\"><img loading=\"lazy\" decoding=\"async\" width=\"750\" height=\"500\" src=\"https:\/\/www.lively.brussels\/wp-content\/uploads\/2021\/09\/2021-08-31-LIVELY-POST_65-11.jpg\" alt=\"\" class=\"wp-image-3740\" srcset=\"https:\/\/www.lively.brussels\/wp-content\/uploads\/2021\/09\/2021-08-31-LIVELY-POST_65-11.jpg 750w, https:\/\/www.lively.brussels\/wp-content\/uploads\/2021\/09\/2021-08-31-LIVELY-POST_65-11-300x200.jpg 300w, https:\/\/www.lively.brussels\/wp-content\/uploads\/2021\/09\/2021-08-31-LIVELY-POST_65-11-610x407.jpg 610w, https:\/\/www.lively.brussels\/wp-content\/uploads\/2021\/09\/2021-08-31-LIVELY-POST_65-11-640x427.jpg 640w\" sizes=\"auto, (max-width: 750px) 100vw, 750px\" \/><\/a><figcaption>Rob Hopkins, l&rsquo;un des th\u00e9oriciens majeurs de la transition.<br><a href=\"https:\/\/www.robhopkins.net\/about\/\" target=\"_blank\" rel=\"noreferrer noopener\">Source : Robhopkins.net<\/a><\/figcaption><\/figure><\/div>\n\n\n\n<p><strong>Ce que ces penseurs, exp\u00e9rimentateurs et pionniers nous enseignent, c\u2019est tout d\u2019abord que la transition, c\u2019est avant tout un mouvement populaire.<\/strong><\/p>\n\n\n\n<p><strong>C\u2019est nous, nos efforts et nos exp\u00e9riences.<\/strong><\/p>\n\n\n\n<blockquote class=\"wp-block-quote is-layout-flow wp-block-quote-is-layout-flow\"><p><em>\u00ab&nbsp;La transition, ce n\u2019est pas un projet politique, \u00e7a vient du bas vers le haut, c\u2019est l\u2019ensemble des actions citoyennes et des projets men\u00e9s par les populations, des r\u00e9seaux d\u2019initiatives&nbsp;\u00bb.<\/em><\/p><cite>Florent Losson \u2013 Groupe One<\/cite><\/blockquote>\n\n\n\n<p><strong>En deux mots, pas la peine d\u2019attendre que les politiques ou les grandes industries fassent le boulot. <br>La transition, c\u2019est nous, chacun \u00e0 sa mesure et dans ses capacit\u00e9s.<\/strong><\/p>\n\n\n\n<p><strong>Foyer par foyer, quartier par quartier, ville par ville.<\/strong><\/p>\n\n\n\n<div class=\"wp-block-image\"><figure class=\"aligncenter size-full\"><img loading=\"lazy\" decoding=\"async\" width=\"750\" height=\"500\" src=\"https:\/\/www.lively.brussels\/wp-content\/uploads\/2021\/09\/2021-08-31-LIVELY-POST_65-5.jpg\" alt=\"\" class=\"wp-image-3748\" srcset=\"https:\/\/www.lively.brussels\/wp-content\/uploads\/2021\/09\/2021-08-31-LIVELY-POST_65-5.jpg 750w, https:\/\/www.lively.brussels\/wp-content\/uploads\/2021\/09\/2021-08-31-LIVELY-POST_65-5-300x200.jpg 300w, https:\/\/www.lively.brussels\/wp-content\/uploads\/2021\/09\/2021-08-31-LIVELY-POST_65-5-610x407.jpg 610w, https:\/\/www.lively.brussels\/wp-content\/uploads\/2021\/09\/2021-08-31-LIVELY-POST_65-5-640x427.jpg 640w\" sizes=\"auto, (max-width: 750px) 100vw, 750px\" \/><figcaption><strong>La Grande Transition, c&rsquo;est nous tous. <br>Sans exception. <\/strong><br>Militants \u00e0 Londres &#8211; <a href=\"https:\/\/www.flickr.com\/photos\/184802432@N05\/48891020678\" target=\"_blank\" rel=\"noreferrer noopener\">Source : Stefan M\u00fcller (climate stuff)<\/a><\/figcaption><\/figure><\/div>\n\n\n\n<p>Quant aux politiques et aux acteurs \u00e9conomiques, la plupart savent ce qu\u2019ils devraient faire et pour les autres, \u00e0 nous de faire pression sur eux dans le cadre de cette dynamique populaire.<\/p>\n\n\n\n<hr class=\"wp-block-separator\"\/>\n\n\n\n<h2 class=\"wp-block-heading\"><strong>En finir avec la domination<\/strong><\/h2>\n\n\n\n<p><strong>Le deuxi\u00e8me point qui caract\u00e9rise la Transition et les conditions de sa mise en \u0153uvre, c\u2019est la remise en cause du syst\u00e8me actuel dominant.<br>De quoi parle-t-on&nbsp;?<\/strong><\/p>\n\n\n\n<p>C\u2019est \u00e9videment complexe \u00e0 appr\u00e9hender dans la mesure o\u00f9 on est en plein dedans. On nous a \u00e9duqu\u00e9s \u00e0 penser comme \u00e7a.<\/p>\n\n\n\n<p><strong>Mais le fait est que nous vivons et travaillons dans un syst\u00e8me culturel qui est encore tr\u00e8s largement b\u00e2ti sur les notions de domination et de comp\u00e9tition.<\/strong><\/p>\n\n\n\n<p><strong>Nous dominons la nature<\/strong> et ses ressources nous appartiennent.<br><strong>Nous sommes blancs et jud\u00e9o-chr\u00e9tiens<\/strong> et nous avons raison sur tout.<br><strong>Nous devons prendre des parts de march\u00e9<\/strong> pour gagner plus d\u2019argent et poss\u00e9der plus de choses.<br><strong>Le succ\u00e8s se mesure \u00e0 l\u2019argent qu\u2019on gagne<\/strong> et \u00e0 la place \u00e9lev\u00e9e qu\u2019on occupe dans la pyramide sociale.<br><strong>Les gar\u00e7ons sont plus combatifs que les filles.<\/strong><br><strong>Le papa est le chef de famille <\/strong>et c\u2019est lui qui ram\u00e8ne l\u2019argent \u00e0 la maison.<\/p>\n\n\n\n<div class=\"wp-block-image\"><figure class=\"aligncenter size-full\"><img loading=\"lazy\" decoding=\"async\" width=\"750\" height=\"500\" src=\"https:\/\/www.lively.brussels\/wp-content\/uploads\/2021\/09\/2021-08-31-LIVELY-POST_65-6.jpg\" alt=\"\" class=\"wp-image-3755\" srcset=\"https:\/\/www.lively.brussels\/wp-content\/uploads\/2021\/09\/2021-08-31-LIVELY-POST_65-6.jpg 750w, https:\/\/www.lively.brussels\/wp-content\/uploads\/2021\/09\/2021-08-31-LIVELY-POST_65-6-300x200.jpg 300w, https:\/\/www.lively.brussels\/wp-content\/uploads\/2021\/09\/2021-08-31-LIVELY-POST_65-6-610x407.jpg 610w, https:\/\/www.lively.brussels\/wp-content\/uploads\/2021\/09\/2021-08-31-LIVELY-POST_65-6-640x427.jpg 640w\" sizes=\"auto, (max-width: 750px) 100vw, 750px\" \/><figcaption><strong>Une image du syst\u00e8me patriarcal capitaliste. <\/strong><br>Source : <a href=\"http:\/\/fastncurious.fr\/2017\/11\/18\/imbeciles-heureuses-representation-femmes-publicite\/\" target=\"_blank\" rel=\"noreferrer noopener\">Fast&rsquo;n&rsquo;Curious<\/a><\/figcaption><\/figure><\/div>\n\n\n\n<p><strong>Voil\u00e0. Lorsqu\u2019on parle du syst\u00e8me patriarcal dominant, on parle de cela.<\/strong><\/p>\n\n\n\n<p><strong>Et avancer dans la transition implique de d\u00e9passer tout cela, de le remettre en cause, de consid\u00e9rer que la solidarit\u00e9 et l\u2019humanit\u00e9 sont plus importants que le succ\u00e8s et la r\u00e9ussite, qu\u2019une vie consacr\u00e9e aux autres et \u00e0 la pr\u00e9servation de la nature est plus positive et riche qu\u2019une position sociale \u00e9lev\u00e9e.<\/strong><\/p>\n\n\n\n<p><strong>Pas facile, n\u2019est-ce pas, de penser comme \u00e7a&nbsp;?<br><\/strong>Non, effectivement, mais l\u00e0, aussi, c\u2019est l\u2019une des \u00e9tapes essentielles \u00e0 atteindre pour s\u2019engager vraiment sur la voie de la transition.<\/p>\n\n\n\n<hr class=\"wp-block-separator\"\/>\n\n\n\n<h2 class=\"wp-block-heading\"><strong>Syst\u00e9mique &amp; symbiotique<\/strong><\/h2>\n\n\n\n<p>Par ailleurs, ainsi que Florent nous l\u2019a expliqu\u00e9, <strong>il y a deux autres param\u00e8tres qui doivent permettre de r\u00e9aliser cette transition, le fait qu\u2019elle doit \u00eatre syst\u00e9mique et symbiotique.<\/strong><\/p>\n\n\n\n<p>Non, ne partez-pas&nbsp;! <br>Ce n\u2019est pas du jargon d\u2019experts qui ne veut rien dire.<br><strong>C\u2019est tr\u00e8s concret, au contraire.<\/strong><\/p>\n\n\n\n<p><strong>Syst\u00e9mique, cela signifie que la probl\u00e9matique de la transition doit \u00eatre prise en compte dans son ensemble. <\/strong><br>On ne peut pas dissocier l\u2019environnement de l\u2019\u00e9conomie ou la solidarit\u00e9 de la gestion des ressources. <br>Tous ces param\u00e8tres doivent \u00eatre consid\u00e9r\u00e9s ensemble.<\/p>\n\n\n\n<blockquote class=\"wp-block-quote is-layout-flow wp-block-quote-is-layout-flow\"><p><em>\u00ab&nbsp;La pens\u00e9e syst\u00e9mique, c\u2019est le fait de prendre en compte l\u2019int\u00e9gralit\u00e9 des syst\u00e8mes, du syst\u00e8me humain comme du syst\u00e8me animal, et plus globalement, de tout ce qui nous entoure. <\/em><br><br><em>L\u2019id\u00e9e, c\u2019est vraiment d\u2019imaginer et de d\u00e9velopper notre syst\u00e8me de production et de consommation dans son int\u00e9gralit\u00e9 en prenant en consid\u00e9ration le vivant dans son ensemble, l\u2019\u00e9conomie mais aussi les arts, la culture, etc. <\/em><br><br><em>et la transition, c\u2019est aussi le respect des minorit\u00e9s, de toutes les minorit\u00e9s&nbsp;\u00bb.<\/em><\/p><cite> Florent Losson \u2013 Groupe One <\/cite><\/blockquote>\n\n\n\n<p><strong>Quant \u00e0 la dimension symbiotique, elle est aussi tr\u00e8s concr\u00e8te en r\u00e9alit\u00e9.<br>L\u2019id\u00e9e, ainsi que nous l\u2019a expliqu\u00e9 Florent, c\u2019est de construire notre fonctionnement sur la base d\u2019\u00e9changes avec les autres composantes de notre environnement proche, notamment ici dans notre activit\u00e9 productive.<\/strong><\/p>\n\n\n\n<p>C\u2019est bien \u00e7a, Florent&nbsp;?<\/p>\n\n\n\n<p><strong><em>\u00ab&nbsp;Effectivement, on ne peut plus rester chacun dans son coin. <\/em><br><em>C\u2019est fondamental.<\/em><br><\/strong><em>Nous devons faire en sorte de<\/em><strong><em> d\u00e9velopper de vrais \u00e9cosyst\u00e8mes locaux d\u2019\u00e9changes <\/em><\/strong><em>de mati\u00e8res premi\u00e8res et de flux mais aussi de savoirs et d\u2019informations, <\/em><strong><em>de mettre en commun un maximum de choses et de syst\u00e9matiquement chercher ces collaborations <\/em><\/strong><em>qui vont g\u00e9n\u00e9rer de la valeur ajout\u00e9e \u00e9conomique mais aussi sociale et environnementale&nbsp;\u00bb.<\/em><\/p>\n\n\n\n<div class=\"wp-block-image\"><figure class=\"aligncenter size-full\"><img loading=\"lazy\" decoding=\"async\" width=\"750\" height=\"500\" src=\"https:\/\/www.lively.brussels\/wp-content\/uploads\/2021\/09\/2021-08-31-LIVELY-POST_65-7.jpg\" alt=\"\" class=\"wp-image-3765\" srcset=\"https:\/\/www.lively.brussels\/wp-content\/uploads\/2021\/09\/2021-08-31-LIVELY-POST_65-7.jpg 750w, https:\/\/www.lively.brussels\/wp-content\/uploads\/2021\/09\/2021-08-31-LIVELY-POST_65-7-300x200.jpg 300w, https:\/\/www.lively.brussels\/wp-content\/uploads\/2021\/09\/2021-08-31-LIVELY-POST_65-7-610x407.jpg 610w, https:\/\/www.lively.brussels\/wp-content\/uploads\/2021\/09\/2021-08-31-LIVELY-POST_65-7-640x427.jpg 640w\" sizes=\"auto, (max-width: 750px) 100vw, 750px\" \/><figcaption>Symbiotiques. Comme le buffle et le Piqueb\u0153uf \u00e0 bec rouge. <br>C&rsquo;est dans notre Nature. <\/figcaption><\/figure><\/div>\n\n\n\n<p><strong>Et c\u2019est vrai que ce n\u2019est pas facile.<br>Parce que cela implique d\u2019identifier ces partenaires possibles, de leur parler, de travailler ensemble \u00e0 ces flux partag\u00e9s et de construire les modalit\u00e9s de cette collaboration. <\/strong><br>Et le syst\u00e8me actuel ne nous a pas habitu\u00e9\u00b7e\u00b7s \u00e0 cela.<\/p>\n\n\n\n<p><strong>D\u2019o\u00f9 l\u2019importance de s\u2019informer, de suivre les id\u00e9es inspirantes, de s\u2019int\u00e9resser aux nouveaux mod\u00e8les et de s\u2019ouvrir aux autres.<\/strong><br>Non, ce n\u2019est pas facile. <br><strong>Mais c\u2019est indispensable.<\/strong><\/p>\n\n\n\n<hr class=\"wp-block-separator\"\/>\n\n\n\n<h2 class=\"wp-block-heading\"><strong>La circularit\u00e9, pilier de la Grande Transition<\/strong><\/h2>\n\n\n\n<p><strong>On l\u2019aura compris, la Transition doit se construire en r\u00e9action<\/strong> <strong>positive au mod\u00e8le capitaliste traditionnel dominant (et dominateur).<\/strong><\/p>\n\n\n\n<p><strong>Et l\u2019\u00e9conomie lin\u00e9aire qui consiste \u00e0 pr\u00e9lever des ressources naturelles pour en faire des produits qui finiront sous forme de d\u00e9chets est l\u2019une des expressions de ce mod\u00e8le dominant qui a \u00e9t\u00e9 mis en place tout au long du XXe si\u00e8cle.<\/strong><br>Le fait est que piller la nature pour finir par la recouvrir de d\u00e9chets sans consid\u00e9ration pour le vivant, c\u2019est effectivement une expression claire de ce mod\u00e8le dominant qui ne respecte presque rien.<\/p>\n\n\n\n<p><strong>Et, d\u00e8s lors, l\u2019\u00e9conomie circulaire en ce qu\u2019elle a de plus vertueux devient vraiment l\u2019une des manifestations les plus concr\u00e8tes de la Grande Transition. <br><\/strong>Et cette dynamique circulaire se lie profond\u00e9ment aux dimensions symbiotiques et locales qui d\u00e9finissent aussi la transition.<\/p>\n\n\n\n<p><strong>Le mod\u00e8le id\u00e9al ressemblerait donc \u00e0 une \u00e9conomie locale o\u00f9 des flux de production de chaque acteur de l\u2019\u00e9cosyst\u00e8me se nourrit des ressources non-utilis\u00e9es par les autres.<\/strong><\/p>\n\n\n\n<p><strong>Local, symbiotique et circulaire.<\/strong><\/p>\n\n\n\n<div class=\"wp-block-image\"><figure class=\"aligncenter size-full\"><img loading=\"lazy\" decoding=\"async\" width=\"750\" height=\"500\" src=\"https:\/\/www.lively.brussels\/wp-content\/uploads\/2021\/09\/2021-08-31-LIVELY-POST_65-8.jpg\" alt=\"\" class=\"wp-image-3772\" srcset=\"https:\/\/www.lively.brussels\/wp-content\/uploads\/2021\/09\/2021-08-31-LIVELY-POST_65-8.jpg 750w, https:\/\/www.lively.brussels\/wp-content\/uploads\/2021\/09\/2021-08-31-LIVELY-POST_65-8-300x200.jpg 300w, https:\/\/www.lively.brussels\/wp-content\/uploads\/2021\/09\/2021-08-31-LIVELY-POST_65-8-610x407.jpg 610w, https:\/\/www.lively.brussels\/wp-content\/uploads\/2021\/09\/2021-08-31-LIVELY-POST_65-8-640x427.jpg 640w\" sizes=\"auto, (max-width: 750px) 100vw, 750px\" \/><figcaption><strong>Cela me semble assez clair. <\/strong><br>Photo : <a href=\"https:\/\/pxhere.com\/en\/photo\/934328\" target=\"_blank\" rel=\"noreferrer noopener\">PXHere<\/a><\/figcaption><\/figure><\/div>\n\n\n\n<blockquote class=\"wp-block-quote is-layout-flow wp-block-quote-is-layout-flow\"><p><em>\u00ab&nbsp;L\u2019id\u00e9e, c\u2019est bien d\u2019investir vraiment dans le local en commen\u00e7ant par regarder ce qu\u2019on a autour de soi pour d\u00e9velopper des \u00e9changes de flux aussi avec les entreprises proches&nbsp;\u00bb.<\/em><\/p><cite>  Florent Losson \u2013 Groupe One  <\/cite><\/blockquote>\n\n\n\n<p><em><strong>\u00ab&nbsp;On a l\u2019\u00e9change de flux, l\u2019\u00e9change de d\u00e9chets, l\u2019\u00e9change de mati\u00e8re premi\u00e8re, etc. <\/strong><\/em><br><em><strong>Avec comme ligne de conduite de toujours imaginer de nouvelles externalit\u00e9s, de nouvelles opportunit\u00e9s, de toujours innover<\/strong>.<\/em><\/p>\n\n\n\n<p><em>Un tr\u00e8s bon exemple, c\u2019est bien s\u00fbr <a href=\"https:\/\/www.permafungi.be\/\" target=\"_blank\" rel=\"noreferrer noopener\">la soci\u00e9t\u00e9 <em>PermaFungi<\/em> qui r\u00e9cup\u00e8re du marc de caf\u00e9 dans les entreprises pour produire des champignons. <\/a><\/em><br><em>Et, dans leur recherche constante d\u2019innovation, ils se sont demand\u00e9 ce qu\u2019ils pouvaient faire de leurs d\u00e9chets de champignons. <\/em><br><em>Et maintenant, ils les utilisent pour cr\u00e9er des objets de design, des lampes, par exemple.<\/em><br><em><strong>C\u2019est \u00e7a qui est tr\u00e8s int\u00e9ressant, c\u2019est qu\u2019\u00e0 chaque stade de leurs projets, ils ont r\u00e9fl\u00e9chi \u00e0 comment exploiter leurs externalit\u00e9s&nbsp;\u00bb.<\/strong><\/em><\/p>\n\n\n\n<figure class=\"wp-block-embed aligncenter is-type-video is-provider-vimeo wp-block-embed-vimeo\"><div class=\"wp-block-embed__wrapper\">\n<div class=\"responsive-container\"><iframe loading=\"lazy\" title=\"LUMIFUNGI - le premier luminaire belge dot&amp;eacute; d&#039;un abat-jour organique et biod&amp;eacute;gradable\" src=\"https:\/\/player.vimeo.com\/video\/247320492?dnt=1&amp;app_id=122963&amp;h=82264061b2\" width=\"720\" height=\"405\" frameborder=\"0\" allow=\"autoplay; fullscreen; picture-in-picture\" allowfullscreen><\/iframe><\/div>\n<\/div><figcaption>La recherche en biodesign de Permafungi pour cr\u00e9er \u00e0 partir de d\u00e9chets de d\u00e9chets. <br><a href=\"https:\/\/www.permafungi.be\/lumifungi\/\" target=\"_blank\" rel=\"noreferrer noopener\">A voir ici. <\/a><\/figcaption><\/figure>\n\n\n\n<hr class=\"wp-block-separator\"\/>\n\n\n\n<h2 class=\"wp-block-heading\"><strong>Bruxelles, la transition en action<\/strong><\/h2>\n\n\n\n<p><a href=\"https:\/\/www.lively.brussels\/index.php\/2021\/07\/04\/circular-smart-city\/\" target=\"_blank\" rel=\"noreferrer noopener\"><strong>Bruxelles, comme nombre d\u2019autres villes europ\u00e9ennes (et sans doute plus encore) est d\u00e9j\u00e0 engag\u00e9e sur la voie de la transition.<\/strong><br><\/a>Qu\u2019il s\u2019agisse des <a href=\"https:\/\/www.lively.brussels\/index.php\/2020\/12\/08\/local-circulaire-et-solidaire\/\" target=\"_blank\" rel=\"noreferrer noopener\">orientations fix\u00e9es par le gouvernement bruxellois<\/a>, du <a href=\"https:\/\/www.lively.brussels\/index.php\/2020\/10\/05\/la-recette-du-prec\/\" target=\"_blank\" rel=\"noreferrer noopener\">Plan r\u00e9gional d\u2019Economie Circulaire<\/a> ou de la <a href=\"https:\/\/www.lively.brussels\/index.php\/2021\/05\/18\/on-peut-le-faire\/\" target=\"_blank\" rel=\"noreferrer noopener\">multitude d\u2019initiatives qui se mettent en place<\/a>, Bruxelles est d\u00e9j\u00e0 en mouvement.<\/p>\n\n\n\n<p>Suffisamment&nbsp;?<\/p>\n\n\n\n<p><strong>Peut-\u00eatre pas, compte tenu des niveaux d\u2019urgence, mais le fait est que le cap est fix\u00e9 et que les courants sont plut\u00f4t favorables.<br>La dynamique populaire, endog\u00e8ne et citoyenne est en route et chaque jour, autour de nous, des projets cr\u00e9atifs et innovants se multiplient.<\/strong><\/p>\n\n\n\n<blockquote class=\"wp-block-quote is-layout-flow wp-block-quote-is-layout-flow\"><p><em>\u00ab&nbsp;La transition, elle est effectivement en route \u00e0 Bruxelles, c\u2019est une \u00e9vidence. <\/em><br><em>A travers toute une s\u00e9rie de projets et aussi gr\u00e2ce aux institutions qui prennent vraiment conscience de ces enjeux depuis quelques ann\u00e9es d\u00e9j\u00e0. On le ressent vraiment tr\u00e8s fortement&nbsp;dans tous les projets qu\u2019on accompagne \u00bb.<\/em><\/p><cite> Florent Losson \u2013 Groupe One   <\/cite><\/blockquote>\n\n\n\n<hr class=\"wp-block-separator\"\/>\n\n\n\n<h2 class=\"wp-block-heading\"><strong>La relance par la transition<\/strong><\/h2>\n\n\n\n<p><strong>Mais est-ce que la transition, cette nouvelle mani\u00e8re de penser et d\u2019agir, permet de contribuer \u00e0 la relance de l\u2019\u00e9conomie bruxelloise&nbsp;?<\/strong><\/p>\n\n\n\n<p>La r\u00e9ponse est oui, \u00e9videmment.<\/p>\n\n\n\n<p><strong>Parce que, fondamentalement, cette relance par la transition repose sur le niveau de mobilisation et d\u2019investissement des ressources bruxelloises sur des axes \u00e9conomiques et sociaux qui r\u00e9pondent \u00e0 cette tentative de d\u00e9finition de la transition.<\/strong><\/p>\n\n\n\n<p><strong>Citoyen, local, symbiotique et circulaire.<\/strong><\/p>\n\n\n\n<p>Oui, c\u2019est bien ce qui se dessine autour de nous, cette myriades de projets qui m\u00ealent entreprenariat, cr\u00e9ativit\u00e9 et solidarit\u00e9.<\/p>\n\n\n\n<p>Et derri\u00e8re cela, il y a les orientations donn\u00e9es par les autorit\u00e9s publiques qui ont, de fait, une vraie responsabilit\u00e9 eu \u00e9gard aux choix qu\u2019elles font en termes d\u2019investissement et de soutien.<\/p>\n\n\n\n<p><strong>Refinancer les compagnies a\u00e9riennes ou plut\u00f4t le secteur de la construction durable&nbsp;?<\/strong><br>C\u2019est \u00e9videmment ce type de d\u00e9cisions qui peuvent ou non soutenir l\u2019indispensable processus de transition.<\/p>\n\n\n\n<p><strong>Cela \u00e9tant, le fait est que nous avons une chance \u00e0 Bruxelles, celle d\u2019avoir <a href=\"https:\/\/www.lively.brussels\/index.php\/2020\/12\/08\/local-circulaire-et-solidaire\/\" target=\"_blank\" rel=\"noreferrer noopener\">un gouvernement qui a une vraie vision dans le domaine<\/a>. Celle-ci ne remplacera jamais l\u2019engouement citoyen et populaire mais elle contribue tr\u00e8s clairement \u00e0 cr\u00e9er un terreau fertile pour toutes ces belles initiatives.<\/strong><\/p>\n\n\n\n<div class=\"wp-block-image\"><figure class=\"aligncenter size-full\"><img loading=\"lazy\" decoding=\"async\" width=\"750\" height=\"500\" src=\"https:\/\/www.lively.brussels\/wp-content\/uploads\/2021\/09\/Barbara.jpg\" alt=\"\" class=\"wp-image-3791\" srcset=\"https:\/\/www.lively.brussels\/wp-content\/uploads\/2021\/09\/Barbara.jpg 750w, https:\/\/www.lively.brussels\/wp-content\/uploads\/2021\/09\/Barbara-300x200.jpg 300w, https:\/\/www.lively.brussels\/wp-content\/uploads\/2021\/09\/Barbara-610x407.jpg 610w, https:\/\/www.lively.brussels\/wp-content\/uploads\/2021\/09\/Barbara-640x427.jpg 640w\" sizes=\"auto, (max-width: 750px) 100vw, 750px\" \/><figcaption><a href=\"https:\/\/www.lively.brussels\/index.php\/2020\/12\/08\/local-circulaire-et-solidaire\/\" target=\"_blank\" rel=\"noreferrer noopener\">Barbara Trachte, Secr\u00e9taire d&rsquo;Etat \u00e0 la Transition<br>Une vision forte de l&rsquo;avenir de Bruxelles. <\/a><\/figcaption><\/figure><\/div>\n\n\n\n<hr class=\"wp-block-separator\"\/>\n\n\n\n<h2 class=\"wp-block-heading\"><strong>Finalement, la transition c\u2019est dans la t\u00eate<\/strong><\/h2>\n\n\n\n<p><strong>Ce qui se d\u00e9tache de tout cela, c\u2019est que la Grande Transition, au-del\u00e0 des r\u00e9formes et des choix politiques, c\u2019est une question de changement de mentalit\u00e9.<\/strong><\/p>\n\n\n\n<p>En finir avec ce mod\u00e8le capitaliste dominant qui est encore tr\u00e8s pr\u00e9sent dans nos mani\u00e8res de penser.<br><strong>R\u00e9fl\u00e9chir. Remettre en cause des \u00e9vidences. <br>Sortir de sa zone de confort.<\/strong><\/p>\n\n\n\n<p>Et le fait est que ce n\u2019est pas facile. C\u2019est stressant, m\u00eame.<\/p>\n\n\n\n<p>Remettre en cause son besoin de propri\u00e9t\u00e9. <br>Aller vers les autres.<br>Echanger plut\u00f4t qu\u2019acheter. <br>Changer de boulot si on n\u2019est pas satisfait du sien. <br>Entreprendre dans le durable. <br>Ne plus acheter n\u2019importe quoi. Donner du sens \u00e0 sa vie.&nbsp;<\/p>\n\n\n\n<p><strong>S\u2019efforcer de faire partie de la solution, pas du probl\u00e8me.<\/strong><\/p>\n\n\n\n<p><strong>Tu voies, maman, c\u2019est \u00e7a en fait la Grande Transition.<\/strong><\/p>\n\n\n\n<p><strong>Et c\u2019est \u00e7a que nous devons faire maintenant.<\/strong><\/p>\n\n\n\n<div class=\"wp-block-image\"><figure class=\"aligncenter size-full\"><img loading=\"lazy\" decoding=\"async\" width=\"750\" height=\"500\" src=\"https:\/\/www.lively.brussels\/wp-content\/uploads\/2021\/09\/2021-08-31-LIVELY-POST_65-4.jpg\" alt=\"\" class=\"wp-image-3798\" srcset=\"https:\/\/www.lively.brussels\/wp-content\/uploads\/2021\/09\/2021-08-31-LIVELY-POST_65-4.jpg 750w, https:\/\/www.lively.brussels\/wp-content\/uploads\/2021\/09\/2021-08-31-LIVELY-POST_65-4-300x200.jpg 300w, https:\/\/www.lively.brussels\/wp-content\/uploads\/2021\/09\/2021-08-31-LIVELY-POST_65-4-610x407.jpg 610w, https:\/\/www.lively.brussels\/wp-content\/uploads\/2021\/09\/2021-08-31-LIVELY-POST_65-4-640x427.jpg 640w\" sizes=\"auto, (max-width: 750px) 100vw, 750px\" \/><figcaption><strong>La jeunesse est la premi\u00e8re concern\u00e9e.<\/strong><br>Climate Strike Glasgow &#8211; <a href=\"https:\/\/www.flickr.com\/photos\/osamasaeed\/48813786587\/\" target=\"_blank\" rel=\"noreferrer noopener\">Source<\/a><\/figcaption><\/figure><\/div>\n\n\n\n<div class=\"wp-block-image\"><figure class=\"aligncenter size-full\"><img loading=\"lazy\" decoding=\"async\" width=\"750\" height=\"500\" src=\"https:\/\/www.lively.brussels\/wp-content\/uploads\/2021\/09\/2021-08-31-LIVELY-POST_65-12.jpg\" alt=\"\" class=\"wp-image-3799\" srcset=\"https:\/\/www.lively.brussels\/wp-content\/uploads\/2021\/09\/2021-08-31-LIVELY-POST_65-12.jpg 750w, https:\/\/www.lively.brussels\/wp-content\/uploads\/2021\/09\/2021-08-31-LIVELY-POST_65-12-300x200.jpg 300w, https:\/\/www.lively.brussels\/wp-content\/uploads\/2021\/09\/2021-08-31-LIVELY-POST_65-12-610x407.jpg 610w, https:\/\/www.lively.brussels\/wp-content\/uploads\/2021\/09\/2021-08-31-LIVELY-POST_65-12-640x427.jpg 640w\" sizes=\"auto, (max-width: 750px) 100vw, 750px\" \/><figcaption><strong>Ecoutons-les.<\/strong><br>Peoples Climate March &#8211; <a href=\"https:\/\/www.flickr.com\/photos\/openminder\/15145410178\/\" target=\"_blank\" rel=\"noreferrer noopener\">Source<\/a><\/figcaption><\/figure><\/div>\n\n\n\n<div class=\"wp-block-image\"><figure class=\"aligncenter size-full\"><img loading=\"lazy\" decoding=\"async\" width=\"750\" height=\"500\" src=\"https:\/\/www.lively.brussels\/wp-content\/uploads\/2021\/09\/2021-08-31-LIVELY-POST_65-13.jpg\" alt=\"\" class=\"wp-image-3800\" srcset=\"https:\/\/www.lively.brussels\/wp-content\/uploads\/2021\/09\/2021-08-31-LIVELY-POST_65-13.jpg 750w, https:\/\/www.lively.brussels\/wp-content\/uploads\/2021\/09\/2021-08-31-LIVELY-POST_65-13-300x200.jpg 300w, https:\/\/www.lively.brussels\/wp-content\/uploads\/2021\/09\/2021-08-31-LIVELY-POST_65-13-610x407.jpg 610w, https:\/\/www.lively.brussels\/wp-content\/uploads\/2021\/09\/2021-08-31-LIVELY-POST_65-13-640x427.jpg 640w\" sizes=\"auto, (max-width: 750px) 100vw, 750px\" \/><figcaption><strong>Il est plus que temps d&rsquo;agir. <\/strong><br>Extinction Rebellion &#8211; Londres &#8211; 26 ao\u00fbt 2021 &#8211; <a href=\"https:\/\/www.flickr.com\/photos\/garryknight\/51404508241\/\" target=\"_blank\" rel=\"noreferrer noopener\">Source<\/a><\/figcaption><\/figure><\/div>\n\n\n\n<div class=\"wp-block-image\"><figure class=\"aligncenter size-full\"><img loading=\"lazy\" decoding=\"async\" width=\"750\" height=\"500\" src=\"https:\/\/www.lively.brussels\/wp-content\/uploads\/2021\/09\/2021-08-31-LIVELY-POST_65-14.jpg\" alt=\"\" class=\"wp-image-3801\" srcset=\"https:\/\/www.lively.brussels\/wp-content\/uploads\/2021\/09\/2021-08-31-LIVELY-POST_65-14.jpg 750w, https:\/\/www.lively.brussels\/wp-content\/uploads\/2021\/09\/2021-08-31-LIVELY-POST_65-14-300x200.jpg 300w, https:\/\/www.lively.brussels\/wp-content\/uploads\/2021\/09\/2021-08-31-LIVELY-POST_65-14-610x407.jpg 610w, https:\/\/www.lively.brussels\/wp-content\/uploads\/2021\/09\/2021-08-31-LIVELY-POST_65-14-640x427.jpg 640w\" sizes=\"auto, (max-width: 750px) 100vw, 750px\" \/><figcaption><strong>Greta Thunberg <\/strong><br><strong>Porte-voix du mouvement mondial pour le Climat<\/strong><br>Nous, on adh\u00e8re.<br>Source : <a href=\"https:\/\/commons.wikimedia.org\/wiki\/File:Greta_Thunberg_01.jpg\" target=\"_blank\" rel=\"noreferrer noopener\">Wikip\u00e9dia<\/a><\/figcaption><\/figure><\/div>\n\n\n\n<hr class=\"wp-block-separator\"\/>\n\n\n\n<p><strong>Photo A <\/strong>l<strong>a Une : <\/strong><a href=\"https:\/\/www.flickr.com\/photos\/350org\/43645323585\" target=\"_blank\" rel=\"noreferrer noopener\">Marche pour le Climat &#8211; Paris 2018 &#8211; Source : 350.org<\/a><\/p>\n\n\n\n<hr class=\"wp-block-separator\"\/>\n\n\n\n<p class=\"has-text-align-center has-small-font-size\"> Cet article a \u00e9t\u00e9 r\u00e9alis\u00e9 en partenariat avec <a href=\"https:\/\/hub.brussels\/fr\/\" target=\"_blank\" rel=\"noreferrer noopener\">hub.brussels, l\u2019agence bruxelloise des entreprises.<\/a> <\/p>\n\n\n\n<div class=\"wp-block-image\"><figure class=\"aligncenter size-full is-resized\"><a href=\"https:\/\/hub.brussels\/fr\/\" target=\"_blank\" rel=\"noopener\" class=\"img-link\"><img loading=\"lazy\" decoding=\"async\" src=\"https:\/\/www.lively.brussels\/wp-content\/uploads\/2021\/09\/Logo-hub.brussels-couleur-300x179-3.png\" alt=\"\" class=\"wp-image-4207\" width=\"225\" height=\"134\"\/><\/a><\/figure><\/div>\n\n\n\n<hr class=\"wp-block-separator\"\/>\n\n\n\n<div class=\"wp-block-image\"><figure class=\"aligncenter size-full is-resized\"><img loading=\"lazy\" decoding=\"async\" src=\"https:\/\/www.lively.brussels\/wp-content\/uploads\/2021\/09\/by-nc-sa.eu_-300x105-1.png\" alt=\"\" class=\"wp-image-3804\" width=\"225\" height=\"79\"\/><\/figure><\/div>\n\n\n\n<p class=\"has-text-align-center has-small-font-size\"><a href=\"https:\/\/www.lively.brussels\/index.php\/2020\/09\/30\/creative-come-on\/\" target=\"_blank\" rel=\"noreferrer noopener\">Cet article est sous Licence Creative Commons.<\/a><br>Vous \u00eates libre de le r\u00e9utiliser (en mentionnant l\u2019auteur \u2013 BY) mais pas pour un usage commercial (NC) et pour le partager dans les m\u00eames conditions (SA).<br><a href=\"https:\/\/creativecommons.org\/licenses\/?lang=fr\" target=\"_blank\" rel=\"noreferrer noopener\">All about Creative Commons<\/a><\/p>\n","protected":false},"excerpt":{"rendered":"<p>C\u2019est nous et c\u2019est maintenant<\/p>\n","protected":false},"author":2,"featured_media":3727,"comment_status":"open","ping_status":"closed","sticky":false,"template":"","format":"standard","meta":{"ngg_post_thumbnail":0,"footnotes":""},"categories":[265],"tags":[],"class_list":["post-3722","post","type-post","status-publish","format-standard","has-post-thumbnail","hentry","category-a-new-world","entry-card--landscape"],"yoast_head":"<!-- This site is optimized with the Yoast SEO plugin v27.2 - https:\/\/yoast.com\/product\/yoast-seo-wordpress\/ -->\n<title>La Transition expliqu\u00e9e \u00e0 ma m\u00e8re &#060; LIVELY - Le WebMag de l&#039;\u00e9conomie circulaire<\/title>\n<meta name=\"description\" content=\"Le Webmagazine de l&#039;\u00e9conomie circulaire \u00e0 Bruxelles, de la transition \u00e9conomique et de la durabilit\u00e9.\" \/>\n<meta name=\"robots\" content=\"index, follow, max-snippet:-1, max-image-preview:large, max-video-preview:-1\" \/>\n<link rel=\"canonical\" href=\"https:\/\/www.lively.brussels\/index.php\/2024\/04\/05\/la-transition-expliquee-a-ma-mere\/\" \/>\n<meta property=\"og:locale\" content=\"fr_FR\" \/>\n<meta property=\"og:type\" content=\"article\" \/>\n<meta property=\"og:title\" content=\"La Transition expliqu\u00e9e \u00e0 ma m\u00e8re &#060; LIVELY - Le WebMag de l&#039;\u00e9conomie circulaire\" \/>\n<meta property=\"og:description\" content=\"Le Webmagazine de l&#039;\u00e9conomie circulaire \u00e0 Bruxelles, de la transition \u00e9conomique et de la durabilit\u00e9.\" \/>\n<meta property=\"og:url\" content=\"https:\/\/www.lively.brussels\/index.php\/2024\/04\/05\/la-transition-expliquee-a-ma-mere\/\" \/>\n<meta property=\"og:site_name\" content=\"LIVELY - Le WebMag de l&#039;\u00e9conomie circulaire\" \/>\n<meta property=\"article:publisher\" content=\"https:\/\/www.facebook.com\/LivelyBrussels\/\" \/>\n<meta property=\"article:published_time\" content=\"2024-04-05T19:00:34+00:00\" \/>\n<meta property=\"article:modified_time\" content=\"2024-05-21T10:05:20+00:00\" \/>\n<meta property=\"og:image\" content=\"https:\/\/www.lively.brussels\/wp-content\/uploads\/2021\/09\/2021-08-31-LIVELY-POST_65-2.jpg\" \/>\n\t<meta property=\"og:image:width\" content=\"750\" \/>\n\t<meta property=\"og:image:height\" content=\"500\" \/>\n\t<meta property=\"og:image:type\" content=\"image\/jpeg\" \/>\n<meta name=\"author\" content=\"Dan\" \/>\n<meta name=\"twitter:card\" content=\"summary_large_image\" \/>\n<meta name=\"twitter:creator\" content=\"@BrusselsLively\" \/>\n<meta name=\"twitter:site\" content=\"@BrusselsLively\" \/>\n<meta name=\"twitter:label1\" content=\"\u00c9crit par\" \/>\n\t<meta name=\"twitter:data1\" content=\"Dan\" \/>\n\t<meta name=\"twitter:label2\" content=\"Dur\u00e9e de lecture estim\u00e9e\" \/>\n\t<meta name=\"twitter:data2\" content=\"13 minutes\" \/>\n<script type=\"application\/ld+json\" class=\"yoast-schema-graph\">{\"@context\":\"https:\/\/schema.org\",\"@graph\":[{\"@type\":\"Article\",\"@id\":\"https:\/\/www.lively.brussels\/index.php\/2024\/04\/05\/la-transition-expliquee-a-ma-mere\/#article\",\"isPartOf\":{\"@id\":\"https:\/\/www.lively.brussels\/index.php\/2024\/04\/05\/la-transition-expliquee-a-ma-mere\/\"},\"author\":{\"name\":\"Dan\",\"@id\":\"https:\/\/www.lively.brussels\/#\/schema\/person\/27b8da6d7e6a73c586858220b3689813\"},\"headline\":\"La Transition expliqu\u00e9e \u00e0 ma m\u00e8re\",\"datePublished\":\"2024-04-05T19:00:34+00:00\",\"dateModified\":\"2024-05-21T10:05:20+00:00\",\"mainEntityOfPage\":{\"@id\":\"https:\/\/www.lively.brussels\/index.php\/2024\/04\/05\/la-transition-expliquee-a-ma-mere\/\"},\"wordCount\":2670,\"commentCount\":0,\"publisher\":{\"@id\":\"https:\/\/www.lively.brussels\/#organization\"},\"image\":{\"@id\":\"https:\/\/www.lively.brussels\/index.php\/2024\/04\/05\/la-transition-expliquee-a-ma-mere\/#primaryimage\"},\"thumbnailUrl\":\"https:\/\/www.lively.brussels\/wp-content\/uploads\/2021\/09\/2021-08-31-LIVELY-POST_65-2.jpg\",\"articleSection\":[\"A NEW WORLD\"],\"inLanguage\":\"fr-FR\",\"potentialAction\":[{\"@type\":\"CommentAction\",\"name\":\"Comment\",\"target\":[\"https:\/\/www.lively.brussels\/index.php\/2024\/04\/05\/la-transition-expliquee-a-ma-mere\/#respond\"]}]},{\"@type\":\"WebPage\",\"@id\":\"https:\/\/www.lively.brussels\/index.php\/2024\/04\/05\/la-transition-expliquee-a-ma-mere\/\",\"url\":\"https:\/\/www.lively.brussels\/index.php\/2024\/04\/05\/la-transition-expliquee-a-ma-mere\/\",\"name\":\"La Transition expliqu\u00e9e \u00e0 ma m\u00e8re &#060; LIVELY - Le WebMag de l&#039;\u00e9conomie circulaire\",\"isPartOf\":{\"@id\":\"https:\/\/www.lively.brussels\/#website\"},\"primaryImageOfPage\":{\"@id\":\"https:\/\/www.lively.brussels\/index.php\/2024\/04\/05\/la-transition-expliquee-a-ma-mere\/#primaryimage\"},\"image\":{\"@id\":\"https:\/\/www.lively.brussels\/index.php\/2024\/04\/05\/la-transition-expliquee-a-ma-mere\/#primaryimage\"},\"thumbnailUrl\":\"https:\/\/www.lively.brussels\/wp-content\/uploads\/2021\/09\/2021-08-31-LIVELY-POST_65-2.jpg\",\"datePublished\":\"2024-04-05T19:00:34+00:00\",\"dateModified\":\"2024-05-21T10:05:20+00:00\",\"description\":\"Le Webmagazine de l'\u00e9conomie circulaire \u00e0 Bruxelles, de la transition \u00e9conomique et de la durabilit\u00e9.\",\"breadcrumb\":{\"@id\":\"https:\/\/www.lively.brussels\/index.php\/2024\/04\/05\/la-transition-expliquee-a-ma-mere\/#breadcrumb\"},\"inLanguage\":\"fr-FR\",\"potentialAction\":[{\"@type\":\"ReadAction\",\"target\":[\"https:\/\/www.lively.brussels\/index.php\/2024\/04\/05\/la-transition-expliquee-a-ma-mere\/\"]}]},{\"@type\":\"ImageObject\",\"inLanguage\":\"fr-FR\",\"@id\":\"https:\/\/www.lively.brussels\/index.php\/2024\/04\/05\/la-transition-expliquee-a-ma-mere\/#primaryimage\",\"url\":\"https:\/\/www.lively.brussels\/wp-content\/uploads\/2021\/09\/2021-08-31-LIVELY-POST_65-2.jpg\",\"contentUrl\":\"https:\/\/www.lively.brussels\/wp-content\/uploads\/2021\/09\/2021-08-31-LIVELY-POST_65-2.jpg\",\"width\":750,\"height\":500},{\"@type\":\"BreadcrumbList\",\"@id\":\"https:\/\/www.lively.brussels\/index.php\/2024\/04\/05\/la-transition-expliquee-a-ma-mere\/#breadcrumb\",\"itemListElement\":[{\"@type\":\"ListItem\",\"position\":1,\"name\":\"Accueil\",\"item\":\"https:\/\/www.lively.brussels\/\"},{\"@type\":\"ListItem\",\"position\":2,\"name\":\"La Transition expliqu\u00e9e \u00e0 ma m\u00e8re\"}]},{\"@type\":\"WebSite\",\"@id\":\"https:\/\/www.lively.brussels\/#website\",\"url\":\"https:\/\/www.lively.brussels\/\",\"name\":\"LIVELY - Le WebMag de l&#039;\u00e9conomie circulaire\",\"description\":\"Pour tout savoir de l&#039;\u00e9conomie circulaire \u00e0 Bruxelles, en Belgique et dans le reste de l&#039;univers\",\"publisher\":{\"@id\":\"https:\/\/www.lively.brussels\/#organization\"},\"potentialAction\":[{\"@type\":\"SearchAction\",\"target\":{\"@type\":\"EntryPoint\",\"urlTemplate\":\"https:\/\/www.lively.brussels\/?s={search_term_string}\"},\"query-input\":{\"@type\":\"PropertyValueSpecification\",\"valueRequired\":true,\"valueName\":\"search_term_string\"}}],\"inLanguage\":\"fr-FR\"},{\"@type\":\"Organization\",\"@id\":\"https:\/\/www.lively.brussels\/#organization\",\"name\":\"Sense Brussels SCRL\",\"url\":\"https:\/\/www.lively.brussels\/\",\"logo\":{\"@type\":\"ImageObject\",\"inLanguage\":\"fr-FR\",\"@id\":\"https:\/\/www.lively.brussels\/#\/schema\/logo\/image\/\",\"url\":\"https:\/\/www.lively.brussels\/wp-content\/uploads\/2020\/08\/Lively_Favicon.jpg\",\"contentUrl\":\"https:\/\/www.lively.brussels\/wp-content\/uploads\/2020\/08\/Lively_Favicon.jpg\",\"width\":134,\"height\":134,\"caption\":\"Sense Brussels SCRL\"},\"image\":{\"@id\":\"https:\/\/www.lively.brussels\/#\/schema\/logo\/image\/\"},\"sameAs\":[\"https:\/\/www.facebook.com\/LivelyBrussels\/\",\"https:\/\/x.com\/BrusselsLively\",\"https:\/\/www.instagram.com\/livelybrussels\/\",\"https:\/\/www.linkedin.com\/company\/lively-brussels\"]},{\"@type\":\"Person\",\"@id\":\"https:\/\/www.lively.brussels\/#\/schema\/person\/27b8da6d7e6a73c586858220b3689813\",\"name\":\"Dan\",\"image\":{\"@type\":\"ImageObject\",\"inLanguage\":\"fr-FR\",\"@id\":\"https:\/\/secure.gravatar.com\/avatar\/1c44b4e64c6affe7d245ec199692d5edbd481f3147a0239eef7565f0ac162043?s=96&d=mm&r=g\",\"url\":\"https:\/\/secure.gravatar.com\/avatar\/1c44b4e64c6affe7d245ec199692d5edbd481f3147a0239eef7565f0ac162043?s=96&d=mm&r=g\",\"contentUrl\":\"https:\/\/secure.gravatar.com\/avatar\/1c44b4e64c6affe7d245ec199692d5edbd481f3147a0239eef7565f0ac162043?s=96&d=mm&r=g\",\"caption\":\"Dan\"},\"url\":\"https:\/\/www.lively.brussels\/index.php\/author\/remade_dan\/\"}]}<\/script>\n<!-- \/ Yoast SEO plugin. -->","yoast_head_json":{"title":"La Transition expliqu\u00e9e \u00e0 ma m\u00e8re &#060; LIVELY - Le WebMag de l&#039;\u00e9conomie circulaire","description":"Le Webmagazine de l'\u00e9conomie circulaire \u00e0 Bruxelles, de la transition \u00e9conomique et de la durabilit\u00e9.","robots":{"index":"index","follow":"follow","max-snippet":"max-snippet:-1","max-image-preview":"max-image-preview:large","max-video-preview":"max-video-preview:-1"},"canonical":"https:\/\/www.lively.brussels\/index.php\/2024\/04\/05\/la-transition-expliquee-a-ma-mere\/","og_locale":"fr_FR","og_type":"article","og_title":"La Transition expliqu\u00e9e \u00e0 ma m\u00e8re &#060; LIVELY - Le WebMag de l&#039;\u00e9conomie circulaire","og_description":"Le Webmagazine de l'\u00e9conomie circulaire \u00e0 Bruxelles, de la transition \u00e9conomique et de la durabilit\u00e9.","og_url":"https:\/\/www.lively.brussels\/index.php\/2024\/04\/05\/la-transition-expliquee-a-ma-mere\/","og_site_name":"LIVELY - Le WebMag de l&#039;\u00e9conomie circulaire","article_publisher":"https:\/\/www.facebook.com\/LivelyBrussels\/","article_published_time":"2024-04-05T19:00:34+00:00","article_modified_time":"2024-05-21T10:05:20+00:00","og_image":[{"width":750,"height":500,"url":"https:\/\/www.lively.brussels\/wp-content\/uploads\/2021\/09\/2021-08-31-LIVELY-POST_65-2.jpg","type":"image\/jpeg"}],"author":"Dan","twitter_card":"summary_large_image","twitter_creator":"@BrusselsLively","twitter_site":"@BrusselsLively","twitter_misc":{"\u00c9crit par":"Dan","Dur\u00e9e de lecture estim\u00e9e":"13 minutes"},"schema":{"@context":"https:\/\/schema.org","@graph":[{"@type":"Article","@id":"https:\/\/www.lively.brussels\/index.php\/2024\/04\/05\/la-transition-expliquee-a-ma-mere\/#article","isPartOf":{"@id":"https:\/\/www.lively.brussels\/index.php\/2024\/04\/05\/la-transition-expliquee-a-ma-mere\/"},"author":{"name":"Dan","@id":"https:\/\/www.lively.brussels\/#\/schema\/person\/27b8da6d7e6a73c586858220b3689813"},"headline":"La Transition expliqu\u00e9e \u00e0 ma m\u00e8re","datePublished":"2024-04-05T19:00:34+00:00","dateModified":"2024-05-21T10:05:20+00:00","mainEntityOfPage":{"@id":"https:\/\/www.lively.brussels\/index.php\/2024\/04\/05\/la-transition-expliquee-a-ma-mere\/"},"wordCount":2670,"commentCount":0,"publisher":{"@id":"https:\/\/www.lively.brussels\/#organization"},"image":{"@id":"https:\/\/www.lively.brussels\/index.php\/2024\/04\/05\/la-transition-expliquee-a-ma-mere\/#primaryimage"},"thumbnailUrl":"https:\/\/www.lively.brussels\/wp-content\/uploads\/2021\/09\/2021-08-31-LIVELY-POST_65-2.jpg","articleSection":["A NEW WORLD"],"inLanguage":"fr-FR","potentialAction":[{"@type":"CommentAction","name":"Comment","target":["https:\/\/www.lively.brussels\/index.php\/2024\/04\/05\/la-transition-expliquee-a-ma-mere\/#respond"]}]},{"@type":"WebPage","@id":"https:\/\/www.lively.brussels\/index.php\/2024\/04\/05\/la-transition-expliquee-a-ma-mere\/","url":"https:\/\/www.lively.brussels\/index.php\/2024\/04\/05\/la-transition-expliquee-a-ma-mere\/","name":"La Transition expliqu\u00e9e \u00e0 ma m\u00e8re &#060; LIVELY - Le WebMag de l&#039;\u00e9conomie circulaire","isPartOf":{"@id":"https:\/\/www.lively.brussels\/#website"},"primaryImageOfPage":{"@id":"https:\/\/www.lively.brussels\/index.php\/2024\/04\/05\/la-transition-expliquee-a-ma-mere\/#primaryimage"},"image":{"@id":"https:\/\/www.lively.brussels\/index.php\/2024\/04\/05\/la-transition-expliquee-a-ma-mere\/#primaryimage"},"thumbnailUrl":"https:\/\/www.lively.brussels\/wp-content\/uploads\/2021\/09\/2021-08-31-LIVELY-POST_65-2.jpg","datePublished":"2024-04-05T19:00:34+00:00","dateModified":"2024-05-21T10:05:20+00:00","description":"Le Webmagazine de l'\u00e9conomie circulaire \u00e0 Bruxelles, de la transition \u00e9conomique et de la durabilit\u00e9.","breadcrumb":{"@id":"https:\/\/www.lively.brussels\/index.php\/2024\/04\/05\/la-transition-expliquee-a-ma-mere\/#breadcrumb"},"inLanguage":"fr-FR","potentialAction":[{"@type":"ReadAction","target":["https:\/\/www.lively.brussels\/index.php\/2024\/04\/05\/la-transition-expliquee-a-ma-mere\/"]}]},{"@type":"ImageObject","inLanguage":"fr-FR","@id":"https:\/\/www.lively.brussels\/index.php\/2024\/04\/05\/la-transition-expliquee-a-ma-mere\/#primaryimage","url":"https:\/\/www.lively.brussels\/wp-content\/uploads\/2021\/09\/2021-08-31-LIVELY-POST_65-2.jpg","contentUrl":"https:\/\/www.lively.brussels\/wp-content\/uploads\/2021\/09\/2021-08-31-LIVELY-POST_65-2.jpg","width":750,"height":500},{"@type":"BreadcrumbList","@id":"https:\/\/www.lively.brussels\/index.php\/2024\/04\/05\/la-transition-expliquee-a-ma-mere\/#breadcrumb","itemListElement":[{"@type":"ListItem","position":1,"name":"Accueil","item":"https:\/\/www.lively.brussels\/"},{"@type":"ListItem","position":2,"name":"La Transition expliqu\u00e9e \u00e0 ma m\u00e8re"}]},{"@type":"WebSite","@id":"https:\/\/www.lively.brussels\/#website","url":"https:\/\/www.lively.brussels\/","name":"LIVELY - Le WebMag de l&#039;\u00e9conomie circulaire","description":"Pour tout savoir de l&#039;\u00e9conomie circulaire \u00e0 Bruxelles, en Belgique et dans le reste de l&#039;univers","publisher":{"@id":"https:\/\/www.lively.brussels\/#organization"},"potentialAction":[{"@type":"SearchAction","target":{"@type":"EntryPoint","urlTemplate":"https:\/\/www.lively.brussels\/?s={search_term_string}"},"query-input":{"@type":"PropertyValueSpecification","valueRequired":true,"valueName":"search_term_string"}}],"inLanguage":"fr-FR"},{"@type":"Organization","@id":"https:\/\/www.lively.brussels\/#organization","name":"Sense Brussels SCRL","url":"https:\/\/www.lively.brussels\/","logo":{"@type":"ImageObject","inLanguage":"fr-FR","@id":"https:\/\/www.lively.brussels\/#\/schema\/logo\/image\/","url":"https:\/\/www.lively.brussels\/wp-content\/uploads\/2020\/08\/Lively_Favicon.jpg","contentUrl":"https:\/\/www.lively.brussels\/wp-content\/uploads\/2020\/08\/Lively_Favicon.jpg","width":134,"height":134,"caption":"Sense Brussels SCRL"},"image":{"@id":"https:\/\/www.lively.brussels\/#\/schema\/logo\/image\/"},"sameAs":["https:\/\/www.facebook.com\/LivelyBrussels\/","https:\/\/x.com\/BrusselsLively","https:\/\/www.instagram.com\/livelybrussels\/","https:\/\/www.linkedin.com\/company\/lively-brussels"]},{"@type":"Person","@id":"https:\/\/www.lively.brussels\/#\/schema\/person\/27b8da6d7e6a73c586858220b3689813","name":"Dan","image":{"@type":"ImageObject","inLanguage":"fr-FR","@id":"https:\/\/secure.gravatar.com\/avatar\/1c44b4e64c6affe7d245ec199692d5edbd481f3147a0239eef7565f0ac162043?s=96&d=mm&r=g","url":"https:\/\/secure.gravatar.com\/avatar\/1c44b4e64c6affe7d245ec199692d5edbd481f3147a0239eef7565f0ac162043?s=96&d=mm&r=g","contentUrl":"https:\/\/secure.gravatar.com\/avatar\/1c44b4e64c6affe7d245ec199692d5edbd481f3147a0239eef7565f0ac162043?s=96&d=mm&r=g","caption":"Dan"},"url":"https:\/\/www.lively.brussels\/index.php\/author\/remade_dan\/"}]}},"_links":{"self":[{"href":"https:\/\/www.lively.brussels\/index.php\/wp-json\/wp\/v2\/posts\/3722","targetHints":{"allow":["GET"]}}],"collection":[{"href":"https:\/\/www.lively.brussels\/index.php\/wp-json\/wp\/v2\/posts"}],"about":[{"href":"https:\/\/www.lively.brussels\/index.php\/wp-json\/wp\/v2\/types\/post"}],"author":[{"embeddable":true,"href":"https:\/\/www.lively.brussels\/index.php\/wp-json\/wp\/v2\/users\/2"}],"replies":[{"embeddable":true,"href":"https:\/\/www.lively.brussels\/index.php\/wp-json\/wp\/v2\/comments?post=3722"}],"version-history":[{"count":44,"href":"https:\/\/www.lively.brussels\/index.php\/wp-json\/wp\/v2\/posts\/3722\/revisions"}],"predecessor-version":[{"id":4222,"href":"https:\/\/www.lively.brussels\/index.php\/wp-json\/wp\/v2\/posts\/3722\/revisions\/4222"}],"wp:featuredmedia":[{"embeddable":true,"href":"https:\/\/www.lively.brussels\/index.php\/wp-json\/wp\/v2\/media\/3727"}],"wp:attachment":[{"href":"https:\/\/www.lively.brussels\/index.php\/wp-json\/wp\/v2\/media?parent=3722"}],"wp:term":[{"taxonomy":"category","embeddable":true,"href":"https:\/\/www.lively.brussels\/index.php\/wp-json\/wp\/v2\/categories?post=3722"},{"taxonomy":"post_tag","embeddable":true,"href":"https:\/\/www.lively.brussels\/index.php\/wp-json\/wp\/v2\/tags?post=3722"}],"curies":[{"name":"wp","href":"https:\/\/api.w.org\/{rel}","templated":true}]}}