{"id":3946,"date":"2021-09-05T19:18:24","date_gmt":"2021-09-05T19:18:24","guid":{"rendered":"https:\/\/www.lively.brussels\/?p=3946"},"modified":"2021-09-06T12:57:45","modified_gmt":"2021-09-06T12:57:45","slug":"il-etait-une-fois","status":"publish","type":"post","link":"https:\/\/www.lively.brussels\/index.php\/2021\/09\/05\/il-etait-une-fois\/","title":{"rendered":"Il \u00e9tait une fois"},"content":{"rendered":"\n<p><strong>Imaginez un immense espace \u00e0 Bruxelles d\u00e9di\u00e9 \u00e0 l\u2019entreprenariat circulaire et \u00e0 la solidarit\u00e9 locale.<\/strong><\/p>\n\n\n\n<p><strong>Ce serait un ancien site industriel situ\u00e9 au c\u0153ur de la ville o\u00f9 les actrices et acteurs de l\u2019\u00e9conomie circulaire et durable pourraient s\u2019installer, travailler, produire, collaborer, \u00e9changer des ressources et des savoir-faire..<\/strong><\/p>\n\n\n\n<p>Des ateliers et des outils partag\u00e9s, des espaces de stockage, des lieux de vie\u2026<\/p>\n\n\n\n<p><strong>Et, en plus, ce qui serait super, ce serait que ce lieu magique soit connect\u00e9 \u00e0 son quartier, en lien avec la population, les jeunes et les moins jeunes, les enfants\u2026<\/strong><\/p>\n\n\n\n<p><strong>Ouvert, inclusif et joyeux, en somme.<\/strong><\/p>\n\n\n\n<p><strong>Eh bien, cet endroit existe et il est vraiment top&nbsp;!<\/strong><\/p>\n\n\n\n<p><strong><a href=\"http:\/\/www.circularium.be\/fr\/\" target=\"_blank\" rel=\"noreferrer noopener\">C\u2019est le Circularium \u00e0 Anderlecht au c\u0153ur du quartier Cureghem.<\/a><\/strong><\/p>\n\n\n\n<div class=\"wp-block-image\"><figure class=\"aligncenter size-full\"><img loading=\"lazy\" decoding=\"async\" width=\"750\" height=\"500\" src=\"https:\/\/www.lively.brussels\/wp-content\/uploads\/2021\/09\/2021-08-31-LIVELY-POST_57_2.jpg\" alt=\"\" class=\"wp-image-3952\" srcset=\"https:\/\/www.lively.brussels\/wp-content\/uploads\/2021\/09\/2021-08-31-LIVELY-POST_57_2.jpg 750w, https:\/\/www.lively.brussels\/wp-content\/uploads\/2021\/09\/2021-08-31-LIVELY-POST_57_2-300x200.jpg 300w, https:\/\/www.lively.brussels\/wp-content\/uploads\/2021\/09\/2021-08-31-LIVELY-POST_57_2-610x407.jpg 610w, https:\/\/www.lively.brussels\/wp-content\/uploads\/2021\/09\/2021-08-31-LIVELY-POST_57_2-640x427.jpg 640w\" sizes=\"auto, (max-width: 750px) 100vw, 750px\" \/><figcaption>Il \u00e9tait une fois&#8230;<a href=\"http:\/\/www.circularium.be\/fr\/\" target=\"_blank\" rel=\"noreferrer noopener\"> le Circularium<\/a><\/figcaption><\/figure><\/div>\n\n\n\n<p><strong>Visite guid\u00e9e avec Gerd, l\u2019un des fondateurs du projet.<\/strong><\/p>\n\n\n\n<hr class=\"wp-block-separator\"\/>\n\n\n\n<h2 class=\"wp-block-heading\"><strong>L\u2019espace bruxellois en transition<\/strong><\/h2>\n\n\n\n<p>A peine arriv\u00e9, Gerd nous re\u00e7oit et commence la visite.<br>Mais, une petite seconde, Gerd, s\u2019il te pla\u00eet.<br><strong>Explique-nous d\u2019abord, le Circularium, c\u2019est quoi et c\u2019est qui&nbsp;?<\/strong><\/p>\n\n\n\n<p><em><strong>\u00ab&nbsp;En fait, le Circularium, c\u2019est avant tout une communaut\u00e9.<\/strong><\/em><\/p>\n\n\n\n<p><em><strong>Il y a d\u2019abord les acteurs pr\u00e9sents sur le site, plus d\u2019une vingtaine, des entrepreneuses et des entrepreneurs qui travaillent tous dans le domaine de l\u2019\u00e9conomie circulaire, de la durabilit\u00e9 ou de l\u2019activation locale et citoyenne.<\/strong><\/em><\/p>\n\n\n\n<p><em><strong>Et, puis, il y a nous, <a href=\"http:\/\/makettt.be\/\" target=\"_blank\" rel=\"noreferrer noopener\">l\u2019agence Makettt (pour Make IT Towards Transition)<\/a> et notre m\u00e9tier, c\u2019est de r\u00e9affecter des biens immobiliers en espaces consacr\u00e9s \u00e0 la durabilit\u00e9. <\/strong><\/em><br><em>Et c\u2019est nous qui g\u00e9rons et animons le site dans le cadre d\u2019une occupation transitoire de cinq ans, pour commencer.<\/em><\/p>\n\n\n\n<p><em><strong>Et enfin, il y a le propri\u00e9taire des lieux, la c\u00e9l\u00e8bre soci\u00e9t\u00e9 D\u2019Ieteren Immo qui, \u00e0 la suite d\u2019un appel \u00e0 projets, nous a confi\u00e9 la r\u00e9affectation et la gestion de cet ancien espace industriel pour en faire le <a href=\"http:\/\/www.circularium.be\/fr\/\" target=\"_blank\" rel=\"noreferrer noopener\">Circularium<\/a>. <\/strong><\/em><br><em>Notre proposition leur a plu et, donc, voil\u00e0&nbsp;\u00bb.&nbsp;<\/em><\/p>\n\n\n\n<p><strong>Int\u00e9ressante, cette alchimie, n\u2019est-ce pas&nbsp;?<\/strong><\/p>\n\n\n\n<p><strong>Un ancien site industriel d\u00e9saffect\u00e9, des entrepreneuses et des entrepreneurs engag\u00e9\u00b7e\u00b7s et un acteur sp\u00e9cialis\u00e9 pour g\u00e9rer et coordonner. <br>Et tout cela, dans le bon esprit, celui qui veut faire de la Grande Transition une r\u00e9alit\u00e9 tr\u00e8s concr\u00e8te dans la ville.<\/strong><\/p>\n\n\n\n<hr class=\"wp-block-separator\"\/>\n\n\n\n<h2 class=\"wp-block-heading\"><strong>De l\u2019espace pour tous les projets<\/strong><\/h2>\n\n\n\n<p><strong>Franchement, le Circularium, c\u2019est un truc \u00e0 voir. J\u2019ai ador\u00e9 cette visite.<\/strong><\/p>\n\n\n\n<p><strong>Le projet est encore jeune, il n\u2019a \u00e9t\u00e9 lanc\u00e9 qu\u2019au d\u00e9but de l\u2019ann\u00e9e 2020, mais ce qui se construit ici est \u00e0 la fois remarquable et spectaculaire.<\/strong><\/p>\n\n\n\n<p>Vous pouvez d\u00e9j\u00e0 vous faire une petite id\u00e9e de l\u2019immensit\u00e9 des lieux avec cette petite visite en vid\u00e9o&nbsp;:<\/p>\n\n\n\n<figure class=\"wp-block-embed aligncenter is-type-video is-provider-vimeo wp-block-embed-vimeo\"><div class=\"wp-block-embed__wrapper\">\n<div class=\"responsive-container\"><iframe loading=\"lazy\" title=\"Circularium virtual visit\" src=\"https:\/\/player.vimeo.com\/video\/405460249?dnt=1&amp;app_id=122963&amp;h=547e58631f\" width=\"720\" height=\"405\" frameborder=\"0\" allow=\"autoplay; fullscreen; picture-in-picture\" allowfullscreen><\/iframe><\/div>\n<\/div><figcaption>Une petite visite du Circularium<br>Source : <a href=\"http:\/\/www.circularium.be\/fr\/le-site\">www.circularium.be\/fr\/le-site<\/a><\/figcaption><\/figure>\n\n\n\n<p><strong>A un jet de pierre du canal, \u00e0 10 minutes \u00e0 pied de la Gare du midi et de la Grand-Place, le site est accessible depuis la Chauss\u00e9e de Mons, la rue Heyvaert et la rue de Liverpool. <br><\/strong>On est bien au c\u0153ur du quartier de Cureghem, \u00e0 deux pas aussi des abattoirs d\u2019Anderlecht et de <a href=\"https:\/\/bigh.farm\/fr\/home\/\" target=\"_blank\" rel=\"noreferrer noopener\">la non moins c\u00e9l\u00e8bre ferme urbaine BIGH, la plus grande d\u2019Europe.<\/a><\/p>\n\n\n\n<p><strong>Comme quoi, il se passe des sacr\u00e9s trucs \u00e0 Anderlecht, mine de rien.<\/strong><br>A suivre.<\/p>\n\n\n\n<p><strong>Poursuivons la visite.<br>Le Circularium, c\u2019est grand, vraiment grand, plus de 2 hectares, dont 12.000 m\u00b2 de surfaces couvertes et pr\u00e8s de 8.000 m\u00b2 d\u2019espaces non-couverts. <\/strong><br>Et un ancien site industriel, c\u2019est toujours assez magique.<\/p>\n\n\n\n<p><strong>OK mais qu\u2019est-ce qu\u2019on y trouve&nbsp;?<\/strong><br>Quelle impatience.<\/p>\n\n\n\n<p><strong>En fait, l\u2019ensemble a \u00e9t\u00e9 intelligemment <a href=\"http:\/\/www.circularium.be\/fr\/le-site\/\" target=\"_blank\" rel=\"noreferrer noopener\">organis\u00e9 en 15 espaces hyperfonctionnels <\/a>parmi lesquels on trouve notamment des vastes entrep\u00f4ts partag\u00e9s o\u00f9 chacun peut conserver et g\u00e9rer ses stocks (<a href=\"https:\/\/www.lively.brussels\/index.php\/2021\/05\/18\/grands-coeurs\/\" target=\"_blank\" rel=\"noreferrer noopener\">ceux de la bi\u00e8re 100PAP notamment<\/a>), des zones plus sectorielles avec un atelier m\u00e9canique, un atelier de menuiserie et tous les outils n\u00e9cessaires pour le travail du bois et du m\u00e9tal, des halls et hangars chauff\u00e9s et hyper-modulaires, un espace de coworking tr\u00e8s bon esprit et mis \u00e0 disposition de tous, et m\u00eame un service social.<\/strong><\/p>\n\n\n\n<div class=\"wp-block-image\"><figure class=\"aligncenter size-full\"><a href=\"http:\/\/www.circularium.be\/fr\/le-site\/\" target=\"_blank\" rel=\"noopener\" class=\"img-link\"><img loading=\"lazy\" decoding=\"async\" width=\"750\" height=\"500\" src=\"https:\/\/www.lively.brussels\/wp-content\/uploads\/2021\/09\/2021-08-31-LIVELY-POST_57_13.jpg\" alt=\"\" class=\"wp-image-3971\" srcset=\"https:\/\/www.lively.brussels\/wp-content\/uploads\/2021\/09\/2021-08-31-LIVELY-POST_57_13.jpg 750w, https:\/\/www.lively.brussels\/wp-content\/uploads\/2021\/09\/2021-08-31-LIVELY-POST_57_13-300x200.jpg 300w, https:\/\/www.lively.brussels\/wp-content\/uploads\/2021\/09\/2021-08-31-LIVELY-POST_57_13-610x407.jpg 610w, https:\/\/www.lively.brussels\/wp-content\/uploads\/2021\/09\/2021-08-31-LIVELY-POST_57_13-640x427.jpg 640w\" sizes=\"auto, (max-width: 750px) 100vw, 750px\" \/><\/a><figcaption><a href=\"http:\/\/www.circularium.be\/fr\/le-site\/\" target=\"_blank\" rel=\"noreferrer noopener\">Des espaces multiples et bien pens\u00e9s. <\/a><\/figcaption><\/figure><\/div>\n\n\n\n<div class=\"wp-block-image\"><figure class=\"aligncenter size-full\"><img loading=\"lazy\" decoding=\"async\" width=\"750\" height=\"500\" src=\"https:\/\/www.lively.brussels\/wp-content\/uploads\/2021\/09\/2021-08-31-LIVELY-POST_57_7.jpg\" alt=\"\" class=\"wp-image-3973\" srcset=\"https:\/\/www.lively.brussels\/wp-content\/uploads\/2021\/09\/2021-08-31-LIVELY-POST_57_7.jpg 750w, https:\/\/www.lively.brussels\/wp-content\/uploads\/2021\/09\/2021-08-31-LIVELY-POST_57_7-300x200.jpg 300w, https:\/\/www.lively.brussels\/wp-content\/uploads\/2021\/09\/2021-08-31-LIVELY-POST_57_7-610x407.jpg 610w, https:\/\/www.lively.brussels\/wp-content\/uploads\/2021\/09\/2021-08-31-LIVELY-POST_57_7-640x427.jpg 640w\" sizes=\"auto, (max-width: 750px) 100vw, 750px\" \/><figcaption>Des ateliers parfaits pour bien bosser. <\/figcaption><\/figure><\/div>\n\n\n\n<p><strong>Et aussi, j\u2019allais oubli\u00e9, de vastes espaces \u00e0 l\u2019entr\u00e9e pour l\u2019accueil et l\u2019organisation d\u2019\u00e9v\u00e8nements ou d\u2019expositions.<\/strong><\/p>\n\n\n\n<p><strong>Et aussi, bien s\u00fbr, le magasin gratuit. <br><\/strong>On va y venir.<\/p>\n\n\n\n<hr class=\"wp-block-separator\"\/>\n\n\n\n<h2 class=\"wp-block-heading\"><strong>Chaudron circulaire<\/strong><\/h2>\n\n\n\n<p><strong>On l\u2019a dit, le projet est encore jeune puisque ce n\u2019est qu\u2019en mars 2020 que le site a \u00e9t\u00e9 confi\u00e9 \u00e0 Gerd son \u00e9quipe. <br>En plus, c\u2019est tomb\u00e9 pile poil au d\u00e9but du premier confinement. Donc pas \u00e9vident comme conditions de d\u00e9marrage.<\/strong><\/p>\n\n\n\n<p><strong>Et, pourtant, le projet a d\u00e9j\u00e0 s\u00e9duit beaucoup de porteurs de projets, dont certains acteurs de r\u00e9f\u00e9rence ici \u00e0 Bruxelles, parmi lesquels <a href=\"https:\/\/sonianwoodcoop.be\/\" target=\"_blank\" rel=\"noreferrer noopener\">la Sonian Wood Coop qui propose du bois durable de la For\u00eat de Soignes<\/a>, <a href=\"https:\/\/www.provelo.org\/\" target=\"_blank\" rel=\"noreferrer noopener\">Pro V\u00e9lo, l\u2019ASBL des cyclistes bruxellois<\/a>, <a href=\"https:\/\/batiterre.be\/\" target=\"_blank\" rel=\"noreferrer noopener\">Batiterre qui r\u00e9cup\u00e8re, recycle et revend des mat\u00e9riaux et produits de construction et d\u2019am\u00e9nagement.<\/a><\/strong><\/p>\n\n\n\n<div class=\"wp-block-image\"><figure class=\"aligncenter size-full\"><img loading=\"lazy\" decoding=\"async\" width=\"750\" height=\"500\" src=\"https:\/\/www.lively.brussels\/wp-content\/uploads\/2021\/09\/2021-08-31-LIVELY-POST_57_11.jpg\" alt=\"\" class=\"wp-image-3980\" srcset=\"https:\/\/www.lively.brussels\/wp-content\/uploads\/2021\/09\/2021-08-31-LIVELY-POST_57_11.jpg 750w, https:\/\/www.lively.brussels\/wp-content\/uploads\/2021\/09\/2021-08-31-LIVELY-POST_57_11-300x200.jpg 300w, https:\/\/www.lively.brussels\/wp-content\/uploads\/2021\/09\/2021-08-31-LIVELY-POST_57_11-610x407.jpg 610w, https:\/\/www.lively.brussels\/wp-content\/uploads\/2021\/09\/2021-08-31-LIVELY-POST_57_11-640x427.jpg 640w\" sizes=\"auto, (max-width: 750px) 100vw, 750px\" \/><figcaption><a href=\"https:\/\/www.provelo.org\/\" target=\"_blank\" rel=\"noreferrer noopener\">Pro V\u00e9lo <\/a>est dans la place. <\/figcaption><\/figure><\/div>\n\n\n\n<p><a href=\"https:\/\/www.lively.brussels\/index.php\/2021\/05\/18\/grands-coeurs\/\" target=\"_blank\" rel=\"noreferrer noopener\">Et la 100PAP aussi, la bi\u00e8re super-solidaire qu\u2019on adore.<\/a><\/p>\n\n\n\n<div class=\"wp-block-image\"><figure class=\"aligncenter size-full\"><img loading=\"lazy\" decoding=\"async\" width=\"750\" height=\"500\" src=\"https:\/\/www.lively.brussels\/wp-content\/uploads\/2021\/09\/2021-08-31-LIVELY-POST_57_5.jpg\" alt=\"\" class=\"wp-image-3981\" srcset=\"https:\/\/www.lively.brussels\/wp-content\/uploads\/2021\/09\/2021-08-31-LIVELY-POST_57_5.jpg 750w, https:\/\/www.lively.brussels\/wp-content\/uploads\/2021\/09\/2021-08-31-LIVELY-POST_57_5-300x200.jpg 300w, https:\/\/www.lively.brussels\/wp-content\/uploads\/2021\/09\/2021-08-31-LIVELY-POST_57_5-610x407.jpg 610w, https:\/\/www.lively.brussels\/wp-content\/uploads\/2021\/09\/2021-08-31-LIVELY-POST_57_5-640x427.jpg 640w\" sizes=\"auto, (max-width: 750px) 100vw, 750px\" \/><figcaption><a href=\"https:\/\/www.lively.brussels\/index.php\/2021\/05\/18\/grands-coeurs\/\" target=\"_blank\" rel=\"noreferrer noopener\">La 100PAP, c&rsquo;est la bi\u00e8re solidaire bruxelloise. <\/a><\/figcaption><\/figure><\/div>\n\n\n\n<p><strong><a href=\"https:\/\/microfactory.be\/\" target=\"_blank\" rel=\"noreferrer noopener\">Et aussi MicroFactory, le collectif des Makers, qui g\u00e8re les ateliers de menuiserie, m\u00e9tal, textile, c\u00e9ramique et s\u00e9rigraphie partag\u00e9s accessibles \u00e0 tous, professionnels et particuliers.<\/a><\/strong><\/p>\n\n\n\n<div class=\"wp-block-image\"><figure class=\"aligncenter size-full\"><img loading=\"lazy\" decoding=\"async\" width=\"750\" height=\"500\" src=\"https:\/\/www.lively.brussels\/wp-content\/uploads\/2021\/09\/2021-08-31-LIVELY-POST_57_9.jpg\" alt=\"\" class=\"wp-image-3984\" srcset=\"https:\/\/www.lively.brussels\/wp-content\/uploads\/2021\/09\/2021-08-31-LIVELY-POST_57_9.jpg 750w, https:\/\/www.lively.brussels\/wp-content\/uploads\/2021\/09\/2021-08-31-LIVELY-POST_57_9-300x200.jpg 300w, https:\/\/www.lively.brussels\/wp-content\/uploads\/2021\/09\/2021-08-31-LIVELY-POST_57_9-610x407.jpg 610w, https:\/\/www.lively.brussels\/wp-content\/uploads\/2021\/09\/2021-08-31-LIVELY-POST_57_9-640x427.jpg 640w\" sizes=\"auto, (max-width: 750px) 100vw, 750px\" \/><figcaption><a href=\"https:\/\/microfactory.be\/\" target=\"_blank\" rel=\"noreferrer noopener\">G\u00e9r\u00e9s par Microfactory pour tous les Makers<\/a>, des ateliers partag\u00e9s et parfaitement \u00e9quip\u00e9s pour le travail du bois, du m\u00e9tal, du textile, de la c\u00e9ramique et de la s\u00e9rigraphie. <\/figcaption><\/figure><\/div>\n\n\n\n<p><a href=\"http:\/\/www.circularium.be\/fr\/acteurs\/\" target=\"_blank\" rel=\"noreferrer noopener\"><strong>La liste compl\u00e8te des acteurs pr\u00e9sents au Circularium est l\u00e0 et elle est d\u00e9j\u00e0 bien fournie.<\/strong><\/a><\/p>\n\n\n\n<p><strong>Et il reste de la place, beaucoup de place. <br>Ce n\u2019est que le d\u00e9but, les fr\u00e9missements de ce qui s\u2019annonce comme l\u2019un des chaudrons bouillonnants de la cuisine circulaire et citoyenne bruxelloise.<\/strong><\/p>\n\n\n\n<p>Franchement, notez-le sur vos tablettes. <br>C\u2019est \u00e0 voir.<\/p>\n\n\n\n<hr class=\"wp-block-separator\"\/>\n\n\n\n<h2 class=\"wp-block-heading\"><strong>Mais avant tout c\u2019est un esprit<\/strong><\/h2>\n\n\n\n<p><strong>On le sait bien chez Lively, pour la grande majorit\u00e9 des entrepreneurs durables, les valeurs et l\u2019\u00e9tat d\u2019esprit ont souvent plus d\u2019importance que le chiffre d\u2019affaires et autres marges (qui demeurent \u00e9videmment essentielles mais quand m\u00eame moins).<\/strong><\/p>\n\n\n\n<p><strong>\u0152uvrer \u00e0 la Grande Transition, travailler avec des femmes et des hommes qui partagent cette culture, donner du sens \u00e0 sa vie\u2026<\/strong><\/p>\n\n\n\n<p><strong><a href=\"http:\/\/www.circularium.be\/fr\/le-projet\/#objectifs%20et%20enjeux\" target=\"_blank\" rel=\"noreferrer noopener\">Toutes ces valeurs, on les retrouve vraiment au Circularium.<\/a><\/strong><\/p>\n\n\n\n<p><strong>Qu\u2019il s\u2019agisse de la dimension solidaire locale (cf. ci-dessous) ou des ambitions circulaires, le projet s\u2019inscrit dans une vraie vision. <br>Et celle-ci se traduit tr\u00e8s concr\u00e8tement.<\/strong><\/p>\n\n\n\n<div class=\"wp-block-image\"><figure class=\"aligncenter size-full\"><img loading=\"lazy\" decoding=\"async\" width=\"750\" height=\"500\" src=\"https:\/\/www.lively.brussels\/wp-content\/uploads\/2021\/09\/2021-08-31-LIVELY-POST_57_4.jpg\" alt=\"\" class=\"wp-image-3989\" srcset=\"https:\/\/www.lively.brussels\/wp-content\/uploads\/2021\/09\/2021-08-31-LIVELY-POST_57_4.jpg 750w, https:\/\/www.lively.brussels\/wp-content\/uploads\/2021\/09\/2021-08-31-LIVELY-POST_57_4-300x200.jpg 300w, https:\/\/www.lively.brussels\/wp-content\/uploads\/2021\/09\/2021-08-31-LIVELY-POST_57_4-610x407.jpg 610w, https:\/\/www.lively.brussels\/wp-content\/uploads\/2021\/09\/2021-08-31-LIVELY-POST_57_4-640x427.jpg 640w\" sizes=\"auto, (max-width: 750px) 100vw, 750px\" \/><figcaption>Bienvenue au Circularium. <\/figcaption><\/figure><\/div>\n\n\n\n<p>Dans l\u2019approche du site, tout d\u2019abord. <br><strong>Tout est fait pour respecter le lieu d\u2019origine et r\u00e9utiliser au maximum l\u2019existant sur place. <\/strong><br>C\u2019est ainsi, par exemple, que les grilles qui s\u00e9curisent les espaces de stockage ont \u00e9t\u00e9 r\u00e9alis\u00e9es \u00e0 partir des \u00e9l\u00e9ments m\u00e9talliques r\u00e9cup\u00e9r\u00e9s sur le toit.<\/p>\n\n\n\n<p><strong><em>\u00ab&nbsp;Absolument. <\/em><br><em>On veut vraiment travailler sur la circularit\u00e9 du site m\u00eame. <\/em><br><em>Nous sommes aussi en train d\u2019installer des panneaux solaires et on a achet\u00e9 un broyeur de cartons pour pouvoir broyer nos propres d\u00e9chets papier et cartons sur le site avec l\u2019id\u00e9e de pouvoir \u00e0 terme revaloriser ces ressources&nbsp;\u00bb.<\/em><\/strong><\/p>\n\n\n\n<blockquote class=\"wp-block-quote is-layout-flow wp-block-quote-is-layout-flow\"><p><em>\u00ab&nbsp;On essaye toujours de r\u00e9fl\u00e9chir de la mani\u00e8re la plus circulaire sur le site m\u00eame et sur tous les d\u00e9chets qu\u2019on produit. <\/em><br><em>C\u2019est essentiel pour nous et c\u2019est quelque chose qu\u2019on veut vraiment d\u00e9velopper. Et toujours si possible avec la communaut\u00e9&nbsp;\u00bb.<\/em><\/p><cite>Gerd De Wilde \u2013 Makettt \u2013 Initiateur et gestionnaire du Circularium<\/cite><\/blockquote>\n\n\n\n<p><strong>Enfin, au-del\u00e0 de la dimension technique de la circularit\u00e9, le Circularium, c\u2019est une communaut\u00e9 vivante, dynamique et fond\u00e9e sur le partage et la collaboration. <br>C\u2019est \u00e7a, Gerd&nbsp;?<\/strong><\/p>\n\n\n\n<p><strong><em>\u00ab&nbsp;C\u2019est fondamental. <\/em><br><em>L\u2019id\u00e9e du Circularium, c\u2019est de cr\u00e9er des liens, des synergies entre les occupant\u00b7e\u00b7s du site. <\/em><\/strong><br><em>\u00c7a a \u00e9t\u00e9 \u00e9videmment tr\u00e8s compliqu\u00e9 pendant le confinement mais ce qu\u2019on veut, c\u2019est organiser un maximum de rencontres, des drinks, des barbecues, des workshops, tout \u00e7a. <\/em><br><em>Et des visites guid\u00e9es aussi.<\/em><\/p>\n\n\n\n<div class=\"wp-block-image\"><figure class=\"aligncenter size-full\"><img loading=\"lazy\" decoding=\"async\" width=\"750\" height=\"500\" src=\"https:\/\/www.lively.brussels\/wp-content\/uploads\/2021\/09\/2021-08-31-LIVELY-POST_57_8.jpg\" alt=\"\" class=\"wp-image-3977\" srcset=\"https:\/\/www.lively.brussels\/wp-content\/uploads\/2021\/09\/2021-08-31-LIVELY-POST_57_8.jpg 750w, https:\/\/www.lively.brussels\/wp-content\/uploads\/2021\/09\/2021-08-31-LIVELY-POST_57_8-300x200.jpg 300w, https:\/\/www.lively.brussels\/wp-content\/uploads\/2021\/09\/2021-08-31-LIVELY-POST_57_8-610x407.jpg 610w, https:\/\/www.lively.brussels\/wp-content\/uploads\/2021\/09\/2021-08-31-LIVELY-POST_57_8-640x427.jpg 640w\" sizes=\"auto, (max-width: 750px) 100vw, 750px\" \/><figcaption>Visiblement, on y est bien. <\/figcaption><\/figure><\/div>\n\n\n\n<p><em><strong>La vocation du Circularium, c\u2019est clairement de f\u00e9d\u00e9rer les acteurs du secteur, de les connecter les uns aux autres, faire en sorte de partager les expertises de chacun. <\/strong><\/em><br><em>Parce que, comme on dit, l\u2019union fait la force&nbsp;\u00bb.<\/em><\/p>\n\n\n\n<hr class=\"wp-block-separator\"\/>\n\n\n\n<h2 class=\"wp-block-heading\"><strong>Avec et pour le quartier<\/strong><\/h2>\n\n\n\n<p><strong>C\u2019est quelque chose qui nous a pas mal impressionn\u00e9, je dois dire.<\/strong><\/p>\n\n\n\n<p><strong>Ainsi que nous l\u2019a expliqu\u00e9 Gerd, l\u2019une des grandes id\u00e9es du Circularium, c\u2019est vraiment d\u2019en faire un lieu en connexion \u00e9troite avec le quartier et ses habitants. <br><\/strong>Et, pour lui, c\u2019est une composante essentielle du caract\u00e8re durable du projet.<\/p>\n\n\n\n<p><strong><em>\u00ab&nbsp;C\u2019est clair que, dans notre vision, le Circularium ne doit surtout pas \u00eatre d\u00e9connect\u00e9 de cette r\u00e9alit\u00e9 qui nous entoure. <\/em><br><em>On est \u00e0 Cureghem, l\u2019un des quartiers les plus pauvres de Bruxelles et m\u00eame de toute la Belgique. <\/em><br><em>En faire une enclave de projets circulaires sans tenir compte de cette r\u00e9alit\u00e9, sans y r\u00e9fl\u00e9chir, \u00e7a n\u2019aurait pas de sens&nbsp;\u00bb.<\/em><\/strong><\/p>\n\n\n\n<div class=\"wp-block-image\"><figure class=\"aligncenter size-full\"><img loading=\"lazy\" decoding=\"async\" width=\"750\" height=\"500\" src=\"https:\/\/www.lively.brussels\/wp-content\/uploads\/2021\/09\/2021-08-31-LIVELY-POST_57_6.jpg\" alt=\"\" class=\"wp-image-4000\" srcset=\"https:\/\/www.lively.brussels\/wp-content\/uploads\/2021\/09\/2021-08-31-LIVELY-POST_57_6.jpg 750w, https:\/\/www.lively.brussels\/wp-content\/uploads\/2021\/09\/2021-08-31-LIVELY-POST_57_6-300x200.jpg 300w, https:\/\/www.lively.brussels\/wp-content\/uploads\/2021\/09\/2021-08-31-LIVELY-POST_57_6-610x407.jpg 610w, https:\/\/www.lively.brussels\/wp-content\/uploads\/2021\/09\/2021-08-31-LIVELY-POST_57_6-640x427.jpg 640w\" sizes=\"auto, (max-width: 750px) 100vw, 750px\" \/><figcaption>C&rsquo;est aussi \u00e7\u00e0, le Circularium !<\/figcaption><\/figure><\/div>\n\n\n\n<blockquote class=\"wp-block-quote is-layout-flow wp-block-quote-is-layout-flow\"><p><em>\u00ab&nbsp;Qu\u2019est-ce que ce lieu repr\u00e9sente pour les gens qui vivent ici&nbsp;? <\/em><br><em>Et comment ce lieu pourrait aussi leur apporter quelque chose&nbsp;?&nbsp;\u00bb<\/em><\/p><cite> Gerd De Wilde <\/cite><\/blockquote>\n\n\n\n<p><strong><em>\u00ab&nbsp;C\u2019est tout \u00e0 fait fondamental et c\u2019est pour \u00e7a qu\u2019on essaye de l\u2019int\u00e9grer au mieux dans la vie locale, d\u2019y associer les habitants. <\/em><br><\/strong><em>On est sur deux hectares ici, dans un quartier dens\u00e9ment peupl\u00e9. <\/em><\/p>\n\n\n\n<p><em>Il faut aussi que ce projet leur apporte quelque chose, que les gens se l\u2019approprient.<\/em><strong><br><em>Et c\u2019est ce qu\u2019on essaye de faire, un carrefour incontournable pour les riverains, un point de rep\u00e8re o\u00f9 il fait bon travailler et se retrouver&nbsp;\u00bb.&nbsp;<\/em><\/strong><\/p>\n\n\n\n<p><strong>Et c\u2019est notamment avec ces convictions qu\u2019ils ont eu <a href=\"http:\/\/www.circularium.be\/fr\/le-magasin-gratuit\/\" target=\"_blank\" rel=\"noreferrer noopener\">cette super id\u00e9e du magasin gratuit.<\/a><\/strong><\/p>\n\n\n\n<p><strong><em>\u00ab&nbsp;C\u2019est \u00e7a. <\/em><br><\/strong><em><strong>D\u00e8s le d\u00e9but, on voulait faire quelque chose avec les habitants du quartier, un truc gratuit, ouvert, convivial qui pourrait accueillir tout le monde. <\/strong><\/em><br><em>Mais on s\u2019est tout de suite retrouv\u00e9 en confinement donc quasiment <\/em><strong><em>plus rien n\u2019\u00e9tait possible. Sauf un magasin. <\/em><br><em>Donc on s\u2019est dit que pour rencontrer nos voisins, on allait faire cette boutique o\u00f9 on pourrait les rencontrer&nbsp;\u00bb.<\/em><\/strong><\/p>\n\n\n\n<blockquote class=\"wp-block-quote is-layout-flow wp-block-quote-is-layout-flow\"><p><em>\u00ab&nbsp;Et, en m\u00eame temps, on s\u2019est dit que ce serait bien que ce projet sensibilise aussi aux questions de surconsommation. <\/em><br><em>Et c\u2019est comme \u00e7a qu\u2019on a eu cette id\u00e9e du <a href=\"http:\/\/www.circularium.be\/fr\/le-magasin-gratuit\/\" target=\"_blank\" rel=\"noreferrer noopener\">magasin gratuit<\/a> o\u00f9 chacun d\u00e9pose ce qu\u2019il veut et o\u00f9 chacun peut choisir un objet par jour&nbsp;\u00bb.<\/em><\/p><cite>  Gerd De Wilde  <\/cite><\/blockquote>\n\n\n\n<p><em><strong>\u00ab&nbsp;Et les gens payent juste avec un petit mot de remerciement qui va \u00e0 la personne qui a donn\u00e9 l\u2019objet.<\/strong><\/em><br><em><strong>Et c\u2019est comme \u00e7a qu\u2019on redonne de la valeur aux choses qui sont normalement jet\u00e9es.<\/strong> On vit dans une soci\u00e9t\u00e9 o\u00f9 rien ne vaut plus rien et on jette beaucoup. Mais, voil\u00e0, on a de moins en moins de ressources, il faut donc qu\u2019on commence \u00e0 se rendre compte que ce qu\u2019on a est pr\u00e9cieux.<\/em><\/p>\n\n\n\n<p><em><strong>Et donc le magasin est gratuit mais m\u00eame si c\u2019est gratuit, ce qu\u2019on veut aussi c\u2019est inspirer les gens et les sensibiliser \u00e0 tout \u00e7a&nbsp;\u00bb.<\/strong><\/em><\/p>\n\n\n\n<p>En tout cas, c\u2019est ind\u00e9niablement une bonne id\u00e9e d\u2019en faire \u00e0 terme un point d\u2019\u00e9change accessible \u00e0 tous les gens du quartier et aussi de rencontre avec les entrepreneurs et les associations qui travaillent sur place.<\/p>\n\n\n\n<hr class=\"wp-block-separator\"\/>\n\n\n\n<h2 class=\"wp-block-heading\"><strong>Et vous, vous avez un projet&nbsp;?<\/strong><\/h2>\n\n\n\n<p><strong>Parce qu\u2019il reste de la place au Circularium pour les entrepreneurs cr\u00e9atifs et engag\u00e9s.<\/strong><\/p>\n\n\n\n<p><strong>\u00c7a se passe comment, Gerd, pour celles et ceux qui seraient int\u00e9ress\u00e9\u00b7e\u00b7s&nbsp;?<\/strong><\/p>\n\n\n\n<p><strong><em>\u00ab&nbsp;C\u2019est super facile. <\/em><br><em>Sur notre site, on a <a href=\"http:\/\/www.circularium.be\/fr\/acteurs\/appel-a-manifestation-dinteret\/\" target=\"_blank\" rel=\"noreferrer noopener\">un petit onglet o\u00f9 chacun peut proposer son projet. <\/a><\/em><\/strong><br><em>On pose quelques petites questions qui sont importantes pour nous et pour \u00eatre certains que \u00e7a va bien matcher avec les autres projets. Combien d\u2019espace il vous faudrait et pour faire quoi\u2026 ce genre de choses.<\/em><\/p>\n\n\n\n<p><em>Et aussi, on privil\u00e9gie les projets qui ne n\u00e9cessitent pas de grosses transformations du b\u00e2timent et ceux qui sont aussi compl\u00e9mentaires <\/em><strong><em>que possible avec ceux d\u00e9j\u00e0 sur place. <\/em><br><em>On tient beaucoup \u00e0 cette synergie&nbsp;\u00bb.<\/em><\/strong><\/p>\n\n\n\n<p>Ok c\u2019est clair. <br><strong><a href=\"http:\/\/www.circularium.be\/fr\/acteurs\/appel-a-manifestation-dinteret\/\" target=\"_blank\" rel=\"noreferrer noopener\">En deux mots, \u00e7a commence ici.<\/a><\/strong><\/p>\n\n\n\n<div class=\"wp-block-image\"><figure class=\"aligncenter size-full\"><img loading=\"lazy\" decoding=\"async\" width=\"750\" height=\"500\" src=\"https:\/\/www.lively.brussels\/wp-content\/uploads\/2021\/09\/2021-08-31-LIVELY-POST_57_12.jpg\" alt=\"\" class=\"wp-image-4015\" srcset=\"https:\/\/www.lively.brussels\/wp-content\/uploads\/2021\/09\/2021-08-31-LIVELY-POST_57_12.jpg 750w, https:\/\/www.lively.brussels\/wp-content\/uploads\/2021\/09\/2021-08-31-LIVELY-POST_57_12-300x200.jpg 300w, https:\/\/www.lively.brussels\/wp-content\/uploads\/2021\/09\/2021-08-31-LIVELY-POST_57_12-610x407.jpg 610w, https:\/\/www.lively.brussels\/wp-content\/uploads\/2021\/09\/2021-08-31-LIVELY-POST_57_12-640x427.jpg 640w\" sizes=\"auto, (max-width: 750px) 100vw, 750px\" \/><figcaption>Pr\u00eat.e \u00e0 d\u00e9marrer ? <br><a href=\"http:\/\/www.circularium.be\/fr\/acteurs\/appel-a-manifestation-dinteret\/\" target=\"_blank\" rel=\"noreferrer noopener\">Le Circularium attend vos id\u00e9es et vos projets.<\/a><br> <\/figcaption><\/figure><\/div>\n\n\n\n<hr class=\"wp-block-separator\"\/>\n\n\n\n<h2 class=\"wp-block-heading\"><strong>Et ce n\u2019est qu\u2019un d\u00e9but<\/strong><\/h2>\n\n\n\n<p>On l\u2019aura compris, le Circularium est encore jeune, \u00e0 peine plus d\u2019un an et demi (dont une bonne partie en confinement).<br><strong>Et pourtant, le concept s\u2019affirme d\u00e9j\u00e0 comme un des hauts lieux de l\u2019\u00e9conomie circulaire bruxelloise.<\/strong><\/p>\n\n\n\n<p>Et visiblement, \u00e7a va encore monter en puissance.<\/p>\n\n\n\n<p><strong>Un petit mot sur vos projets, Gerd&nbsp;?<\/strong><\/p>\n\n\n\n<p><strong><em>\u00ab&nbsp;Ce qu\u2019on veut maintenant que le confinement est derri\u00e8re nous, c\u2019est vraiment accueillir le plus grand nombre. En organisant des \u00e9v\u00e8nements par exemple. <\/em><br><em>On est super ouverts \u00e0 toutes les propositions, qu\u2019il s\u2019agisse de manifestations sur l\u2019\u00e9conomie circulaire, d\u2019actions avec les \u00e9coles du quartier, de formations\u2026<\/em><\/strong><\/p>\n\n\n\n<p><em>Par exemple, on va faire un \u00e9v\u00e8nement pour les enfants \u00e0 l\u2019occasion de la rentr\u00e9e scolaire.<\/em><br><em>Et puis aussi d\u00e9velopper encore notre magasin gratuit, verduriser la cour avec les habitants, avec un jardin potager notamment.<\/em><br><em>Et aussi, bien s\u00fbr, faire des choses avec la communaut\u00e9, des barbecues, des rencontres, tout \u00e7a.<\/em><br><em>Il y tellement de choses \u00e0 faire ici. Et \u00e7a, pour nous, c\u2019est vraiment <strong>g\u00e9nial&nbsp;\u00bb.<\/strong><\/em><\/p>\n\n\n\n<p>On le comprend.<\/p>\n\n\n\n<p><strong>Le lieu est incroyable, l\u2019esprit est super, les \u00e9nergies sont l\u00e0\u2026<\/strong><\/p>\n\n\n\n<p><strong>A tous les amateurs d\u2019innovation et d\u2019entreprenariat durable et citoyens, nous vous le disons, le Circularium, c\u2019est \u00e0 voir, et c\u2019est \u00e0 suivre.<\/strong><\/p>\n\n\n\n<p>Merci Gerd&nbsp;!<\/p>\n\n\n\n<div class=\"wp-block-image\"><figure class=\"aligncenter size-full\"><img loading=\"lazy\" decoding=\"async\" width=\"350\" height=\"104\" src=\"https:\/\/www.lively.brussels\/wp-content\/uploads\/2021\/09\/logo-circularium.png\" alt=\"\" class=\"wp-image-3953\" srcset=\"https:\/\/www.lively.brussels\/wp-content\/uploads\/2021\/09\/logo-circularium.png 350w, https:\/\/www.lively.brussels\/wp-content\/uploads\/2021\/09\/logo-circularium-300x89.png 300w\" sizes=\"auto, (max-width: 350px) 100vw, 350px\" \/><\/figure><\/div>\n\n\n\n<hr class=\"wp-block-separator\"\/>\n\n\n\n<p><strong>Images et photos : <\/strong><a href=\"http:\/\/www.circularium.be\/fr\/\" target=\"_blank\" rel=\"noreferrer noopener\">Circularium Website<\/a> &amp; <a href=\"https:\/\/www.facebook.com\/circularium.brussels\" target=\"_blank\" rel=\"noreferrer noopener\">Facebook <\/a>&amp; <a href=\"https:\/\/www.instagram.com\/circularium.brussels\/\" target=\"_blank\" rel=\"noreferrer noopener\">Instagram<\/a><\/p>\n\n\n\n<hr class=\"wp-block-separator\"\/>\n\n\n\n<p class=\"has-text-align-center has-small-font-size\">Cet article a \u00e9t\u00e9 r\u00e9alis\u00e9 en partenariat avec <a href=\"https:\/\/hub.brussels\/fr\/\" target=\"_blank\" rel=\"noreferrer noopener\">hub.brussels, l\u2019agence bruxelloise des entreprises.<\/a>  <\/p>\n\n\n\n<div class=\"wp-block-image\"><figure class=\"aligncenter size-full is-resized\"><img loading=\"lazy\" decoding=\"async\" src=\"https:\/\/www.lively.brussels\/wp-content\/uploads\/2021\/09\/Logo-hub.brussels-couleur-300x179-4.png\" alt=\"\" class=\"wp-image-4210\" width=\"225\" height=\"134\"\/><\/figure><\/div>\n\n\n\n<hr class=\"wp-block-separator\"\/>\n\n\n\n<div class=\"wp-block-image\"><figure class=\"aligncenter size-full is-resized\"><img loading=\"lazy\" decoding=\"async\" src=\"https:\/\/www.lively.brussels\/wp-content\/uploads\/2021\/09\/by-nc-sa.eu_-300x105-4.png\" alt=\"\" class=\"wp-image-4018\" width=\"225\" height=\"79\"\/><\/figure><\/div>\n\n\n\n<p class=\"has-text-align-center has-small-font-size\"><a href=\"https:\/\/www.lively.brussels\/index.php\/2020\/09\/30\/creative-come-on\/\" target=\"_blank\" rel=\"noreferrer noopener\">Cet article est sous Licence Creative Commons.<\/a><br>Vous \u00eates libre de le r\u00e9utiliser (en mentionnant l\u2019auteur \u2013 BY) mais pas pour un usage commercial (NC) et pour le partager dans les m\u00eames conditions (SA).<br><a href=\"https:\/\/creativecommons.org\/licenses\/?lang=fr\" target=\"_blank\" rel=\"noreferrer noopener\">All about Creative Commons<\/a><\/p>\n","protected":false},"excerpt":{"rendered":"<p>Le Circularium<\/p>\n","protected":false},"author":2,"featured_media":3947,"comment_status":"open","ping_status":"closed","sticky":false,"template":"","format":"standard","meta":{"ngg_post_thumbnail":0,"footnotes":""},"categories":[265],"tags":[187,268,153,269],"class_list":["post-3946","post","type-post","status-publish","format-standard","has-post-thumbnail","hentry","category-a-new-world","tag-bruxelles-capitale","tag-circularium","tag-economie-circulaire","tag-solidarite-circulaire","entry-card--landscape"],"yoast_head":"<!-- This site is optimized with the Yoast SEO plugin v27.2 - https:\/\/yoast.com\/product\/yoast-seo-wordpress\/ -->\n<title>Il \u00e9tait une fois &#060; LIVELY - Le WebMag de l&#039;\u00e9conomie circulaire<\/title>\n<meta name=\"description\" content=\"Le Webmagazine de l&#039;\u00e9conomie circulaire \u00e0 Bruxelles, de la transition \u00e9conomique et de la durabilit\u00e9.\" \/>\n<meta name=\"robots\" content=\"index, follow, max-snippet:-1, max-image-preview:large, max-video-preview:-1\" \/>\n<link rel=\"canonical\" href=\"https:\/\/www.lively.brussels\/index.php\/2021\/09\/05\/il-etait-une-fois\/\" \/>\n<meta property=\"og:locale\" content=\"fr_FR\" \/>\n<meta property=\"og:type\" content=\"article\" \/>\n<meta property=\"og:title\" content=\"Il \u00e9tait une fois &#060; LIVELY - Le WebMag de l&#039;\u00e9conomie circulaire\" \/>\n<meta property=\"og:description\" content=\"Le Webmagazine de l&#039;\u00e9conomie circulaire \u00e0 Bruxelles, de la transition \u00e9conomique et de la durabilit\u00e9.\" \/>\n<meta property=\"og:url\" content=\"https:\/\/www.lively.brussels\/index.php\/2021\/09\/05\/il-etait-une-fois\/\" \/>\n<meta property=\"og:site_name\" content=\"LIVELY - Le WebMag de l&#039;\u00e9conomie circulaire\" \/>\n<meta property=\"article:publisher\" content=\"https:\/\/www.facebook.com\/LivelyBrussels\/\" \/>\n<meta property=\"article:published_time\" content=\"2021-09-05T19:18:24+00:00\" \/>\n<meta property=\"article:modified_time\" content=\"2021-09-06T12:57:45+00:00\" \/>\n<meta property=\"og:image\" content=\"https:\/\/www.lively.brussels\/wp-content\/uploads\/2021\/09\/2021-08-31-LIVELY-POST_57_1.jpg\" \/>\n\t<meta property=\"og:image:width\" content=\"750\" \/>\n\t<meta property=\"og:image:height\" content=\"500\" \/>\n\t<meta property=\"og:image:type\" content=\"image\/jpeg\" \/>\n<meta name=\"author\" content=\"Dan\" \/>\n<meta name=\"twitter:card\" content=\"summary_large_image\" \/>\n<meta name=\"twitter:creator\" content=\"@BrusselsLively\" \/>\n<meta name=\"twitter:site\" content=\"@BrusselsLively\" \/>\n<meta name=\"twitter:label1\" content=\"\u00c9crit par\" \/>\n\t<meta name=\"twitter:data1\" content=\"Dan\" \/>\n\t<meta name=\"twitter:label2\" content=\"Dur\u00e9e de lecture estim\u00e9e\" \/>\n\t<meta name=\"twitter:data2\" content=\"13 minutes\" \/>\n<script type=\"application\/ld+json\" class=\"yoast-schema-graph\">{\"@context\":\"https:\/\/schema.org\",\"@graph\":[{\"@type\":\"Article\",\"@id\":\"https:\/\/www.lively.brussels\/index.php\/2021\/09\/05\/il-etait-une-fois\/#article\",\"isPartOf\":{\"@id\":\"https:\/\/www.lively.brussels\/index.php\/2021\/09\/05\/il-etait-une-fois\/\"},\"author\":{\"name\":\"Dan\",\"@id\":\"https:\/\/www.lively.brussels\/#\/schema\/person\/27b8da6d7e6a73c586858220b3689813\"},\"headline\":\"Il \u00e9tait une fois\",\"datePublished\":\"2021-09-05T19:18:24+00:00\",\"dateModified\":\"2021-09-06T12:57:45+00:00\",\"mainEntityOfPage\":{\"@id\":\"https:\/\/www.lively.brussels\/index.php\/2021\/09\/05\/il-etait-une-fois\/\"},\"wordCount\":2473,\"commentCount\":0,\"publisher\":{\"@id\":\"https:\/\/www.lively.brussels\/#organization\"},\"image\":{\"@id\":\"https:\/\/www.lively.brussels\/index.php\/2021\/09\/05\/il-etait-une-fois\/#primaryimage\"},\"thumbnailUrl\":\"https:\/\/www.lively.brussels\/wp-content\/uploads\/2021\/09\/2021-08-31-LIVELY-POST_57_1.jpg\",\"keywords\":[\"Bruxelles-Capitale\",\"Circularium\",\"Economie circulaire\",\"Solidarit\u00e9 circulaire\"],\"articleSection\":[\"A NEW WORLD\"],\"inLanguage\":\"fr-FR\",\"potentialAction\":[{\"@type\":\"CommentAction\",\"name\":\"Comment\",\"target\":[\"https:\/\/www.lively.brussels\/index.php\/2021\/09\/05\/il-etait-une-fois\/#respond\"]}]},{\"@type\":\"WebPage\",\"@id\":\"https:\/\/www.lively.brussels\/index.php\/2021\/09\/05\/il-etait-une-fois\/\",\"url\":\"https:\/\/www.lively.brussels\/index.php\/2021\/09\/05\/il-etait-une-fois\/\",\"name\":\"Il \u00e9tait une fois &#060; LIVELY - Le WebMag de l&#039;\u00e9conomie circulaire\",\"isPartOf\":{\"@id\":\"https:\/\/www.lively.brussels\/#website\"},\"primaryImageOfPage\":{\"@id\":\"https:\/\/www.lively.brussels\/index.php\/2021\/09\/05\/il-etait-une-fois\/#primaryimage\"},\"image\":{\"@id\":\"https:\/\/www.lively.brussels\/index.php\/2021\/09\/05\/il-etait-une-fois\/#primaryimage\"},\"thumbnailUrl\":\"https:\/\/www.lively.brussels\/wp-content\/uploads\/2021\/09\/2021-08-31-LIVELY-POST_57_1.jpg\",\"datePublished\":\"2021-09-05T19:18:24+00:00\",\"dateModified\":\"2021-09-06T12:57:45+00:00\",\"description\":\"Le Webmagazine de l'\u00e9conomie circulaire \u00e0 Bruxelles, de la transition \u00e9conomique et de la durabilit\u00e9.\",\"breadcrumb\":{\"@id\":\"https:\/\/www.lively.brussels\/index.php\/2021\/09\/05\/il-etait-une-fois\/#breadcrumb\"},\"inLanguage\":\"fr-FR\",\"potentialAction\":[{\"@type\":\"ReadAction\",\"target\":[\"https:\/\/www.lively.brussels\/index.php\/2021\/09\/05\/il-etait-une-fois\/\"]}]},{\"@type\":\"ImageObject\",\"inLanguage\":\"fr-FR\",\"@id\":\"https:\/\/www.lively.brussels\/index.php\/2021\/09\/05\/il-etait-une-fois\/#primaryimage\",\"url\":\"https:\/\/www.lively.brussels\/wp-content\/uploads\/2021\/09\/2021-08-31-LIVELY-POST_57_1.jpg\",\"contentUrl\":\"https:\/\/www.lively.brussels\/wp-content\/uploads\/2021\/09\/2021-08-31-LIVELY-POST_57_1.jpg\",\"width\":750,\"height\":500},{\"@type\":\"BreadcrumbList\",\"@id\":\"https:\/\/www.lively.brussels\/index.php\/2021\/09\/05\/il-etait-une-fois\/#breadcrumb\",\"itemListElement\":[{\"@type\":\"ListItem\",\"position\":1,\"name\":\"Accueil\",\"item\":\"https:\/\/www.lively.brussels\/\"},{\"@type\":\"ListItem\",\"position\":2,\"name\":\"Il \u00e9tait une fois\"}]},{\"@type\":\"WebSite\",\"@id\":\"https:\/\/www.lively.brussels\/#website\",\"url\":\"https:\/\/www.lively.brussels\/\",\"name\":\"LIVELY - Le WebMag de l&#039;\u00e9conomie circulaire\",\"description\":\"Pour tout savoir de l&#039;\u00e9conomie circulaire \u00e0 Bruxelles, en Belgique et dans le reste de l&#039;univers\",\"publisher\":{\"@id\":\"https:\/\/www.lively.brussels\/#organization\"},\"potentialAction\":[{\"@type\":\"SearchAction\",\"target\":{\"@type\":\"EntryPoint\",\"urlTemplate\":\"https:\/\/www.lively.brussels\/?s={search_term_string}\"},\"query-input\":{\"@type\":\"PropertyValueSpecification\",\"valueRequired\":true,\"valueName\":\"search_term_string\"}}],\"inLanguage\":\"fr-FR\"},{\"@type\":\"Organization\",\"@id\":\"https:\/\/www.lively.brussels\/#organization\",\"name\":\"Sense Brussels SCRL\",\"url\":\"https:\/\/www.lively.brussels\/\",\"logo\":{\"@type\":\"ImageObject\",\"inLanguage\":\"fr-FR\",\"@id\":\"https:\/\/www.lively.brussels\/#\/schema\/logo\/image\/\",\"url\":\"https:\/\/www.lively.brussels\/wp-content\/uploads\/2020\/08\/Lively_Favicon.jpg\",\"contentUrl\":\"https:\/\/www.lively.brussels\/wp-content\/uploads\/2020\/08\/Lively_Favicon.jpg\",\"width\":134,\"height\":134,\"caption\":\"Sense Brussels SCRL\"},\"image\":{\"@id\":\"https:\/\/www.lively.brussels\/#\/schema\/logo\/image\/\"},\"sameAs\":[\"https:\/\/www.facebook.com\/LivelyBrussels\/\",\"https:\/\/x.com\/BrusselsLively\",\"https:\/\/www.instagram.com\/livelybrussels\/\",\"https:\/\/www.linkedin.com\/company\/lively-brussels\"]},{\"@type\":\"Person\",\"@id\":\"https:\/\/www.lively.brussels\/#\/schema\/person\/27b8da6d7e6a73c586858220b3689813\",\"name\":\"Dan\",\"image\":{\"@type\":\"ImageObject\",\"inLanguage\":\"fr-FR\",\"@id\":\"https:\/\/secure.gravatar.com\/avatar\/1c44b4e64c6affe7d245ec199692d5edbd481f3147a0239eef7565f0ac162043?s=96&d=mm&r=g\",\"url\":\"https:\/\/secure.gravatar.com\/avatar\/1c44b4e64c6affe7d245ec199692d5edbd481f3147a0239eef7565f0ac162043?s=96&d=mm&r=g\",\"contentUrl\":\"https:\/\/secure.gravatar.com\/avatar\/1c44b4e64c6affe7d245ec199692d5edbd481f3147a0239eef7565f0ac162043?s=96&d=mm&r=g\",\"caption\":\"Dan\"},\"url\":\"https:\/\/www.lively.brussels\/index.php\/author\/remade_dan\/\"}]}<\/script>\n<!-- \/ Yoast SEO plugin. -->","yoast_head_json":{"title":"Il \u00e9tait une fois &#060; LIVELY - Le WebMag de l&#039;\u00e9conomie circulaire","description":"Le Webmagazine de l'\u00e9conomie circulaire \u00e0 Bruxelles, de la transition \u00e9conomique et de la durabilit\u00e9.","robots":{"index":"index","follow":"follow","max-snippet":"max-snippet:-1","max-image-preview":"max-image-preview:large","max-video-preview":"max-video-preview:-1"},"canonical":"https:\/\/www.lively.brussels\/index.php\/2021\/09\/05\/il-etait-une-fois\/","og_locale":"fr_FR","og_type":"article","og_title":"Il \u00e9tait une fois &#060; LIVELY - Le WebMag de l&#039;\u00e9conomie circulaire","og_description":"Le Webmagazine de l'\u00e9conomie circulaire \u00e0 Bruxelles, de la transition \u00e9conomique et de la durabilit\u00e9.","og_url":"https:\/\/www.lively.brussels\/index.php\/2021\/09\/05\/il-etait-une-fois\/","og_site_name":"LIVELY - Le WebMag de l&#039;\u00e9conomie circulaire","article_publisher":"https:\/\/www.facebook.com\/LivelyBrussels\/","article_published_time":"2021-09-05T19:18:24+00:00","article_modified_time":"2021-09-06T12:57:45+00:00","og_image":[{"width":750,"height":500,"url":"https:\/\/www.lively.brussels\/wp-content\/uploads\/2021\/09\/2021-08-31-LIVELY-POST_57_1.jpg","type":"image\/jpeg"}],"author":"Dan","twitter_card":"summary_large_image","twitter_creator":"@BrusselsLively","twitter_site":"@BrusselsLively","twitter_misc":{"\u00c9crit par":"Dan","Dur\u00e9e de lecture estim\u00e9e":"13 minutes"},"schema":{"@context":"https:\/\/schema.org","@graph":[{"@type":"Article","@id":"https:\/\/www.lively.brussels\/index.php\/2021\/09\/05\/il-etait-une-fois\/#article","isPartOf":{"@id":"https:\/\/www.lively.brussels\/index.php\/2021\/09\/05\/il-etait-une-fois\/"},"author":{"name":"Dan","@id":"https:\/\/www.lively.brussels\/#\/schema\/person\/27b8da6d7e6a73c586858220b3689813"},"headline":"Il \u00e9tait une fois","datePublished":"2021-09-05T19:18:24+00:00","dateModified":"2021-09-06T12:57:45+00:00","mainEntityOfPage":{"@id":"https:\/\/www.lively.brussels\/index.php\/2021\/09\/05\/il-etait-une-fois\/"},"wordCount":2473,"commentCount":0,"publisher":{"@id":"https:\/\/www.lively.brussels\/#organization"},"image":{"@id":"https:\/\/www.lively.brussels\/index.php\/2021\/09\/05\/il-etait-une-fois\/#primaryimage"},"thumbnailUrl":"https:\/\/www.lively.brussels\/wp-content\/uploads\/2021\/09\/2021-08-31-LIVELY-POST_57_1.jpg","keywords":["Bruxelles-Capitale","Circularium","Economie circulaire","Solidarit\u00e9 circulaire"],"articleSection":["A NEW WORLD"],"inLanguage":"fr-FR","potentialAction":[{"@type":"CommentAction","name":"Comment","target":["https:\/\/www.lively.brussels\/index.php\/2021\/09\/05\/il-etait-une-fois\/#respond"]}]},{"@type":"WebPage","@id":"https:\/\/www.lively.brussels\/index.php\/2021\/09\/05\/il-etait-une-fois\/","url":"https:\/\/www.lively.brussels\/index.php\/2021\/09\/05\/il-etait-une-fois\/","name":"Il \u00e9tait une fois &#060; LIVELY - Le WebMag de l&#039;\u00e9conomie circulaire","isPartOf":{"@id":"https:\/\/www.lively.brussels\/#website"},"primaryImageOfPage":{"@id":"https:\/\/www.lively.brussels\/index.php\/2021\/09\/05\/il-etait-une-fois\/#primaryimage"},"image":{"@id":"https:\/\/www.lively.brussels\/index.php\/2021\/09\/05\/il-etait-une-fois\/#primaryimage"},"thumbnailUrl":"https:\/\/www.lively.brussels\/wp-content\/uploads\/2021\/09\/2021-08-31-LIVELY-POST_57_1.jpg","datePublished":"2021-09-05T19:18:24+00:00","dateModified":"2021-09-06T12:57:45+00:00","description":"Le Webmagazine de l'\u00e9conomie circulaire \u00e0 Bruxelles, de la transition \u00e9conomique et de la durabilit\u00e9.","breadcrumb":{"@id":"https:\/\/www.lively.brussels\/index.php\/2021\/09\/05\/il-etait-une-fois\/#breadcrumb"},"inLanguage":"fr-FR","potentialAction":[{"@type":"ReadAction","target":["https:\/\/www.lively.brussels\/index.php\/2021\/09\/05\/il-etait-une-fois\/"]}]},{"@type":"ImageObject","inLanguage":"fr-FR","@id":"https:\/\/www.lively.brussels\/index.php\/2021\/09\/05\/il-etait-une-fois\/#primaryimage","url":"https:\/\/www.lively.brussels\/wp-content\/uploads\/2021\/09\/2021-08-31-LIVELY-POST_57_1.jpg","contentUrl":"https:\/\/www.lively.brussels\/wp-content\/uploads\/2021\/09\/2021-08-31-LIVELY-POST_57_1.jpg","width":750,"height":500},{"@type":"BreadcrumbList","@id":"https:\/\/www.lively.brussels\/index.php\/2021\/09\/05\/il-etait-une-fois\/#breadcrumb","itemListElement":[{"@type":"ListItem","position":1,"name":"Accueil","item":"https:\/\/www.lively.brussels\/"},{"@type":"ListItem","position":2,"name":"Il \u00e9tait une fois"}]},{"@type":"WebSite","@id":"https:\/\/www.lively.brussels\/#website","url":"https:\/\/www.lively.brussels\/","name":"LIVELY - Le WebMag de l&#039;\u00e9conomie circulaire","description":"Pour tout savoir de l&#039;\u00e9conomie circulaire \u00e0 Bruxelles, en Belgique et dans le reste de l&#039;univers","publisher":{"@id":"https:\/\/www.lively.brussels\/#organization"},"potentialAction":[{"@type":"SearchAction","target":{"@type":"EntryPoint","urlTemplate":"https:\/\/www.lively.brussels\/?s={search_term_string}"},"query-input":{"@type":"PropertyValueSpecification","valueRequired":true,"valueName":"search_term_string"}}],"inLanguage":"fr-FR"},{"@type":"Organization","@id":"https:\/\/www.lively.brussels\/#organization","name":"Sense Brussels SCRL","url":"https:\/\/www.lively.brussels\/","logo":{"@type":"ImageObject","inLanguage":"fr-FR","@id":"https:\/\/www.lively.brussels\/#\/schema\/logo\/image\/","url":"https:\/\/www.lively.brussels\/wp-content\/uploads\/2020\/08\/Lively_Favicon.jpg","contentUrl":"https:\/\/www.lively.brussels\/wp-content\/uploads\/2020\/08\/Lively_Favicon.jpg","width":134,"height":134,"caption":"Sense Brussels SCRL"},"image":{"@id":"https:\/\/www.lively.brussels\/#\/schema\/logo\/image\/"},"sameAs":["https:\/\/www.facebook.com\/LivelyBrussels\/","https:\/\/x.com\/BrusselsLively","https:\/\/www.instagram.com\/livelybrussels\/","https:\/\/www.linkedin.com\/company\/lively-brussels"]},{"@type":"Person","@id":"https:\/\/www.lively.brussels\/#\/schema\/person\/27b8da6d7e6a73c586858220b3689813","name":"Dan","image":{"@type":"ImageObject","inLanguage":"fr-FR","@id":"https:\/\/secure.gravatar.com\/avatar\/1c44b4e64c6affe7d245ec199692d5edbd481f3147a0239eef7565f0ac162043?s=96&d=mm&r=g","url":"https:\/\/secure.gravatar.com\/avatar\/1c44b4e64c6affe7d245ec199692d5edbd481f3147a0239eef7565f0ac162043?s=96&d=mm&r=g","contentUrl":"https:\/\/secure.gravatar.com\/avatar\/1c44b4e64c6affe7d245ec199692d5edbd481f3147a0239eef7565f0ac162043?s=96&d=mm&r=g","caption":"Dan"},"url":"https:\/\/www.lively.brussels\/index.php\/author\/remade_dan\/"}]}},"_links":{"self":[{"href":"https:\/\/www.lively.brussels\/index.php\/wp-json\/wp\/v2\/posts\/3946","targetHints":{"allow":["GET"]}}],"collection":[{"href":"https:\/\/www.lively.brussels\/index.php\/wp-json\/wp\/v2\/posts"}],"about":[{"href":"https:\/\/www.lively.brussels\/index.php\/wp-json\/wp\/v2\/types\/post"}],"author":[{"embeddable":true,"href":"https:\/\/www.lively.brussels\/index.php\/wp-json\/wp\/v2\/users\/2"}],"replies":[{"embeddable":true,"href":"https:\/\/www.lively.brussels\/index.php\/wp-json\/wp\/v2\/comments?post=3946"}],"version-history":[{"count":40,"href":"https:\/\/www.lively.brussels\/index.php\/wp-json\/wp\/v2\/posts\/3946\/revisions"}],"predecessor-version":[{"id":4218,"href":"https:\/\/www.lively.brussels\/index.php\/wp-json\/wp\/v2\/posts\/3946\/revisions\/4218"}],"wp:featuredmedia":[{"embeddable":true,"href":"https:\/\/www.lively.brussels\/index.php\/wp-json\/wp\/v2\/media\/3947"}],"wp:attachment":[{"href":"https:\/\/www.lively.brussels\/index.php\/wp-json\/wp\/v2\/media?parent=3946"}],"wp:term":[{"taxonomy":"category","embeddable":true,"href":"https:\/\/www.lively.brussels\/index.php\/wp-json\/wp\/v2\/categories?post=3946"},{"taxonomy":"post_tag","embeddable":true,"href":"https:\/\/www.lively.brussels\/index.php\/wp-json\/wp\/v2\/tags?post=3946"}],"curies":[{"name":"wp","href":"https:\/\/api.w.org\/{rel}","templated":true}]}}