{"id":4480,"date":"2021-10-07T23:00:38","date_gmt":"2021-10-07T23:00:38","guid":{"rendered":"https:\/\/www.lively.brussels\/?p=4480"},"modified":"2021-10-08T01:21:32","modified_gmt":"2021-10-08T01:21:32","slug":"joyeux-anniversaire","status":"publish","type":"post","link":"https:\/\/www.lively.brussels\/index.php\/2021\/10\/07\/joyeux-anniversaire\/","title":{"rendered":"Joyeux Anniversaire !"},"content":{"rendered":"\n<p><strong>Oh, mais qu\u2019il a grandi, ce cluster&nbsp;!<br>Je l\u2019ai connu, il \u00e9tait haut comme \u00e7a.<br>Si, si, je vous jure.<\/strong><\/p>\n\n\n\n<p><strong>Quelle belle croissance&nbsp;! Et quelle vitalit\u00e9, dites donc&nbsp;!<br>Trois ans d\u00e9j\u00e0\u2026 <\/strong><br>Qu\u2019est-ce que \u00e7a passe vite.<br>Mais oui, tu peux souffler tes bougies, bien s\u00fbr.<\/p>\n\n\n\n<p><strong>Bravo, circlemade&nbsp;! <\/strong><br><strong>Joyeux Anniversaire&nbsp;!<br>Alors, dis-nous, tu as pr\u00e9vu quoi pour ce bel anniversaire&nbsp;?<\/strong><\/p>\n\n\n\n<hr class=\"wp-block-separator\"\/>\n\n\n\n<h2 class=\"wp-block-heading\"><strong>Join the Party&nbsp;!<\/strong><\/h2>\n\n\n\n<p><strong>Et voil\u00e0, <a href=\"https:\/\/www.circlemade.brussels\/\" target=\"_blank\" rel=\"noreferrer noopener\">le cluster circlemade de hub.brussels<\/a> qui f\u00e9d\u00e8re les acteurs bruxellois de l\u2019\u00e9conomie circulaire vient de f\u00eater ses 3 ans d\u2019existence.<\/strong><br>Pour nous parler de ce bel \u00e9v\u00e8nement, nous avons eu la chance de rencontrer Alexandra Lambert, sa coordinatrice.<\/p>\n\n\n\n<p><strong>Et, pour le coup, c\u2019est un sacr\u00e9 truc qui a \u00e9t\u00e9 organis\u00e9.<br>Tu nous en dis un peu plus, Alexandra&nbsp;?<\/strong><\/p>\n\n\n\n<p><em><strong>\u00ab&nbsp;En fait, on a organis\u00e9 un anniversaire en deux temps.<\/strong><\/em><\/p>\n\n\n\n<p><em>On a eu tout d\u2019abord un \u00e9v\u00e8nement uniquement r\u00e9serv\u00e9 \u00e0 nos membres et aux porteurs de projets du Greenlab. L\u00e0, l\u2019id\u00e9e, c\u2019\u00e9tait de se retrouver de mani\u00e8re un peu festive le 30 septembre en soir\u00e9e.<\/em><br><em><strong>Ce fut l\u2019occasion tout d\u2019abord, de permettre \u00e0 tous nos membres de se rencontrer, surtout apr\u00e8s cette longue p\u00e9riode de confinement. <\/strong><\/em><br><em>Et puis, c&rsquo;\u00e9tait aussi l\u2019occasion de remercier les membres du pr\u00e9c\u00e9dent Comit\u00e9 strat\u00e9gique du cluster, et bien s\u00fbr, de pr\u00e9senter les nouveaux qui ont \u00e9t\u00e9 \u00e9lus tr\u00e8s r\u00e9cemment&nbsp;\u00bb.<\/em><\/p>\n\n\n\n<div class=\"wp-block-image\"><figure class=\"aligncenter size-full\"><img loading=\"lazy\" decoding=\"async\" width=\"750\" height=\"500\" src=\"https:\/\/www.lively.brussels\/wp-content\/uploads\/2021\/10\/2021-10-05-LIVELY-CIRCLEMADE-TOUR-3.jpg\" alt=\"\" class=\"wp-image-4491\" srcset=\"https:\/\/www.lively.brussels\/wp-content\/uploads\/2021\/10\/2021-10-05-LIVELY-CIRCLEMADE-TOUR-3.jpg 750w, https:\/\/www.lively.brussels\/wp-content\/uploads\/2021\/10\/2021-10-05-LIVELY-CIRCLEMADE-TOUR-3-300x200.jpg 300w, https:\/\/www.lively.brussels\/wp-content\/uploads\/2021\/10\/2021-10-05-LIVELY-CIRCLEMADE-TOUR-3-610x407.jpg 610w, https:\/\/www.lively.brussels\/wp-content\/uploads\/2021\/10\/2021-10-05-LIVELY-CIRCLEMADE-TOUR-3-640x427.jpg 640w\" sizes=\"auto, (max-width: 750px) 100vw, 750px\" \/><figcaption>Circulaire et souriante &#8211; C&rsquo;est <a href=\"https:\/\/machao.design\/\" target=\"_blank\" rel=\"noreferrer noopener\">Machao Design<\/a><\/figcaption><\/figure><\/div>\n\n\n\n<p>Sympa, \u00e7a, Alexandra. <br>C\u2019est un peu la Soir\u00e9e VIP circlemade\u00a0. Classe\u00a0!<br><strong>Et tu parlais d\u2019un second \u00e9v\u00e9nement\u00a0?<\/strong><\/p>\n\n\n\n<p><strong><em>\u00ab\u00a0Effectivement. <\/em><br><em>Et \u00e7a, c\u2019est pour tous les consommatrices et consommateurs citoyen\u00b7ne\u00b7s bruxellois\u00b7e\u00b7s.<\/em><br><em>Et, pour eux, on a organis\u00e9 le circlemade On Tour, une journ\u00e9e enti\u00e8re, le 1<sup>er<\/sup> octobre, durant laquelle une trentaine de nos membres ont ouvert grandes leurs portes pour accueillir le public dans les coulisses de leurs activit\u00e9s \u00bb.<\/em><\/strong><\/p>\n\n\n\n<blockquote class=\"wp-block-quote is-layout-flow wp-block-quote-is-layout-flow\"><p><em>\u00ab\u00a0Ce qu\u2019on a vraiment voulu avec ce circlemade On Tour, c\u2019est donner \u00e0 voir l\u2019\u00e9conomie circulaire bruxelloise en action, en proposant \u00e0 tous des visites guid\u00e9es, des ateliers, etc.\u00a0\u00bb.\u00a0<\/em><\/p><cite>Alexandra Lambert, coordinatrice du <a href=\"https:\/\/www.circlemade.brussels\/\" target=\"_blank\" rel=\"noreferrer noopener\">cluster circlemade<\/a><\/cite><\/blockquote>\n\n\n\n<p><em><strong>\u00ab\u00a0C\u2019est ainsi qu\u2019on a eu <a href=\"https:\/\/www.lively.brussels\/wp-content\/uploads\/2021\/10\/2021064418_Hub-Brussels_Circlemade-on-Tour_Map_WEB.pdf\" target=\"_blank\" rel=\"noreferrer noopener\">au programme<\/a> une trentaine d\u2019entreprises innovantes dans le secteur qui ont ouvert leurs portes pour pr\u00e9senter leurs activit\u00e9s, leurs mod\u00e8les, leurs mani\u00e8res de travailler.<\/strong><\/em><\/p>\n\n\n\n<p><em>Et, pour que ce soit facile d\u2019acc\u00e8s, on a organis\u00e9 cela avec des <strong>parcours sur 6 zones \u00e0 Bruxelles avec 4 \u00e0 7 entreprises pour chacune d\u2019elles. <\/strong><\/em><br><em>Et ces diff\u00e9rentes zones mettent chacune en avant une th\u00e9matique sp\u00e9cifique<\/em><\/p>\n\n\n\n<p><em>Nous avons eu ainsi, par exemple, la transformation textile chez Yuman avec la pr\u00e9sentation des membres actifs dans ce domaine, notamment <a href=\"https:\/\/www.isatio.com\/\" target=\"_blank\" rel=\"noreferrer noopener\">Isatio<\/a>, <a href=\"https:\/\/www.lively.brussels\/index.php\/2021\/01\/28\/valeurs-de-luxe\/\">Yuso<\/a>, <a href=\"https:\/\/www.lively.brussels\/index.php\/2020\/11\/30\/design-economie-circulaire-amour\/\">Trait D\u00e9co<\/a>, <a href=\"https:\/\/bonjourmaurice.be\/\" target=\"_blank\" rel=\"noreferrer noopener\">Bonjour Maurice<\/a>, <a href=\"http:\/\/www.l-ouvroir.be\/\" target=\"_blank\" rel=\"noreferrer noopener\">L\u2019Ouvroir<\/a>, <a href=\"https:\/\/www.r-use.be\/\" target=\"_blank\" rel=\"noreferrer noopener\">R-Use Fabrik<\/a>, et, bien s\u00fbr, <a href=\"https:\/\/www.lively.brussels\/index.php\/2021\/07\/02\/yuman-beings\/\" target=\"_blank\" rel=\"noreferrer noopener\">Yuman\u00a0<\/a>\u00bb.<\/em><\/p>\n\n\n\n<div class=\"wp-block-image\"><figure class=\"aligncenter size-full\"><img loading=\"lazy\" decoding=\"async\" width=\"750\" height=\"500\" src=\"https:\/\/www.lively.brussels\/wp-content\/uploads\/2021\/10\/2021-10-05-LIVELY-CIRCLEMADE-TOUR-7.jpg\" alt=\"\" class=\"wp-image-4501\" srcset=\"https:\/\/www.lively.brussels\/wp-content\/uploads\/2021\/10\/2021-10-05-LIVELY-CIRCLEMADE-TOUR-7.jpg 750w, https:\/\/www.lively.brussels\/wp-content\/uploads\/2021\/10\/2021-10-05-LIVELY-CIRCLEMADE-TOUR-7-300x200.jpg 300w, https:\/\/www.lively.brussels\/wp-content\/uploads\/2021\/10\/2021-10-05-LIVELY-CIRCLEMADE-TOUR-7-610x407.jpg 610w, https:\/\/www.lively.brussels\/wp-content\/uploads\/2021\/10\/2021-10-05-LIVELY-CIRCLEMADE-TOUR-7-640x427.jpg 640w\" sizes=\"auto, (max-width: 750px) 100vw, 750px\" \/><figcaption><a href=\"https:\/\/yumanvillage.be\/\" target=\"_blank\" rel=\"noreferrer noopener\">Bienvenue chez Yuman<\/a><\/figcaption><\/figure><\/div>\n\n\n\n<p><a href=\"https:\/\/www.lively.brussels\/wp-content\/uploads\/2021\/10\/2021064418_Hub-Brussels_Circlemade-on-Tour_Map_WEB.pdf\" target=\"_blank\" rel=\"noreferrer noopener\">Comme vous le voyez<\/a>, les diff\u00e9rents th\u00e8mes trait\u00e9s \u00e9taient :<\/p>\n\n\n\n<ol class=\"wp-block-list\" type=\"1\"><li>La transformation textile (<a href=\"https:\/\/yumanvillage.be\/\" target=\"_blank\" rel=\"noreferrer noopener\">Yuman<\/a>)<\/li><li>La mutualisation d\u2019espaces et de services (chez <a href=\"https:\/\/faisletoimeme.be\/\" target=\"_blank\" rel=\"noreferrer noopener\">Fais-le toi-m\u00eame<\/a>)<\/li><li>L\u2019agriculture et la logistique urbaine (chez <a href=\"https:\/\/bigh.farm\/fr\/home\/\" target=\"_blank\" rel=\"noreferrer noopener\">Bigh<\/a>)<\/li><li>La r\u00e9cup\u00e9ration des ressources urbaines (au <a href=\"https:\/\/www.lively.brussels\/index.php\/2021\/09\/05\/il-etait-une-fois\/\">Circularium<\/a>)<\/li><li>Les grands R de l\u2019\u00e9conomie circulaire, R\u00e9emploi, R\u00e9paration et Recyclage (chez <a href=\"https:\/\/www.lively.brussels\/index.php\/2021\/02\/26\/circular-nexus\/\" target=\"_blank\" rel=\"noreferrer noopener\">Recy<\/a><a href=\"https:\/\/www.lively.brussels\/index.php\/2021\/02\/26\/circular-nexus\/\">-K<\/a>)<\/li><li>La transformation alimentaire et les circuits courts (\u00e0 Tour &amp; Taxis avec <a href=\"https:\/\/www.greenbizz.brussels\/fr\/\" target=\"_blank\" rel=\"noreferrer noopener\">Greenbiz <\/a>et <a href=\"https:\/\/be-here.be\/\" target=\"_blank\" rel=\"noreferrer noopener\">Be-Here<\/a>)<\/li><\/ol>\n\n\n\n<p><em><strong>\u00ab\u00a0C\u2019est une premi\u00e8re, bien s\u00fbr, mais on pr\u00e9voit d\u2019organiser ce circlemade On Tour chaque ann\u00e9e, avec \u00e0 chaque fois de nouvelles activit\u00e9s et de nouveaux membres \u00e0 d\u00e9couvrir\u00a0\u00bb.<\/strong><\/em><\/p>\n\n\n\n<p>Excellente id\u00e9e, \u00e7a, Alexandra\u00a0!<br>Parce que c\u2019est clairement le meilleur moyen de comprendre l\u2019incroyable richesse et diversit\u00e9 de ces activit\u00e9s, des valeurs qu\u2019elles d\u00e9fendent et de leurs mod\u00e8les de fonctionnement.\u00a0<\/p>\n\n\n\n<hr class=\"wp-block-separator\"\/>\n\n\n\n<h2 class=\"wp-block-heading\"><strong>\u00c7a c\u2019est s\u00fbr, il a bien grandi\u00a0!<\/strong><\/h2>\n\n\n\n<p><strong>Trois ans, c\u2019est beaucoup et, en m\u00eame temps, c\u2019est tr\u00e8s peu.<br>Surtout quand on voit tout ce qui s\u2019est fait au niveau du cluster pendant ce temps\u2026 et malgr\u00e9 la crise sanitaire.<\/strong><\/p>\n\n\n\n<p><strong><em>\u00ab\u00a0Oui, c\u2019est vrai. circlemade, c\u2019est le plus jeune des clusters de hub.brussels.<\/em><br><em>Et vraiment, \u00e7a marche vraiment bien. <\/em><br><em>Au d\u00e9but, on \u00e9tait qu\u2019une trentaine de membres et neuf partenaires, et eux, c\u2019\u00e9taient les pionniers. <\/em><br><em>Et c\u2019est avec eux qu\u2019on a lanc\u00e9 le projet\u00a0\u00bb.<\/em><\/strong><\/p>\n\n\n\n<div class=\"wp-block-image\"><figure class=\"aligncenter size-full\"><img loading=\"lazy\" decoding=\"async\" width=\"750\" height=\"500\" src=\"https:\/\/www.lively.brussels\/wp-content\/uploads\/2021\/10\/2021-10-05-LIVELY-CIRCLEMADE-TOUR-5.jpg\" alt=\"\" class=\"wp-image-4510\" srcset=\"https:\/\/www.lively.brussels\/wp-content\/uploads\/2021\/10\/2021-10-05-LIVELY-CIRCLEMADE-TOUR-5.jpg 750w, https:\/\/www.lively.brussels\/wp-content\/uploads\/2021\/10\/2021-10-05-LIVELY-CIRCLEMADE-TOUR-5-300x200.jpg 300w, https:\/\/www.lively.brussels\/wp-content\/uploads\/2021\/10\/2021-10-05-LIVELY-CIRCLEMADE-TOUR-5-610x407.jpg 610w, https:\/\/www.lively.brussels\/wp-content\/uploads\/2021\/10\/2021-10-05-LIVELY-CIRCLEMADE-TOUR-5-640x427.jpg 640w\" sizes=\"auto, (max-width: 750px) 100vw, 750px\" \/><figcaption>L&rsquo;atelier de <a href=\"https:\/\/www.lively.brussels\/index.php\/2021\/05\/18\/my-cosy-place\/\" target=\"_blank\" rel=\"noreferrer noopener\">Design with Sense<\/a><\/figcaption><\/figure><\/div>\n\n\n\n<blockquote class=\"wp-block-quote is-layout-flow wp-block-quote-is-layout-flow\"><p><em>\u00ab\u00a0D\u00e8s sa cr\u00e9ation, l\u2019ambition du cluster, c\u2019\u00e9tait de mettre en place l\u2019\u00e9cosyst\u00e8me de la transition \u00e0 Bruxelles en rassemblant les acteurs innovants en mati\u00e8re de circularit\u00e9. <\/em><br><em>Des entreprises et des associations, mais aussi des experts, des facilitateurs, etc.\u00a0\u00bb.\u00a0<\/em><\/p><cite>Alexandra Lambert, coordinatrice du <a href=\"https:\/\/www.circlemade.brussels\/\" target=\"_blank\" rel=\"noreferrer noopener\">cluster circlemade<\/a> <\/cite><\/blockquote>\n\n\n\n<p>Sacr\u00e9 challenge, c\u2019est s\u00fbr.<br><strong>Et maintenant, trois apr\u00e8s\u00a0?<\/strong><\/p>\n\n\n\n<p><em><strong>\u00ab\u00a0Eh bien, nous sommes maintenant 96 membres et 18 partenaires. C\u2019est donc un r\u00e9seau qui grandit de mois en mois. <\/strong><\/em><br><em>On est vraiment tr\u00e8s contents parce que ce cluster, il veut vraiment r\u00e9pondre aux besoins des Bruxelloises et des Bruxellois qui sont de plus en plus conscients des enjeux environnementaux et soci\u00e9taux que nous devons affronter.<\/em><\/p>\n\n\n\n<p><em>Et c\u2019est aussi pour \u00e7a qu\u2019on s\u2019est organis\u00e9 en <a href=\"https:\/\/www.circlemade.brussels\/nos-membres\/\" target=\"_blank\" rel=\"noreferrer noopener\">cat\u00e9gories th\u00e9matiques.<\/a><\/em><br><em>La plus importante d\u2019entre elles, c\u2019est \u00ab\u00a0Se nourrir\u00a0\u00bb qui repr\u00e9sente, juste \u00e0 elle seule, une vingtaine de membres\u00a0\u00bb.<\/em><\/p>\n\n\n\n<div class=\"wp-block-image\"><figure class=\"aligncenter size-full\"><a href=\"https:\/\/bulkbar.be\/\" target=\"_blank\" rel=\"noopener\" class=\"img-link\"><img loading=\"lazy\" decoding=\"async\" width=\"750\" height=\"500\" src=\"https:\/\/www.lively.brussels\/wp-content\/uploads\/2021\/10\/2021-10-05-LIVELY-CIRCLEMADE-TOUR-4.jpg\" alt=\"\" class=\"wp-image-4528\" srcset=\"https:\/\/www.lively.brussels\/wp-content\/uploads\/2021\/10\/2021-10-05-LIVELY-CIRCLEMADE-TOUR-4.jpg 750w, https:\/\/www.lively.brussels\/wp-content\/uploads\/2021\/10\/2021-10-05-LIVELY-CIRCLEMADE-TOUR-4-300x200.jpg 300w, https:\/\/www.lively.brussels\/wp-content\/uploads\/2021\/10\/2021-10-05-LIVELY-CIRCLEMADE-TOUR-4-610x407.jpg 610w, https:\/\/www.lively.brussels\/wp-content\/uploads\/2021\/10\/2021-10-05-LIVELY-CIRCLEMADE-TOUR-4-640x427.jpg 640w\" sizes=\"auto, (max-width: 750px) 100vw, 750px\" \/><\/a><figcaption><a href=\"https:\/\/bulkbar.be\/\" target=\"_blank\" rel=\"noreferrer noopener\">BulkBar, le distributeur z\u00e9ro d\u00e9chet<\/a><\/figcaption><\/figure><\/div>\n\n\n\n<p><strong>Ensemble, ces acteurs de l\u2019\u00e9conomie circulaire bruxelloise s\u2019organisent, collaborent, mutualisent, \u00e9changent\u2026<\/strong><br>Tout ce qui fait une organisation dynamique, vivante et positive. <br>Un r\u00e9seau r\u00e9ellement actif au service de la Grande Transition.<\/p>\n\n\n\n<p><strong><em>\u00ab\u00a0C\u2019est absolument essentiel, et c\u2019est clairement la raison d\u2019\u00eatre de circlemade.<\/em><br><em>On m\u00e8ne des activit\u00e9s d\u2019accompagnement, on organise des groupes de travail ou des s\u00e9minaires sur des th\u00e9matiques sp\u00e9cifiques, on propose de l\u2019accompagnement individualis\u00e9 \u00e0 la demande, on organise des actions internationales, etc.<\/em><\/strong><br><em>L\u2019id\u00e9e, c\u2019est vraiment que le cluster soit au service de ses membres, de leur visibilit\u00e9 et de leur d\u00e9veloppement.<\/em><\/p>\n\n\n\n<p><em>L\u2019id\u00e9e, c\u2019est vraiment que le cluster soit au service de ses membres, de leur visibilit\u00e9 et de leur d\u00e9veloppement.<\/em><\/p>\n\n\n\n<p><em>L\u2019une de nos plus belles r\u00e9ussites, c\u2019est par exemple <a href=\"https:\/\/www.lively.brussels\/wp-content\/uploads\/2021\/10\/Catalogue-circlemade.pdf\" target=\"_blank\" rel=\"noreferrer noopener\">le catalogue que nous avons r\u00e9alis\u00e9 et qui pr\u00e9sente tous les membres par th\u00e9matique de produits et services<\/a>\u00a0\u00bb.<\/em><\/p>\n\n\n\n<div class=\"wp-block-image\"><figure class=\"aligncenter size-full\"><a href=\"https:\/\/www.lively.brussels\/wp-content\/uploads\/2021\/10\/Catalogue-circlemade.pdf\" target=\"_blank\" rel=\"noopener\" class=\"img-link\"><img loading=\"lazy\" decoding=\"async\" width=\"679\" height=\"908\" src=\"https:\/\/www.lively.brussels\/wp-content\/uploads\/2021\/10\/2021-10-05-LIVELY-CIRCLEMADE-TOUR-10.jpg\" alt=\"\" class=\"wp-image-4516\" srcset=\"https:\/\/www.lively.brussels\/wp-content\/uploads\/2021\/10\/2021-10-05-LIVELY-CIRCLEMADE-TOUR-10.jpg 679w, https:\/\/www.lively.brussels\/wp-content\/uploads\/2021\/10\/2021-10-05-LIVELY-CIRCLEMADE-TOUR-10-224x300.jpg 224w, https:\/\/www.lively.brussels\/wp-content\/uploads\/2021\/10\/2021-10-05-LIVELY-CIRCLEMADE-TOUR-10-610x816.jpg 610w, https:\/\/www.lively.brussels\/wp-content\/uploads\/2021\/10\/2021-10-05-LIVELY-CIRCLEMADE-TOUR-10-640x856.jpg 640w, https:\/\/www.lively.brussels\/wp-content\/uploads\/2021\/10\/2021-10-05-LIVELY-CIRCLEMADE-TOUR-10-374x500.jpg 374w\" sizes=\"auto, (max-width: 679px) 100vw, 679px\" \/><\/a><figcaption><a href=\"https:\/\/www.lively.brussels\/wp-content\/uploads\/2021\/10\/Catalogue-circlemade.pdf\" target=\"_blank\" rel=\"noreferrer noopener\">Le catalogue Ciclemade<br>Pour tout savoir du cluster et de ses membres<\/a><\/figcaption><\/figure><\/div>\n\n\n\n<hr class=\"wp-block-separator\"\/>\n\n\n\n<h2 class=\"wp-block-heading\"><strong>Re-Made in Brussels<\/strong><\/h2>\n\n\n\n<p><strong>L\u2019\u00e9conomie circulaire comme axe majeur d\u2019une strat\u00e9gie r\u00e9gionale de d\u00e9veloppement durable, c\u2019est l\u2019une des sp\u00e9cificit\u00e9s bruxelloises.<br>Parce qu\u2019aujourd\u2019hui, sur la carte europ\u00e9enne de l\u2019\u00e9conomie circulaire, Bruxelles est une destination qui compte, et pas qu\u2019un peu.<\/strong><\/p>\n\n\n\n<p><strong><em>\u00ab C\u2019est tout \u00e0 fait vrai. <\/em><br><em>Et c\u2019est en particulier gr\u00e2ce au <a href=\"https:\/\/www.lively.brussels\/index.php\/2020\/10\/05\/la-recette-du-prec\/\" target=\"_blank\" rel=\"noreferrer noopener\">Plan R\u00e9gional pour l\u2019Economie Circulaire<\/a>, lanc\u00e9 par le gouvernement bruxellois en 2016. <\/em><\/strong><br><em>Et c\u2019est \u00e0 la suite de cette puissante initiative politique qu\u2019en 2018 a \u00e9t\u00e9 cr\u00e9\u00e9 <a href=\"https:\/\/yumanvillage.be\/\" target=\"_blank\" rel=\"noreferrer noopener\">circlemade<\/a> par <a href=\"https:\/\/hub.brussels\/fr\/\" target=\"_blank\" rel=\"noreferrer noopener\">hub.brussels, l\u2019agence des entreprises bruxelloises.<\/a><\/em><\/p>\n\n\n\n<p><em><strong>\u00c7a ne fait donc que 3 ans et le petit fait encore ses premiers pas, mais je dois dire qu\u2019ils sont tr\u00e8s enthousiasmants\u00a0\u00bb.<\/strong><\/em><\/p>\n\n\n\n<blockquote class=\"wp-block-quote is-layout-flow wp-block-quote-is-layout-flow\"><p><em>\u00ab\u00a0En fait, circlemade entre dans une vraie phase de croissance pour devenir v\u00e9ritablement l\u2019expression de tous les nouveaux mod\u00e8les \u00e9conomiques innovants qui r\u00e9pondent aux besoins des citoyens et de l\u2019environnement\u00a0\u00bb.<\/em><\/p><cite>Alexandra Lambert, coordinatrice du <a href=\"https:\/\/www.circlemade.brussels\/\" target=\"_blank\" rel=\"noreferrer noopener\">cluster circlemade<\/a>  <\/cite><\/blockquote>\n\n\n\n<div class=\"wp-block-image\"><figure class=\"aligncenter size-full\"><img loading=\"lazy\" decoding=\"async\" width=\"750\" height=\"500\" src=\"https:\/\/www.lively.brussels\/wp-content\/uploads\/2021\/10\/2021-10-05-LIVELY-POST_69-77.jpg\" alt=\"\" class=\"wp-image-4523\" srcset=\"https:\/\/www.lively.brussels\/wp-content\/uploads\/2021\/10\/2021-10-05-LIVELY-POST_69-77.jpg 750w, https:\/\/www.lively.brussels\/wp-content\/uploads\/2021\/10\/2021-10-05-LIVELY-POST_69-77-300x200.jpg 300w, https:\/\/www.lively.brussels\/wp-content\/uploads\/2021\/10\/2021-10-05-LIVELY-POST_69-77-610x407.jpg 610w, https:\/\/www.lively.brussels\/wp-content\/uploads\/2021\/10\/2021-10-05-LIVELY-POST_69-77-640x427.jpg 640w\" sizes=\"auto, (max-width: 750px) 100vw, 750px\" \/><figcaption><a href=\"https:\/\/cycad.be\/\" target=\"_blank\" rel=\"noreferrer noopener\">CYCAD &#8211; L&rsquo;un des pionniers du Cluster<\/a><\/figcaption><\/figure><\/div>\n\n\n\n<hr class=\"wp-block-separator\"\/>\n\n\n\n<h2 class=\"wp-block-heading\"><strong>En goguette \u00e0 Paname<\/strong><\/h2>\n\n\n\n<p><strong>Le cluster a si bien grandi qu\u2019il est pr\u00eat pour l\u2019aventure.<br>Et son premier voyage, c\u2019est \u00e0 Paris chez nos voisins fran\u00e7ais.<br>Pour y faire quoi, exactement, Alexandra\u00a0?<\/strong><\/p>\n\n\n\n<p><em><strong>\u00ab\u00a0En fait, \u00e0 travers les Brussels Day \u00e0 Paris, l\u2019id\u00e9e de hub.brussels \u00e9tait de montrer aux Parisiens les grands savoir-faire de notre belle r\u00e9gion. Et, clairement, l\u2019\u00e9conomie circulaire en fait partie.<\/strong><\/em><\/p>\n\n\n\n<p><em>On s\u2019est mis en contact avec <a href=\"https:\/\/institut-economie-circulaire.fr\/\" target=\"_blank\" rel=\"noreferrer noopener\">l\u2019INEC, l\u2019Institut National de l\u2019Economie Circulaire en France<\/a>, pour coconstruire ensemble un grand \u00e9v\u00e9nement o\u00f9 on a pu pr\u00e9senter certains de nos projets et r\u00e9fl\u00e9chir ensemble aux solutions pour affronter les d\u00e9fis des grandes villes de demain\u00a0\u00bb.<\/em><\/p>\n\n\n\n<blockquote class=\"wp-block-quote is-layout-flow wp-block-quote-is-layout-flow\"><p><em>\u00ab\u00a0Les Brussels Days \u00e0 Paris, c\u2019\u00e9tait l\u2019occasion de grands \u00e9changes entre deux capitales en transition\u00a0\u00bb.<\/em><\/p><cite> Alexandra Lambert, coordinatrice du <a href=\"https:\/\/www.circlemade.brussels\/\" target=\"_blank\" rel=\"noreferrer noopener\">cluster circlemade<\/a>   <\/cite><\/blockquote>\n\n\n\n<p><strong><em>\u00ab\u00a0C\u2019est une premi\u00e8re, bien s\u00fbr, mais \u00e7a a bien march\u00e9. <\/em><br><em>Et on va sans doute organiser encore ce type de rencontres internationales.<\/em><\/strong><br><em>Pour te dire, on a m\u00eame eu des contacts avec New York pour participer \u00e0 la c\u00e9l\u00e8bre Circular City Week.<\/em><\/p>\n\n\n\n<p><strong><em>Alors, effectivement, on peut dire que Bruxelles est un peu leader dans ce domaine. <\/em><br><em>Et, surtout, \u00e7a permet de mettre en avant des jeunes pousses, tous ces cr\u00e9ateurs qui se lancent.<\/em><br><em>Et c\u2019est vraiment passionnant\u00a0!\u00a0\u00bb<\/em><\/strong><\/p>\n\n\n\n<p>On veut bien te croire, Alexandra.<br>Et, nous aussi, on est fiers de \u00e7a.<\/p>\n\n\n\n<hr class=\"wp-block-separator\"\/>\n\n\n\n<h2 class=\"wp-block-heading\"><strong>L\u2019avenir a commenc\u00e9<\/strong><\/h2>\n\n\n\n<p>\u00c7a d\u00e9pote, chez circlemade!<\/p>\n\n\n\n<p><strong>Parce que non content de s\u2019agrandir et de s\u2019ouvrir au monde, le cluster bruxellois fourmille de projets.<br><\/strong>Et la premi\u00e8re de ces grandes actions, celle qui permet de lancer la suite, c\u2019est l\u2019\u00e9lection du nouveau Comit\u00e9 strat\u00e9gique qui travaille notamment sur l\u2019\u00e9laboration du futur plan d\u2019actions.<\/p>\n\n\n\n<p><em><strong>\u00ab\u00a0On est vraiment contents d\u2019avancer ensemble. <\/strong><\/em><br><em>Notre intention, c\u2019est d\u2019intensifier tous les efforts initi\u00e9s avec les membres pionniers pour d\u00e9velopper le secteur et le rendre encore plus visible et attractif, \u00e0 Bruxelles d\u2019abord mais aussi au-del\u00e0.<\/em><br><em><strong>On veut rayonner et devenir un cluster \u00e9conomique de r\u00e9f\u00e9rence. \u00c7a, c\u2019est notre ambition\u00a0\u00bb.<\/strong><\/em><\/p>\n\n\n\n<div class=\"wp-block-image\"><figure class=\"aligncenter size-full\"><img loading=\"lazy\" decoding=\"async\" width=\"750\" height=\"500\" src=\"https:\/\/www.lively.brussels\/wp-content\/uploads\/2021\/10\/2021-10-05-LIVELY-CIRCLEMADE-TOUR-8.jpg\" alt=\"\" class=\"wp-image-4531\" srcset=\"https:\/\/www.lively.brussels\/wp-content\/uploads\/2021\/10\/2021-10-05-LIVELY-CIRCLEMADE-TOUR-8.jpg 750w, https:\/\/www.lively.brussels\/wp-content\/uploads\/2021\/10\/2021-10-05-LIVELY-CIRCLEMADE-TOUR-8-300x200.jpg 300w, https:\/\/www.lively.brussels\/wp-content\/uploads\/2021\/10\/2021-10-05-LIVELY-CIRCLEMADE-TOUR-8-610x407.jpg 610w, https:\/\/www.lively.brussels\/wp-content\/uploads\/2021\/10\/2021-10-05-LIVELY-CIRCLEMADE-TOUR-8-640x427.jpg 640w\" sizes=\"auto, (max-width: 750px) 100vw, 750px\" \/><figcaption><a href=\"https:\/\/bonjourmaurice.be\/\" target=\"_blank\" rel=\"noreferrer noopener\">Bonjour Maurice, la mode enfants \u00e9thique<\/a><\/figcaption><\/figure><\/div>\n\n\n\n<hr class=\"wp-block-separator\"\/>\n\n\n\n<h2 class=\"wp-block-heading\"><strong>Avec vous<\/strong><\/h2>\n\n\n\n<p><strong>\u00c7a marche d\u2019enfer, circlemadeet \u00e7a va continuer, on n\u2019en doute pas une seconde.<br>Mais, pour \u00e7a, il faut aussi que nous soyons l\u00e0.<br>Vous et moi, les consommatrices et consommateurs citoyen\u00b7ne\u00b7s bruxellois\u00b7e\u00b7s.<\/strong><\/p>\n\n\n\n<p><strong>Alors, camarades, \u00e0 vos cabas\u00a0!<br>Let\u2019s go circlemade on Tour\u00a0!<\/strong><\/p>\n\n\n\n<hr class=\"wp-block-separator\"\/>\n\n\n\n<p><strong>Cr\u00e9dit photos :<\/strong> <a href=\"https:\/\/www.circlemade.brussels\/\" target=\"_blank\" rel=\"noreferrer noopener\">circlemade<\/a><\/p>\n\n\n\n<hr class=\"wp-block-separator\"\/>\n\n\n\n<p class=\"has-text-align-center has-small-font-size\">Cet article a \u00e9t\u00e9 r\u00e9alis\u00e9 en partenariat avec\u00a0<a href=\"https:\/\/hub.brussels\/fr\/\" target=\"_blank\" rel=\"noreferrer noopener\">hub.brussels, l\u2019agence bruxelloise des entreprises.<\/a><\/p>\n\n\n\n<div class=\"wp-block-image\"><figure class=\"aligncenter size-full is-resized\"><a href=\"https:\/\/hub.brussels\/fr\/\" target=\"_blank\" rel=\"noopener\" class=\"img-link\"><img loading=\"lazy\" decoding=\"async\" src=\"https:\/\/www.lively.brussels\/wp-content\/uploads\/2021\/10\/logo-hub-300x0-c-default.png\" alt=\"\" class=\"wp-image-4314\" width=\"225\" height=\"96\"\/><\/a><\/figure><\/div>\n\n\n\n<hr class=\"wp-block-separator\"\/>\n\n\n\n<div class=\"wp-block-image\"><figure class=\"aligncenter size-full is-resized\"><img loading=\"lazy\" decoding=\"async\" src=\"https:\/\/www.lively.brussels\/wp-content\/uploads\/2021\/10\/by-nc-sa.eu_-300x105-1.png\" alt=\"\" class=\"wp-image-4312\" width=\"225\" height=\"79\"\/><\/figure><\/div>\n\n\n\n<p class=\"has-text-align-center has-small-font-size\"><a href=\"https:\/\/www.lively.brussels\/index.php\/2020\/09\/30\/creative-come-on\/\" target=\"_blank\" rel=\"noreferrer noopener\">Cet article est sous Licence Creative Commons.<\/a><br>Vous \u00eates libre de le r\u00e9utiliser (en mentionnant l\u2019auteur \u2013 BY) mais pas pour un usage commercial (NC) et pour le partager dans les m\u00eames conditions (SA).<br><a href=\"https:\/\/creativecommons.org\/licenses\/?lang=fr\" target=\"_blank\" rel=\"noreferrer noopener\">All about Creative Commons<\/a><\/p>\n","protected":false},"excerpt":{"rendered":"<p>Circlemade on Tour<\/p>\n","protected":false},"author":2,"featured_media":4481,"comment_status":"open","ping_status":"closed","sticky":false,"template":"","format":"standard","meta":{"ngg_post_thumbnail":0,"footnotes":""},"categories":[284],"tags":[187,283,153],"class_list":["post-4480","post","type-post","status-publish","format-standard","has-post-thumbnail","hentry","category-circlemade","tag-bruxelles-capitale","tag-circlemade","tag-economie-circulaire","entry-card--landscape"],"yoast_head":"<!-- This site is optimized with the Yoast SEO plugin v27.2 - https:\/\/yoast.com\/product\/yoast-seo-wordpress\/ -->\n<title>Joyeux Anniversaire ! &#060; LIVELY - Le WebMag de l&#039;\u00e9conomie circulaire<\/title>\n<meta name=\"description\" content=\"Le Webmagazine de l&#039;\u00e9conomie circulaire \u00e0 Bruxelles, de la transition \u00e9conomique et de la durabilit\u00e9.\" \/>\n<meta name=\"robots\" content=\"index, follow, max-snippet:-1, max-image-preview:large, max-video-preview:-1\" \/>\n<link rel=\"canonical\" href=\"https:\/\/www.lively.brussels\/index.php\/2021\/10\/07\/joyeux-anniversaire\/\" \/>\n<meta property=\"og:locale\" content=\"fr_FR\" \/>\n<meta property=\"og:type\" content=\"article\" \/>\n<meta property=\"og:title\" content=\"Joyeux Anniversaire ! &#060; LIVELY - Le WebMag de l&#039;\u00e9conomie circulaire\" \/>\n<meta property=\"og:description\" content=\"Le Webmagazine de l&#039;\u00e9conomie circulaire \u00e0 Bruxelles, de la transition \u00e9conomique et de la durabilit\u00e9.\" \/>\n<meta property=\"og:url\" content=\"https:\/\/www.lively.brussels\/index.php\/2021\/10\/07\/joyeux-anniversaire\/\" \/>\n<meta property=\"og:site_name\" content=\"LIVELY - Le WebMag de l&#039;\u00e9conomie circulaire\" \/>\n<meta property=\"article:publisher\" content=\"https:\/\/www.facebook.com\/LivelyBrussels\/\" \/>\n<meta property=\"article:published_time\" content=\"2021-10-07T23:00:38+00:00\" \/>\n<meta property=\"article:modified_time\" content=\"2021-10-08T01:21:32+00:00\" \/>\n<meta property=\"og:image\" content=\"https:\/\/www.lively.brussels\/wp-content\/uploads\/2021\/10\/2021-10-05-LIVELY-CIRCLEMADE-TOUR-1.jpg\" \/>\n\t<meta property=\"og:image:width\" content=\"750\" \/>\n\t<meta property=\"og:image:height\" content=\"500\" \/>\n\t<meta property=\"og:image:type\" content=\"image\/jpeg\" \/>\n<meta name=\"author\" content=\"Dan\" \/>\n<meta name=\"twitter:card\" content=\"summary_large_image\" \/>\n<meta name=\"twitter:creator\" content=\"@BrusselsLively\" \/>\n<meta name=\"twitter:site\" content=\"@BrusselsLively\" \/>\n<meta name=\"twitter:label1\" content=\"\u00c9crit par\" \/>\n\t<meta name=\"twitter:data1\" content=\"Dan\" \/>\n\t<meta name=\"twitter:label2\" content=\"Dur\u00e9e de lecture estim\u00e9e\" \/>\n\t<meta name=\"twitter:data2\" content=\"9 minutes\" \/>\n<script type=\"application\/ld+json\" class=\"yoast-schema-graph\">{\"@context\":\"https:\/\/schema.org\",\"@graph\":[{\"@type\":\"Article\",\"@id\":\"https:\/\/www.lively.brussels\/index.php\/2021\/10\/07\/joyeux-anniversaire\/#article\",\"isPartOf\":{\"@id\":\"https:\/\/www.lively.brussels\/index.php\/2021\/10\/07\/joyeux-anniversaire\/\"},\"author\":{\"name\":\"Dan\",\"@id\":\"https:\/\/www.lively.brussels\/#\/schema\/person\/27b8da6d7e6a73c586858220b3689813\"},\"headline\":\"Joyeux Anniversaire !\",\"datePublished\":\"2021-10-07T23:00:38+00:00\",\"dateModified\":\"2021-10-08T01:21:32+00:00\",\"mainEntityOfPage\":{\"@id\":\"https:\/\/www.lively.brussels\/index.php\/2021\/10\/07\/joyeux-anniversaire\/\"},\"wordCount\":1740,\"commentCount\":0,\"publisher\":{\"@id\":\"https:\/\/www.lively.brussels\/#organization\"},\"image\":{\"@id\":\"https:\/\/www.lively.brussels\/index.php\/2021\/10\/07\/joyeux-anniversaire\/#primaryimage\"},\"thumbnailUrl\":\"https:\/\/www.lively.brussels\/wp-content\/uploads\/2021\/10\/2021-10-05-LIVELY-CIRCLEMADE-TOUR-1.jpg\",\"keywords\":[\"Bruxelles-Capitale\",\"Circlemade\",\"Economie circulaire\"],\"articleSection\":[\"Circlemade\"],\"inLanguage\":\"fr-FR\",\"potentialAction\":[{\"@type\":\"CommentAction\",\"name\":\"Comment\",\"target\":[\"https:\/\/www.lively.brussels\/index.php\/2021\/10\/07\/joyeux-anniversaire\/#respond\"]}]},{\"@type\":\"WebPage\",\"@id\":\"https:\/\/www.lively.brussels\/index.php\/2021\/10\/07\/joyeux-anniversaire\/\",\"url\":\"https:\/\/www.lively.brussels\/index.php\/2021\/10\/07\/joyeux-anniversaire\/\",\"name\":\"Joyeux Anniversaire ! &#060; LIVELY - Le WebMag de l&#039;\u00e9conomie circulaire\",\"isPartOf\":{\"@id\":\"https:\/\/www.lively.brussels\/#website\"},\"primaryImageOfPage\":{\"@id\":\"https:\/\/www.lively.brussels\/index.php\/2021\/10\/07\/joyeux-anniversaire\/#primaryimage\"},\"image\":{\"@id\":\"https:\/\/www.lively.brussels\/index.php\/2021\/10\/07\/joyeux-anniversaire\/#primaryimage\"},\"thumbnailUrl\":\"https:\/\/www.lively.brussels\/wp-content\/uploads\/2021\/10\/2021-10-05-LIVELY-CIRCLEMADE-TOUR-1.jpg\",\"datePublished\":\"2021-10-07T23:00:38+00:00\",\"dateModified\":\"2021-10-08T01:21:32+00:00\",\"description\":\"Le Webmagazine de l'\u00e9conomie circulaire \u00e0 Bruxelles, de la transition \u00e9conomique et de la durabilit\u00e9.\",\"breadcrumb\":{\"@id\":\"https:\/\/www.lively.brussels\/index.php\/2021\/10\/07\/joyeux-anniversaire\/#breadcrumb\"},\"inLanguage\":\"fr-FR\",\"potentialAction\":[{\"@type\":\"ReadAction\",\"target\":[\"https:\/\/www.lively.brussels\/index.php\/2021\/10\/07\/joyeux-anniversaire\/\"]}]},{\"@type\":\"ImageObject\",\"inLanguage\":\"fr-FR\",\"@id\":\"https:\/\/www.lively.brussels\/index.php\/2021\/10\/07\/joyeux-anniversaire\/#primaryimage\",\"url\":\"https:\/\/www.lively.brussels\/wp-content\/uploads\/2021\/10\/2021-10-05-LIVELY-CIRCLEMADE-TOUR-1.jpg\",\"contentUrl\":\"https:\/\/www.lively.brussels\/wp-content\/uploads\/2021\/10\/2021-10-05-LIVELY-CIRCLEMADE-TOUR-1.jpg\",\"width\":750,\"height\":500},{\"@type\":\"BreadcrumbList\",\"@id\":\"https:\/\/www.lively.brussels\/index.php\/2021\/10\/07\/joyeux-anniversaire\/#breadcrumb\",\"itemListElement\":[{\"@type\":\"ListItem\",\"position\":1,\"name\":\"Accueil\",\"item\":\"https:\/\/www.lively.brussels\/\"},{\"@type\":\"ListItem\",\"position\":2,\"name\":\"Joyeux Anniversaire !\"}]},{\"@type\":\"WebSite\",\"@id\":\"https:\/\/www.lively.brussels\/#website\",\"url\":\"https:\/\/www.lively.brussels\/\",\"name\":\"LIVELY - Le WebMag de l&#039;\u00e9conomie circulaire\",\"description\":\"Pour tout savoir de l&#039;\u00e9conomie circulaire \u00e0 Bruxelles, en Belgique et dans le reste de l&#039;univers\",\"publisher\":{\"@id\":\"https:\/\/www.lively.brussels\/#organization\"},\"potentialAction\":[{\"@type\":\"SearchAction\",\"target\":{\"@type\":\"EntryPoint\",\"urlTemplate\":\"https:\/\/www.lively.brussels\/?s={search_term_string}\"},\"query-input\":{\"@type\":\"PropertyValueSpecification\",\"valueRequired\":true,\"valueName\":\"search_term_string\"}}],\"inLanguage\":\"fr-FR\"},{\"@type\":\"Organization\",\"@id\":\"https:\/\/www.lively.brussels\/#organization\",\"name\":\"Sense Brussels SCRL\",\"url\":\"https:\/\/www.lively.brussels\/\",\"logo\":{\"@type\":\"ImageObject\",\"inLanguage\":\"fr-FR\",\"@id\":\"https:\/\/www.lively.brussels\/#\/schema\/logo\/image\/\",\"url\":\"https:\/\/www.lively.brussels\/wp-content\/uploads\/2020\/08\/Lively_Favicon.jpg\",\"contentUrl\":\"https:\/\/www.lively.brussels\/wp-content\/uploads\/2020\/08\/Lively_Favicon.jpg\",\"width\":134,\"height\":134,\"caption\":\"Sense Brussels SCRL\"},\"image\":{\"@id\":\"https:\/\/www.lively.brussels\/#\/schema\/logo\/image\/\"},\"sameAs\":[\"https:\/\/www.facebook.com\/LivelyBrussels\/\",\"https:\/\/x.com\/BrusselsLively\",\"https:\/\/www.instagram.com\/livelybrussels\/\",\"https:\/\/www.linkedin.com\/company\/lively-brussels\"]},{\"@type\":\"Person\",\"@id\":\"https:\/\/www.lively.brussels\/#\/schema\/person\/27b8da6d7e6a73c586858220b3689813\",\"name\":\"Dan\",\"image\":{\"@type\":\"ImageObject\",\"inLanguage\":\"fr-FR\",\"@id\":\"https:\/\/secure.gravatar.com\/avatar\/1c44b4e64c6affe7d245ec199692d5edbd481f3147a0239eef7565f0ac162043?s=96&d=mm&r=g\",\"url\":\"https:\/\/secure.gravatar.com\/avatar\/1c44b4e64c6affe7d245ec199692d5edbd481f3147a0239eef7565f0ac162043?s=96&d=mm&r=g\",\"contentUrl\":\"https:\/\/secure.gravatar.com\/avatar\/1c44b4e64c6affe7d245ec199692d5edbd481f3147a0239eef7565f0ac162043?s=96&d=mm&r=g\",\"caption\":\"Dan\"},\"url\":\"https:\/\/www.lively.brussels\/index.php\/author\/remade_dan\/\"}]}<\/script>\n<!-- \/ Yoast SEO plugin. -->","yoast_head_json":{"title":"Joyeux Anniversaire ! &#060; LIVELY - Le WebMag de l&#039;\u00e9conomie circulaire","description":"Le Webmagazine de l'\u00e9conomie circulaire \u00e0 Bruxelles, de la transition \u00e9conomique et de la durabilit\u00e9.","robots":{"index":"index","follow":"follow","max-snippet":"max-snippet:-1","max-image-preview":"max-image-preview:large","max-video-preview":"max-video-preview:-1"},"canonical":"https:\/\/www.lively.brussels\/index.php\/2021\/10\/07\/joyeux-anniversaire\/","og_locale":"fr_FR","og_type":"article","og_title":"Joyeux Anniversaire ! &#060; LIVELY - Le WebMag de l&#039;\u00e9conomie circulaire","og_description":"Le Webmagazine de l'\u00e9conomie circulaire \u00e0 Bruxelles, de la transition \u00e9conomique et de la durabilit\u00e9.","og_url":"https:\/\/www.lively.brussels\/index.php\/2021\/10\/07\/joyeux-anniversaire\/","og_site_name":"LIVELY - Le WebMag de l&#039;\u00e9conomie circulaire","article_publisher":"https:\/\/www.facebook.com\/LivelyBrussels\/","article_published_time":"2021-10-07T23:00:38+00:00","article_modified_time":"2021-10-08T01:21:32+00:00","og_image":[{"width":750,"height":500,"url":"https:\/\/www.lively.brussels\/wp-content\/uploads\/2021\/10\/2021-10-05-LIVELY-CIRCLEMADE-TOUR-1.jpg","type":"image\/jpeg"}],"author":"Dan","twitter_card":"summary_large_image","twitter_creator":"@BrusselsLively","twitter_site":"@BrusselsLively","twitter_misc":{"\u00c9crit par":"Dan","Dur\u00e9e de lecture estim\u00e9e":"9 minutes"},"schema":{"@context":"https:\/\/schema.org","@graph":[{"@type":"Article","@id":"https:\/\/www.lively.brussels\/index.php\/2021\/10\/07\/joyeux-anniversaire\/#article","isPartOf":{"@id":"https:\/\/www.lively.brussels\/index.php\/2021\/10\/07\/joyeux-anniversaire\/"},"author":{"name":"Dan","@id":"https:\/\/www.lively.brussels\/#\/schema\/person\/27b8da6d7e6a73c586858220b3689813"},"headline":"Joyeux Anniversaire !","datePublished":"2021-10-07T23:00:38+00:00","dateModified":"2021-10-08T01:21:32+00:00","mainEntityOfPage":{"@id":"https:\/\/www.lively.brussels\/index.php\/2021\/10\/07\/joyeux-anniversaire\/"},"wordCount":1740,"commentCount":0,"publisher":{"@id":"https:\/\/www.lively.brussels\/#organization"},"image":{"@id":"https:\/\/www.lively.brussels\/index.php\/2021\/10\/07\/joyeux-anniversaire\/#primaryimage"},"thumbnailUrl":"https:\/\/www.lively.brussels\/wp-content\/uploads\/2021\/10\/2021-10-05-LIVELY-CIRCLEMADE-TOUR-1.jpg","keywords":["Bruxelles-Capitale","Circlemade","Economie circulaire"],"articleSection":["Circlemade"],"inLanguage":"fr-FR","potentialAction":[{"@type":"CommentAction","name":"Comment","target":["https:\/\/www.lively.brussels\/index.php\/2021\/10\/07\/joyeux-anniversaire\/#respond"]}]},{"@type":"WebPage","@id":"https:\/\/www.lively.brussels\/index.php\/2021\/10\/07\/joyeux-anniversaire\/","url":"https:\/\/www.lively.brussels\/index.php\/2021\/10\/07\/joyeux-anniversaire\/","name":"Joyeux Anniversaire ! &#060; LIVELY - Le WebMag de l&#039;\u00e9conomie circulaire","isPartOf":{"@id":"https:\/\/www.lively.brussels\/#website"},"primaryImageOfPage":{"@id":"https:\/\/www.lively.brussels\/index.php\/2021\/10\/07\/joyeux-anniversaire\/#primaryimage"},"image":{"@id":"https:\/\/www.lively.brussels\/index.php\/2021\/10\/07\/joyeux-anniversaire\/#primaryimage"},"thumbnailUrl":"https:\/\/www.lively.brussels\/wp-content\/uploads\/2021\/10\/2021-10-05-LIVELY-CIRCLEMADE-TOUR-1.jpg","datePublished":"2021-10-07T23:00:38+00:00","dateModified":"2021-10-08T01:21:32+00:00","description":"Le Webmagazine de l'\u00e9conomie circulaire \u00e0 Bruxelles, de la transition \u00e9conomique et de la durabilit\u00e9.","breadcrumb":{"@id":"https:\/\/www.lively.brussels\/index.php\/2021\/10\/07\/joyeux-anniversaire\/#breadcrumb"},"inLanguage":"fr-FR","potentialAction":[{"@type":"ReadAction","target":["https:\/\/www.lively.brussels\/index.php\/2021\/10\/07\/joyeux-anniversaire\/"]}]},{"@type":"ImageObject","inLanguage":"fr-FR","@id":"https:\/\/www.lively.brussels\/index.php\/2021\/10\/07\/joyeux-anniversaire\/#primaryimage","url":"https:\/\/www.lively.brussels\/wp-content\/uploads\/2021\/10\/2021-10-05-LIVELY-CIRCLEMADE-TOUR-1.jpg","contentUrl":"https:\/\/www.lively.brussels\/wp-content\/uploads\/2021\/10\/2021-10-05-LIVELY-CIRCLEMADE-TOUR-1.jpg","width":750,"height":500},{"@type":"BreadcrumbList","@id":"https:\/\/www.lively.brussels\/index.php\/2021\/10\/07\/joyeux-anniversaire\/#breadcrumb","itemListElement":[{"@type":"ListItem","position":1,"name":"Accueil","item":"https:\/\/www.lively.brussels\/"},{"@type":"ListItem","position":2,"name":"Joyeux Anniversaire !"}]},{"@type":"WebSite","@id":"https:\/\/www.lively.brussels\/#website","url":"https:\/\/www.lively.brussels\/","name":"LIVELY - Le WebMag de l&#039;\u00e9conomie circulaire","description":"Pour tout savoir de l&#039;\u00e9conomie circulaire \u00e0 Bruxelles, en Belgique et dans le reste de l&#039;univers","publisher":{"@id":"https:\/\/www.lively.brussels\/#organization"},"potentialAction":[{"@type":"SearchAction","target":{"@type":"EntryPoint","urlTemplate":"https:\/\/www.lively.brussels\/?s={search_term_string}"},"query-input":{"@type":"PropertyValueSpecification","valueRequired":true,"valueName":"search_term_string"}}],"inLanguage":"fr-FR"},{"@type":"Organization","@id":"https:\/\/www.lively.brussels\/#organization","name":"Sense Brussels SCRL","url":"https:\/\/www.lively.brussels\/","logo":{"@type":"ImageObject","inLanguage":"fr-FR","@id":"https:\/\/www.lively.brussels\/#\/schema\/logo\/image\/","url":"https:\/\/www.lively.brussels\/wp-content\/uploads\/2020\/08\/Lively_Favicon.jpg","contentUrl":"https:\/\/www.lively.brussels\/wp-content\/uploads\/2020\/08\/Lively_Favicon.jpg","width":134,"height":134,"caption":"Sense Brussels SCRL"},"image":{"@id":"https:\/\/www.lively.brussels\/#\/schema\/logo\/image\/"},"sameAs":["https:\/\/www.facebook.com\/LivelyBrussels\/","https:\/\/x.com\/BrusselsLively","https:\/\/www.instagram.com\/livelybrussels\/","https:\/\/www.linkedin.com\/company\/lively-brussels"]},{"@type":"Person","@id":"https:\/\/www.lively.brussels\/#\/schema\/person\/27b8da6d7e6a73c586858220b3689813","name":"Dan","image":{"@type":"ImageObject","inLanguage":"fr-FR","@id":"https:\/\/secure.gravatar.com\/avatar\/1c44b4e64c6affe7d245ec199692d5edbd481f3147a0239eef7565f0ac162043?s=96&d=mm&r=g","url":"https:\/\/secure.gravatar.com\/avatar\/1c44b4e64c6affe7d245ec199692d5edbd481f3147a0239eef7565f0ac162043?s=96&d=mm&r=g","contentUrl":"https:\/\/secure.gravatar.com\/avatar\/1c44b4e64c6affe7d245ec199692d5edbd481f3147a0239eef7565f0ac162043?s=96&d=mm&r=g","caption":"Dan"},"url":"https:\/\/www.lively.brussels\/index.php\/author\/remade_dan\/"}]}},"_links":{"self":[{"href":"https:\/\/www.lively.brussels\/index.php\/wp-json\/wp\/v2\/posts\/4480","targetHints":{"allow":["GET"]}}],"collection":[{"href":"https:\/\/www.lively.brussels\/index.php\/wp-json\/wp\/v2\/posts"}],"about":[{"href":"https:\/\/www.lively.brussels\/index.php\/wp-json\/wp\/v2\/types\/post"}],"author":[{"embeddable":true,"href":"https:\/\/www.lively.brussels\/index.php\/wp-json\/wp\/v2\/users\/2"}],"replies":[{"embeddable":true,"href":"https:\/\/www.lively.brussels\/index.php\/wp-json\/wp\/v2\/comments?post=4480"}],"version-history":[{"count":29,"href":"https:\/\/www.lively.brussels\/index.php\/wp-json\/wp\/v2\/posts\/4480\/revisions"}],"predecessor-version":[{"id":4539,"href":"https:\/\/www.lively.brussels\/index.php\/wp-json\/wp\/v2\/posts\/4480\/revisions\/4539"}],"wp:featuredmedia":[{"embeddable":true,"href":"https:\/\/www.lively.brussels\/index.php\/wp-json\/wp\/v2\/media\/4481"}],"wp:attachment":[{"href":"https:\/\/www.lively.brussels\/index.php\/wp-json\/wp\/v2\/media?parent=4480"}],"wp:term":[{"taxonomy":"category","embeddable":true,"href":"https:\/\/www.lively.brussels\/index.php\/wp-json\/wp\/v2\/categories?post=4480"},{"taxonomy":"post_tag","embeddable":true,"href":"https:\/\/www.lively.brussels\/index.php\/wp-json\/wp\/v2\/tags?post=4480"}],"curies":[{"name":"wp","href":"https:\/\/api.w.org\/{rel}","templated":true}]}}