{"id":4540,"date":"2023-10-08T01:26:14","date_gmt":"2023-10-08T01:26:14","guid":{"rendered":"https:\/\/www.lively.brussels\/?p=4540"},"modified":"2024-12-02T16:57:35","modified_gmt":"2024-12-02T16:57:35","slug":"bieres-militantes","status":"publish","type":"post","link":"https:\/\/www.lively.brussels\/index.php\/2023\/10\/08\/bieres-militantes\/","title":{"rendered":"Bi\u00e8res Militantes"},"content":{"rendered":"\n<p><strong>Alors \u00e7a, c\u2019est un projet et un \u00e9v\u00e8nement dont on voulait vraiment vous parler.<br>\u00c7a s\u2019appelle <a href=\"https:\/\/brassicolesolidaire.be\/\" target=\"_blank\" rel=\"noreferrer noopener\">la Brassicole Solidaire et c\u2019est une soir\u00e9e pour d\u00e9couvrir et go\u00fbter les bi\u00e8res belges militantes<\/a>, celles qui s\u2019engagent pour plus de solidarit\u00e9, de justice sociale et de durabilit\u00e9 dans notre monde tourment\u00e9.<\/strong><\/p>\n\n\n\n<p><strong>Ce ne serait que \u00e7a, ce serait d\u00e9j\u00e0 super.<\/strong><\/p>\n\n\n\n<p><strong>Mais ce n\u2019est pas tout, parce que la Brassicole Solidaire, c\u2019est aussi l\u2019occasion d\u2019\u00e9couter et de d\u00e9couvrir la jeune sc\u00e8ne musicale bruxelloise en live (\u00e9lectro, rock, etc.) et aussi de rencontrer ceux qui militent au quotidien pour r\u00e9aliser cette Grande Transition que nous voulons tous.<\/strong><\/p>\n\n\n\n<div class=\"wp-block-image\"><figure class=\"aligncenter size-large is-resized\"><a href=\"https:\/\/brassicolesolidaire.be\/\" target=\"_blank\" rel=\"noopener\" class=\"img-link\"><img loading=\"lazy\" decoding=\"async\" src=\"https:\/\/www.lively.brussels\/wp-content\/uploads\/2021\/10\/Brassicole-Solidaire-1024x1024.png\" alt=\"\" class=\"wp-image-4545\" width=\"400\" height=\"400\" srcset=\"https:\/\/www.lively.brussels\/wp-content\/uploads\/2021\/10\/Brassicole-Solidaire-1024x1024.png 1024w, https:\/\/www.lively.brussels\/wp-content\/uploads\/2021\/10\/Brassicole-Solidaire-300x300.png 300w, https:\/\/www.lively.brussels\/wp-content\/uploads\/2021\/10\/Brassicole-Solidaire-150x150.png 150w, https:\/\/www.lively.brussels\/wp-content\/uploads\/2021\/10\/Brassicole-Solidaire-768x768.png 768w, https:\/\/www.lively.brussels\/wp-content\/uploads\/2021\/10\/Brassicole-Solidaire-610x610.png 610w, https:\/\/www.lively.brussels\/wp-content\/uploads\/2021\/10\/Brassicole-Solidaire-640x640.png 640w, https:\/\/www.lively.brussels\/wp-content\/uploads\/2021\/10\/Brassicole-Solidaire-500x500.png 500w, https:\/\/www.lively.brussels\/wp-content\/uploads\/2021\/10\/Brassicole-Solidaire.png 1064w\" sizes=\"auto, (max-width: 400px) 100vw, 400px\" \/><\/a><\/figure><\/div>\n\n\n\n<p><strong><a href=\"https:\/\/brassicolesolidaire.be\/\" target=\"_blank\" rel=\"noreferrer noopener\">Des bi\u00e8res de microbrasseurs engag\u00e9s<br>+ Du son Made in Brussels nouvelle g\u00e9n\u00e9ration<br>+ Des rencontres passionnantes avec les acteurs du changement<br>= LA BRASSICOLE SOLIDAIRE<\/a><\/strong><\/p>\n\n\n\n<p><strong>C\u2019est simple, vous arrivez, vous d\u00e9gustez ces cr\u00e9ations des nouvelles brasseries belges et bruxelloises (on vous recommande le D\u00e9gustation Tour), vous \u00e9coutez la musique, vous dansez, vous rigolez, vous discutez\u2026<br>Et vous recommencez.<\/strong><\/p>\n\n\n\n<p>Et si \u00e7a, \u00e7a ne ressemble pas au programme d\u2019une chouette soir\u00e9e bruxelloise, on ne sait plus quoi faire.<\/p>\n\n\n\n<p><strong>Alors, \u00e0 vos agendas, <a href=\"https:\/\/brassicolesolidaire.be\/\" target=\"_blank\" rel=\"noreferrer noopener\">la Brassicole Solidaire, c\u2019est les 13 et 14 novembre prochain au Tri Postal \u00e0 Bruxelles.<\/a><\/strong><\/p>\n\n\n\n<p>Toutes les infos <a href=\"https:\/\/brassicolesolidaire.be\/\" target=\"_blank\" rel=\"noreferrer noopener\">sont l\u00e0<\/a>.<\/p>\n\n\n\n<p><strong>Et pour nous en dire plus, on eu le plaisir de rencontrer Marie de <a href=\"https:\/\/www.cit-light.org\/\" target=\"_blank\" rel=\"noreferrer noopener\">l\u2019asbl Cit\u2019Light<\/a> \u00e0 l\u2019origine du projet.<\/strong><\/p>\n\n\n\n<hr class=\"wp-block-separator\"\/>\n\n\n\n<h2 class=\"wp-block-heading\"><strong>\u00c7a c\u2019est Bruxelles&nbsp;!<\/strong><\/h2>\n\n\n\n<p><strong>Bruxelles, capitale mondiale de la bi\u00e8re. <br>Rien \u00e0 redire \u00e0 \u00e7a, je pense.<\/strong><\/p>\n\n\n\n<p><strong>Mais Bruxelles, c\u2019est aussi une ville incroyablement accueillante et chaleureuse, o\u00f9 il fait bon vivre, o\u00f9 on peut \u00eatre certain\u00b7e en s\u2019asseyant seul au comptoir d\u2019un bar de finir sa soir\u00e9e en rigolant avec ses voisin\u00b7e\u00b7s.<\/strong><\/p>\n\n\n\n<div class=\"wp-block-image\"><figure class=\"aligncenter size-full\"><img loading=\"lazy\" decoding=\"async\" width=\"750\" height=\"500\" src=\"https:\/\/www.lively.brussels\/wp-content\/uploads\/2021\/10\/2021-10-05-LIVELY-Brassicole-5.jpg\" alt=\"\" class=\"wp-image-4555\" srcset=\"https:\/\/www.lively.brussels\/wp-content\/uploads\/2021\/10\/2021-10-05-LIVELY-Brassicole-5.jpg 750w, https:\/\/www.lively.brussels\/wp-content\/uploads\/2021\/10\/2021-10-05-LIVELY-Brassicole-5-300x200.jpg 300w, https:\/\/www.lively.brussels\/wp-content\/uploads\/2021\/10\/2021-10-05-LIVELY-Brassicole-5-610x407.jpg 610w, https:\/\/www.lively.brussels\/wp-content\/uploads\/2021\/10\/2021-10-05-LIVELY-Brassicole-5-640x427.jpg 640w\" sizes=\"auto, (max-width: 750px) 100vw, 750px\" \/><figcaption>Sant\u00e9, Bruxelles !<\/figcaption><\/figure><\/div>\n\n\n\n<p><strong>Une ville qui a du c\u0153ur. Vraiment.<\/strong><br><strong>Et du c\u0153ur et des saveurs de houblon, c\u2019est pr\u00e9cis\u00e9ment ce que m\u00e9langent avec art et savoir-faire des brasseurs belges bruxellois qui proposent leurs cr\u00e9ations avec le souci d\u2019\u0153uvrer pour un monde meilleur.<\/strong><\/p>\n\n\n\n<p><strong>Un peu d\u2019explication.<\/strong><\/p>\n\n\n\n<p>Alors, Marie, dis-nous tout.<br><strong>Et, pour commencer, c\u2019est quoi une bi\u00e8re solidaire&nbsp;?<\/strong><\/p>\n\n\n\n<p><strong><em>\u00ab&nbsp;Eh bien, pour nous, ces bi\u00e8res solidaires, ce sont les productions de brasseurs locaux qui participent chacun \u00e0 leur mani\u00e8re \u00e0 un projet soci\u00e9tal fort.<\/em><br><em>\u00c7a peut prendre plusieurs formes bien s\u00fbr, que ce soit en d\u00e9fendant les droits des plus d\u00e9munis, en prot\u00e9geant l\u2019environnement, en f\u00e9d\u00e9rant des petits producteurs locaux sous forme de coop\u00e9ratives, ou en soutenant l\u2019\u00e9conomie et la culture paysanne par exemple&nbsp;\u00bb.<\/em><\/strong><\/p>\n\n\n\n<p><strong>Du coup, Marie, tu nous les pr\u00e9sentes, ces bi\u00e8res que vous mettez \u00e0 l\u2019honneur ?<br>Histoire de savoir \u00e0 qui nous allons faire du bien en venant trinquer avec vous \u00e0 la Brassicole.<\/strong><\/p>\n\n\n\n<p><em><strong>\u00ab&nbsp;En fait, on les a regroup\u00e9 en 4 grandes th\u00e9matiques qui sont sch\u00e9matiquement l\u2019action sociale, l\u2019environnement et l\u2019\u00e9cologie, les coop\u00e9ratives et nouveaux mod\u00e8les de production et, enfin, l\u2019action culturelle.<\/strong><\/em><\/p>\n\n\n\n<p><em><strong>Dans le premier groupe, on a d\u2019une part, <a href=\"https:\/\/www.lively.brussels\/index.php\/2021\/05\/18\/grands-coeurs\/\" target=\"_blank\" rel=\"noreferrer noopener\">la 100PAP qui milite pour les droits des personnes sans papiers <\/a>et qui finance des projets d\u2019habitation durables, et, d\u2019autre part, <a href=\"https:\/\/labichesg.be\/\" target=\"_blank\" rel=\"noreferrer noopener\">la Biche de Saint-Gilles, une bi\u00e8re blonde, bio et locale qui soutient les sans-abris.<\/a><\/strong><\/em><\/p>\n\n\n\n<div class=\"wp-block-image\"><figure class=\"aligncenter size-full is-resized\"><a href=\"https:\/\/www.lively.brussels\/index.php\/2021\/05\/18\/grands-coeurs\/\" target=\"_blank\" rel=\"noopener\" class=\"img-link\"><img loading=\"lazy\" decoding=\"async\" src=\"https:\/\/www.lively.brussels\/wp-content\/uploads\/2021\/10\/100PAP_BEER.png\" alt=\"\" class=\"wp-image-4560\" width=\"347\" height=\"348\" srcset=\"https:\/\/www.lively.brussels\/wp-content\/uploads\/2021\/10\/100PAP_BEER.png 694w, https:\/\/www.lively.brussels\/wp-content\/uploads\/2021\/10\/100PAP_BEER-300x300.png 300w, https:\/\/www.lively.brussels\/wp-content\/uploads\/2021\/10\/100PAP_BEER-150x150.png 150w, https:\/\/www.lively.brussels\/wp-content\/uploads\/2021\/10\/100PAP_BEER-610x611.png 610w, https:\/\/www.lively.brussels\/wp-content\/uploads\/2021\/10\/100PAP_BEER-640x641.png 640w, https:\/\/www.lively.brussels\/wp-content\/uploads\/2021\/10\/100PAP_BEER-499x500.png 499w\" sizes=\"auto, (max-width: 347px) 100vw, 347px\" \/><\/a><figcaption><a href=\"https:\/\/www.lively.brussels\/index.php\/2021\/05\/18\/grands-coeurs\/\" target=\"_blank\" rel=\"noreferrer noopener\">La 100PAP &#8211; Le droit au logement pour tous<\/a><\/figcaption><\/figure><\/div>\n\n\n\n<div class=\"wp-block-image\"><figure class=\"aligncenter size-full is-resized\"><img loading=\"lazy\" decoding=\"async\" src=\"https:\/\/www.lively.brussels\/wp-content\/uploads\/2021\/10\/BICHE_BEER.png\" alt=\"\" class=\"wp-image-4561\" width=\"347\" height=\"348\" srcset=\"https:\/\/www.lively.brussels\/wp-content\/uploads\/2021\/10\/BICHE_BEER.png 694w, https:\/\/www.lively.brussels\/wp-content\/uploads\/2021\/10\/BICHE_BEER-300x300.png 300w, https:\/\/www.lively.brussels\/wp-content\/uploads\/2021\/10\/BICHE_BEER-150x150.png 150w, https:\/\/www.lively.brussels\/wp-content\/uploads\/2021\/10\/BICHE_BEER-610x611.png 610w, https:\/\/www.lively.brussels\/wp-content\/uploads\/2021\/10\/BICHE_BEER-640x641.png 640w, https:\/\/www.lively.brussels\/wp-content\/uploads\/2021\/10\/BICHE_BEER-499x500.png 499w\" sizes=\"auto, (max-width: 347px) 100vw, 347px\" \/><figcaption><a href=\"https:\/\/labichesg.be\/\" target=\"_blank\" rel=\"noreferrer noopener\">La Biche de Saint-Gilles<br>Blonde, bio, solidaire &amp; locale<\/a><\/figcaption><\/figure><\/div>\n\n\n\n<p><em><strong>Pour ce qui est de l\u2019environnement et de l\u2019\u00e9cologie, <a href=\"https:\/\/brasseriedarwin.be\/\" target=\"_blank\" rel=\"noreferrer noopener\">c\u2019est la Darwin qui est mise \u00e0 l\u2019honneur<\/a>. Ils sont tr\u00e8s innovants en la mati\u00e8re.<\/strong><\/em><\/p>\n\n\n\n<div class=\"wp-block-image\"><figure class=\"aligncenter size-full is-resized\"><img loading=\"lazy\" decoding=\"async\" src=\"https:\/\/www.lively.brussels\/wp-content\/uploads\/2021\/10\/DARWIN_BEER.png\" alt=\"\" class=\"wp-image-4564\" width=\"347\" height=\"348\" srcset=\"https:\/\/www.lively.brussels\/wp-content\/uploads\/2021\/10\/DARWIN_BEER.png 694w, https:\/\/www.lively.brussels\/wp-content\/uploads\/2021\/10\/DARWIN_BEER-300x300.png 300w, https:\/\/www.lively.brussels\/wp-content\/uploads\/2021\/10\/DARWIN_BEER-150x150.png 150w, https:\/\/www.lively.brussels\/wp-content\/uploads\/2021\/10\/DARWIN_BEER-610x611.png 610w, https:\/\/www.lively.brussels\/wp-content\/uploads\/2021\/10\/DARWIN_BEER-640x641.png 640w, https:\/\/www.lively.brussels\/wp-content\/uploads\/2021\/10\/DARWIN_BEER-499x500.png 499w\" sizes=\"auto, (max-width: 347px) 100vw, 347px\" \/><figcaption><a href=\"https:\/\/brasseriedarwin.be\/\" target=\"_blank\" rel=\"noreferrer noopener\">La Darwin &#8211; Brasserie \u00e9cologique<\/a><\/figcaption><\/figure><\/div>\n\n\n\n<p><em><strong>Dans la cat\u00e9gorie des coop\u00e9ratives et nouveaux mod\u00e8les de production, on vous pr\u00e9sentera <a href=\"https:\/\/www.mobiusbeer.be\/\">la Mobius qui travaille sur ces nouvelles pratiques collaboratives avec des collectifs paysans.<\/a><\/strong><\/em><\/p>\n\n\n\n<div class=\"wp-block-image\"><figure class=\"aligncenter size-full is-resized\"><a href=\"https:\/\/www.mobiusbeer.be\/\" target=\"_blank\" rel=\"noopener\" class=\"img-link\"><img loading=\"lazy\" decoding=\"async\" src=\"https:\/\/www.lively.brussels\/wp-content\/uploads\/2021\/10\/MOBIUS_BEER.png\" alt=\"\" class=\"wp-image-4566\" width=\"347\" height=\"348\" srcset=\"https:\/\/www.lively.brussels\/wp-content\/uploads\/2021\/10\/MOBIUS_BEER.png 694w, https:\/\/www.lively.brussels\/wp-content\/uploads\/2021\/10\/MOBIUS_BEER-300x300.png 300w, https:\/\/www.lively.brussels\/wp-content\/uploads\/2021\/10\/MOBIUS_BEER-150x150.png 150w, https:\/\/www.lively.brussels\/wp-content\/uploads\/2021\/10\/MOBIUS_BEER-610x611.png 610w, https:\/\/www.lively.brussels\/wp-content\/uploads\/2021\/10\/MOBIUS_BEER-640x641.png 640w, https:\/\/www.lively.brussels\/wp-content\/uploads\/2021\/10\/MOBIUS_BEER-499x500.png 499w\" sizes=\"auto, (max-width: 347px) 100vw, 347px\" \/><\/a><figcaption><a href=\"https:\/\/www.mobiusbeer.be\/\" target=\"_blank\" rel=\"noreferrer noopener\">Mobius Bi\u00e8re coop\u00e9rative<\/a><\/figcaption><\/figure><\/div>\n\n\n\n<p><em><strong>En ce qui concerne l\u2019action culturelle, <a href=\"https:\/\/www.brasserie-illegaal.com\/\" target=\"_blank\" rel=\"noreferrer noopener\">c\u2019est la brasserie iLLeGaaL qu\u2019on a voulu promouvoir<\/a>. <\/strong><\/em><br><em>Gr\u00e2ce \u00e0 leurs productions, ils soutiennent les projets de jeunes artistes et c\u2019est vraiment passionnant.<\/em><\/p>\n\n\n\n<div class=\"wp-block-image\"><figure class=\"aligncenter size-full is-resized\"><a href=\"https:\/\/www.brasserie-illegaal.com\/\" target=\"_blank\" rel=\"noopener\" class=\"img-link\"><img loading=\"lazy\" decoding=\"async\" src=\"https:\/\/www.lively.brussels\/wp-content\/uploads\/2021\/10\/ILLEGAL_BEER.png\" alt=\"\" class=\"wp-image-4571\" width=\"347\" height=\"348\" srcset=\"https:\/\/www.lively.brussels\/wp-content\/uploads\/2021\/10\/ILLEGAL_BEER.png 694w, https:\/\/www.lively.brussels\/wp-content\/uploads\/2021\/10\/ILLEGAL_BEER-300x300.png 300w, https:\/\/www.lively.brussels\/wp-content\/uploads\/2021\/10\/ILLEGAL_BEER-150x150.png 150w, https:\/\/www.lively.brussels\/wp-content\/uploads\/2021\/10\/ILLEGAL_BEER-610x611.png 610w, https:\/\/www.lively.brussels\/wp-content\/uploads\/2021\/10\/ILLEGAL_BEER-640x641.png 640w, https:\/\/www.lively.brussels\/wp-content\/uploads\/2021\/10\/ILLEGAL_BEER-499x500.png 499w\" sizes=\"auto, (max-width: 347px) 100vw, 347px\" \/><\/a><figcaption><a href=\"https:\/\/www.brasserie-illegaal.com\/\" target=\"_blank\" rel=\"noreferrer noopener\">ILLeGaal &#8211; Une bi\u00e8re pour soutenir les artistes<\/a><\/figcaption><\/figure><\/div>\n\n\n\n<p><em><strong>Et, enfin, il y a <a href=\"http:\/\/www.brasseriedelalesse.be\/\" target=\"_blank\" rel=\"noreferrer noopener\">la Brasserie de la Lesse<\/a> qui, elle, couvre quasiment toutes ces th\u00e9matiques&nbsp;\u00bb.<\/strong><\/em><\/p>\n\n\n\n<div class=\"wp-block-image\"><figure class=\"aligncenter size-full is-resized\"><a href=\"http:\/\/www.brasseriedelalesse.be\/\" target=\"_blank\" rel=\"noopener\" class=\"img-link\"><img loading=\"lazy\" decoding=\"async\" src=\"https:\/\/www.lively.brussels\/wp-content\/uploads\/2021\/10\/LESSE_BEER.png\" alt=\"\" class=\"wp-image-4575\" width=\"347\" height=\"348\" srcset=\"https:\/\/www.lively.brussels\/wp-content\/uploads\/2021\/10\/LESSE_BEER.png 694w, https:\/\/www.lively.brussels\/wp-content\/uploads\/2021\/10\/LESSE_BEER-300x300.png 300w, https:\/\/www.lively.brussels\/wp-content\/uploads\/2021\/10\/LESSE_BEER-150x150.png 150w, https:\/\/www.lively.brussels\/wp-content\/uploads\/2021\/10\/LESSE_BEER-610x611.png 610w, https:\/\/www.lively.brussels\/wp-content\/uploads\/2021\/10\/LESSE_BEER-640x641.png 640w, https:\/\/www.lively.brussels\/wp-content\/uploads\/2021\/10\/LESSE_BEER-499x500.png 499w\" sizes=\"auto, (max-width: 347px) 100vw, 347px\" \/><\/a><figcaption><a href=\"http:\/\/www.brasseriedelalesse.be\/\" target=\"_blank\" rel=\"noreferrer noopener\">La Brasserie de la Lesse<br>Des bi\u00e8res \u00e0 finalit\u00e9 sociale<\/a><\/figcaption><\/figure><\/div>\n\n\n\n<hr class=\"wp-block-separator\"\/>\n\n\n\n<h2 class=\"wp-block-heading\"><strong>Un super concept<\/strong><\/h2>\n\n\n\n<p><strong>Vous l\u2019aurez compris, nous, on est fans de ce projet qu\u2019on trouve tout \u00e0 fait fabuleux.<\/strong><br><strong>Ce qui est assez magique, une fois de plus<\/strong> (et j\u2019oserais dire que c\u2019est tr\u00e8s bruxellois), <strong>c\u2019est d\u2019associer aussi intimement le plaisir<\/strong> (les bi\u00e8res et la musique) <strong>et la vertu<\/strong> (le soutien \u00e0 des projets solidaires et soci\u00e9taux).<\/p>\n\n\n\n<p><strong>On fait la f\u00eate et, en m\u00eame temps, on fait du bien au monde. <br>C\u2019est doublement bon.<\/strong><\/p>\n\n\n\n<div class=\"wp-block-image\"><figure class=\"aligncenter size-full\"><img loading=\"lazy\" decoding=\"async\" width=\"750\" height=\"500\" src=\"https:\/\/www.lively.brussels\/wp-content\/uploads\/2021\/10\/2021-10-05-LIVELY-Brassicole-10.jpg\" alt=\"\" class=\"wp-image-4580\" srcset=\"https:\/\/www.lively.brussels\/wp-content\/uploads\/2021\/10\/2021-10-05-LIVELY-Brassicole-10.jpg 750w, https:\/\/www.lively.brussels\/wp-content\/uploads\/2021\/10\/2021-10-05-LIVELY-Brassicole-10-300x200.jpg 300w, https:\/\/www.lively.brussels\/wp-content\/uploads\/2021\/10\/2021-10-05-LIVELY-Brassicole-10-610x407.jpg 610w, https:\/\/www.lively.brussels\/wp-content\/uploads\/2021\/10\/2021-10-05-LIVELY-Brassicole-10-640x427.jpg 640w\" sizes=\"auto, (max-width: 750px) 100vw, 750px\" \/><figcaption><a href=\"https:\/\/brassicolesolidaire.be\/\" target=\"_blank\" rel=\"noreferrer noopener\">En fait, l&rsquo;id\u00e9e c&rsquo;est vraiment de s&rsquo;amuser \u00e0 la Brassicole. <\/a><\/figcaption><\/figure><\/div>\n\n\n\n<div class=\"wp-block-image\"><figure class=\"aligncenter size-full\"><img loading=\"lazy\" decoding=\"async\" width=\"750\" height=\"500\" src=\"https:\/\/www.lively.brussels\/wp-content\/uploads\/2021\/10\/2021-10-05-LIVELY-Brassicole-3.jpg\" alt=\"\" class=\"wp-image-4541\" srcset=\"https:\/\/www.lively.brussels\/wp-content\/uploads\/2021\/10\/2021-10-05-LIVELY-Brassicole-3.jpg 750w, https:\/\/www.lively.brussels\/wp-content\/uploads\/2021\/10\/2021-10-05-LIVELY-Brassicole-3-300x200.jpg 300w, https:\/\/www.lively.brussels\/wp-content\/uploads\/2021\/10\/2021-10-05-LIVELY-Brassicole-3-610x407.jpg 610w, https:\/\/www.lively.brussels\/wp-content\/uploads\/2021\/10\/2021-10-05-LIVELY-Brassicole-3-640x427.jpg 640w\" sizes=\"auto, (max-width: 750px) 100vw, 750px\" \/><figcaption>Join The Brassicole !<\/figcaption><\/figure><\/div>\n\n\n\n<p><strong>Et c\u2019est vraiment une alchimie qui nous passionne.<br>Du coup, Marie, comment vous est venue cette g\u00e9niale id\u00e9e d\u2019associer d\u00e9gustation des bi\u00e8res de microbrasseurs bruxellois et action militante solidaire&nbsp;?<\/strong><\/p>\n\n\n\n<p><strong><em>\u00ab&nbsp;C\u2019est \u00e7a, justement, on a voulu cr\u00e9er un espace de rencontres avec les acteurs du changement mais on voulait aussi que ce soit un moment convivial, ludique et festif.<\/em><\/strong><\/p>\n\n\n\n<p><strong><em>Et donc, c\u2019\u00e9tait bien \u00e7a le concept&nbsp;: pouvoir boire un verre entre amis, tout en rencontrant ceux qui agissent dans tous les domaines de la durabilit\u00e9, qu\u2019il s\u2019agisse d\u2019\u00e9conomie circulaire, d\u2019\u00e9conomie sociale, des nouveaux mod\u00e8les de production alternative, des coop\u00e9ratives, etc.&nbsp;\u00bb.<\/em><\/strong><\/p>\n\n\n\n<div class=\"wp-block-image\"><figure class=\"aligncenter size-full\"><img loading=\"lazy\" decoding=\"async\" width=\"750\" height=\"500\" src=\"https:\/\/www.lively.brussels\/wp-content\/uploads\/2021\/10\/2021-10-05-LIVELY-Brassicole-2.jpg\" alt=\"\" class=\"wp-image-4584\" srcset=\"https:\/\/www.lively.brussels\/wp-content\/uploads\/2021\/10\/2021-10-05-LIVELY-Brassicole-2.jpg 750w, https:\/\/www.lively.brussels\/wp-content\/uploads\/2021\/10\/2021-10-05-LIVELY-Brassicole-2-300x200.jpg 300w, https:\/\/www.lively.brussels\/wp-content\/uploads\/2021\/10\/2021-10-05-LIVELY-Brassicole-2-610x407.jpg 610w, https:\/\/www.lively.brussels\/wp-content\/uploads\/2021\/10\/2021-10-05-LIVELY-Brassicole-2-640x427.jpg 640w\" sizes=\"auto, (max-width: 750px) 100vw, 750px\" \/><figcaption>Magie bruxelloise<\/figcaption><\/figure><\/div>\n\n\n\n<blockquote class=\"wp-block-quote is-layout-flow wp-block-quote-is-layout-flow\"><p><em>\u00ab&nbsp;A travers cet \u00e9v\u00e9nement, nous ce qu\u2019on veut c\u2019est mettre en lumi\u00e8re les acteurs du changement mais aussi cr\u00e9er du lien, entre eux et avec le public pour avancer ensemble vers cette transition citoyenne&nbsp;\u00bb.<\/em><\/p><cite>Marie, l&rsquo;une des organisatrices de <a href=\"https:\/\/brassicolesolidaire.be\/\" target=\"_blank\" rel=\"noreferrer noopener\">la Brassicole Solidaire<\/a><\/cite><\/blockquote>\n\n\n\n<hr class=\"wp-block-separator\"\/>\n\n\n\n<h2 class=\"wp-block-heading\"><strong>Brasseurs militants<\/strong><\/h2>\n\n\n\n<p><strong>On savait que les brasseries bruxellois avaient du go\u00fbt mais elles ont aussi du c\u0153ur.<br>Parce que force est de reconna\u00eetre que c\u2019est un secteur qui cultive depuis quelques ann\u00e9es une vraie culture soci\u00e9tale et \u00e9cologique.<\/strong><\/p>\n\n\n\n<p><strong>Mais d\u2019o\u00f9 \u00e7a vient&nbsp;?<br>C\u2019est quoi l\u2019histoire et le d\u00e9vouement qui se cachent derri\u00e8re ces f\u00fbts et ces bouteilles&nbsp;?<\/strong><\/p>\n\n\n\n<p>Eh bien, Marie a une id\u00e9e \u00e0 ce sujet et elle est int\u00e9ressante&nbsp;:<\/p>\n\n\n\n<p><em><strong>\u00ab&nbsp;En fait, il y a une vraie tradition d\u2019entraide dans les microbrasseries bruxelloises qui ont l\u2019habitude de s\u2019organiser en coop\u00e9ratives pour mutualiser leurs productions, partager leurs investissements, etc.<\/strong><\/em><\/p>\n\n\n\n<p><em><strong>Et cette culture de l\u2019entraide s\u2019est vraiment renforc\u00e9e avec la crise sanitaire. <\/strong><\/em><br><em><strong>La solidarit\u00e9 est presque devenue indispensable&nbsp;\u00bb.<\/strong><\/em><\/p>\n\n\n\n<div class=\"wp-block-image\"><figure class=\"aligncenter size-full\"><img loading=\"lazy\" decoding=\"async\" width=\"750\" height=\"500\" src=\"https:\/\/www.lively.brussels\/wp-content\/uploads\/2021\/10\/2021-10-05-LIVELY-Brassicole-8.jpg\" alt=\"\" class=\"wp-image-4592\" srcset=\"https:\/\/www.lively.brussels\/wp-content\/uploads\/2021\/10\/2021-10-05-LIVELY-Brassicole-8.jpg 750w, https:\/\/www.lively.brussels\/wp-content\/uploads\/2021\/10\/2021-10-05-LIVELY-Brassicole-8-300x200.jpg 300w, https:\/\/www.lively.brussels\/wp-content\/uploads\/2021\/10\/2021-10-05-LIVELY-Brassicole-8-610x407.jpg 610w, https:\/\/www.lively.brussels\/wp-content\/uploads\/2021\/10\/2021-10-05-LIVELY-Brassicole-8-640x427.jpg 640w\" sizes=\"auto, (max-width: 750px) 100vw, 750px\" \/><figcaption>L&rsquo;\u00e9quipe de <a href=\"https:\/\/www.cit-light.org\/\" target=\"_blank\" rel=\"noreferrer noopener\">Cit&rsquo;Light <\/a><br>Les cr\u00e9ateurs et organisateurs de <a href=\"https:\/\/brassicolesolidaire.be\/\" target=\"_blank\" rel=\"noreferrer noopener\">la Brassicole Solidaire<\/a><\/figcaption><\/figure><\/div>\n\n\n\n<blockquote class=\"wp-block-quote is-layout-flow wp-block-quote-is-layout-flow\"><p><em>\u00ab&nbsp;J\u2019ai l\u2019impression que les mentalit\u00e9s se sont r\u00e9veill\u00e9es et que les gens se sont rendu compte que l\u2019humain devait au centre finalement de toute activit\u00e9&nbsp;\u00bb.<\/em><\/p><cite>Marie, l&rsquo;une des organisatrices de <a href=\"https:\/\/brassicolesolidaire.be\/\" target=\"_blank\" rel=\"noreferrer noopener\">la Brassicole Solidaire<\/a> <\/cite><\/blockquote>\n\n\n\n<p><em><strong>\u00ab&nbsp;Ce qui n\u2019\u00e9tait pas n\u00e9cessairement le cas avant cette crise o\u00f9 on \u00e9tait peut-\u00eatre beaucoup plus dans l\u2019individualisme. <\/strong><\/em><br><em>Chacun avait son projet et personne ne mutualisait, personne n\u2019\u00e9changeait. J\u2019avais mon id\u00e9e, je la gardais pour moi parce que j\u2019avais peur qu\u2019on me la vole.<\/em><\/p>\n\n\n\n<p><em><strong>Et l\u00e0 maintenant, on est beaucoup plus dans un mouvement coop\u00e9ratif fort au niveau des microbrasseries, bien s\u00fbr, mais \u00e9galement, je pense, au niveau de la soci\u00e9t\u00e9. Les consciences ont vraiment \u00e9volu\u00e9&nbsp;\u00bb.<\/strong><\/em><\/p>\n\n\n\n<p><strong>C\u2019est certainement vrai, notamment chez les jeunes g\u00e9n\u00e9rations <\/strong>(qui aiment la bi\u00e8re tout autant que leurs ain\u00e9es \u2013 la boire et la produire).<\/p>\n\n\n\n<p><strong>Pour tous ceux qui sont sensibles aux bouleversements des mod\u00e8les traditionnels en cours, il y a sans doute la conscience et l\u2019envie de construire des projets d\u2019activit\u00e9 qu\u2019on aime et qui ont du sens.<\/strong><\/p>\n\n\n\n<p><strong>Et puis, il y a ceux, comme <a href=\"https:\/\/www.lively.brussels\/index.php\/2021\/05\/18\/grands-coeurs\/\" target=\"_blank\" rel=\"noreferrer noopener\">la 100PAP (qu\u2019on conna\u00eet bien et qu\u2019on adore)<\/a> pour lequel le projet social pr\u00e9existait \u00e0 la bi\u00e8re et o\u00f9 l\u2019activit\u00e9 brassicole est un moyen pour soutenir et faire vivre une cause, celle de soutenir et d\u00e9fendre les droits des sans-papier.<\/strong><\/p>\n\n\n\n<div class=\"wp-block-image\"><figure class=\"aligncenter size-full is-resized\"><img loading=\"lazy\" decoding=\"async\" src=\"https:\/\/www.lively.brussels\/wp-content\/uploads\/2021\/10\/2021-04-30-LIVELY-POST-46-BIERE-100PAP-5.jpg\" alt=\"\" class=\"wp-image-4598\" width=\"480\" height=\"320\" srcset=\"https:\/\/www.lively.brussels\/wp-content\/uploads\/2021\/10\/2021-04-30-LIVELY-POST-46-BIERE-100PAP-5.jpg 750w, https:\/\/www.lively.brussels\/wp-content\/uploads\/2021\/10\/2021-04-30-LIVELY-POST-46-BIERE-100PAP-5-300x200.jpg 300w, https:\/\/www.lively.brussels\/wp-content\/uploads\/2021\/10\/2021-04-30-LIVELY-POST-46-BIERE-100PAP-5-610x407.jpg 610w, https:\/\/www.lively.brussels\/wp-content\/uploads\/2021\/10\/2021-04-30-LIVELY-POST-46-BIERE-100PAP-5-640x427.jpg 640w\" sizes=\"auto, (max-width: 480px) 100vw, 480px\" \/><figcaption><a href=\"https:\/\/www.lively.brussels\/index.php\/2021\/05\/18\/grands-coeurs\/\" target=\"_blank\" rel=\"noreferrer noopener\">La 100PAP &#8211; Bi\u00e8re engag\u00e9e<\/a><\/figcaption><\/figure><\/div>\n\n\n\n<div class=\"wp-block-image\"><figure class=\"aligncenter size-full\"><img loading=\"lazy\" decoding=\"async\" width=\"750\" height=\"500\" src=\"https:\/\/www.lively.brussels\/wp-content\/uploads\/2021\/10\/2021-10-05-LIVELY-Brassicole-1.jpg\" alt=\"\" class=\"wp-image-4600\" srcset=\"https:\/\/www.lively.brussels\/wp-content\/uploads\/2021\/10\/2021-10-05-LIVELY-Brassicole-1.jpg 750w, https:\/\/www.lively.brussels\/wp-content\/uploads\/2021\/10\/2021-10-05-LIVELY-Brassicole-1-300x200.jpg 300w, https:\/\/www.lively.brussels\/wp-content\/uploads\/2021\/10\/2021-10-05-LIVELY-Brassicole-1-610x407.jpg 610w, https:\/\/www.lively.brussels\/wp-content\/uploads\/2021\/10\/2021-10-05-LIVELY-Brassicole-1-640x427.jpg 640w\" sizes=\"auto, (max-width: 750px) 100vw, 750px\" \/><figcaption><a href=\"https:\/\/brassicolesolidaire.be\/\" target=\"_blank\" rel=\"noreferrer noopener\">A d\u00e9couvrir et d\u00e9guster \u00e0 la Brassicole Solidaire<\/a><\/figcaption><\/figure><\/div>\n\n\n\n<hr class=\"wp-block-separator\"\/>\n\n\n\n<h2 class=\"wp-block-heading\"><strong>Save the date<\/strong><\/h2>\n\n\n\n<p><strong>Du coup, si vous aussi, vous avez envie comme nous de d\u00e9couvrir et d\u00e9guster ces bonnes bi\u00e8res locales en \u00e9coutant du bon son, c\u2019est tr\u00e8s simple, <a href=\"https:\/\/brassicolesolidaire.be\/\" target=\"_blank\" rel=\"noreferrer noopener\">venez \u00e0 la Brassicole Solidaire&nbsp;!<\/a><\/strong><\/p>\n\n\n\n<p><a href=\"https:\/\/www.eventbrite.be\/e\/billets-brassicole-solidaire-176433506367?fbclid=IwAR1oso566JZ9VOiAlMx2QFLJWZUoRAaBxYtHo56p2jMY36W6n9dShaUU_Yc\" target=\"_blank\" rel=\"noreferrer noopener\">Contexte sanitaire oblige, il vaut mieux s\u2019inscrire ici.<\/a><\/p>\n\n\n\n<p>O<strong>n s\u2019y retrouve&nbsp;?<\/strong><\/p>\n\n\n\n<p><strong>Merci, Marie et Cit\u2019Light pour cette belle initiative&nbsp;!<\/strong><\/p>\n\n\n\n<div class=\"wp-block-image\"><figure class=\"aligncenter size-full\"><img loading=\"lazy\" decoding=\"async\" width=\"750\" height=\"500\" src=\"https:\/\/www.lively.brussels\/wp-content\/uploads\/2021\/10\/2021-10-05-LIVELY-Brassicole-7.jpg\" alt=\"\" class=\"wp-image-4604\" srcset=\"https:\/\/www.lively.brussels\/wp-content\/uploads\/2021\/10\/2021-10-05-LIVELY-Brassicole-7.jpg 750w, https:\/\/www.lively.brussels\/wp-content\/uploads\/2021\/10\/2021-10-05-LIVELY-Brassicole-7-300x200.jpg 300w, https:\/\/www.lively.brussels\/wp-content\/uploads\/2021\/10\/2021-10-05-LIVELY-Brassicole-7-610x407.jpg 610w, https:\/\/www.lively.brussels\/wp-content\/uploads\/2021\/10\/2021-10-05-LIVELY-Brassicole-7-640x427.jpg 640w\" sizes=\"auto, (max-width: 750px) 100vw, 750px\" \/><figcaption>&amp; Live Muzike<\/figcaption><\/figure><\/div>\n\n\n\n<hr class=\"wp-block-separator\"\/>\n\n\n\n<p><strong>Photos :<\/strong> <a href=\"https:\/\/brassicolesolidaire.be\/\" target=\"_blank\" rel=\"noreferrer noopener\">Brassicole Solidaire \/ Cit&rsquo;Light<\/a><\/p>\n\n\n\n<hr class=\"wp-block-separator\"\/>\n\n\n\n<div class=\"wp-block-image\"><figure class=\"aligncenter size-full is-resized\"><img loading=\"lazy\" decoding=\"async\" src=\"https:\/\/www.lively.brussels\/wp-content\/uploads\/2021\/10\/by-nc-sa.eu_-300x105-1.png\" alt=\"\" class=\"wp-image-4312\" width=\"225\" height=\"79\"\/><\/figure><\/div>\n\n\n\n<p class=\"has-text-align-center has-small-font-size\"><a href=\"https:\/\/www.lively.brussels\/index.php\/2020\/09\/30\/creative-come-on\/\" target=\"_blank\" rel=\"noreferrer noopener\">Cet article est sous Licence Creative Commons.<\/a><br>Vous \u00eates libre de le r\u00e9utiliser (en mentionnant l\u2019auteur \u2013 BY) mais pas pour un usage commercial (NC) et pour le partager dans les m\u00eames conditions (SA).<br><a href=\"https:\/\/creativecommons.org\/licenses\/?lang=fr\" target=\"_blank\" rel=\"noreferrer noopener\">All about Creative Commons<\/a><\/p>\n","protected":false},"excerpt":{"rendered":"<p>Save The Date<\/p>\n","protected":false},"author":7,"featured_media":4756,"comment_status":"open","ping_status":"open","sticky":false,"template":"","format":"standard","meta":{"ngg_post_thumbnail":0,"footnotes":""},"categories":[267],"tags":[159,286,153,285,287],"class_list":["post-4540","post","type-post","status-publish","format-standard","has-post-thumbnail","hentry","category-plaisirs-vertus","tag-alimentation","tag-bieres","tag-economie-circulaire","tag-fiesta","tag-solidarite","entry-card--landscape"],"yoast_head":"<!-- This site is optimized with the Yoast SEO plugin v27.2 - https:\/\/yoast.com\/product\/yoast-seo-wordpress\/ -->\n<title>Bi\u00e8res Militantes &#060; LIVELY - Le WebMag de l&#039;\u00e9conomie circulaire<\/title>\n<meta name=\"description\" content=\"Le Webmagazine de l&#039;\u00e9conomie circulaire \u00e0 Bruxelles, de la transition \u00e9conomique et de la durabilit\u00e9.\" \/>\n<meta name=\"robots\" content=\"index, follow, max-snippet:-1, max-image-preview:large, max-video-preview:-1\" \/>\n<link rel=\"canonical\" href=\"https:\/\/www.lively.brussels\/index.php\/2023\/10\/08\/bieres-militantes\/\" \/>\n<meta property=\"og:locale\" content=\"fr_FR\" \/>\n<meta property=\"og:type\" content=\"article\" \/>\n<meta property=\"og:title\" content=\"Bi\u00e8res Militantes &#060; LIVELY - Le WebMag de l&#039;\u00e9conomie circulaire\" \/>\n<meta property=\"og:description\" content=\"Le Webmagazine de l&#039;\u00e9conomie circulaire \u00e0 Bruxelles, de la transition \u00e9conomique et de la durabilit\u00e9.\" \/>\n<meta property=\"og:url\" content=\"https:\/\/www.lively.brussels\/index.php\/2023\/10\/08\/bieres-militantes\/\" \/>\n<meta property=\"og:site_name\" content=\"LIVELY - Le WebMag de l&#039;\u00e9conomie circulaire\" \/>\n<meta property=\"article:publisher\" content=\"https:\/\/www.facebook.com\/LivelyBrussels\/\" \/>\n<meta property=\"article:published_time\" content=\"2023-10-08T01:26:14+00:00\" \/>\n<meta property=\"article:modified_time\" content=\"2024-12-02T16:57:35+00:00\" \/>\n<meta property=\"og:image\" content=\"https:\/\/www.lively.brussels\/wp-content\/uploads\/2021\/10\/2021-10-05-LIVELY-Brassicole-6-1.jpg\" \/>\n\t<meta property=\"og:image:width\" content=\"750\" \/>\n\t<meta property=\"og:image:height\" content=\"500\" \/>\n\t<meta property=\"og:image:type\" content=\"image\/jpeg\" \/>\n<meta name=\"author\" content=\"Dan\" \/>\n<meta name=\"twitter:card\" content=\"summary_large_image\" \/>\n<meta name=\"twitter:creator\" content=\"@BrusselsLively\" \/>\n<meta name=\"twitter:site\" content=\"@BrusselsLively\" \/>\n<meta name=\"twitter:label1\" content=\"\u00c9crit par\" \/>\n\t<meta name=\"twitter:data1\" content=\"Dan\" \/>\n\t<meta name=\"twitter:label2\" content=\"Dur\u00e9e de lecture estim\u00e9e\" \/>\n\t<meta name=\"twitter:data2\" content=\"9 minutes\" \/>\n<script type=\"application\/ld+json\" class=\"yoast-schema-graph\">{\"@context\":\"https:\/\/schema.org\",\"@graph\":[{\"@type\":\"Article\",\"@id\":\"https:\/\/www.lively.brussels\/index.php\/2023\/10\/08\/bieres-militantes\/#article\",\"isPartOf\":{\"@id\":\"https:\/\/www.lively.brussels\/index.php\/2023\/10\/08\/bieres-militantes\/\"},\"author\":{\"name\":\"Dan\",\"@id\":\"https:\/\/www.lively.brussels\/#\/schema\/person\/eaf2e5f0d229dbe6d8aa90aafcc3ccd9\"},\"headline\":\"Bi\u00e8res Militantes\",\"datePublished\":\"2023-10-08T01:26:14+00:00\",\"dateModified\":\"2024-12-02T16:57:35+00:00\",\"mainEntityOfPage\":{\"@id\":\"https:\/\/www.lively.brussels\/index.php\/2023\/10\/08\/bieres-militantes\/\"},\"wordCount\":1530,\"commentCount\":0,\"publisher\":{\"@id\":\"https:\/\/www.lively.brussels\/#organization\"},\"image\":{\"@id\":\"https:\/\/www.lively.brussels\/index.php\/2023\/10\/08\/bieres-militantes\/#primaryimage\"},\"thumbnailUrl\":\"https:\/\/www.lively.brussels\/wp-content\/uploads\/2021\/10\/2021-10-05-LIVELY-Brassicole-6-1.jpg\",\"keywords\":[\"Alimentation\",\"Bi\u00e8res\",\"Economie circulaire\",\"Fiesta\",\"Solidarit\u00e9\"],\"articleSection\":[\"Plaisirs &amp; Vertus\"],\"inLanguage\":\"fr-FR\",\"potentialAction\":[{\"@type\":\"CommentAction\",\"name\":\"Comment\",\"target\":[\"https:\/\/www.lively.brussels\/index.php\/2023\/10\/08\/bieres-militantes\/#respond\"]}]},{\"@type\":\"WebPage\",\"@id\":\"https:\/\/www.lively.brussels\/index.php\/2023\/10\/08\/bieres-militantes\/\",\"url\":\"https:\/\/www.lively.brussels\/index.php\/2023\/10\/08\/bieres-militantes\/\",\"name\":\"Bi\u00e8res Militantes &#060; LIVELY - Le WebMag de l&#039;\u00e9conomie circulaire\",\"isPartOf\":{\"@id\":\"https:\/\/www.lively.brussels\/#website\"},\"primaryImageOfPage\":{\"@id\":\"https:\/\/www.lively.brussels\/index.php\/2023\/10\/08\/bieres-militantes\/#primaryimage\"},\"image\":{\"@id\":\"https:\/\/www.lively.brussels\/index.php\/2023\/10\/08\/bieres-militantes\/#primaryimage\"},\"thumbnailUrl\":\"https:\/\/www.lively.brussels\/wp-content\/uploads\/2021\/10\/2021-10-05-LIVELY-Brassicole-6-1.jpg\",\"datePublished\":\"2023-10-08T01:26:14+00:00\",\"dateModified\":\"2024-12-02T16:57:35+00:00\",\"description\":\"Le Webmagazine de l'\u00e9conomie circulaire \u00e0 Bruxelles, de la transition \u00e9conomique et de la durabilit\u00e9.\",\"breadcrumb\":{\"@id\":\"https:\/\/www.lively.brussels\/index.php\/2023\/10\/08\/bieres-militantes\/#breadcrumb\"},\"inLanguage\":\"fr-FR\",\"potentialAction\":[{\"@type\":\"ReadAction\",\"target\":[\"https:\/\/www.lively.brussels\/index.php\/2023\/10\/08\/bieres-militantes\/\"]}]},{\"@type\":\"ImageObject\",\"inLanguage\":\"fr-FR\",\"@id\":\"https:\/\/www.lively.brussels\/index.php\/2023\/10\/08\/bieres-militantes\/#primaryimage\",\"url\":\"https:\/\/www.lively.brussels\/wp-content\/uploads\/2021\/10\/2021-10-05-LIVELY-Brassicole-6-1.jpg\",\"contentUrl\":\"https:\/\/www.lively.brussels\/wp-content\/uploads\/2021\/10\/2021-10-05-LIVELY-Brassicole-6-1.jpg\",\"width\":750,\"height\":500},{\"@type\":\"BreadcrumbList\",\"@id\":\"https:\/\/www.lively.brussels\/index.php\/2023\/10\/08\/bieres-militantes\/#breadcrumb\",\"itemListElement\":[{\"@type\":\"ListItem\",\"position\":1,\"name\":\"Accueil\",\"item\":\"https:\/\/www.lively.brussels\/\"},{\"@type\":\"ListItem\",\"position\":2,\"name\":\"Bi\u00e8res Militantes\"}]},{\"@type\":\"WebSite\",\"@id\":\"https:\/\/www.lively.brussels\/#website\",\"url\":\"https:\/\/www.lively.brussels\/\",\"name\":\"LIVELY - Le WebMag de l&#039;\u00e9conomie circulaire\",\"description\":\"Pour tout savoir de l&#039;\u00e9conomie circulaire \u00e0 Bruxelles, en Belgique et dans le reste de l&#039;univers\",\"publisher\":{\"@id\":\"https:\/\/www.lively.brussels\/#organization\"},\"potentialAction\":[{\"@type\":\"SearchAction\",\"target\":{\"@type\":\"EntryPoint\",\"urlTemplate\":\"https:\/\/www.lively.brussels\/?s={search_term_string}\"},\"query-input\":{\"@type\":\"PropertyValueSpecification\",\"valueRequired\":true,\"valueName\":\"search_term_string\"}}],\"inLanguage\":\"fr-FR\"},{\"@type\":\"Organization\",\"@id\":\"https:\/\/www.lively.brussels\/#organization\",\"name\":\"Sense Brussels SCRL\",\"url\":\"https:\/\/www.lively.brussels\/\",\"logo\":{\"@type\":\"ImageObject\",\"inLanguage\":\"fr-FR\",\"@id\":\"https:\/\/www.lively.brussels\/#\/schema\/logo\/image\/\",\"url\":\"https:\/\/www.lively.brussels\/wp-content\/uploads\/2020\/08\/Lively_Favicon.jpg\",\"contentUrl\":\"https:\/\/www.lively.brussels\/wp-content\/uploads\/2020\/08\/Lively_Favicon.jpg\",\"width\":134,\"height\":134,\"caption\":\"Sense Brussels SCRL\"},\"image\":{\"@id\":\"https:\/\/www.lively.brussels\/#\/schema\/logo\/image\/\"},\"sameAs\":[\"https:\/\/www.facebook.com\/LivelyBrussels\/\",\"https:\/\/x.com\/BrusselsLively\",\"https:\/\/www.instagram.com\/livelybrussels\/\",\"https:\/\/www.linkedin.com\/company\/lively-brussels\"]},{\"@type\":\"Person\",\"@id\":\"https:\/\/www.lively.brussels\/#\/schema\/person\/eaf2e5f0d229dbe6d8aa90aafcc3ccd9\",\"name\":\"Dan\",\"image\":{\"@type\":\"ImageObject\",\"inLanguage\":\"fr-FR\",\"@id\":\"https:\/\/secure.gravatar.com\/avatar\/bec280e2b17b1d71dc53f664174bc8103628ab55395e35d9d359f1c8f3136f3e?s=96&d=mm&r=g\",\"url\":\"https:\/\/secure.gravatar.com\/avatar\/bec280e2b17b1d71dc53f664174bc8103628ab55395e35d9d359f1c8f3136f3e?s=96&d=mm&r=g\",\"contentUrl\":\"https:\/\/secure.gravatar.com\/avatar\/bec280e2b17b1d71dc53f664174bc8103628ab55395e35d9d359f1c8f3136f3e?s=96&d=mm&r=g\",\"caption\":\"Dan\"},\"url\":\"https:\/\/www.lively.brussels\/index.php\/author\/hello-lively\/\"}]}<\/script>\n<!-- \/ Yoast SEO plugin. -->","yoast_head_json":{"title":"Bi\u00e8res Militantes &#060; LIVELY - Le WebMag de l&#039;\u00e9conomie circulaire","description":"Le Webmagazine de l'\u00e9conomie circulaire \u00e0 Bruxelles, de la transition \u00e9conomique et de la durabilit\u00e9.","robots":{"index":"index","follow":"follow","max-snippet":"max-snippet:-1","max-image-preview":"max-image-preview:large","max-video-preview":"max-video-preview:-1"},"canonical":"https:\/\/www.lively.brussels\/index.php\/2023\/10\/08\/bieres-militantes\/","og_locale":"fr_FR","og_type":"article","og_title":"Bi\u00e8res Militantes &#060; LIVELY - Le WebMag de l&#039;\u00e9conomie circulaire","og_description":"Le Webmagazine de l'\u00e9conomie circulaire \u00e0 Bruxelles, de la transition \u00e9conomique et de la durabilit\u00e9.","og_url":"https:\/\/www.lively.brussels\/index.php\/2023\/10\/08\/bieres-militantes\/","og_site_name":"LIVELY - Le WebMag de l&#039;\u00e9conomie circulaire","article_publisher":"https:\/\/www.facebook.com\/LivelyBrussels\/","article_published_time":"2023-10-08T01:26:14+00:00","article_modified_time":"2024-12-02T16:57:35+00:00","og_image":[{"width":750,"height":500,"url":"https:\/\/www.lively.brussels\/wp-content\/uploads\/2021\/10\/2021-10-05-LIVELY-Brassicole-6-1.jpg","type":"image\/jpeg"}],"author":"Dan","twitter_card":"summary_large_image","twitter_creator":"@BrusselsLively","twitter_site":"@BrusselsLively","twitter_misc":{"\u00c9crit par":"Dan","Dur\u00e9e de lecture estim\u00e9e":"9 minutes"},"schema":{"@context":"https:\/\/schema.org","@graph":[{"@type":"Article","@id":"https:\/\/www.lively.brussels\/index.php\/2023\/10\/08\/bieres-militantes\/#article","isPartOf":{"@id":"https:\/\/www.lively.brussels\/index.php\/2023\/10\/08\/bieres-militantes\/"},"author":{"name":"Dan","@id":"https:\/\/www.lively.brussels\/#\/schema\/person\/eaf2e5f0d229dbe6d8aa90aafcc3ccd9"},"headline":"Bi\u00e8res Militantes","datePublished":"2023-10-08T01:26:14+00:00","dateModified":"2024-12-02T16:57:35+00:00","mainEntityOfPage":{"@id":"https:\/\/www.lively.brussels\/index.php\/2023\/10\/08\/bieres-militantes\/"},"wordCount":1530,"commentCount":0,"publisher":{"@id":"https:\/\/www.lively.brussels\/#organization"},"image":{"@id":"https:\/\/www.lively.brussels\/index.php\/2023\/10\/08\/bieres-militantes\/#primaryimage"},"thumbnailUrl":"https:\/\/www.lively.brussels\/wp-content\/uploads\/2021\/10\/2021-10-05-LIVELY-Brassicole-6-1.jpg","keywords":["Alimentation","Bi\u00e8res","Economie circulaire","Fiesta","Solidarit\u00e9"],"articleSection":["Plaisirs &amp; Vertus"],"inLanguage":"fr-FR","potentialAction":[{"@type":"CommentAction","name":"Comment","target":["https:\/\/www.lively.brussels\/index.php\/2023\/10\/08\/bieres-militantes\/#respond"]}]},{"@type":"WebPage","@id":"https:\/\/www.lively.brussels\/index.php\/2023\/10\/08\/bieres-militantes\/","url":"https:\/\/www.lively.brussels\/index.php\/2023\/10\/08\/bieres-militantes\/","name":"Bi\u00e8res Militantes &#060; LIVELY - Le WebMag de l&#039;\u00e9conomie circulaire","isPartOf":{"@id":"https:\/\/www.lively.brussels\/#website"},"primaryImageOfPage":{"@id":"https:\/\/www.lively.brussels\/index.php\/2023\/10\/08\/bieres-militantes\/#primaryimage"},"image":{"@id":"https:\/\/www.lively.brussels\/index.php\/2023\/10\/08\/bieres-militantes\/#primaryimage"},"thumbnailUrl":"https:\/\/www.lively.brussels\/wp-content\/uploads\/2021\/10\/2021-10-05-LIVELY-Brassicole-6-1.jpg","datePublished":"2023-10-08T01:26:14+00:00","dateModified":"2024-12-02T16:57:35+00:00","description":"Le Webmagazine de l'\u00e9conomie circulaire \u00e0 Bruxelles, de la transition \u00e9conomique et de la durabilit\u00e9.","breadcrumb":{"@id":"https:\/\/www.lively.brussels\/index.php\/2023\/10\/08\/bieres-militantes\/#breadcrumb"},"inLanguage":"fr-FR","potentialAction":[{"@type":"ReadAction","target":["https:\/\/www.lively.brussels\/index.php\/2023\/10\/08\/bieres-militantes\/"]}]},{"@type":"ImageObject","inLanguage":"fr-FR","@id":"https:\/\/www.lively.brussels\/index.php\/2023\/10\/08\/bieres-militantes\/#primaryimage","url":"https:\/\/www.lively.brussels\/wp-content\/uploads\/2021\/10\/2021-10-05-LIVELY-Brassicole-6-1.jpg","contentUrl":"https:\/\/www.lively.brussels\/wp-content\/uploads\/2021\/10\/2021-10-05-LIVELY-Brassicole-6-1.jpg","width":750,"height":500},{"@type":"BreadcrumbList","@id":"https:\/\/www.lively.brussels\/index.php\/2023\/10\/08\/bieres-militantes\/#breadcrumb","itemListElement":[{"@type":"ListItem","position":1,"name":"Accueil","item":"https:\/\/www.lively.brussels\/"},{"@type":"ListItem","position":2,"name":"Bi\u00e8res Militantes"}]},{"@type":"WebSite","@id":"https:\/\/www.lively.brussels\/#website","url":"https:\/\/www.lively.brussels\/","name":"LIVELY - Le WebMag de l&#039;\u00e9conomie circulaire","description":"Pour tout savoir de l&#039;\u00e9conomie circulaire \u00e0 Bruxelles, en Belgique et dans le reste de l&#039;univers","publisher":{"@id":"https:\/\/www.lively.brussels\/#organization"},"potentialAction":[{"@type":"SearchAction","target":{"@type":"EntryPoint","urlTemplate":"https:\/\/www.lively.brussels\/?s={search_term_string}"},"query-input":{"@type":"PropertyValueSpecification","valueRequired":true,"valueName":"search_term_string"}}],"inLanguage":"fr-FR"},{"@type":"Organization","@id":"https:\/\/www.lively.brussels\/#organization","name":"Sense Brussels SCRL","url":"https:\/\/www.lively.brussels\/","logo":{"@type":"ImageObject","inLanguage":"fr-FR","@id":"https:\/\/www.lively.brussels\/#\/schema\/logo\/image\/","url":"https:\/\/www.lively.brussels\/wp-content\/uploads\/2020\/08\/Lively_Favicon.jpg","contentUrl":"https:\/\/www.lively.brussels\/wp-content\/uploads\/2020\/08\/Lively_Favicon.jpg","width":134,"height":134,"caption":"Sense Brussels SCRL"},"image":{"@id":"https:\/\/www.lively.brussels\/#\/schema\/logo\/image\/"},"sameAs":["https:\/\/www.facebook.com\/LivelyBrussels\/","https:\/\/x.com\/BrusselsLively","https:\/\/www.instagram.com\/livelybrussels\/","https:\/\/www.linkedin.com\/company\/lively-brussels"]},{"@type":"Person","@id":"https:\/\/www.lively.brussels\/#\/schema\/person\/eaf2e5f0d229dbe6d8aa90aafcc3ccd9","name":"Dan","image":{"@type":"ImageObject","inLanguage":"fr-FR","@id":"https:\/\/secure.gravatar.com\/avatar\/bec280e2b17b1d71dc53f664174bc8103628ab55395e35d9d359f1c8f3136f3e?s=96&d=mm&r=g","url":"https:\/\/secure.gravatar.com\/avatar\/bec280e2b17b1d71dc53f664174bc8103628ab55395e35d9d359f1c8f3136f3e?s=96&d=mm&r=g","contentUrl":"https:\/\/secure.gravatar.com\/avatar\/bec280e2b17b1d71dc53f664174bc8103628ab55395e35d9d359f1c8f3136f3e?s=96&d=mm&r=g","caption":"Dan"},"url":"https:\/\/www.lively.brussels\/index.php\/author\/hello-lively\/"}]}},"_links":{"self":[{"href":"https:\/\/www.lively.brussels\/index.php\/wp-json\/wp\/v2\/posts\/4540","targetHints":{"allow":["GET"]}}],"collection":[{"href":"https:\/\/www.lively.brussels\/index.php\/wp-json\/wp\/v2\/posts"}],"about":[{"href":"https:\/\/www.lively.brussels\/index.php\/wp-json\/wp\/v2\/types\/post"}],"author":[{"embeddable":true,"href":"https:\/\/www.lively.brussels\/index.php\/wp-json\/wp\/v2\/users\/7"}],"replies":[{"embeddable":true,"href":"https:\/\/www.lively.brussels\/index.php\/wp-json\/wp\/v2\/comments?post=4540"}],"version-history":[{"count":33,"href":"https:\/\/www.lively.brussels\/index.php\/wp-json\/wp\/v2\/posts\/4540\/revisions"}],"predecessor-version":[{"id":4757,"href":"https:\/\/www.lively.brussels\/index.php\/wp-json\/wp\/v2\/posts\/4540\/revisions\/4757"}],"wp:featuredmedia":[{"embeddable":true,"href":"https:\/\/www.lively.brussels\/index.php\/wp-json\/wp\/v2\/media\/4756"}],"wp:attachment":[{"href":"https:\/\/www.lively.brussels\/index.php\/wp-json\/wp\/v2\/media?parent=4540"}],"wp:term":[{"taxonomy":"category","embeddable":true,"href":"https:\/\/www.lively.brussels\/index.php\/wp-json\/wp\/v2\/categories?post=4540"},{"taxonomy":"post_tag","embeddable":true,"href":"https:\/\/www.lively.brussels\/index.php\/wp-json\/wp\/v2\/tags?post=4540"}],"curies":[{"name":"wp","href":"https:\/\/api.w.org\/{rel}","templated":true}]}}