{"id":5342,"date":"2021-12-10T17:00:44","date_gmt":"2021-12-10T17:00:44","guid":{"rendered":"https:\/\/www.lively.brussels\/?p=5342"},"modified":"2021-12-11T10:17:25","modified_gmt":"2021-12-11T10:17:25","slug":"cooperative-business","status":"publish","type":"post","link":"https:\/\/www.lively.brussels\/index.php\/2021\/12\/10\/cooperative-business\/","title":{"rendered":"Cooperative Business"},"content":{"rendered":"\n<p><strong>La Grande Transition, ce sont des produits et services circulaires et \/ ou durables, bien s\u00fbr.<\/strong><br><strong>Mais pas que.<\/strong><br>Ah bon&nbsp;?<\/p>\n\n\n\n<p><strong>Eh oui, parce qu\u2019avant toute chose, la Grande Transition ce sont des nouveaux mod\u00e8les \u00e9conomiques et sociaux.<br><\/strong>Fini le business \u00e0 papa avec le patron qui surveille ses employ\u00e9s \u00e0 la jumelle depuis les tours de sa grande demeure sur la colline.<br>\u00c7a, c\u2019\u00e9tait le mod\u00e8le capitaliste des boomers et \u00e7a commence \u00e0 sentir le p\u00e9rim\u00e9.<\/p>\n\n\n\n<p><strong>Voyez-vous \u00e7a, monsieur Lively. <br>Alors maintenant, tout le monde est le chef&nbsp;?<\/strong><\/p>\n\n\n\n<p><strong>Non, bien s\u00fbr. On parle de nouveaux mod\u00e8les de gouvernance d\u2019entreprise.<br>Coop\u00e9rative et participative.<br>Et, \u00e0 bien y regarder, ce n\u2019est pas que du bla-bla.<\/strong><\/p>\n\n\n\n<p><strong>Parce que \u00e7a marche.<\/strong><\/p>\n\n\n\n<p><strong>Et, pour en t\u00e9moigner, nous avons rencontr\u00e9 Aur\u00e9lie, fondatrice de <a href=\"https:\/\/www.la-vivriere.be\/\" target=\"_blank\" rel=\"noreferrer noopener\">la coop\u00e9rative bruxelloise La Vivri\u00e8re<\/a>.<\/strong><\/p>\n\n\n\n<hr class=\"wp-block-separator\"\/>\n\n\n\n<h2 class=\"wp-block-heading\"><strong>La Vivri\u00e8re, coop\u00e9rative de producteurs et de consomm&rsquo;acteurs<\/strong><\/h2>\n\n\n\n<p><strong>Petite pr\u00e9sentation pour commencer.<br>Situ\u00e9e Rue de la Station \u00e0 Forest, l<a href=\"https:\/\/www.la-vivriere.be\/\" target=\"_blank\" rel=\"noreferrer noopener\">a soci\u00e9t\u00e9 coop\u00e9rative La Vivri\u00e8re vend en ligne et dans sa boutique des produits agricoles provenant de producteurs locaux.<\/a><\/strong><\/p>\n\n\n\n<div class=\"wp-block-image\"><figure class=\"aligncenter size-full\"><img loading=\"lazy\" decoding=\"async\" width=\"750\" height=\"500\" src=\"https:\/\/www.lively.brussels\/wp-content\/uploads\/2021\/12\/2021-12-10-LIVELY-POST_86-La-Vivriere-5.jpg\" alt=\"\" class=\"wp-image-5360\" srcset=\"https:\/\/www.lively.brussels\/wp-content\/uploads\/2021\/12\/2021-12-10-LIVELY-POST_86-La-Vivriere-5.jpg 750w, https:\/\/www.lively.brussels\/wp-content\/uploads\/2021\/12\/2021-12-10-LIVELY-POST_86-La-Vivriere-5-300x200.jpg 300w, https:\/\/www.lively.brussels\/wp-content\/uploads\/2021\/12\/2021-12-10-LIVELY-POST_86-La-Vivriere-5-610x407.jpg 610w, https:\/\/www.lively.brussels\/wp-content\/uploads\/2021\/12\/2021-12-10-LIVELY-POST_86-La-Vivriere-5-640x427.jpg 640w\" sizes=\"auto, (max-width: 750px) 100vw, 750px\" \/><figcaption><a href=\"https:\/\/www.la-vivriere.be\/\" target=\"_blank\" rel=\"noreferrer noopener\">Bienvenue \u00e0 la La Vivri\u00e8re<\/a><\/figcaption><\/figure><\/div>\n\n\n\n<p>Un jour, Aur\u00e9lie en a eu marre de ne pas trouver la viande et les l\u00e9gumes de la qualit\u00e9 de son enfance.<br>Et, comme on n\u2019est jamais mieux servi que par soi-m\u00eame. Ni une, ni deux, la voil\u00e0 qui cr\u00e9\u00e9 cette coop\u00e9rative.<\/p>\n\n\n\n<p><em>\u00ab&nbsp;C\u2019est \u00e7a. Je viens du Charolais en France o\u00f9 nous \u00e9tions entour\u00e9s d\u2019\u00e9leveurs bovins.<\/em><br><strong><em>J\u2019ai grandi dans une ferme laiti\u00e8re et, en arrivant en Belgique, j\u2019ai vraiment eu du mal \u00e0 trouver de la bonne viande \u00e0 un prix correct et o\u00f9 je savais comment l\u2019animal avait grandi.<\/em><br><\/strong><em>Et du coup, \u00e7a a commenc\u00e9 comme \u00e7a. <\/em><br><em>D\u2019abord en recherchant de la viande, puis tr\u00e8s vite, tout le reste, les laitages, les l\u00e9gumes, etc.&nbsp;\u00bb.<\/em><\/p>\n\n\n\n<p><\/p>\n\n\n\n<blockquote class=\"wp-block-quote is-layout-flow wp-block-quote-is-layout-flow\"><p><em>\u00ab&nbsp;Mon point de d\u00e9part, c\u2019\u00e9tait de trouver des aliments pour lesquels je voulais disposer de garanties en termes de qualit\u00e9. <\/em><br><em>Parce que, vraiment, je ne veux plus rentrer dans les supermarch\u00e9s&nbsp;\u00bb.<\/em><\/p><cite>Aur\u00e9lie, fondatrice de <a href=\"https:\/\/www.la-vivriere.be\/\" target=\"_blank\" rel=\"noreferrer noopener\">la coop\u00e9rative bruxelloise La Vivri\u00e8re<\/a><\/cite><\/blockquote>\n\n\n\n<p><\/p>\n\n\n\n<p>Et c\u2019est donc ainsi qu\u2019est n\u00e9e La Vivri\u00e8re nous la forme de soci\u00e9t\u00e9 coop\u00e9rative.&nbsp;<\/p>\n\n\n\n<div class=\"wp-block-image\"><figure class=\"aligncenter size-full\"><img loading=\"lazy\" decoding=\"async\" width=\"400\" height=\"400\" src=\"https:\/\/www.lively.brussels\/wp-content\/uploads\/2021\/12\/07-recyclage-V4-o5fswebwtada6z5nm7re6qk1pqj3esmqgpbq1pkucg.jpg\" alt=\"\" class=\"wp-image-5356\" srcset=\"https:\/\/www.lively.brussels\/wp-content\/uploads\/2021\/12\/07-recyclage-V4-o5fswebwtada6z5nm7re6qk1pqj3esmqgpbq1pkucg.jpg 400w, https:\/\/www.lively.brussels\/wp-content\/uploads\/2021\/12\/07-recyclage-V4-o5fswebwtada6z5nm7re6qk1pqj3esmqgpbq1pkucg-300x300.jpg 300w, https:\/\/www.lively.brussels\/wp-content\/uploads\/2021\/12\/07-recyclage-V4-o5fswebwtada6z5nm7re6qk1pqj3esmqgpbq1pkucg-150x150.jpg 150w\" sizes=\"auto, (max-width: 400px) 100vw, 400px\" \/><\/figure><\/div>\n\n\n\n<p><\/p>\n\n\n\n<hr class=\"wp-block-separator\"\/>\n\n\n\n<h2 class=\"wp-block-heading\"><strong>Business Model efficace<\/strong><\/h2>\n\n\n\n<p><strong>Le business model est un peu subtil mais il fonctionne plut\u00f4t bien.<br>D\u2019abord, il y a le site de vente en ligne qui, \u00e9tonnamment, permet un contact direct du consommateur avec le producteur.<\/strong><\/p>\n\n\n\n<p><strong><em>\u00ab&nbsp;Effectivement. <\/em><br><em>Nous fonctionnons sur le principe de la pr\u00e9commande parce que je veux absolument \u00e9viter les gaspillages alimentaires.<\/em><\/strong><em> <\/em><br><em>Et donc, les gens commandent en ligne sur notre site directement dans les catalogues des producteurs&nbsp;\u00bb.<\/em><\/p>\n\n\n\n<blockquote class=\"wp-block-quote is-layout-flow wp-block-quote-is-layout-flow\"><p><em>\u00ab&nbsp;Ainsi, chaque jeudi en fin de journ\u00e9e, les producteurs viennent Place St Denis \u00e0 Forest remettre en direct leurs commandes aux consommateurs&nbsp;\u00bb.<\/em><\/p><cite> Aur\u00e9lie, fondatrice de <a href=\"https:\/\/www.la-vivriere.be\/\" target=\"_blank\" rel=\"noreferrer noopener\">la coop\u00e9rative bruxelloise La Vivri\u00e8re<\/a> <\/cite><\/blockquote>\n\n\n\n<p><\/p>\n\n\n\n<p><em>\u00ab&nbsp;Chaque semaine, on en a environ une trentaine et ceux qui ne peuvent pas venir, les boulangers, par exemple, qui se l\u00e8vent t\u00f4t, c\u2019est nous qui les repr\u00e9sentons&nbsp;\u00bb.<\/em><\/p>\n\n\n\n<div class=\"wp-block-image\"><figure class=\"aligncenter size-full\"><img loading=\"lazy\" decoding=\"async\" width=\"750\" height=\"500\" src=\"https:\/\/www.lively.brussels\/wp-content\/uploads\/2021\/12\/2021-12-10-LIVELY-POST_86-La-Vivriere-3.jpg\" alt=\"\" class=\"wp-image-5367\" srcset=\"https:\/\/www.lively.brussels\/wp-content\/uploads\/2021\/12\/2021-12-10-LIVELY-POST_86-La-Vivriere-3.jpg 750w, https:\/\/www.lively.brussels\/wp-content\/uploads\/2021\/12\/2021-12-10-LIVELY-POST_86-La-Vivriere-3-300x200.jpg 300w, https:\/\/www.lively.brussels\/wp-content\/uploads\/2021\/12\/2021-12-10-LIVELY-POST_86-La-Vivriere-3-610x407.jpg 610w, https:\/\/www.lively.brussels\/wp-content\/uploads\/2021\/12\/2021-12-10-LIVELY-POST_86-La-Vivriere-3-640x427.jpg 640w\" sizes=\"auto, (max-width: 750px) 100vw, 750px\" \/><figcaption>On parle bien s\u00fbr de vrais producteurs.<\/figcaption><\/figure><\/div>\n\n\n\n<p><\/p>\n\n\n\n<p><strong>Et l\u00e0, le mod\u00e8le \u00e9conomique est int\u00e9ressant, et largement au b\u00e9n\u00e9fice des producteurs.<\/strong><\/p>\n\n\n\n<p><em><strong>\u00ab&nbsp;Sur cette activit\u00e9 e-commerce, c\u2019est vraiment du direct. <\/strong><\/em><br><em>La Vivri\u00e8re prend une petite commission, assez r\u00e9duite car on prend peu de risques vu que rien n\u2019est immobilis\u00e9 de notre c\u00f4t\u00e9.<\/em><\/p>\n\n\n\n<p><strong><em>Et le producteur a la plus grosse part du prix de vente. <\/em><br><em>Avec des marges pour lui qui sont g\u00e9n\u00e9ralement plus \u00e9lev\u00e9es qu\u2019aupr\u00e8s d\u2019autres cat\u00e9gories de clients, grossistes ou distributeurs&nbsp;\u00bb.<\/em><\/strong><\/p>\n\n\n\n<p><strong>Donc, avec cette formule mixte pr\u00e9commande en ligne et rencontre en direct du consommateur avec le producteur, en d\u00e9finitive, tout le monde est gagnant. <br><\/strong>Simple et efficace.<\/p>\n\n\n\n<p><strong>Mais ce qu\u2019a tenu \u00e0 relever Aur\u00e9lie, au-del\u00e0 du c\u00f4t\u00e9 financier, c\u2019est le gain humain de ce syst\u00e8me. <br><\/strong>Pour les consommateurs, bien s\u00fbr, qui apprennent \u00e0 conna\u00eetre ceux qui produisent leur viande et leurs l\u00e9gumes.<br>Mais aussi pour les producteurs qui voient comment leur travail est per\u00e7u et appr\u00e9ci\u00e9. <\/p>\n\n\n\n<div class=\"wp-block-image\"><figure class=\"aligncenter size-full\"><img loading=\"lazy\" decoding=\"async\" width=\"750\" height=\"500\" src=\"https:\/\/www.lively.brussels\/wp-content\/uploads\/2021\/12\/2021-12-10-LIVELY-POST_86-La-Vivriere-2.jpg\" alt=\"\" class=\"wp-image-5373\" srcset=\"https:\/\/www.lively.brussels\/wp-content\/uploads\/2021\/12\/2021-12-10-LIVELY-POST_86-La-Vivriere-2.jpg 750w, https:\/\/www.lively.brussels\/wp-content\/uploads\/2021\/12\/2021-12-10-LIVELY-POST_86-La-Vivriere-2-300x200.jpg 300w, https:\/\/www.lively.brussels\/wp-content\/uploads\/2021\/12\/2021-12-10-LIVELY-POST_86-La-Vivriere-2-610x407.jpg 610w, https:\/\/www.lively.brussels\/wp-content\/uploads\/2021\/12\/2021-12-10-LIVELY-POST_86-La-Vivriere-2-640x427.jpg 640w\" sizes=\"auto, (max-width: 750px) 100vw, 750px\" \/><figcaption>En contact direct avec les productrices et producteurs<\/figcaption><\/figure><\/div>\n\n\n\n<p><\/p>\n\n\n\n<p><em><strong>\u00ab&nbsp;Au d\u00e9but, quand je me suis lanc\u00e9 il y a une dizaine d\u2019ann\u00e9es, aller dire \u00e0 un agriculteur \u2018Tu vas vendre sur Internet et tu trouveras pleins de clients \u00e0 Bruxelles\u2019, \u00e7a a \u00e9t\u00e9 tr\u00e8s compliqu\u00e9. Il a vraiment fallu les convaincre.<\/strong><\/em><\/p>\n\n\n\n<p><strong><em>Et, pour le producteur, l\u2019autre grand changement par rapport aux circuits traditionnels, ce sont les \u00e9chelles. <\/em><br><\/strong><em>Quand il vient dans le circuit court, ce ne sont pas les m\u00eames volumes. Mais on a fait ces paris avec eux.<\/em><\/p>\n\n\n\n<p><em>Et au final, le producteur, dans son rendement, il s\u2019y retrouve. <\/em><br><em><strong>Mais la grande diff\u00e9rence, et certains me l\u2019ont dit avec des larmes dans les yeux, c\u2019est qu\u2019ils ont la satisfaction du retour imm\u00e9diat, d\u2019avoir les consommateurs qui leur disent \u2018Ta viande, elle est super bonne&nbsp;! \u2019.<\/strong><\/em><\/p>\n\n\n\n<p><em>Quand on passe comme \u00e7a sur les circuits courts, le cheptel n\u2019est pas le m\u00eame. \u00c7a demande de changer d\u2019\u00e9chelle et de changer ses pratiques. <\/em><br><em>C\u2019est un effort pour certains, parce qu\u2019il faut aussi s\u2019occuper de la commercialisation, mais, pour eux, ces retours des clients, c\u2019est une vraie r\u00e9compense, une vraie satisfaction&nbsp;! \u00bb.<\/em><\/p>\n\n\n\n<p><strong>Et puis, bien s\u00fbr, il y a la boutique. <br>Chaleureuse, accessible et bien achaland\u00e9e, elle propose tous les produits des producteurs soigneusement s\u00e9lectionn\u00e9s par Aur\u00e9lie.<\/strong><\/p>\n\n\n\n<div class=\"wp-block-image\"><figure class=\"aligncenter size-full\"><img loading=\"lazy\" decoding=\"async\" width=\"750\" height=\"500\" src=\"https:\/\/www.lively.brussels\/wp-content\/uploads\/2021\/12\/2021-12-10-LIVELY-POST_86-La-Vivriere-6-1.jpg\" alt=\"\" class=\"wp-image-5377\" srcset=\"https:\/\/www.lively.brussels\/wp-content\/uploads\/2021\/12\/2021-12-10-LIVELY-POST_86-La-Vivriere-6-1.jpg 750w, https:\/\/www.lively.brussels\/wp-content\/uploads\/2021\/12\/2021-12-10-LIVELY-POST_86-La-Vivriere-6-1-300x200.jpg 300w, https:\/\/www.lively.brussels\/wp-content\/uploads\/2021\/12\/2021-12-10-LIVELY-POST_86-La-Vivriere-6-1-610x407.jpg 610w, https:\/\/www.lively.brussels\/wp-content\/uploads\/2021\/12\/2021-12-10-LIVELY-POST_86-La-Vivriere-6-1-640x427.jpg 640w\" sizes=\"auto, (max-width: 750px) 100vw, 750px\" \/><figcaption>C&rsquo;est ici, Rue de la Station \u00e0 Forest<\/figcaption><\/figure><\/div>\n\n\n\n<p><strong>L\u00e0, le mod\u00e8le \u00e9conomique est plus traditionnel, avec les justes arbitrages \u00e0 trouver pour la gestion des stocks afin d\u2019\u00e9viter les invendus.&nbsp;<\/strong><\/p>\n\n\n\n<p><em>\u00ab&nbsp;Dans la boutique, \u00e9videmment, on ne rencontre pas les producteurs. <\/em><br><em>Mais on a toutes les garanties d\u2019un commerce de proximit\u00e9. Et on essaye de proposer un maximum de produits en vrac.<\/em><\/p>\n\n\n\n<p><em>L\u2019id\u00e9e c\u2019est d\u2019\u00e9viter \u00e0 tout prix le gaspillage et de proposer des prix abordables. <\/em><br><em>Au niveau des stocks, il faut donc vraiment trouver le juste milieu et des niveaux de vente suffisants pour couvrir nos frais&nbsp;\u00bb.<\/em><\/p>\n\n\n\n<div class=\"wp-block-image\"><figure class=\"aligncenter size-full\"><img loading=\"lazy\" decoding=\"async\" width=\"750\" height=\"500\" src=\"https:\/\/www.lively.brussels\/wp-content\/uploads\/2021\/12\/2021-12-10-LIVELY-POST_86-La-Vivriere-9.jpg\" alt=\"\" class=\"wp-image-5381\" srcset=\"https:\/\/www.lively.brussels\/wp-content\/uploads\/2021\/12\/2021-12-10-LIVELY-POST_86-La-Vivriere-9.jpg 750w, https:\/\/www.lively.brussels\/wp-content\/uploads\/2021\/12\/2021-12-10-LIVELY-POST_86-La-Vivriere-9-300x200.jpg 300w, https:\/\/www.lively.brussels\/wp-content\/uploads\/2021\/12\/2021-12-10-LIVELY-POST_86-La-Vivriere-9-610x407.jpg 610w, https:\/\/www.lively.brussels\/wp-content\/uploads\/2021\/12\/2021-12-10-LIVELY-POST_86-La-Vivriere-9-640x427.jpg 640w\" sizes=\"auto, (max-width: 750px) 100vw, 750px\" \/><figcaption>App\u00e9tissant, n&rsquo;est-ce pas ? <\/figcaption><\/figure><\/div>\n\n\n\n<hr class=\"wp-block-separator\"\/>\n\n\n\n<h2 class=\"wp-block-heading\"><strong>Gestion, gouvernance &amp; rentabilit\u00e9<\/strong><\/h2>\n\n\n\n<p><strong>On l\u2019aura compris, le business model global de La Vivri\u00e8re est un peu complexe mais parfaitement en phase tant avec les attentes de nombreux consommateurs qu\u2019avec les nouvelles habitudes d\u2019achat. Et surtout, en ad\u00e9quation avec les valeurs d\u2019Aur\u00e9lie.<\/strong><\/p>\n\n\n\n<p><strong>Mais, pour \u00eatre tr\u00e8s honn\u00eate, la question qui nous agite, c\u2019est celle la gouvernance de l\u2019entreprise car aujourd\u2019hui La Vivri\u00e8re et souvent cit\u00e9e en exemple de gouvernance coop\u00e9rative et participative.<\/strong><br>Et cela, c\u2019est quand m\u00eame assez \u00e9tonnant.<br>Suffisamment en tout cas pour qu\u2019on ait eu envie de comprendre comment \u00e7a marche et si \u00e7a marche vraiment.<\/p>\n\n\n\n<p><strong>Les principes de fonctionnement, pour commencer.<\/strong><br>Ainsi que nous l\u2019a expliqu\u00e9 Aur\u00e9lie et comme c\u2019est pr\u00e9sent\u00e9 sur son site, la coop\u00e9rative La Vivri\u00e8re fonctionne suivant les principes suivants&nbsp;:<\/p>\n\n\n\n<ol class=\"wp-block-list\" type=\"1\"><li><strong>La soci\u00e9t\u00e9 coop\u00e9rative La Vivri\u00e8re a comme objet social \u00ab&nbsp;<em>le d\u00e9veloppement durable en g\u00e9n\u00e9ral, via, notamment, l\u2019introduction de modes de consommation alternatifs qu\u2019ils soient alimentaires ou non alimentaires<\/em>&nbsp;\u00bb.<br><\/strong><\/li><li><strong>Tout le monde peut rejoindre la coop\u00e9rative en tant que coop\u00e9rat\u00b7eur\u00b7rice <\/strong>et participer ainsi aux Assembl\u00e9es G\u00e9n\u00e9rales de La Vivri\u00e8re.<br><\/li><li><strong>La coop\u00e9rative est administr\u00e9e par un Conseil d\u2019Administration compos\u00e9 de trois membres au moins<\/strong>, coop\u00e9rateurs ou non, nomm\u00e9s par l\u2019Assembl\u00e9e G\u00e9n\u00e9rale, et dont au minimum deux tiers sont des coop\u00e9rateurs garants.<br><\/li><li><strong>La gestion et le management sont assur\u00e9s de fa\u00e7on participative avec les salari\u00e9s.<\/strong><\/li><\/ol>\n\n\n\n<p><\/p>\n\n\n\n<p>Bon. \u00c7a ce sont les grands principes.<\/p>\n\n\n\n<p><strong>Et c\u2019est vrai que ce n\u2019est pas hyper-concret. <br>Alors, avec Aur\u00e9lie, on a voulu en savoir un peu plus.<\/strong><\/p>\n\n\n\n<p><strong>Tout d\u2019abord, comment \u00e7a se passe avec les coop\u00e9rateurs&nbsp;?<\/strong><\/p>\n\n\n\n<p><strong><em>\u00ab&nbsp;Avec nos coop\u00e9rateurs, on essaye d\u2019avoir une gouvernance qui fonctionne de mani\u00e8re tr\u00e8s ouverte et participative. <\/em><br><\/strong><em>Ils participent une fois par an \u00e0 l\u2019Assembl\u00e9e G\u00e9n\u00e9rale mais en fait, on leur communique tous les mois les grands chiffres de l\u2019entreprise, les orientations adopt\u00e9es et les d\u00e9cisions prises, pour tout ce qui concerne la gestion de la coop\u00e9rative.<\/em><\/p>\n\n\n\n<p><strong><em>Cela \u00e9tant, le r\u00f4le principal des coop\u00e9rateurs, il est au niveau de l\u2019Assembl\u00e9e G\u00e9n\u00e9rale. <\/em><br><em>C\u2019est l\u00e0 qu\u2019ils sont invit\u00e9s \u00e0 donner leur avis sur les questions d\u2019avenir de la coop\u00e9rative, ce qu\u2019ils imaginent et ce qu\u2019ils voudraient.<\/em><\/strong><\/p>\n\n\n\n<p><strong><em>Et c\u2019est vrai que c\u2019est quand m\u00eame tr\u00e8s complexe. <\/em><br><\/strong><em>Tout le monde ne va \u00e9videmment pas dans le m\u00eame sens avec la m\u00eame vision pour l\u2019entreprise&nbsp;\u00bb.<\/em><\/p>\n\n\n\n<blockquote class=\"wp-block-quote is-layout-flow wp-block-quote-is-layout-flow\"><p><em>\u00ab&nbsp;Le participatif, c\u2019est du d\u00e9bat mais pas n\u00e9cessairement du consensus, plut\u00f4t de la maturation collective. <\/em><br><em>On doit se mettre ensemble pour prendre la meilleure d\u00e9cision possible au moment donn\u00e9. <\/em><br><br><em>Ce n\u2019est pas n\u00e9cessairement la meilleure d\u00e9cision pour toujours, mais on essaie de se mettre ensemble pour trouver les solutions qui r\u00e9pondent le mieux aux valeurs et aux missions que l\u2019entreprise s\u2019\u00e9tait fix\u00e9es&nbsp;\u00bb.<\/em><\/p><cite>Aur\u00e9lie, fondatrice de <a href=\"https:\/\/www.la-vivriere.be\/\" target=\"_blank\" rel=\"noreferrer noopener\">la coop\u00e9rative bruxelloise La Vivri\u00e8re<\/a>  <\/cite><\/blockquote>\n\n\n\n<p><\/p>\n\n\n\n<p><strong>C\u2019est donc \u00e7a le truc. <br>Mais, du coup, ces coop\u00e9rateurs, c\u2019est qui&nbsp;?<\/strong><\/p>\n\n\n\n<div class=\"wp-block-image\"><figure class=\"aligncenter size-full\"><img loading=\"lazy\" decoding=\"async\" width=\"750\" height=\"500\" src=\"https:\/\/www.lively.brussels\/wp-content\/uploads\/2021\/12\/2021-12-10-LIVELY-POST_86-La-Vivriere-11.jpg\" alt=\"\" class=\"wp-image-5392\" srcset=\"https:\/\/www.lively.brussels\/wp-content\/uploads\/2021\/12\/2021-12-10-LIVELY-POST_86-La-Vivriere-11.jpg 750w, https:\/\/www.lively.brussels\/wp-content\/uploads\/2021\/12\/2021-12-10-LIVELY-POST_86-La-Vivriere-11-300x200.jpg 300w, https:\/\/www.lively.brussels\/wp-content\/uploads\/2021\/12\/2021-12-10-LIVELY-POST_86-La-Vivriere-11-610x407.jpg 610w, https:\/\/www.lively.brussels\/wp-content\/uploads\/2021\/12\/2021-12-10-LIVELY-POST_86-La-Vivriere-11-640x427.jpg 640w\" sizes=\"auto, (max-width: 750px) 100vw, 750px\" \/><figcaption>Esprit coop\u00e9ratif. <\/figcaption><\/figure><\/div>\n\n\n\n<p><\/p>\n\n\n\n<p><strong><em>\u00ab&nbsp;En fait, tout le monde peut devenir coop\u00e9rateur. <\/em><br><em>Les producteurs aussi bien que les consommateurs, avec une proportion de dix producteurs et 50&nbsp;clients qui sont coop\u00e9rateurs chez nous. <\/em><br><\/strong><em>Mais, ni les fournisseurs, ni les clients n\u2019ont l\u2019obligation d\u2019\u00eatre coop\u00e9rateurs. Je ne vais jamais demander&nbsp;\u2018Tiens, tu veux venir vendre chez moi ou tu veux venir acheter chez moi, tu dois prendre une part dans la coop\u00e9rative&rsquo;. \u00c7a, \u00e7a ne m\u2019int\u00e9resse pas&nbsp;\u00bb.<\/em><\/p>\n\n\n\n<blockquote class=\"wp-block-quote is-layout-flow wp-block-quote-is-layout-flow\"><p><em>\u00ab&nbsp;Moi je pars du principe qu\u2019un bon coop\u00e9rateur, c\u2019est la personne qui a d\u00e9cid\u00e9 d\u2019elle-m\u00eame de rejoindre la coop\u00e9rative&nbsp;\u00bb.<\/em><\/p><cite> Aur\u00e9lie, fondatrice de <a href=\"https:\/\/www.la-vivriere.be\/\" target=\"_blank\" rel=\"noreferrer noopener\">la coop\u00e9rative bruxelloise La Vivri\u00e8re<\/a>   <\/cite><\/blockquote>\n\n\n\n<p><strong>Et puis, on a vu qu\u2019il y a des coop\u00e9rateurs garants qui, eux, font partie du Conseil d\u2019Administration.<\/strong><\/p>\n\n\n\n<p><strong><em>\u00ab&nbsp;Absolument. Ce sont ceux qui ont vraiment particip\u00e9 \u00e0 la fondation de l\u2019entreprise en versant le capital fixe. <\/em><br><\/strong><em>Ainsi, dans le Conseil d\u2019Administration, on a ces coop\u00e9rateurs garants mais aussi un membre qui repr\u00e9sente les producteurs, un membre qui repr\u00e9sente les clients et un salari\u00e9&nbsp;\u00bb.<\/em><\/p>\n\n\n\n<p><strong>Et ce n\u2019est pas trop compliqu\u00e9 de mobiliser ces coop\u00e9rateurs&nbsp;?<\/strong><br><strong><em>\u00ab&nbsp;Non, au contraire. Certaines coop\u00e9ratives ont le probl\u00e8me que les gens prennent des parts, mais qu\u2019apr\u00e8s ils ne participent pas. <\/em><br><em>Chez nous, c\u2019est l\u2019inverse, les gens viennent avec des envies vraiment tr\u00e8s fortes de participer au niveau de la gouvernance. <\/em><br><\/strong><em>C\u2019est plut\u00f4t \u00e7a que nous devons g\u00e9rer&nbsp;\u00bb.<\/em><\/p>\n\n\n\n<p><strong>Collectif, participatif et coop\u00e9ratif. OK.<br>Mais comment concilier \u00e7a avec les contingences de gestion d\u2019une entreprise rentable&nbsp;?<\/strong><br>Parce que c\u2019est quand m\u00eame aussi \u00e7a le d\u00e9fi \u00e0 relever.<\/p>\n\n\n\n<p><strong><em>\u00ab&nbsp;C\u2019est vrai. Dans une entreprise, m\u00eame coop\u00e9rative, il faut que chacun connaisse sa place et tienne bien son r\u00f4le. <\/em><br><\/strong><em>Et ce n\u2019est pas toujours \u00e9vident, par exemple si des coop\u00e9rateurs estiment avoir leurs mots \u00e0 dire sur tout et notamment au niveau du management des salari\u00e9s. <\/em><br><em>Et, en m\u00eame temps, il est important de ne pas d\u00e9cevoir celles et ceux qui arrivent avec tellement d\u2019envies <em>&nbsp;\u00bb<\/em><\/em>. <\/p>\n\n\n\n<blockquote class=\"wp-block-quote is-layout-flow wp-block-quote-is-layout-flow\"><p><em>\u00ab&nbsp;Il y a gouvernance et il y a diriger une entreprise. <\/em><br><em>Et diriger une entreprise au quotidien, \u00e7a signifie encadrer des gens qui sont salari\u00e9s pour la faire fonctionner. <\/em><br><em>Et la gouvernance, ce sont des femmes et des hommes qui viennent en r\u00e9union apporter leurs visions&nbsp;\u00bb.<\/em><\/p><cite>Aur\u00e9lie, fondatrice de <a href=\"https:\/\/www.la-vivriere.be\/\" target=\"_blank\" rel=\"noreferrer noopener\">la coop\u00e9rative bruxelloise La Vivri\u00e8re<\/a>    <\/cite><\/blockquote>\n\n\n\n<p><\/p>\n\n\n\n<p><em>\u00ab&nbsp;Et cette vision, elle va \u00eatre ad\u00e9quate ou non par rapport aux visions de l\u2019entreprise qui sont notamment port\u00e9es par le Conseil d\u2019Administration et les garants.<\/em><br><strong><em>Et donc, tout \u00e7a, c\u2019est une esp\u00e8ce de plat de lasagnes avec toutes ses couches. <\/em><br><\/strong><em>Et pour moi, le principe fondamental de ce syst\u00e8me, c\u2019est qu\u2019on arrive \u00e0 une maturation de la r\u00e9flexion. <\/em><br><em>Et qu\u2019\u00e0 la fin, quand on prend une d\u00e9cision, on soit solide et s\u00fbr de nous parce qu\u2019on a pass\u00e9 toutes ces couches.<\/em><br><em><strong>L\u2019Assembl\u00e9e g\u00e9n\u00e9rale a fait murir l\u2019id\u00e9e, le Conseil d\u2019Administration la valide et on peut avancer&nbsp;\u00bb.<\/strong><\/em><\/p>\n\n\n\n<p><strong>Et pour le management des salari\u00e9s dans ce syst\u00e8me, \u00e7a se passe comment&nbsp;?<\/strong><\/p>\n\n\n\n<p><strong><em>\u00ab&nbsp;Alors, au niveau des salari\u00e9s, on est dans un management participatif. <\/em><br><\/strong><em>Ils sont six aujourd\u2019hui et l\u2019attribution des t\u00e2ches se fait aussi de mani\u00e8re participative. Autant que possible en tout cas parce qu\u2019elles sont \u00e9videmment attribu\u00e9s en fonction de tout ce qu\u2019il y a \u00e0 faire. Et le fait est que dans l\u2019alimentation, il y a quand m\u00eame beaucoup de passages oblig\u00e9s, tout ce qui est normes d\u2019hygi\u00e8ne notamment <\/em><br><em><strong>Et donc chacun est responsable de diff\u00e9rentes t\u00e2ches d\u00e9cid\u00e9es aussi collectivement&nbsp;que possible \u00bb.<\/strong><\/em><\/p>\n\n\n\n<blockquote class=\"wp-block-quote is-layout-flow wp-block-quote-is-layout-flow\"><p><em>\u00ab&nbsp;Et, bien s\u00fbr, au centre de tout \u00e7a, il y a le g\u00e9rant qui veille \u00e0 ce que chacun soit \u00e0 sa juste place et qui doit trancher sur certaines d\u00e9cisions. <\/em><br><em>C\u2019est essentiel qu\u2019il y ait quelqu\u2019un \u00e0 la barre \u00bb.<\/em><\/p><cite> Aur\u00e9lie, fondatrice de <a href=\"https:\/\/www.la-vivriere.be\/\" target=\"_blank\" rel=\"noreferrer noopener\">la coop\u00e9rative bruxelloise La Vivri\u00e8re<\/a>     <\/cite><\/blockquote>\n\n\n\n<p><\/p>\n\n\n\n<p><strong><em>\u00ab&nbsp;C\u2019est le g\u00e9rant, par exemple, qui va d\u00e9cider d\u2019engager des salari\u00e9s, qui va d\u00e9cider de les garder ou non, qui va g\u00e9rer certaines probl\u00e9matiques, etc. <\/em><br><em>Ce ne sont pas des choses qu\u2019on peut faire \u00e0 soixante dans une r\u00e9union.<\/em><\/strong><\/p>\n\n\n\n<p><em>Parce qu\u2019il ne faut jamais oublier qu\u2019on est un mod\u00e8le \u00e9conomique qui va cr\u00e9er de l\u2019emploi, qui va g\u00e9n\u00e9rer de la valeur. <\/em><br><em><strong>Et donc, on est dans l\u2019\u00e9conomie durable, mais on est dans l\u2019\u00e9conomie avant tout&nbsp;\u00bb.<\/strong><\/em><\/p>\n\n\n\n<hr class=\"wp-block-separator\"\/>\n\n\n\n<h2 class=\"wp-block-heading\"><strong>S\u2019entourer &amp; Partager<\/strong><\/h2>\n\n\n\n<p>Ces retours d\u2019exp\u00e9rience d\u2019Aur\u00e9lie sont \u00e9videmment tr\u00e8s pr\u00e9cieux pour celles et ceux qui voudraient mettre en place ce type de gouvernance vertueuse dans leur entreprise.<br>Ce n\u2019est pas si simple, mais c\u2019est faisable et quand \u00e7a marche, \u00e7a marche vraiment bien. La Vivri\u00e8re en est la preuve.<\/p>\n\n\n\n<p><strong>Et, du coup, pour celles et ceux que ce mod\u00e8le int\u00e9resse, nous avons demand\u00e9 aussi \u00e0 Aur\u00e9lie quels \u00e9taient les autres recettes de ce succ\u00e8s.<\/strong><\/p>\n\n\n\n<p><strong><em>\u00ab&nbsp;La premi\u00e8re chose, c\u2019est vraiment de se faire conseiller et de bien s\u2019entourer.<\/em><br><\/strong><em>En tant qu\u2019entrepreneure, je peux para\u00eetre fonceuse mais, en fait, j\u2019avance lentement, je prends le temps. <\/em><br><strong><em>Et je crois que c\u2019est une vertu dans l\u2019entrepreneuriat durable. <\/em><br><\/strong><em><strong>Quand on veut faire dans la durabilit\u00e9, il faut un v\u00e9ritable ancrage, sur son territoire, dans sa commune, avec ses partenaires, etc. Et cet ancrage, il ne se fait pas du jour au lendemain.<\/strong><\/em><\/p>\n\n\n\n<p><strong><em>Et puis, bien s\u00fbr, il y a la confiance. <\/em><br><\/strong><em>Pour moi, c\u2019est essentiel d\u2019\u00e9tablir des relations fortes avec les producteurs. J\u2019ai besoin d\u2019\u00eatre dans la confiance. <\/em><br><em>Si la confiance est rompue, ce n\u2019est pas la peine&nbsp;\u00bb.<\/em><\/p>\n\n\n\n<div class=\"wp-block-image\"><figure class=\"aligncenter size-full\"><img loading=\"lazy\" decoding=\"async\" width=\"750\" height=\"500\" src=\"https:\/\/www.lively.brussels\/wp-content\/uploads\/2021\/12\/2021-12-10-LIVELY-POST_86-La-Vivriere-7.jpg\" alt=\"\" class=\"wp-image-5410\" srcset=\"https:\/\/www.lively.brussels\/wp-content\/uploads\/2021\/12\/2021-12-10-LIVELY-POST_86-La-Vivriere-7.jpg 750w, https:\/\/www.lively.brussels\/wp-content\/uploads\/2021\/12\/2021-12-10-LIVELY-POST_86-La-Vivriere-7-300x200.jpg 300w, https:\/\/www.lively.brussels\/wp-content\/uploads\/2021\/12\/2021-12-10-LIVELY-POST_86-La-Vivriere-7-610x407.jpg 610w, https:\/\/www.lively.brussels\/wp-content\/uploads\/2021\/12\/2021-12-10-LIVELY-POST_86-La-Vivriere-7-640x427.jpg 640w\" sizes=\"auto, (max-width: 750px) 100vw, 750px\" \/><figcaption>Relation de confiance avec les producteurs<\/figcaption><\/figure><\/div>\n\n\n\n<p><\/p>\n\n\n\n<blockquote class=\"wp-block-quote is-layout-flow wp-block-quote-is-layout-flow\"><p><em>\u00ab&nbsp;Pour moi, la durabilit\u00e9, c\u2019est un juste \u00e9quilibre entre l\u2019attention qu\u2019on va porter \u00e0 la fois \u00e0 l\u2019\u00e9cologie, aux aspects \u00e9conomiques et aux questions sociales. <\/em><br><em>Et je ne dis pas que c\u2019est facile, c\u2019est pour \u00e7a que je parle d\u2019un juste \u00e9quilibre&nbsp;\u00bb.<\/em><\/p><cite>Aur\u00e9lie, fondatrice de <a href=\"https:\/\/www.la-vivriere.be\/\" target=\"_blank\" rel=\"noreferrer noopener\">la coop\u00e9rative bruxelloise La Vivri\u00e8re<\/a>      <\/cite><\/blockquote>\n\n\n\n<p><\/p>\n\n\n\n<p><em>\u00ab&nbsp;Certains misent tout sur l\u2019axe \u00e9cologique, quand on parle de durabilit\u00e9.<\/em><br><strong><em>Mais en vrai, sur le long terme, la durabilit\u00e9 \u00e7a passe aussi par un mod\u00e8le \u00e9conomique qui permet de traverser les temp\u00eates et dans auquel on peut aussi continuer \u00e0 se payer de mani\u00e8re digne.<\/em><br><\/strong><em>Et puis cela permet de cr\u00e9er des emplois pour lesquels, en plus, les gens sont plut\u00f4t fiers d\u2019\u00eatre l\u00e0&nbsp;\u00bb.<\/em><\/p>\n\n\n\n<hr class=\"wp-block-separator\"\/>\n\n\n\n<p><strong>Eh bien, voil\u00e0. <br>Ce sont l\u00e0 les pr\u00e9cieux partages d\u2019exp\u00e9rience d\u2019Aur\u00e9lie sur la gouvernance et la gestion participative d\u2019entreprises, un mod\u00e8le sans doute un peu plus complexe que le mod\u00e8le traditionnel mais qui, en soi, est aussi une composante de la durabilit\u00e9.<\/strong><\/p>\n\n\n\n<p><strong>Et le message de conclusion d\u2019Aur\u00e9lie pour vous, ch\u00e8res lectrices et chers lecteurs, est aussi plus que positif.<\/strong><\/p>\n\n\n\n<p><strong><em>\u00ab&nbsp;Eh bien, ce que je voudrais dire aux lectrices et lecteurs, \u00e0 tous ceux qui lisent le Webmagazine, c\u2019est qu\u2019ils peuvent \u00eatre fiers de leur d\u00e9marche. <\/em><br><em>On sait qu\u2019on voudrait tous faire plus, mais en fait, d\u00e9j\u00e0 ce qui est important, c\u2019est de commencer \u00e0 faire quelque chose.<\/em><br><em>On doit \u00eatre indulgent avec soi-m\u00eame. <\/em><\/strong><br><strong><em>On fait \u00e0 la hauteur de ce qu\u2019on peut faire, mais au moins, on fait quelque chose. <\/em><\/strong><br><strong><em>Et on le fait du mieux qu\u2019on peut, ce n\u2019est peut-\u00eatre pas parfait, mais on avance. Ensemble on va vers la durabilit\u00e9&nbsp;\u00bb.<\/em><\/strong><\/p>\n\n\n\n<figure class=\"wp-block-image size-full\"><img loading=\"lazy\" decoding=\"async\" width=\"750\" height=\"500\" src=\"https:\/\/www.lively.brussels\/wp-content\/uploads\/2021\/12\/2021-12-10-LIVELY-POST_86-La-Vivriere-10.jpg\" alt=\"\" class=\"wp-image-5400\" srcset=\"https:\/\/www.lively.brussels\/wp-content\/uploads\/2021\/12\/2021-12-10-LIVELY-POST_86-La-Vivriere-10.jpg 750w, https:\/\/www.lively.brussels\/wp-content\/uploads\/2021\/12\/2021-12-10-LIVELY-POST_86-La-Vivriere-10-300x200.jpg 300w, https:\/\/www.lively.brussels\/wp-content\/uploads\/2021\/12\/2021-12-10-LIVELY-POST_86-La-Vivriere-10-610x407.jpg 610w, https:\/\/www.lively.brussels\/wp-content\/uploads\/2021\/12\/2021-12-10-LIVELY-POST_86-La-Vivriere-10-640x427.jpg 640w\" sizes=\"auto, (max-width: 750px) 100vw, 750px\" \/><\/figure>\n\n\n\n<p><strong>Un immense merci, Aur\u00e9lie.<\/strong><\/p>\n\n\n\n<p>Et, \u00e0 tous \u00e0 Bruxelles, <a href=\"https:\/\/www.la-vivriere.be\/\" target=\"_blank\" rel=\"noreferrer noopener\">on vous recommande plus que vivement de faire vos courses \u00e0 La Vivri\u00e8re. <\/a><br>A la boutique ou sur le site.<\/p>\n\n\n\n<p>Parce que, non seulement, c\u2019est bien mais en plus, c\u2019est bon.<br>Mille mercis \u00e0 tous&nbsp;!<\/p>\n\n\n\n<hr class=\"wp-block-separator\"\/>\n\n\n\n<p class=\"has-text-align-center has-small-font-size\"> Cet article a \u00e9t\u00e9 r\u00e9alis\u00e9 en partenariat avec&nbsp;<br><a href=\"https:\/\/hub.brussels\/fr\/\" target=\"_blank\" rel=\"noreferrer noopener\">hub.brussels, l\u2019agence bruxelloise des entreprises.<\/a>  <\/p>\n\n\n\n<div class=\"wp-block-image\"><figure class=\"aligncenter size-full is-resized\"><img loading=\"lazy\" decoding=\"async\" src=\"https:\/\/www.lively.brussels\/wp-content\/uploads\/2021\/12\/HUB_LIVELY.png\" alt=\"\" class=\"wp-image-5424\" width=\"375\" height=\"173\" srcset=\"https:\/\/www.lively.brussels\/wp-content\/uploads\/2021\/12\/HUB_LIVELY.png 500w, https:\/\/www.lively.brussels\/wp-content\/uploads\/2021\/12\/HUB_LIVELY-300x139.png 300w\" sizes=\"auto, (max-width: 375px) 100vw, 375px\" \/><\/figure><\/div>\n\n\n\n<p><\/p>\n\n\n\n<hr class=\"wp-block-separator\"\/>\n\n\n\n<div class=\"wp-block-image\"><figure class=\"aligncenter size-full\"><img loading=\"lazy\" decoding=\"async\" width=\"300\" height=\"105\" src=\"https:\/\/www.lively.brussels\/wp-content\/uploads\/2021\/12\/by-nc-sa.eu_-300x105-2.png\" alt=\"\" class=\"wp-image-5425\"\/><\/figure><\/div>\n\n\n\n<p class=\"has-text-align-center has-small-font-size\">  <a href=\"https:\/\/www.lively.brussels\/index.php\/2020\/09\/30\/creative-come-on\/\" target=\"_blank\" rel=\"noreferrer noopener\">Cet article est sous Licence Creative Commons.<\/a><br>Vous \u00eates libre de le r\u00e9utiliser (en mentionnant l\u2019auteur \u2013 BY) mais pas pour un usage commercial (NC) et pour le partager dans les m\u00eames conditions (SA).<br><a href=\"https:\/\/creativecommons.org\/licenses\/?lang=fr\" target=\"_blank\" rel=\"noreferrer noopener\">All about Creative Commons<\/a>  <\/p>\n","protected":false},"excerpt":{"rendered":"<p>Mais comment \u00e7a marche ?<\/p>\n","protected":false},"author":2,"featured_media":5594,"comment_status":"open","ping_status":"closed","sticky":false,"template":"","format":"standard","meta":{"ngg_post_thumbnail":0,"footnotes":""},"categories":[264],"tags":[159,187,300,153,242,273],"class_list":["post-5342","post","type-post","status-publish","format-standard","has-post-thumbnail","hentry","category-transition","tag-alimentation","tag-bruxelles-capitale","tag-cooperatives","tag-economie-circulaire","tag-good-food","tag-transition","entry-card--landscape"],"yoast_head":"<!-- This site is optimized with the Yoast SEO plugin v27.2 - https:\/\/yoast.com\/product\/yoast-seo-wordpress\/ -->\n<title>Cooperative Business &#060; LIVELY - Le WebMag de l&#039;\u00e9conomie circulaire<\/title>\n<meta name=\"description\" content=\"Le Webmagazine de l&#039;\u00e9conomie circulaire \u00e0 Bruxelles, de la transition \u00e9conomique et de la durabilit\u00e9.\" \/>\n<meta name=\"robots\" content=\"index, follow, max-snippet:-1, max-image-preview:large, max-video-preview:-1\" \/>\n<link rel=\"canonical\" href=\"https:\/\/www.lively.brussels\/index.php\/2021\/12\/10\/cooperative-business\/\" \/>\n<meta property=\"og:locale\" content=\"fr_FR\" \/>\n<meta property=\"og:type\" content=\"article\" \/>\n<meta property=\"og:title\" content=\"Cooperative Business &#060; LIVELY - Le WebMag de l&#039;\u00e9conomie circulaire\" \/>\n<meta property=\"og:description\" content=\"Le Webmagazine de l&#039;\u00e9conomie circulaire \u00e0 Bruxelles, de la transition \u00e9conomique et de la durabilit\u00e9.\" \/>\n<meta property=\"og:url\" content=\"https:\/\/www.lively.brussels\/index.php\/2021\/12\/10\/cooperative-business\/\" \/>\n<meta property=\"og:site_name\" content=\"LIVELY - Le WebMag de l&#039;\u00e9conomie circulaire\" \/>\n<meta property=\"article:publisher\" content=\"https:\/\/www.facebook.com\/LivelyBrussels\/\" \/>\n<meta property=\"article:published_time\" content=\"2021-12-10T17:00:44+00:00\" \/>\n<meta property=\"article:modified_time\" content=\"2021-12-11T10:17:25+00:00\" \/>\n<meta property=\"og:image\" content=\"https:\/\/www.lively.brussels\/wp-content\/uploads\/2021\/12\/2021-12-10-LIVELY-POST_86-La-Vivriere-12.jpg\" \/>\n\t<meta property=\"og:image:width\" content=\"750\" \/>\n\t<meta property=\"og:image:height\" content=\"500\" \/>\n\t<meta property=\"og:image:type\" content=\"image\/jpeg\" \/>\n<meta name=\"author\" content=\"Dan\" \/>\n<meta name=\"twitter:card\" content=\"summary_large_image\" \/>\n<meta name=\"twitter:creator\" content=\"@BrusselsLively\" \/>\n<meta name=\"twitter:site\" content=\"@BrusselsLively\" \/>\n<meta name=\"twitter:label1\" content=\"\u00c9crit par\" \/>\n\t<meta name=\"twitter:data1\" content=\"Dan\" \/>\n\t<meta name=\"twitter:label2\" content=\"Dur\u00e9e de lecture estim\u00e9e\" \/>\n\t<meta name=\"twitter:data2\" content=\"14 minutes\" \/>\n<script type=\"application\/ld+json\" class=\"yoast-schema-graph\">{\"@context\":\"https:\/\/schema.org\",\"@graph\":[{\"@type\":\"Article\",\"@id\":\"https:\/\/www.lively.brussels\/index.php\/2021\/12\/10\/cooperative-business\/#article\",\"isPartOf\":{\"@id\":\"https:\/\/www.lively.brussels\/index.php\/2021\/12\/10\/cooperative-business\/\"},\"author\":{\"name\":\"Dan\",\"@id\":\"https:\/\/www.lively.brussels\/#\/schema\/person\/27b8da6d7e6a73c586858220b3689813\"},\"headline\":\"Cooperative Business\",\"datePublished\":\"2021-12-10T17:00:44+00:00\",\"dateModified\":\"2021-12-11T10:17:25+00:00\",\"mainEntityOfPage\":{\"@id\":\"https:\/\/www.lively.brussels\/index.php\/2021\/12\/10\/cooperative-business\/\"},\"wordCount\":3095,\"commentCount\":0,\"publisher\":{\"@id\":\"https:\/\/www.lively.brussels\/#organization\"},\"image\":{\"@id\":\"https:\/\/www.lively.brussels\/index.php\/2021\/12\/10\/cooperative-business\/#primaryimage\"},\"thumbnailUrl\":\"https:\/\/www.lively.brussels\/wp-content\/uploads\/2021\/12\/2021-12-10-LIVELY-POST_86-La-Vivriere-12.jpg\",\"keywords\":[\"Alimentation\",\"Bruxelles-Capitale\",\"Coop\u00e9ratives\",\"Economie circulaire\",\"Good Food\",\"Transition\"],\"articleSection\":[\"Transition\"],\"inLanguage\":\"fr-FR\",\"potentialAction\":[{\"@type\":\"CommentAction\",\"name\":\"Comment\",\"target\":[\"https:\/\/www.lively.brussels\/index.php\/2021\/12\/10\/cooperative-business\/#respond\"]}]},{\"@type\":\"WebPage\",\"@id\":\"https:\/\/www.lively.brussels\/index.php\/2021\/12\/10\/cooperative-business\/\",\"url\":\"https:\/\/www.lively.brussels\/index.php\/2021\/12\/10\/cooperative-business\/\",\"name\":\"Cooperative Business &#060; LIVELY - Le WebMag de l&#039;\u00e9conomie circulaire\",\"isPartOf\":{\"@id\":\"https:\/\/www.lively.brussels\/#website\"},\"primaryImageOfPage\":{\"@id\":\"https:\/\/www.lively.brussels\/index.php\/2021\/12\/10\/cooperative-business\/#primaryimage\"},\"image\":{\"@id\":\"https:\/\/www.lively.brussels\/index.php\/2021\/12\/10\/cooperative-business\/#primaryimage\"},\"thumbnailUrl\":\"https:\/\/www.lively.brussels\/wp-content\/uploads\/2021\/12\/2021-12-10-LIVELY-POST_86-La-Vivriere-12.jpg\",\"datePublished\":\"2021-12-10T17:00:44+00:00\",\"dateModified\":\"2021-12-11T10:17:25+00:00\",\"description\":\"Le Webmagazine de l'\u00e9conomie circulaire \u00e0 Bruxelles, de la transition \u00e9conomique et de la durabilit\u00e9.\",\"breadcrumb\":{\"@id\":\"https:\/\/www.lively.brussels\/index.php\/2021\/12\/10\/cooperative-business\/#breadcrumb\"},\"inLanguage\":\"fr-FR\",\"potentialAction\":[{\"@type\":\"ReadAction\",\"target\":[\"https:\/\/www.lively.brussels\/index.php\/2021\/12\/10\/cooperative-business\/\"]}]},{\"@type\":\"ImageObject\",\"inLanguage\":\"fr-FR\",\"@id\":\"https:\/\/www.lively.brussels\/index.php\/2021\/12\/10\/cooperative-business\/#primaryimage\",\"url\":\"https:\/\/www.lively.brussels\/wp-content\/uploads\/2021\/12\/2021-12-10-LIVELY-POST_86-La-Vivriere-12.jpg\",\"contentUrl\":\"https:\/\/www.lively.brussels\/wp-content\/uploads\/2021\/12\/2021-12-10-LIVELY-POST_86-La-Vivriere-12.jpg\",\"width\":750,\"height\":500},{\"@type\":\"BreadcrumbList\",\"@id\":\"https:\/\/www.lively.brussels\/index.php\/2021\/12\/10\/cooperative-business\/#breadcrumb\",\"itemListElement\":[{\"@type\":\"ListItem\",\"position\":1,\"name\":\"Accueil\",\"item\":\"https:\/\/www.lively.brussels\/\"},{\"@type\":\"ListItem\",\"position\":2,\"name\":\"Cooperative Business\"}]},{\"@type\":\"WebSite\",\"@id\":\"https:\/\/www.lively.brussels\/#website\",\"url\":\"https:\/\/www.lively.brussels\/\",\"name\":\"LIVELY - Le WebMag de l&#039;\u00e9conomie circulaire\",\"description\":\"Pour tout savoir de l&#039;\u00e9conomie circulaire \u00e0 Bruxelles, en Belgique et dans le reste de l&#039;univers\",\"publisher\":{\"@id\":\"https:\/\/www.lively.brussels\/#organization\"},\"potentialAction\":[{\"@type\":\"SearchAction\",\"target\":{\"@type\":\"EntryPoint\",\"urlTemplate\":\"https:\/\/www.lively.brussels\/?s={search_term_string}\"},\"query-input\":{\"@type\":\"PropertyValueSpecification\",\"valueRequired\":true,\"valueName\":\"search_term_string\"}}],\"inLanguage\":\"fr-FR\"},{\"@type\":\"Organization\",\"@id\":\"https:\/\/www.lively.brussels\/#organization\",\"name\":\"Sense Brussels SCRL\",\"url\":\"https:\/\/www.lively.brussels\/\",\"logo\":{\"@type\":\"ImageObject\",\"inLanguage\":\"fr-FR\",\"@id\":\"https:\/\/www.lively.brussels\/#\/schema\/logo\/image\/\",\"url\":\"https:\/\/www.lively.brussels\/wp-content\/uploads\/2020\/08\/Lively_Favicon.jpg\",\"contentUrl\":\"https:\/\/www.lively.brussels\/wp-content\/uploads\/2020\/08\/Lively_Favicon.jpg\",\"width\":134,\"height\":134,\"caption\":\"Sense Brussels SCRL\"},\"image\":{\"@id\":\"https:\/\/www.lively.brussels\/#\/schema\/logo\/image\/\"},\"sameAs\":[\"https:\/\/www.facebook.com\/LivelyBrussels\/\",\"https:\/\/x.com\/BrusselsLively\",\"https:\/\/www.instagram.com\/livelybrussels\/\",\"https:\/\/www.linkedin.com\/company\/lively-brussels\"]},{\"@type\":\"Person\",\"@id\":\"https:\/\/www.lively.brussels\/#\/schema\/person\/27b8da6d7e6a73c586858220b3689813\",\"name\":\"Dan\",\"image\":{\"@type\":\"ImageObject\",\"inLanguage\":\"fr-FR\",\"@id\":\"https:\/\/secure.gravatar.com\/avatar\/1c44b4e64c6affe7d245ec199692d5edbd481f3147a0239eef7565f0ac162043?s=96&d=mm&r=g\",\"url\":\"https:\/\/secure.gravatar.com\/avatar\/1c44b4e64c6affe7d245ec199692d5edbd481f3147a0239eef7565f0ac162043?s=96&d=mm&r=g\",\"contentUrl\":\"https:\/\/secure.gravatar.com\/avatar\/1c44b4e64c6affe7d245ec199692d5edbd481f3147a0239eef7565f0ac162043?s=96&d=mm&r=g\",\"caption\":\"Dan\"},\"url\":\"https:\/\/www.lively.brussels\/index.php\/author\/remade_dan\/\"}]}<\/script>\n<!-- \/ Yoast SEO plugin. -->","yoast_head_json":{"title":"Cooperative Business &#060; LIVELY - Le WebMag de l&#039;\u00e9conomie circulaire","description":"Le Webmagazine de l'\u00e9conomie circulaire \u00e0 Bruxelles, de la transition \u00e9conomique et de la durabilit\u00e9.","robots":{"index":"index","follow":"follow","max-snippet":"max-snippet:-1","max-image-preview":"max-image-preview:large","max-video-preview":"max-video-preview:-1"},"canonical":"https:\/\/www.lively.brussels\/index.php\/2021\/12\/10\/cooperative-business\/","og_locale":"fr_FR","og_type":"article","og_title":"Cooperative Business &#060; LIVELY - Le WebMag de l&#039;\u00e9conomie circulaire","og_description":"Le Webmagazine de l'\u00e9conomie circulaire \u00e0 Bruxelles, de la transition \u00e9conomique et de la durabilit\u00e9.","og_url":"https:\/\/www.lively.brussels\/index.php\/2021\/12\/10\/cooperative-business\/","og_site_name":"LIVELY - Le WebMag de l&#039;\u00e9conomie circulaire","article_publisher":"https:\/\/www.facebook.com\/LivelyBrussels\/","article_published_time":"2021-12-10T17:00:44+00:00","article_modified_time":"2021-12-11T10:17:25+00:00","og_image":[{"width":750,"height":500,"url":"https:\/\/www.lively.brussels\/wp-content\/uploads\/2021\/12\/2021-12-10-LIVELY-POST_86-La-Vivriere-12.jpg","type":"image\/jpeg"}],"author":"Dan","twitter_card":"summary_large_image","twitter_creator":"@BrusselsLively","twitter_site":"@BrusselsLively","twitter_misc":{"\u00c9crit par":"Dan","Dur\u00e9e de lecture estim\u00e9e":"14 minutes"},"schema":{"@context":"https:\/\/schema.org","@graph":[{"@type":"Article","@id":"https:\/\/www.lively.brussels\/index.php\/2021\/12\/10\/cooperative-business\/#article","isPartOf":{"@id":"https:\/\/www.lively.brussels\/index.php\/2021\/12\/10\/cooperative-business\/"},"author":{"name":"Dan","@id":"https:\/\/www.lively.brussels\/#\/schema\/person\/27b8da6d7e6a73c586858220b3689813"},"headline":"Cooperative Business","datePublished":"2021-12-10T17:00:44+00:00","dateModified":"2021-12-11T10:17:25+00:00","mainEntityOfPage":{"@id":"https:\/\/www.lively.brussels\/index.php\/2021\/12\/10\/cooperative-business\/"},"wordCount":3095,"commentCount":0,"publisher":{"@id":"https:\/\/www.lively.brussels\/#organization"},"image":{"@id":"https:\/\/www.lively.brussels\/index.php\/2021\/12\/10\/cooperative-business\/#primaryimage"},"thumbnailUrl":"https:\/\/www.lively.brussels\/wp-content\/uploads\/2021\/12\/2021-12-10-LIVELY-POST_86-La-Vivriere-12.jpg","keywords":["Alimentation","Bruxelles-Capitale","Coop\u00e9ratives","Economie circulaire","Good Food","Transition"],"articleSection":["Transition"],"inLanguage":"fr-FR","potentialAction":[{"@type":"CommentAction","name":"Comment","target":["https:\/\/www.lively.brussels\/index.php\/2021\/12\/10\/cooperative-business\/#respond"]}]},{"@type":"WebPage","@id":"https:\/\/www.lively.brussels\/index.php\/2021\/12\/10\/cooperative-business\/","url":"https:\/\/www.lively.brussels\/index.php\/2021\/12\/10\/cooperative-business\/","name":"Cooperative Business &#060; LIVELY - Le WebMag de l&#039;\u00e9conomie circulaire","isPartOf":{"@id":"https:\/\/www.lively.brussels\/#website"},"primaryImageOfPage":{"@id":"https:\/\/www.lively.brussels\/index.php\/2021\/12\/10\/cooperative-business\/#primaryimage"},"image":{"@id":"https:\/\/www.lively.brussels\/index.php\/2021\/12\/10\/cooperative-business\/#primaryimage"},"thumbnailUrl":"https:\/\/www.lively.brussels\/wp-content\/uploads\/2021\/12\/2021-12-10-LIVELY-POST_86-La-Vivriere-12.jpg","datePublished":"2021-12-10T17:00:44+00:00","dateModified":"2021-12-11T10:17:25+00:00","description":"Le Webmagazine de l'\u00e9conomie circulaire \u00e0 Bruxelles, de la transition \u00e9conomique et de la durabilit\u00e9.","breadcrumb":{"@id":"https:\/\/www.lively.brussels\/index.php\/2021\/12\/10\/cooperative-business\/#breadcrumb"},"inLanguage":"fr-FR","potentialAction":[{"@type":"ReadAction","target":["https:\/\/www.lively.brussels\/index.php\/2021\/12\/10\/cooperative-business\/"]}]},{"@type":"ImageObject","inLanguage":"fr-FR","@id":"https:\/\/www.lively.brussels\/index.php\/2021\/12\/10\/cooperative-business\/#primaryimage","url":"https:\/\/www.lively.brussels\/wp-content\/uploads\/2021\/12\/2021-12-10-LIVELY-POST_86-La-Vivriere-12.jpg","contentUrl":"https:\/\/www.lively.brussels\/wp-content\/uploads\/2021\/12\/2021-12-10-LIVELY-POST_86-La-Vivriere-12.jpg","width":750,"height":500},{"@type":"BreadcrumbList","@id":"https:\/\/www.lively.brussels\/index.php\/2021\/12\/10\/cooperative-business\/#breadcrumb","itemListElement":[{"@type":"ListItem","position":1,"name":"Accueil","item":"https:\/\/www.lively.brussels\/"},{"@type":"ListItem","position":2,"name":"Cooperative Business"}]},{"@type":"WebSite","@id":"https:\/\/www.lively.brussels\/#website","url":"https:\/\/www.lively.brussels\/","name":"LIVELY - Le WebMag de l&#039;\u00e9conomie circulaire","description":"Pour tout savoir de l&#039;\u00e9conomie circulaire \u00e0 Bruxelles, en Belgique et dans le reste de l&#039;univers","publisher":{"@id":"https:\/\/www.lively.brussels\/#organization"},"potentialAction":[{"@type":"SearchAction","target":{"@type":"EntryPoint","urlTemplate":"https:\/\/www.lively.brussels\/?s={search_term_string}"},"query-input":{"@type":"PropertyValueSpecification","valueRequired":true,"valueName":"search_term_string"}}],"inLanguage":"fr-FR"},{"@type":"Organization","@id":"https:\/\/www.lively.brussels\/#organization","name":"Sense Brussels SCRL","url":"https:\/\/www.lively.brussels\/","logo":{"@type":"ImageObject","inLanguage":"fr-FR","@id":"https:\/\/www.lively.brussels\/#\/schema\/logo\/image\/","url":"https:\/\/www.lively.brussels\/wp-content\/uploads\/2020\/08\/Lively_Favicon.jpg","contentUrl":"https:\/\/www.lively.brussels\/wp-content\/uploads\/2020\/08\/Lively_Favicon.jpg","width":134,"height":134,"caption":"Sense Brussels SCRL"},"image":{"@id":"https:\/\/www.lively.brussels\/#\/schema\/logo\/image\/"},"sameAs":["https:\/\/www.facebook.com\/LivelyBrussels\/","https:\/\/x.com\/BrusselsLively","https:\/\/www.instagram.com\/livelybrussels\/","https:\/\/www.linkedin.com\/company\/lively-brussels"]},{"@type":"Person","@id":"https:\/\/www.lively.brussels\/#\/schema\/person\/27b8da6d7e6a73c586858220b3689813","name":"Dan","image":{"@type":"ImageObject","inLanguage":"fr-FR","@id":"https:\/\/secure.gravatar.com\/avatar\/1c44b4e64c6affe7d245ec199692d5edbd481f3147a0239eef7565f0ac162043?s=96&d=mm&r=g","url":"https:\/\/secure.gravatar.com\/avatar\/1c44b4e64c6affe7d245ec199692d5edbd481f3147a0239eef7565f0ac162043?s=96&d=mm&r=g","contentUrl":"https:\/\/secure.gravatar.com\/avatar\/1c44b4e64c6affe7d245ec199692d5edbd481f3147a0239eef7565f0ac162043?s=96&d=mm&r=g","caption":"Dan"},"url":"https:\/\/www.lively.brussels\/index.php\/author\/remade_dan\/"}]}},"_links":{"self":[{"href":"https:\/\/www.lively.brussels\/index.php\/wp-json\/wp\/v2\/posts\/5342","targetHints":{"allow":["GET"]}}],"collection":[{"href":"https:\/\/www.lively.brussels\/index.php\/wp-json\/wp\/v2\/posts"}],"about":[{"href":"https:\/\/www.lively.brussels\/index.php\/wp-json\/wp\/v2\/types\/post"}],"author":[{"embeddable":true,"href":"https:\/\/www.lively.brussels\/index.php\/wp-json\/wp\/v2\/users\/2"}],"replies":[{"embeddable":true,"href":"https:\/\/www.lively.brussels\/index.php\/wp-json\/wp\/v2\/comments?post=5342"}],"version-history":[{"count":43,"href":"https:\/\/www.lively.brussels\/index.php\/wp-json\/wp\/v2\/posts\/5342\/revisions"}],"predecessor-version":[{"id":5595,"href":"https:\/\/www.lively.brussels\/index.php\/wp-json\/wp\/v2\/posts\/5342\/revisions\/5595"}],"wp:featuredmedia":[{"embeddable":true,"href":"https:\/\/www.lively.brussels\/index.php\/wp-json\/wp\/v2\/media\/5594"}],"wp:attachment":[{"href":"https:\/\/www.lively.brussels\/index.php\/wp-json\/wp\/v2\/media?parent=5342"}],"wp:term":[{"taxonomy":"category","embeddable":true,"href":"https:\/\/www.lively.brussels\/index.php\/wp-json\/wp\/v2\/categories?post=5342"},{"taxonomy":"post_tag","embeddable":true,"href":"https:\/\/www.lively.brussels\/index.php\/wp-json\/wp\/v2\/tags?post=5342"}],"curies":[{"name":"wp","href":"https:\/\/api.w.org\/{rel}","templated":true}]}}