{"id":5644,"date":"2022-03-03T08:39:49","date_gmt":"2022-03-03T08:39:49","guid":{"rendered":"https:\/\/www.lively.brussels\/?p=5644"},"modified":"2022-04-21T15:11:57","modified_gmt":"2022-04-21T15:11:57","slug":"electro-circular","status":"publish","type":"post","link":"https:\/\/www.lively.brussels\/index.php\/2022\/03\/03\/electro-circular\/","title":{"rendered":"Electro Circular"},"content":{"rendered":"\n<p><em>Eh bien, voil\u00e0, mon PC est en panne. Faut que je file en racheter un.<br>Ah bon&nbsp;? Et tu sais ce qu\u2019il a&nbsp;?<br>Ben non, pas vraiment. C\u2019est quand m\u00eame assez compliqu\u00e9, ces trucs-l\u00e0. Franchement, j\u2019y comprends rien. <br>Je te laisse, je file chez le marchand. \u00c7a urge grave.<\/em><\/p>\n\n\n\n<p>Conversation somme toute assez classique.<\/p>\n\n\n\n<p><strong>Et les machines ont le chic pour tomber en panne juste au mauvais moment. Pr\u00e9cis\u00e9ment quand on en a vraiment besoin.<br>Du coup, on met l\u2019appareil r\u00e9calcitrant \u00e0 la cave ou \u00e0 la d\u00e9chetterie et on va en racheter un neuf.<\/strong><\/p>\n\n\n\n<p>Mais quand m\u00eame, \u00e7a, c\u2019est un probl\u00e8me, un vrai probl\u00e8me.<\/p>\n\n\n\n<p><strong>Quelques infos assez inqui\u00e9tantes<\/strong> (<a href=\"https:\/\/www.futura-sciences.com\/planete\/actualites\/pollution-dechets-electroniques-ont-fait-bond-21-5-ans-81825\/\" target=\"_blank\" rel=\"noreferrer noopener\">source : Futura Sciences<\/a>)&nbsp;:<\/p>\n\n\n\n<p><strong>En 2019, l&rsquo;humanit\u00e9 a produit 53,6 millions de tonnes de&nbsp;d\u00e9chets&nbsp;\u00e9lectroniques, l&rsquo;\u00e9quivalent de 237&nbsp;paquebots de croisi\u00e8re remplis \u00e0 ras bord.<\/strong><br>Cette immense montagne de vieux t\u00e9l\u00e9phones, appareils usag\u00e9s et autres batteries a grossi de 21 % en cinq ans et pourrait atteindre 74&nbsp;millions de tonnes en 2030. L&rsquo;Europe arrive en t\u00eate du classement, avec 16,2&nbsp;kg&nbsp;de d\u00e9chets par an et par habitant.<\/p>\n\n\n\n<p><strong>Si cette&nbsp;masse&nbsp;de&nbsp;DEEE&nbsp;(D\u00e9chets d&rsquo;Equipements Electriques et Electroniques) augmente de fa\u00e7on aussi vertigineuse, c&rsquo;est pour trois raisons principales : une forte consommation de biens \u00e9lectroniques, un&nbsp;renouvellement de plus en plus rapide&nbsp;et un faible taux de&nbsp;r\u00e9paration.<\/strong><\/p>\n\n\n\n<p>Le nombre de&nbsp;smartphones&nbsp;vendus chaque ann\u00e9e dans le monde a \u00e9t\u00e9 multipli\u00e9 par 12 depuis 10 ans.<br>En France (et ce doit \u00eatre \u00e0 peu pr\u00e8s la m\u00eame chose en Belgique), un&nbsp;foyer&nbsp;poss\u00e8de en moyenne 99&nbsp;appareils !<\/p>\n\n\n\n<p><strong>Donc, oui, c\u2019est un vrai gros probl\u00e8me qui nous concerne tous.<\/strong><\/p>\n\n\n\n<div class=\"wp-block-image\"><figure class=\"aligncenter size-full\"><img loading=\"lazy\" decoding=\"async\" width=\"750\" height=\"500\" src=\"https:\/\/www.lively.brussels\/wp-content\/uploads\/2022\/03\/2022-03-03-LIVELY-POST_JUST-ELECTRONIC_99_4.jpg\" alt=\"\" class=\"wp-image-5652\" srcset=\"https:\/\/www.lively.brussels\/wp-content\/uploads\/2022\/03\/2022-03-03-LIVELY-POST_JUST-ELECTRONIC_99_4.jpg 750w, https:\/\/www.lively.brussels\/wp-content\/uploads\/2022\/03\/2022-03-03-LIVELY-POST_JUST-ELECTRONIC_99_4-300x200.jpg 300w, https:\/\/www.lively.brussels\/wp-content\/uploads\/2022\/03\/2022-03-03-LIVELY-POST_JUST-ELECTRONIC_99_4-610x407.jpg 610w, https:\/\/www.lively.brussels\/wp-content\/uploads\/2022\/03\/2022-03-03-LIVELY-POST_JUST-ELECTRONIC_99_4-640x427.jpg 640w\" sizes=\"auto, (max-width: 750px) 100vw, 750px\" \/><figcaption>Une catastrophe \u00e9cologique et sanitaire en cours. <br>Source : <a href=\"https:\/\/multinationales.org\/Dechets-electroniques-l-envers-du\" target=\"_blank\" rel=\"noreferrer noopener\">Observatoire des multinationales<\/a><\/figcaption><\/figure><\/div>\n\n\n\n<p>Mais maintenant, il y a des solutions que nous avons \u00e0 c\u0153ur de vous faire d\u00e9couvrir.<\/p>\n\n\n\n<p><strong>Ainsi, \u00e0 Bruxelles, <a href=\"https:\/\/www.facebook.com\/justelectronique\/\" target=\"_blank\" rel=\"noreferrer noopener\">la soci\u00e9t\u00e9 Just Electronic propose des appareils r\u00e9par\u00e9s, reconditionn\u00e9s et avec de super garanties, et ce \u00e0 des prix plus que comp\u00e9titifs. <\/a><\/strong><br><strong>En deux mots, des machines plus puissantes et performantes pour le m\u00eame prix, et avec un service hyper-professionnel.<\/strong><\/p>\n\n\n\n<p>C\u2019est pro, c\u2019est circulaire et c\u2019est bruxellois.<\/p>\n\n\n\n<p><strong>Et pour nous en parler, nous avons rencontr\u00e9 son fondateur, Abdoulaye Bah, qui nous parle de tout \u00e7a.<\/strong><\/p>\n\n\n\n<div class=\"wp-block-image\"><figure class=\"aligncenter size-full\"><img loading=\"lazy\" decoding=\"async\" width=\"750\" height=\"500\" src=\"https:\/\/www.lively.brussels\/wp-content\/uploads\/2022\/03\/2022-03-03-LIVELY-POST_JUST-ELECTRONIC_99_5.jpg\" alt=\"\" class=\"wp-image-5657\" srcset=\"https:\/\/www.lively.brussels\/wp-content\/uploads\/2022\/03\/2022-03-03-LIVELY-POST_JUST-ELECTRONIC_99_5.jpg 750w, https:\/\/www.lively.brussels\/wp-content\/uploads\/2022\/03\/2022-03-03-LIVELY-POST_JUST-ELECTRONIC_99_5-300x200.jpg 300w, https:\/\/www.lively.brussels\/wp-content\/uploads\/2022\/03\/2022-03-03-LIVELY-POST_JUST-ELECTRONIC_99_5-610x407.jpg 610w, https:\/\/www.lively.brussels\/wp-content\/uploads\/2022\/03\/2022-03-03-LIVELY-POST_JUST-ELECTRONIC_99_5-640x427.jpg 640w\" sizes=\"auto, (max-width: 750px) 100vw, 750px\" \/><figcaption><a href=\"https:\/\/www.facebook.com\/justelectronique\/\" target=\"_blank\" rel=\"noreferrer noopener\">Abdoulaye Bah et l&rsquo;\u00e9quipe de Just Electronic<\/a> chez <a href=\"https:\/\/yumanvillage.be\/\" target=\"_blank\" rel=\"noreferrer noopener\">Yuman<\/a><\/figcaption><\/figure><\/div>\n\n\n\n<hr class=\"wp-block-separator\"\/>\n\n\n\n<h2 class=\"wp-block-heading\"><strong>L\u2019\u00e9l\u00e9ctro reconditionn\u00e9 de qualit\u00e9<\/strong><\/h2>\n\n\n\n<p><strong>Ordinateurs, t\u00e9l\u00e9phones, machines \u00e0 laver, imprimantes, t\u00e9l\u00e9viseurs\u2026 c\u2019est quand m\u00eame fou la quantit\u00e9 d\u2019appareils \u00e9lectroniques et \u00e9lectriques qu\u2019on accumule \u00e0 la maison et au bureau.<\/strong><\/p>\n\n\n\n<p><strong>Et, le truc, c\u2019est que pour tous ces appareils, Just Electronic propose des solutions reconditionn\u00e9es qui offrent les m\u00eames performances et garanties que du neuf.<\/strong><\/p>\n\n\n\n<figure class=\"wp-block-embed aligncenter is-type-video is-provider-youtube wp-block-embed-youtube wp-embed-aspect-16-9 wp-has-aspect-ratio\"><div class=\"wp-block-embed__wrapper\">\n<div class=\"responsive-container\"><iframe loading=\"lazy\" title=\"Just Electronic, L\u2019alternative au neuf? Le reconditionn\u00e9!\" width=\"720\" height=\"405\" src=\"https:\/\/www.youtube.com\/embed\/QR8neWf-PJ0?feature=oembed\" frameborder=\"0\" allow=\"accelerometer; autoplay; clipboard-write; encrypted-media; gyroscope; picture-in-picture\" allowfullscreen><\/iframe><\/div>\n<\/div><figcaption>Pour tout comprendre de Just Electronic<br>Source : <a href=\"https:\/\/www.growfunding.be\/fr\/projects\/justelectronic\" target=\"_blank\" rel=\"noreferrer noopener\">Growfunding<\/a><\/figcaption><\/figure>\n\n\n\n<p><strong>C\u2019est bien cela, Abdoulaye&nbsp;?<\/strong><\/p>\n\n\n\n<p><em><strong>\u00ab&nbsp;Tout \u00e0 fait. On a vraiment tenu \u00e0 mettre en place un process de r\u00e9cup\u00e9ration et reconditionnement qui permette d\u2019offrir ces niveaux de qualit\u00e9.<\/strong><\/em><\/p>\n\n\n\n<p><strong><em>Cela se g\u00e8re tout d\u2019abord au niveau de la collecte. <\/em><br><\/strong><em>Nous r\u00e9cup\u00e9rons ces appareils aupr\u00e8s des particuliers, mais surtout aupr\u00e8s de professionnels. Par exemple, aupr\u00e8s des Market places comme Amazon ou Cdiscount, parce que eux, ils ne contr\u00f4lent pas les appareils qui leur sont retourn\u00e9s. \u00c7a leur co\u00fbte trop d\u2019argent, ils pr\u00e9f\u00e8rent les jeter&nbsp;\u00bb.<\/em><\/p>\n\n\n\n<blockquote class=\"wp-block-quote is-layout-flow wp-block-quote-is-layout-flow\"><p><em>\u00ab&nbsp;Parmi ces appareils que nous r\u00e9cup\u00e9rons aupr\u00e8s de ces grands op\u00e9rateurs, il y en a au moins 25 % qui, en fait, fonctionnent tr\u00e8s bien&nbsp;\u00bb.<\/em><\/p><cite><strong>Abdoulaye Bah<\/strong>, fondateur de <a href=\"https:\/\/www.facebook.com\/justelectronique\/\" target=\"_blank\" rel=\"noreferrer noopener\">Just Electronic<\/a><\/cite><\/blockquote>\n\n\n\n<p><strong>Et c\u2019est l\u00e0 aussi que c\u2019est int\u00e9ressant, parce que pour r\u00e9pondre au plus pr\u00e8s aux besoins des diff\u00e9rents types de clients, l\u2019\u00e9quipe de Just Electronic classe ces appareils \u00e0 revendre apr\u00e8s reconditionnement en trois grandes cat\u00e9gories.<\/strong><\/p>\n\n\n\n<p><em><strong>\u00ab&nbsp;D\u00e8s qu\u2019on re\u00e7oit un nouvel appareil, on en fait une analyse assez pouss\u00e9e et, en fonction des r\u00e9sultats, on le destine effectivement \u00e0 des usages (et, a priori, des utilisateurs) diff\u00e9rents. C\u2019est ainsi qu\u2019on a 3 grades.<\/strong><\/em><\/p>\n\n\n\n<p><em><strong>Le Grade A, c\u2019est l\u2019appareil qui est tout neuf,<\/strong> qui fonctionne parfaitement et qui est impeccable.<\/em><br><em><strong>Le Grade B est pour les appareils sur lesquels on peut voir quelques traces de manipulation.<\/strong><\/em><br><em><strong>Quant on Grade C, nous l\u2019appliquons aux appareils qui pr\u00e9sentent des traces d\u2019utilisation plus importantes<\/strong>, pour lesquels on peut supposer qu\u2019ils ont \u00e9t\u00e9 utilis\u00e9s plus de 30 jours.<\/em><br><em><strong>Et les appareils qu\u2019on ne peut vraiment pas reconditionner, on s\u2019assure de leur recyclage optimal en les confiant \u00e0 <a href=\"https:\/\/www.brmet.be\/fr\" target=\"_blank\" rel=\"noreferrer noopener\">Brussels Recycling Metal<\/a>&nbsp;qui assure vraiment un tri tr\u00e8s fin des mat\u00e9riaux et composants \u00bb.<\/strong><\/em><\/p>\n\n\n\n<div class=\"wp-block-image\"><figure class=\"aligncenter size-full\"><img loading=\"lazy\" decoding=\"async\" width=\"750\" height=\"500\" src=\"https:\/\/www.lively.brussels\/wp-content\/uploads\/2022\/03\/2022-03-03-LIVELY-POST_JUST-ELECTRONIC_99_6.jpg\" alt=\"\" class=\"wp-image-5673\" srcset=\"https:\/\/www.lively.brussels\/wp-content\/uploads\/2022\/03\/2022-03-03-LIVELY-POST_JUST-ELECTRONIC_99_6.jpg 750w, https:\/\/www.lively.brussels\/wp-content\/uploads\/2022\/03\/2022-03-03-LIVELY-POST_JUST-ELECTRONIC_99_6-300x200.jpg 300w, https:\/\/www.lively.brussels\/wp-content\/uploads\/2022\/03\/2022-03-03-LIVELY-POST_JUST-ELECTRONIC_99_6-610x407.jpg 610w, https:\/\/www.lively.brussels\/wp-content\/uploads\/2022\/03\/2022-03-03-LIVELY-POST_JUST-ELECTRONIC_99_6-640x427.jpg 640w\" sizes=\"auto, (max-width: 750px) 100vw, 750px\" \/><figcaption>Tout commence par une \u00e9tude fine du mat\u00e9riel. <br>Source Photo : <a href=\"https:\/\/www.facebook.com\/justelectronique\/\" target=\"_blank\" rel=\"noreferrer noopener\">Just Electronic<\/a><\/figcaption><\/figure><\/div>\n\n\n\n<p><strong>C\u2019est tr\u00e8s malin en fait, parce que cela permet \u00e0 l\u2019entreprise de proposer un catalogue de produits pour tous les profils de clients, et cela va des professionnels comme vous et moi jusqu\u2019aux \u00e9tudiants sans le sou et aux publics disposant de moins de ressources.<\/strong><\/p>\n\n\n\n<p><em><strong>\u00ab&nbsp;Pour celles et ceux qui ont les moyens, qui cherchent du mat\u00e9riel de haute qualit\u00e9 et qui sont aussi sensibles aux questions environnementales, nous proposons en priorit\u00e9 les appareils de Grade A, qui sont un peu plus chers, bien s\u00fbr&nbsp;\u00bb.<\/strong><\/em><\/p>\n\n\n\n<blockquote class=\"wp-block-quote is-layout-flow wp-block-quote-is-layout-flow\"><p><em>\u00ab&nbsp;Pour chaque appareil que nous vendons, nous fournissons aussi un rapport d\u2019impact environnemental, qui pr\u00e9cise les \u00e9conomies de ressources naturelles r\u00e9alis\u00e9es avec cet achat, ainsi que les quantit\u00e9s de CO2 \u00e9pargn\u00e9es&nbsp;\u00bb.<\/em><\/p><cite><strong>Abdoulaye Bah<\/strong>, fondateur de <a href=\"https:\/\/www.facebook.com\/justelectronique\/\" target=\"_blank\" rel=\"noreferrer noopener\">Just Electronic<\/a><\/cite><\/blockquote>\n\n\n\n<div class=\"wp-block-image\"><figure class=\"aligncenter size-full\"><img loading=\"lazy\" decoding=\"async\" width=\"750\" height=\"500\" src=\"https:\/\/www.lively.brussels\/wp-content\/uploads\/2022\/03\/2022-03-03-LIVELY-POST_JUST-ELECTRONIC_99_7.jpg\" alt=\"\" class=\"wp-image-5678\" srcset=\"https:\/\/www.lively.brussels\/wp-content\/uploads\/2022\/03\/2022-03-03-LIVELY-POST_JUST-ELECTRONIC_99_7.jpg 750w, https:\/\/www.lively.brussels\/wp-content\/uploads\/2022\/03\/2022-03-03-LIVELY-POST_JUST-ELECTRONIC_99_7-300x200.jpg 300w, https:\/\/www.lively.brussels\/wp-content\/uploads\/2022\/03\/2022-03-03-LIVELY-POST_JUST-ELECTRONIC_99_7-610x407.jpg 610w, https:\/\/www.lively.brussels\/wp-content\/uploads\/2022\/03\/2022-03-03-LIVELY-POST_JUST-ELECTRONIC_99_7-640x427.jpg 640w\" sizes=\"auto, (max-width: 750px) 100vw, 750px\" \/><figcaption>Source : <a href=\"https:\/\/www.facebook.com\/justelectronique\/\" target=\"_blank\" rel=\"noreferrer noopener\">Just Electronic<\/a><\/figcaption><\/figure><\/div>\n\n\n\n<hr class=\"wp-block-separator\"\/>\n\n\n\n<h2 class=\"wp-block-heading\"><strong>R\u00e9paration inclue<\/strong><\/h2>\n\n\n\n<p><strong>L\u2019engagement circulaire est au c\u0153ur du projet de Just Electronic qui tient vraiment \u00e0 se positionner comme un fournisseur au moins aussi fiable et performant que les vendeurs de mat\u00e9riel neuf, mais qui veut aussi permettre \u00e0 ces clients d\u2019utiliser le plus longtemps possible leurs appareils.<\/strong><\/p>\n\n\n\n<p>D\u2019o\u00f9, \u00e9videmment, l\u2019id\u00e9e d\u2019un service de r\u00e9paration.<\/p>\n\n\n\n<blockquote class=\"wp-block-quote is-layout-flow wp-block-quote-is-layout-flow\"><p><em>\u00ab&nbsp;C\u2019est \u00e9vident. <\/em><br><em>Au d\u00e9but, c\u2019\u00e9tait uniquement pour les particuliers mais de plus en plus d\u2019entreprises sont venues vers nous pour nous demander d\u2019assurer la r\u00e9paration et la maintenance de leur mat\u00e9riel&nbsp;\u00bb.<\/em><\/p><cite><strong>Abdoulaye Bah<\/strong>, fondateur de <a href=\"https:\/\/www.facebook.com\/justelectronique\/\" target=\"_blank\" rel=\"noreferrer noopener\">Just Electronic<\/a><\/cite><\/blockquote>\n\n\n\n<p><strong><em>\u00ab&nbsp;On a donc vraiment d\u00e9velopp\u00e9 ce service ces derniers mois avec des contrats que nous avons sign\u00e9s avec de grandes entreprises notamment. <\/em><br><em>Pour leurs machines \u00e0 caf\u00e9, par exemple.<\/em><\/strong><\/p>\n\n\n\n<p><em><strong>Pour les particuliers, on fait ces r\u00e9parations dans nos bureaux,<\/strong> sauf quand c\u2019est du gros \u00e9lectro, auquel cas, ils peuvent s\u2019inscrire et prendre rendez-vous sur notre site pour que nous venions r\u00e9parer chez eux&nbsp;\u00bb.<\/em><\/p>\n\n\n\n<div class=\"wp-block-image\"><figure class=\"aligncenter size-full\"><img loading=\"lazy\" decoding=\"async\" width=\"750\" height=\"500\" src=\"https:\/\/www.lively.brussels\/wp-content\/uploads\/2022\/03\/2022-03-03-LIVELY-POST_JUST-ELECTRONIC_99_8.jpg\" alt=\"\" class=\"wp-image-5682\" srcset=\"https:\/\/www.lively.brussels\/wp-content\/uploads\/2022\/03\/2022-03-03-LIVELY-POST_JUST-ELECTRONIC_99_8.jpg 750w, https:\/\/www.lively.brussels\/wp-content\/uploads\/2022\/03\/2022-03-03-LIVELY-POST_JUST-ELECTRONIC_99_8-300x200.jpg 300w, https:\/\/www.lively.brussels\/wp-content\/uploads\/2022\/03\/2022-03-03-LIVELY-POST_JUST-ELECTRONIC_99_8-610x407.jpg 610w, https:\/\/www.lively.brussels\/wp-content\/uploads\/2022\/03\/2022-03-03-LIVELY-POST_JUST-ELECTRONIC_99_8-640x427.jpg 640w\" sizes=\"auto, (max-width: 750px) 100vw, 750px\" \/><figcaption>Effectivement, \u00e7a peut se r\u00e9parer. <br>Source : <a href=\"https:\/\/www.facebook.com\/justelectronique\/\" target=\"_blank\" rel=\"noreferrer noopener\">Just Electronic<\/a><\/figcaption><\/figure><\/div>\n\n\n\n<blockquote class=\"wp-block-quote is-layout-flow wp-block-quote-is-layout-flow\"><p><em>\u00ab&nbsp;Si c\u2019est du gros appareil, tout ce qui est machine \u00e0 caf\u00e9, s\u00e8che-linge, frigo, etc., notre technicien se d\u00e9place chez le client pour aller r\u00e9parer&nbsp;\u00bb.<\/em><\/p><cite><strong>Abdoulaye Bah<\/strong>, fondateur de <a href=\"https:\/\/www.facebook.com\/justelectronique\/\" target=\"_blank\" rel=\"noreferrer noopener\">Just Electronic<\/a><\/cite><\/blockquote>\n\n\n\n<hr class=\"wp-block-separator\"\/>\n\n\n\n<h2 class=\"wp-block-heading\"><strong>Et la garantie&nbsp;?<\/strong><\/h2>\n\n\n\n<p><strong>Question essentielle, bien s\u00fbr. <\/strong><br>Parce qu\u2019en tant que client, je veux \u00eatre certain que mon appareil reconditionn\u00e9 ne me l\u00e2chera pas (ce qui, in fine, n\u2019est jamais certain \u00e9videmment) et que, en tout cas, s\u2019il me l\u00e2che, j\u2019aurais une solution comprise dans mon achat. <\/p>\n\n\n\n<p><strong>Et donc, Abdoulaye, au niveau de la garantie, vous proposez quoi&nbsp;<\/strong>? <\/p>\n\n\n\n<blockquote class=\"wp-block-quote is-layout-flow wp-block-quote-is-layout-flow\"><p><em>\u00ab&nbsp;D\u00e8s le d\u00e9but du projet, cela a \u00e9t\u00e9 un point d\u2019attention pour nous. <\/em><br><em>C\u2019est vraiment crucial. Et c\u2019est pour \u00e7a que nous proposons 12 mois de garantie sur tous nos produits. Syst\u00e9matiquement. <\/em><br><em>Et nous r\u00e9fl\u00e9chissons aujourd\u2019hui pour \u00e9tendre encore cette garantie \u00e0 18 ou 24 mois&nbsp;\u00bb.<\/em><\/p><cite><strong>Abdoulaye Bah<\/strong>, fondateur de <a href=\"https:\/\/www.facebook.com\/justelectronique\/\" target=\"_blank\" rel=\"noreferrer noopener\">Just Electronic<\/a><\/cite><\/blockquote>\n\n\n\n<div class=\"wp-block-image\"><figure class=\"aligncenter size-full\"><img loading=\"lazy\" decoding=\"async\" width=\"750\" height=\"500\" src=\"https:\/\/www.lively.brussels\/wp-content\/uploads\/2022\/03\/2022-03-03-LIVELY-POST_JUST-ELECTRONIC_99_9.jpg\" alt=\"\" class=\"wp-image-5689\" srcset=\"https:\/\/www.lively.brussels\/wp-content\/uploads\/2022\/03\/2022-03-03-LIVELY-POST_JUST-ELECTRONIC_99_9.jpg 750w, https:\/\/www.lively.brussels\/wp-content\/uploads\/2022\/03\/2022-03-03-LIVELY-POST_JUST-ELECTRONIC_99_9-300x200.jpg 300w, https:\/\/www.lively.brussels\/wp-content\/uploads\/2022\/03\/2022-03-03-LIVELY-POST_JUST-ELECTRONIC_99_9-610x407.jpg 610w, https:\/\/www.lively.brussels\/wp-content\/uploads\/2022\/03\/2022-03-03-LIVELY-POST_JUST-ELECTRONIC_99_9-640x427.jpg 640w\" sizes=\"auto, (max-width: 750px) 100vw, 750px\" \/><figcaption>Source : <a href=\"https:\/\/www.facebook.com\/justelectronique\/\" target=\"_blank\" rel=\"noreferrer noopener\">Just Electronic<\/a><\/figcaption><\/figure><\/div>\n\n\n\n<p><em><strong>\u00ab&nbsp;Par ailleurs, et c\u2019est important \u00e0 souligner, lors des ventes pop-up que nous avons organis\u00e9es, nous n\u2019avons eu que tr\u00e8s peu de retours, environ 5 %. <\/strong><\/em><br><em>Chez Yuman, par exemple, lors de la vente pop-up que nous avons faite l\u2019ann\u00e9e derni\u00e8re, nous n\u2019avons eu que deux retours.<\/em><br><em>Le premier concernait une batterie, que nous avons remplac\u00e9e imm\u00e9diatement, et le second \u00e9tait li\u00e9 au fait que le client ne savait pas utiliser correctement la montre connect\u00e9e qu\u2019il avait achet\u00e9e&nbsp;\u00bb.<\/em><\/p>\n\n\n\n<hr class=\"wp-block-separator\"\/>\n\n\n\n<h2 class=\"wp-block-heading\"><strong>Une vraie r\u00e9ponse environnementale ET SANITAIRE<\/strong><\/h2>\n\n\n\n<p><strong>Les enjeux de la r\u00e9parabilit\u00e9 de ces appareils, les fameux <a href=\"https:\/\/www.futura-sciences.com\/planete\/questions-reponses\/eco-consommation-fonctionnne-recyclage-deee-4197\/\">DEEE<\/a>&nbsp;(D\u00e9chets d&rsquo;Equipements Electriques et Electroniques), sont colossaux, d\u2019un point de vue \u00e9cologique bien s\u00fbr mais aussi en termes de sant\u00e9.<\/strong><\/p>\n\n\n\n<p>Au point que l\u2019OMS (Organisation Mondiale de la Sant\u00e9) en a fait un rapport des plus alarmants.<\/p>\n\n\n\n<blockquote class=\"wp-block-quote is-layout-flow wp-block-quote-is-layout-flow\"><p><em>\u00ab&nbsp;Les volumes de production et d\u2019\u00e9limination des \u00e9quipements ne cessant d&rsquo;augmenter, le monde est confront\u00e9 \u00e0 ce qu\u2019un r\u00e9cent forum international a qualifi\u00e9 de \u00ab\u00a0tsunami de d\u00e9chets \u00e9lectroniques\u00a0\u00bb en progression constante, mettant en danger la sant\u00e9 et des vies humaines. Nous devons nous mobiliser pour prot\u00e9ger notre ressource la plus pr\u00e9cieuse (la sant\u00e9 de nos enfants) de la menace croissante des d\u00e9chets \u00e9lectroniques&nbsp;\u00bb.<\/em><\/p><cite><a href=\"https:\/\/www.who.int\/fr\/news\/item\/15-06-2021-soaring-e-waste-affects-the-health-of-millions-of-children-who-warns\" target=\"_blank\" rel=\"noreferrer noopener\">Dr&nbsp;Tedros Adhanom Ghebreyesus, Directeur g\u00e9n\u00e9ral de l\u2019OMS<\/a><\/cite><\/blockquote>\n\n\n\n<p><strong>C\u2019est ainsi que pas moins de 12,9 millions de femmes travaillent dans le secteur informel des d\u00e9chets, <\/strong>ce qui les expose potentiellement \u00e0 des d\u00e9chets \u00e9lectroniques toxiques et les met en danger, elles et leurs enfants \u00e0 na\u00eetre.<\/p>\n\n\n\n<div class=\"wp-block-image\"><figure class=\"aligncenter size-full\"><img loading=\"lazy\" decoding=\"async\" width=\"750\" height=\"500\" src=\"https:\/\/www.lively.brussels\/wp-content\/uploads\/2022\/03\/2022-03-03-LIVELY-POST_JUST-ELECTRONIC_99_10.jpg\" alt=\"\" class=\"wp-image-5697\" srcset=\"https:\/\/www.lively.brussels\/wp-content\/uploads\/2022\/03\/2022-03-03-LIVELY-POST_JUST-ELECTRONIC_99_10.jpg 750w, https:\/\/www.lively.brussels\/wp-content\/uploads\/2022\/03\/2022-03-03-LIVELY-POST_JUST-ELECTRONIC_99_10-300x200.jpg 300w, https:\/\/www.lively.brussels\/wp-content\/uploads\/2022\/03\/2022-03-03-LIVELY-POST_JUST-ELECTRONIC_99_10-610x407.jpg 610w, https:\/\/www.lively.brussels\/wp-content\/uploads\/2022\/03\/2022-03-03-LIVELY-POST_JUST-ELECTRONIC_99_10-640x427.jpg 640w\" sizes=\"auto, (max-width: 750px) 100vw, 750px\" \/><figcaption>Des conditions de travail inhumaines. <br>Source : <a href=\"https:\/\/www.nature-obsession.fr\/dechets\/quel-avenir-dechets-electroniques.html\" target=\"_blank\" rel=\"noreferrer noopener\">Nature Obsession<\/a><\/figcaption><\/figure><\/div>\n\n\n\n<p><em><strong>\u00ab&nbsp;<a href=\"https:\/\/www.who.int\/fr\/publications-detail\/9789240024557\" target=\"_blank\" rel=\"noreferrer noopener\">Parall\u00e8lement, plus de 18 millions d\u2019enfants et d\u2019adolescents, dont certains n\u2019ont pas plus de 5 ans, font partie de la main d&rsquo;\u0153uvre active du secteur industriel informel, dont le traitement des d\u00e9chets est un sous-secteur. <\/a><\/strong><\/em><br><em>Les enfants sont souvent incit\u00e9s par leurs parents ou les personnes qui en ont la charge \u00e0 travailler dans le recyclage des d\u00e9chets \u00e9lectroniques parce que leurs petites mains sont plus habiles que celles des adultes. <\/em><br><em><strong>D\u2019autres enfants vivent, vont \u00e0 l\u2019\u00e9cole et jouent \u00e0 proximit\u00e9 des centres de recyclage des d\u00e9chets \u00e9lectroniques o\u00f9 des niveaux \u00e9lev\u00e9s de produits chimiques toxiques, principalement du plomb et du mercure, peuvent nuire \u00e0 leurs capacit\u00e9s intellectuelles&nbsp;\u00bb<\/strong><\/em> <br>(<a href=\"https:\/\/www.who.int\/fr\/news\/item\/15-06-2021-soaring-e-waste-affects-the-health-of-millions-of-children-who-warns\" target=\"_blank\" rel=\"noreferrer noopener\">Source : Organisation Mondiale de la Sant\u00e9<\/a>). <\/p>\n\n\n\n<div class=\"wp-block-image\"><figure class=\"aligncenter size-full\"><img loading=\"lazy\" decoding=\"async\" width=\"750\" height=\"500\" src=\"https:\/\/www.lively.brussels\/wp-content\/uploads\/2022\/03\/2022-03-03-LIVELY-POST_JUST-ELECTRONIC_99_11.jpg\" alt=\"\" class=\"wp-image-5702\" srcset=\"https:\/\/www.lively.brussels\/wp-content\/uploads\/2022\/03\/2022-03-03-LIVELY-POST_JUST-ELECTRONIC_99_11.jpg 750w, https:\/\/www.lively.brussels\/wp-content\/uploads\/2022\/03\/2022-03-03-LIVELY-POST_JUST-ELECTRONIC_99_11-300x200.jpg 300w, https:\/\/www.lively.brussels\/wp-content\/uploads\/2022\/03\/2022-03-03-LIVELY-POST_JUST-ELECTRONIC_99_11-610x407.jpg 610w, https:\/\/www.lively.brussels\/wp-content\/uploads\/2022\/03\/2022-03-03-LIVELY-POST_JUST-ELECTRONIC_99_11-640x427.jpg 640w\" sizes=\"auto, (max-width: 750px) 100vw, 750px\" \/><figcaption>Cr\u00e9dit : <a href=\"https:\/\/www.francetvinfo.fr\/monde\/afrique\/societe-africaine\/la-decharge-de-dechets-electroniques-dagbogbloshie-veritable-defi-economique-et-environnemental-pour-le-ghana_3863287.html\" target=\"_blank\" rel=\"noreferrer noopener\">France Info<\/a><\/figcaption><\/figure><\/div>\n\n\n\n<p>D\u00e8s lors, il est clair que nous ne pouvons plus continuer sur cette voie et que la r\u00e9parabilit\u00e9, le reconditionnement et le <strong>recyclage des composants dans de bonnes conditions deviennent absolument essentiels, avec des effets positifs \u00e9vidents.<\/strong><\/p>\n\n\n\n<p><strong>Ainsi, \u00e0 titre d\u2019exemple, le GESP (Global E-waste Statistics Partnership) a constat\u00e9 en 2019 que les 17,4 % de d\u00e9chets \u00e9lectroniques qui sont aujourd\u2019hui correctement collect\u00e9s et recycl\u00e9s permettaient d&#8217;emp\u00eacher le rejet dans l&rsquo;environnement de 15 millions de tonnes d\u2019\u00e9quivalents CO2<\/strong><br>(<a href=\"https:\/\/www.who.int\/fr\/news\/item\/15-06-2021-soaring-e-waste-affects-the-health-of-millions-of-children-who-warns\" target=\"_blank\" rel=\"noreferrer noopener\">Source : Organisation Mondiale de la Sant\u00e9<\/a>). <\/p>\n\n\n\n<p><strong>Or, ainsi que nous l\u2019a expliqu\u00e9 Abdoulaye Bah, cette prise de conscience est v\u00e9ritablement \u00e0 l\u2019origine du projet Just Electronic qui vise pr\u00e9cis\u00e9ment \u00e0 atteindre ces r\u00e9sultats positifs.<\/strong><\/p>\n\n\n\n<p><em>\u00ab&nbsp;Exactement. <\/em><br><em>On conna\u00eet ces impacts du gaspillage \u00e9lectronique sur notre environnement, ainsi que les probl\u00e8mes pos\u00e9es notamment par l\u2019exploitation des mines clandestines dans les pays sous-d\u00e9velopp\u00e9s&nbsp;\u00bb.<\/em><\/p>\n\n\n\n<blockquote class=\"wp-block-quote is-layout-flow wp-block-quote-is-layout-flow\"><p><em><a href=\"https:\/\/www.facebook.com\/justelectronique\/\" target=\"_blank\" rel=\"noreferrer noopener\">\u00ab&nbsp;C\u2019est pour \u00e7a que nous avons cr\u00e9\u00e9 Just Electronic. <\/a><\/em><br><em>Pour proposer une v\u00e9ritable alternative de consommation plus durable dans l\u2019\u00e9lectronique et l\u2019\u00e9lectrom\u00e9nager, en proposant un&nbsp; v\u00e9ritable syst\u00e8me d\u2019\u00e9conomie circulaire pour les min\u00e9raux, pour lutter contre le gaspillage et l\u2019exploitation dans ces mines clandestines&nbsp;\u00bb.<\/em><\/p><cite><strong>Abdoulaye Bah<\/strong>, fondateur de <a href=\"https:\/\/www.facebook.com\/justelectronique\/\" target=\"_blank\" rel=\"noreferrer noopener\">Just Electronic<\/a><\/cite><\/blockquote>\n\n\n\n<hr class=\"wp-block-separator\"\/>\n\n\n\n<h2 class=\"wp-block-heading\"><strong>Circulaire, local, solidaire et citoyen<\/strong><\/h2>\n\n\n\n<p><strong>On l\u2019aura compris&nbsp;: l\u2019offre de produits et de services propos\u00e9e par Just Electronic est au moins \u00e9quivalente \u00e0 celle qu\u2019on trouve dans le neuf, avec en plus pour le client la certitude de contribuer \u00e0 un combat \u00e9cologique et sanitaire majeur.<\/strong><\/p>\n\n\n\n<p>Mais ce n\u2019est pas tout. <br><strong>Car l\u2019engagement de Just Electronic est aussi un engagement citoyen et solidaire.<\/strong><\/p>\n\n\n\n<p>Ainsi, dans le cadre de son process technique, Abdoulaye Bah et son \u00e9quipe d\u00e9dient les mat\u00e9riels reconditionn\u00e9s de Grades B et C aux utilisateurs qui ont plus de difficult\u00e9 \u00e0 acc\u00e9der \u00e0 l\u2019\u00e9lectronique et, particuli\u00e8rement, \u00e0 l\u2019informatique.<br>Avec des solutions tr\u00e8s concr\u00e8tes \u00e0 la clef.<\/p>\n\n\n\n<p><strong><em>\u00ab&nbsp;C\u2019est un peu li\u00e9 \u00e0 mon histoire personnelle. <\/em><br><em>Quand je suis arriv\u00e9 en Belgique, j\u2019\u00e9tais r\u00e9fugi\u00e9 et demandeur d\u2019asile en m\u00eame temps qu\u2019\u00e9tudiant et c\u2019\u00e9tait vraiment compliqu\u00e9 pour moi d\u2019acqu\u00e9rir un ordinateur.<\/em><\/strong><\/p>\n\n\n\n<p><em>Et si c\u2019\u00e9tait difficile pour moi, c\u2019est aussi difficile pour les autres. Alors, avec l\u2019\u00e9quipe, on a fait une \u00e9tude de march\u00e9 aupr\u00e8s des \u00e9tudiants qui sont confront\u00e9s \u00e0 ces probl\u00e8mes. Et, donc, sur cette base, on travaille \u00e0 des solutions sp\u00e9cifiques, d\u2019achat \u00e0 bas co\u00fbt mais aussi de location&nbsp;\u00bb.<\/em><\/p>\n\n\n\n<p><strong>Parce que c\u2019est aussi un point important qu\u2019a relev\u00e9 Abdoulaye lors de nos \u00e9changes, le fait est que les personnes ayant le moins de moyens n\u2019ont pas d\u2019autres choix que d\u2019acheter du mat\u00e9riel \u00e0 moindre co\u00fbt, et donc \u00e0 la dur\u00e9e de vie plus courte, qu\u2019ils doivent donc souvent remplacer.<\/strong><br>Avec les cons\u00e9quences \u00e9videmment n\u00e9gatives qu\u2019on imagine.<\/p>\n\n\n\n<p><strong><em>\u00ab&nbsp;C\u2019est un vrai probl\u00e8me. <\/em><br><\/strong><em>Les personnes qui n\u2019ont pas assez de ressources se tournent vers des appareils bas de gamme qui ne co\u00fbtent rien.<\/em><br><em>Sauf que ces appareils se g\u00e2tent tr\u00e8s rapidement. <\/em><br><strong><em>Au bout de six mois, ils tombent en panne, il n\u2019y a pas d\u2019assurance, on ne peut pas les r\u00e9parer ou le co\u00fbt de r\u00e9paration est plus \u00e9lev\u00e9 que l\u2019appareil neuf. <\/em><br><em>Et donc la personne r\u00e9p\u00e8te son achat parce qu\u2019elle n\u2019a pas les choix et qu\u2019elle ne peut se permettre d\u2019acheter en plusieurs fois&nbsp;\u00bb.<\/em><\/strong><\/p>\n\n\n\n<p>Pour ces personnes aussi, Just Electronic a d\u00e9velopp\u00e9 des solutions, fond\u00e9es en particulier sur le reconditionnement de ces appareils de Grades B ou C. <br><strong>On vous l\u2019avait dit, c\u2019est bien pens\u00e9.<\/strong><\/p>\n\n\n\n<hr class=\"wp-block-separator\"\/>\n\n\n\n<h2 class=\"wp-block-heading\"><strong>Pensez Just Electronic<\/strong><\/h2>\n\n\n\n<p><strong>L\u2019\u00e9lectronique et l\u2019\u00e9lectrom\u00e9nager \u00e0 la maison ou au bureau, c\u2019est tout le monde.<\/strong><br>C\u2019est vous, c\u2019est moi, c\u2019est le voisin et la voisine\u2026 c\u2019est tout le monde.<br><strong>Ce qui implique que, compte tenu des enjeux, nous sommes tous concern\u00e9s et responsables.<\/strong><\/p>\n\n\n\n<p><strong>Et il se trouve qu\u2019avec Just Electronic notamment, nous avons des solutions alternatives \u00e0 la fois cr\u00e9dibles, vertueuses et \u00e9conomiques.<\/strong><\/p>\n\n\n\n<p>Du coup, il faut vraiment y aller. <br>Et, en plus, c\u2019est tr\u00e8s facile d&rsquo;acc\u00e8s : <a href=\"https:\/\/www.ateliersdestanneurs.be\/\" target=\"_blank\" rel=\"noreferrer noopener\">\u00e0 l&rsquo;Atelier des Tanneurs au coeur des Marolles (Rue des Tanneurs 62)<\/a>. <\/p>\n\n\n\n<p><strong>Et l\u00e0, Abdoulaye et son \u00e9quipe vous accueilleront \u00e0 bras ouverts.<br>Pour vous proposer leurs produits et services, \u00e9videmment mais pas que. Aussi pour \u00e9changer et vous conseiller.<\/strong><\/p>\n\n\n\n<p><strong><em>\u00ab&nbsp;Oui, bien s\u00fbr&nbsp;! <\/em><br><em>N\u2019h\u00e9sitez pas \u00e0 venir nous voir pour discuter. On propose aussi des conseils, comment utiliser sa machine \u00e0 caf\u00e9 ou le fer \u00e0 repasser. La plupart du temps, les gens qui viennent chez nous repartent en ayant fait le plein de connaissances.<\/em><\/strong><br><em>Donc, vraiment, n\u2019h\u00e9sitez pas. <\/em><br><em>On est local, on essaie de cr\u00e9er l\u2019emploi ici \u00e0 Bruxelles. Si vous avez des pannes ou des appareils qui ne fonctionnent pas, on vient les chercher gratuitement chez vous. <\/em><br><em>Et vous aurez la certitude qu\u2019ils seront trait\u00e9s de la meilleure mani\u00e8re possible. \u00c7a, c\u2019est notre engagement&nbsp;\u00bb.<\/em><\/p>\n\n\n\n<p><strong>Du coup, ce week-end, un petit tour \u00e0 la cave pour rassembler tous ces appareils qui s\u2019entassent inutilement.<\/strong><\/p>\n\n\n\n<p><strong>Et zou&nbsp;! Chez Just Electronic&nbsp;!<\/strong><\/p>\n\n\n\n<p>Merci beaucoup, Abdoulaye&nbsp;!<\/p>\n\n\n\n<hr class=\"wp-block-separator\"\/>\n\n\n\n<p><\/p>\n","protected":false},"excerpt":{"rendered":"<p>Just Electronic, la solution<\/p>\n","protected":false},"author":2,"featured_media":5647,"comment_status":"open","ping_status":"open","sticky":false,"template":"","format":"standard","meta":{"ngg_post_thumbnail":0,"footnotes":""},"categories":[261],"tags":[],"class_list":["post-5644","post","type-post","status-publish","format-standard","has-post-thumbnail","hentry","category-circular-city","entry-card--landscape"],"yoast_head":"<!-- This site is optimized with the Yoast SEO plugin v27.2 - https:\/\/yoast.com\/product\/yoast-seo-wordpress\/ -->\n<title>Electro Circular &#060; LIVELY - Le WebMag de l&#039;\u00e9conomie circulaire<\/title>\n<meta name=\"description\" content=\"Le Webmagazine de l&#039;\u00e9conomie circulaire \u00e0 Bruxelles, de la transition \u00e9conomique et de la durabilit\u00e9.\" \/>\n<meta name=\"robots\" content=\"index, follow, max-snippet:-1, max-image-preview:large, max-video-preview:-1\" \/>\n<link rel=\"canonical\" href=\"https:\/\/www.lively.brussels\/index.php\/2022\/03\/03\/electro-circular\/\" \/>\n<meta property=\"og:locale\" content=\"fr_FR\" \/>\n<meta property=\"og:type\" content=\"article\" \/>\n<meta property=\"og:title\" content=\"Electro Circular &#060; LIVELY - Le WebMag de l&#039;\u00e9conomie circulaire\" \/>\n<meta property=\"og:description\" content=\"Le Webmagazine de l&#039;\u00e9conomie circulaire \u00e0 Bruxelles, de la transition \u00e9conomique et de la durabilit\u00e9.\" \/>\n<meta property=\"og:url\" content=\"https:\/\/www.lively.brussels\/index.php\/2022\/03\/03\/electro-circular\/\" \/>\n<meta property=\"og:site_name\" content=\"LIVELY - Le WebMag de l&#039;\u00e9conomie circulaire\" \/>\n<meta property=\"article:publisher\" content=\"https:\/\/www.facebook.com\/LivelyBrussels\/\" \/>\n<meta property=\"article:published_time\" content=\"2022-03-03T08:39:49+00:00\" \/>\n<meta property=\"article:modified_time\" content=\"2022-04-21T15:11:57+00:00\" \/>\n<meta property=\"og:image\" content=\"https:\/\/www.lively.brussels\/wp-content\/uploads\/2022\/03\/2022-03-03-LIVELY-POST_JUST-ELECTRONIC_99_2.jpg\" \/>\n\t<meta property=\"og:image:width\" content=\"750\" \/>\n\t<meta property=\"og:image:height\" content=\"500\" \/>\n\t<meta property=\"og:image:type\" content=\"image\/jpeg\" \/>\n<meta name=\"author\" content=\"Dan\" \/>\n<meta name=\"twitter:card\" content=\"summary_large_image\" \/>\n<meta name=\"twitter:creator\" content=\"@BrusselsLively\" \/>\n<meta name=\"twitter:site\" content=\"@BrusselsLively\" \/>\n<meta name=\"twitter:label1\" content=\"\u00c9crit par\" \/>\n\t<meta name=\"twitter:data1\" content=\"Dan\" \/>\n\t<meta name=\"twitter:label2\" content=\"Dur\u00e9e de lecture estim\u00e9e\" \/>\n\t<meta name=\"twitter:data2\" content=\"14 minutes\" \/>\n<script type=\"application\/ld+json\" class=\"yoast-schema-graph\">{\"@context\":\"https:\/\/schema.org\",\"@graph\":[{\"@type\":\"Article\",\"@id\":\"https:\/\/www.lively.brussels\/index.php\/2022\/03\/03\/electro-circular\/#article\",\"isPartOf\":{\"@id\":\"https:\/\/www.lively.brussels\/index.php\/2022\/03\/03\/electro-circular\/\"},\"author\":{\"name\":\"Dan\",\"@id\":\"https:\/\/www.lively.brussels\/#\/schema\/person\/27b8da6d7e6a73c586858220b3689813\"},\"headline\":\"Electro Circular\",\"datePublished\":\"2022-03-03T08:39:49+00:00\",\"dateModified\":\"2022-04-21T15:11:57+00:00\",\"mainEntityOfPage\":{\"@id\":\"https:\/\/www.lively.brussels\/index.php\/2022\/03\/03\/electro-circular\/\"},\"wordCount\":2649,\"commentCount\":0,\"publisher\":{\"@id\":\"https:\/\/www.lively.brussels\/#organization\"},\"image\":{\"@id\":\"https:\/\/www.lively.brussels\/index.php\/2022\/03\/03\/electro-circular\/#primaryimage\"},\"thumbnailUrl\":\"https:\/\/www.lively.brussels\/wp-content\/uploads\/2022\/03\/2022-03-03-LIVELY-POST_JUST-ELECTRONIC_99_2.jpg\",\"articleSection\":[\"Circular City\"],\"inLanguage\":\"fr-FR\",\"potentialAction\":[{\"@type\":\"CommentAction\",\"name\":\"Comment\",\"target\":[\"https:\/\/www.lively.brussels\/index.php\/2022\/03\/03\/electro-circular\/#respond\"]}]},{\"@type\":\"WebPage\",\"@id\":\"https:\/\/www.lively.brussels\/index.php\/2022\/03\/03\/electro-circular\/\",\"url\":\"https:\/\/www.lively.brussels\/index.php\/2022\/03\/03\/electro-circular\/\",\"name\":\"Electro Circular &#060; LIVELY - Le WebMag de l&#039;\u00e9conomie circulaire\",\"isPartOf\":{\"@id\":\"https:\/\/www.lively.brussels\/#website\"},\"primaryImageOfPage\":{\"@id\":\"https:\/\/www.lively.brussels\/index.php\/2022\/03\/03\/electro-circular\/#primaryimage\"},\"image\":{\"@id\":\"https:\/\/www.lively.brussels\/index.php\/2022\/03\/03\/electro-circular\/#primaryimage\"},\"thumbnailUrl\":\"https:\/\/www.lively.brussels\/wp-content\/uploads\/2022\/03\/2022-03-03-LIVELY-POST_JUST-ELECTRONIC_99_2.jpg\",\"datePublished\":\"2022-03-03T08:39:49+00:00\",\"dateModified\":\"2022-04-21T15:11:57+00:00\",\"description\":\"Le Webmagazine de l'\u00e9conomie circulaire \u00e0 Bruxelles, de la transition \u00e9conomique et de la durabilit\u00e9.\",\"breadcrumb\":{\"@id\":\"https:\/\/www.lively.brussels\/index.php\/2022\/03\/03\/electro-circular\/#breadcrumb\"},\"inLanguage\":\"fr-FR\",\"potentialAction\":[{\"@type\":\"ReadAction\",\"target\":[\"https:\/\/www.lively.brussels\/index.php\/2022\/03\/03\/electro-circular\/\"]}]},{\"@type\":\"ImageObject\",\"inLanguage\":\"fr-FR\",\"@id\":\"https:\/\/www.lively.brussels\/index.php\/2022\/03\/03\/electro-circular\/#primaryimage\",\"url\":\"https:\/\/www.lively.brussels\/wp-content\/uploads\/2022\/03\/2022-03-03-LIVELY-POST_JUST-ELECTRONIC_99_2.jpg\",\"contentUrl\":\"https:\/\/www.lively.brussels\/wp-content\/uploads\/2022\/03\/2022-03-03-LIVELY-POST_JUST-ELECTRONIC_99_2.jpg\",\"width\":750,\"height\":500},{\"@type\":\"BreadcrumbList\",\"@id\":\"https:\/\/www.lively.brussels\/index.php\/2022\/03\/03\/electro-circular\/#breadcrumb\",\"itemListElement\":[{\"@type\":\"ListItem\",\"position\":1,\"name\":\"Accueil\",\"item\":\"https:\/\/www.lively.brussels\/\"},{\"@type\":\"ListItem\",\"position\":2,\"name\":\"Electro Circular\"}]},{\"@type\":\"WebSite\",\"@id\":\"https:\/\/www.lively.brussels\/#website\",\"url\":\"https:\/\/www.lively.brussels\/\",\"name\":\"LIVELY - Le WebMag de l&#039;\u00e9conomie circulaire\",\"description\":\"Pour tout savoir de l&#039;\u00e9conomie circulaire \u00e0 Bruxelles, en Belgique et dans le reste de l&#039;univers\",\"publisher\":{\"@id\":\"https:\/\/www.lively.brussels\/#organization\"},\"potentialAction\":[{\"@type\":\"SearchAction\",\"target\":{\"@type\":\"EntryPoint\",\"urlTemplate\":\"https:\/\/www.lively.brussels\/?s={search_term_string}\"},\"query-input\":{\"@type\":\"PropertyValueSpecification\",\"valueRequired\":true,\"valueName\":\"search_term_string\"}}],\"inLanguage\":\"fr-FR\"},{\"@type\":\"Organization\",\"@id\":\"https:\/\/www.lively.brussels\/#organization\",\"name\":\"Sense Brussels SCRL\",\"url\":\"https:\/\/www.lively.brussels\/\",\"logo\":{\"@type\":\"ImageObject\",\"inLanguage\":\"fr-FR\",\"@id\":\"https:\/\/www.lively.brussels\/#\/schema\/logo\/image\/\",\"url\":\"https:\/\/www.lively.brussels\/wp-content\/uploads\/2020\/08\/Lively_Favicon.jpg\",\"contentUrl\":\"https:\/\/www.lively.brussels\/wp-content\/uploads\/2020\/08\/Lively_Favicon.jpg\",\"width\":134,\"height\":134,\"caption\":\"Sense Brussels SCRL\"},\"image\":{\"@id\":\"https:\/\/www.lively.brussels\/#\/schema\/logo\/image\/\"},\"sameAs\":[\"https:\/\/www.facebook.com\/LivelyBrussels\/\",\"https:\/\/x.com\/BrusselsLively\",\"https:\/\/www.instagram.com\/livelybrussels\/\",\"https:\/\/www.linkedin.com\/company\/lively-brussels\"]},{\"@type\":\"Person\",\"@id\":\"https:\/\/www.lively.brussels\/#\/schema\/person\/27b8da6d7e6a73c586858220b3689813\",\"name\":\"Dan\",\"image\":{\"@type\":\"ImageObject\",\"inLanguage\":\"fr-FR\",\"@id\":\"https:\/\/secure.gravatar.com\/avatar\/1c44b4e64c6affe7d245ec199692d5edbd481f3147a0239eef7565f0ac162043?s=96&d=mm&r=g\",\"url\":\"https:\/\/secure.gravatar.com\/avatar\/1c44b4e64c6affe7d245ec199692d5edbd481f3147a0239eef7565f0ac162043?s=96&d=mm&r=g\",\"contentUrl\":\"https:\/\/secure.gravatar.com\/avatar\/1c44b4e64c6affe7d245ec199692d5edbd481f3147a0239eef7565f0ac162043?s=96&d=mm&r=g\",\"caption\":\"Dan\"},\"url\":\"https:\/\/www.lively.brussels\/index.php\/author\/remade_dan\/\"}]}<\/script>\n<!-- \/ Yoast SEO plugin. -->","yoast_head_json":{"title":"Electro Circular &#060; LIVELY - Le WebMag de l&#039;\u00e9conomie circulaire","description":"Le Webmagazine de l'\u00e9conomie circulaire \u00e0 Bruxelles, de la transition \u00e9conomique et de la durabilit\u00e9.","robots":{"index":"index","follow":"follow","max-snippet":"max-snippet:-1","max-image-preview":"max-image-preview:large","max-video-preview":"max-video-preview:-1"},"canonical":"https:\/\/www.lively.brussels\/index.php\/2022\/03\/03\/electro-circular\/","og_locale":"fr_FR","og_type":"article","og_title":"Electro Circular &#060; LIVELY - Le WebMag de l&#039;\u00e9conomie circulaire","og_description":"Le Webmagazine de l'\u00e9conomie circulaire \u00e0 Bruxelles, de la transition \u00e9conomique et de la durabilit\u00e9.","og_url":"https:\/\/www.lively.brussels\/index.php\/2022\/03\/03\/electro-circular\/","og_site_name":"LIVELY - Le WebMag de l&#039;\u00e9conomie circulaire","article_publisher":"https:\/\/www.facebook.com\/LivelyBrussels\/","article_published_time":"2022-03-03T08:39:49+00:00","article_modified_time":"2022-04-21T15:11:57+00:00","og_image":[{"width":750,"height":500,"url":"https:\/\/www.lively.brussels\/wp-content\/uploads\/2022\/03\/2022-03-03-LIVELY-POST_JUST-ELECTRONIC_99_2.jpg","type":"image\/jpeg"}],"author":"Dan","twitter_card":"summary_large_image","twitter_creator":"@BrusselsLively","twitter_site":"@BrusselsLively","twitter_misc":{"\u00c9crit par":"Dan","Dur\u00e9e de lecture estim\u00e9e":"14 minutes"},"schema":{"@context":"https:\/\/schema.org","@graph":[{"@type":"Article","@id":"https:\/\/www.lively.brussels\/index.php\/2022\/03\/03\/electro-circular\/#article","isPartOf":{"@id":"https:\/\/www.lively.brussels\/index.php\/2022\/03\/03\/electro-circular\/"},"author":{"name":"Dan","@id":"https:\/\/www.lively.brussels\/#\/schema\/person\/27b8da6d7e6a73c586858220b3689813"},"headline":"Electro Circular","datePublished":"2022-03-03T08:39:49+00:00","dateModified":"2022-04-21T15:11:57+00:00","mainEntityOfPage":{"@id":"https:\/\/www.lively.brussels\/index.php\/2022\/03\/03\/electro-circular\/"},"wordCount":2649,"commentCount":0,"publisher":{"@id":"https:\/\/www.lively.brussels\/#organization"},"image":{"@id":"https:\/\/www.lively.brussels\/index.php\/2022\/03\/03\/electro-circular\/#primaryimage"},"thumbnailUrl":"https:\/\/www.lively.brussels\/wp-content\/uploads\/2022\/03\/2022-03-03-LIVELY-POST_JUST-ELECTRONIC_99_2.jpg","articleSection":["Circular City"],"inLanguage":"fr-FR","potentialAction":[{"@type":"CommentAction","name":"Comment","target":["https:\/\/www.lively.brussels\/index.php\/2022\/03\/03\/electro-circular\/#respond"]}]},{"@type":"WebPage","@id":"https:\/\/www.lively.brussels\/index.php\/2022\/03\/03\/electro-circular\/","url":"https:\/\/www.lively.brussels\/index.php\/2022\/03\/03\/electro-circular\/","name":"Electro Circular &#060; LIVELY - Le WebMag de l&#039;\u00e9conomie circulaire","isPartOf":{"@id":"https:\/\/www.lively.brussels\/#website"},"primaryImageOfPage":{"@id":"https:\/\/www.lively.brussels\/index.php\/2022\/03\/03\/electro-circular\/#primaryimage"},"image":{"@id":"https:\/\/www.lively.brussels\/index.php\/2022\/03\/03\/electro-circular\/#primaryimage"},"thumbnailUrl":"https:\/\/www.lively.brussels\/wp-content\/uploads\/2022\/03\/2022-03-03-LIVELY-POST_JUST-ELECTRONIC_99_2.jpg","datePublished":"2022-03-03T08:39:49+00:00","dateModified":"2022-04-21T15:11:57+00:00","description":"Le Webmagazine de l'\u00e9conomie circulaire \u00e0 Bruxelles, de la transition \u00e9conomique et de la durabilit\u00e9.","breadcrumb":{"@id":"https:\/\/www.lively.brussels\/index.php\/2022\/03\/03\/electro-circular\/#breadcrumb"},"inLanguage":"fr-FR","potentialAction":[{"@type":"ReadAction","target":["https:\/\/www.lively.brussels\/index.php\/2022\/03\/03\/electro-circular\/"]}]},{"@type":"ImageObject","inLanguage":"fr-FR","@id":"https:\/\/www.lively.brussels\/index.php\/2022\/03\/03\/electro-circular\/#primaryimage","url":"https:\/\/www.lively.brussels\/wp-content\/uploads\/2022\/03\/2022-03-03-LIVELY-POST_JUST-ELECTRONIC_99_2.jpg","contentUrl":"https:\/\/www.lively.brussels\/wp-content\/uploads\/2022\/03\/2022-03-03-LIVELY-POST_JUST-ELECTRONIC_99_2.jpg","width":750,"height":500},{"@type":"BreadcrumbList","@id":"https:\/\/www.lively.brussels\/index.php\/2022\/03\/03\/electro-circular\/#breadcrumb","itemListElement":[{"@type":"ListItem","position":1,"name":"Accueil","item":"https:\/\/www.lively.brussels\/"},{"@type":"ListItem","position":2,"name":"Electro Circular"}]},{"@type":"WebSite","@id":"https:\/\/www.lively.brussels\/#website","url":"https:\/\/www.lively.brussels\/","name":"LIVELY - Le WebMag de l&#039;\u00e9conomie circulaire","description":"Pour tout savoir de l&#039;\u00e9conomie circulaire \u00e0 Bruxelles, en Belgique et dans le reste de l&#039;univers","publisher":{"@id":"https:\/\/www.lively.brussels\/#organization"},"potentialAction":[{"@type":"SearchAction","target":{"@type":"EntryPoint","urlTemplate":"https:\/\/www.lively.brussels\/?s={search_term_string}"},"query-input":{"@type":"PropertyValueSpecification","valueRequired":true,"valueName":"search_term_string"}}],"inLanguage":"fr-FR"},{"@type":"Organization","@id":"https:\/\/www.lively.brussels\/#organization","name":"Sense Brussels SCRL","url":"https:\/\/www.lively.brussels\/","logo":{"@type":"ImageObject","inLanguage":"fr-FR","@id":"https:\/\/www.lively.brussels\/#\/schema\/logo\/image\/","url":"https:\/\/www.lively.brussels\/wp-content\/uploads\/2020\/08\/Lively_Favicon.jpg","contentUrl":"https:\/\/www.lively.brussels\/wp-content\/uploads\/2020\/08\/Lively_Favicon.jpg","width":134,"height":134,"caption":"Sense Brussels SCRL"},"image":{"@id":"https:\/\/www.lively.brussels\/#\/schema\/logo\/image\/"},"sameAs":["https:\/\/www.facebook.com\/LivelyBrussels\/","https:\/\/x.com\/BrusselsLively","https:\/\/www.instagram.com\/livelybrussels\/","https:\/\/www.linkedin.com\/company\/lively-brussels"]},{"@type":"Person","@id":"https:\/\/www.lively.brussels\/#\/schema\/person\/27b8da6d7e6a73c586858220b3689813","name":"Dan","image":{"@type":"ImageObject","inLanguage":"fr-FR","@id":"https:\/\/secure.gravatar.com\/avatar\/1c44b4e64c6affe7d245ec199692d5edbd481f3147a0239eef7565f0ac162043?s=96&d=mm&r=g","url":"https:\/\/secure.gravatar.com\/avatar\/1c44b4e64c6affe7d245ec199692d5edbd481f3147a0239eef7565f0ac162043?s=96&d=mm&r=g","contentUrl":"https:\/\/secure.gravatar.com\/avatar\/1c44b4e64c6affe7d245ec199692d5edbd481f3147a0239eef7565f0ac162043?s=96&d=mm&r=g","caption":"Dan"},"url":"https:\/\/www.lively.brussels\/index.php\/author\/remade_dan\/"}]}},"_links":{"self":[{"href":"https:\/\/www.lively.brussels\/index.php\/wp-json\/wp\/v2\/posts\/5644","targetHints":{"allow":["GET"]}}],"collection":[{"href":"https:\/\/www.lively.brussels\/index.php\/wp-json\/wp\/v2\/posts"}],"about":[{"href":"https:\/\/www.lively.brussels\/index.php\/wp-json\/wp\/v2\/types\/post"}],"author":[{"embeddable":true,"href":"https:\/\/www.lively.brussels\/index.php\/wp-json\/wp\/v2\/users\/2"}],"replies":[{"embeddable":true,"href":"https:\/\/www.lively.brussels\/index.php\/wp-json\/wp\/v2\/comments?post=5644"}],"version-history":[{"count":42,"href":"https:\/\/www.lively.brussels\/index.php\/wp-json\/wp\/v2\/posts\/5644\/revisions"}],"predecessor-version":[{"id":6214,"href":"https:\/\/www.lively.brussels\/index.php\/wp-json\/wp\/v2\/posts\/5644\/revisions\/6214"}],"wp:featuredmedia":[{"embeddable":true,"href":"https:\/\/www.lively.brussels\/index.php\/wp-json\/wp\/v2\/media\/5647"}],"wp:attachment":[{"href":"https:\/\/www.lively.brussels\/index.php\/wp-json\/wp\/v2\/media?parent=5644"}],"wp:term":[{"taxonomy":"category","embeddable":true,"href":"https:\/\/www.lively.brussels\/index.php\/wp-json\/wp\/v2\/categories?post=5644"},{"taxonomy":"post_tag","embeddable":true,"href":"https:\/\/www.lively.brussels\/index.php\/wp-json\/wp\/v2\/tags?post=5644"}],"curies":[{"name":"wp","href":"https:\/\/api.w.org\/{rel}","templated":true}]}}