{"id":5723,"date":"2023-03-01T10:23:16","date_gmt":"2023-03-01T10:23:16","guid":{"rendered":"https:\/\/www.lively.brussels\/?p=5723"},"modified":"2023-08-28T10:26:30","modified_gmt":"2023-08-28T10:26:30","slug":"maturite-creativite-et-diversite","status":"publish","type":"post","link":"https:\/\/www.lively.brussels\/index.php\/2023\/03\/01\/maturite-creativite-et-diversite\/","title":{"rendered":"Maturit\u00e9, cr\u00e9ativit\u00e9 et diversit\u00e9"},"content":{"rendered":"\n<p><strong>Le temps passe \u00e0 une vitesse folle\u00a0!<br><\/strong>C\u2019est incroyable quand on y pense.<\/p>\n\n\n\n<p><strong>En 2016 \u00e9tait lanc\u00e9 le premier <a href=\"http:\/\/www.circulareconomy.brussels\/\" target=\"_blank\" rel=\"noreferrer noopener\">appel \u00e0 projets Be.Circular<\/a> et\u2026 Paf\u00a0! Nous voil\u00e0 en 2022\u00a0!<br>L\u2019occasion en tout cas d\u2019un bel anniversaire et de faire le point sur cet instrument \u00e0 succ\u00e8s qui est aujourd\u2019hui l\u2019une des principales portes d\u2019entr\u00e9e pour les entrepreneu\u00b7r\u00b7se\u00b7s dans l\u2019\u00e9conomie circulaire \u00e0 Bruxelles.<\/strong><\/p>\n\n\n\n<p><strong>Et on dirait bien, en regardant les derniers projets s\u00e9lectionn\u00e9s, que cinq ans, c\u2019est l\u2019\u00e2ge de la maturit\u00e9.<\/strong><\/p>\n\n\n\n<div class=\"wp-block-image\"><figure class=\"aligncenter size-large is-resized\"><a href=\"https:\/\/www.circulareconomy.brussels\/\" target=\"_blank\" rel=\"noopener\" class=\"img-link\"><img loading=\"lazy\" decoding=\"async\" src=\"https:\/\/www.lively.brussels\/wp-content\/uploads\/2022\/03\/ecocirc_2016_rgb-1024x589.png\" alt=\"\" class=\"wp-image-5739\" width=\"256\" height=\"147\" srcset=\"https:\/\/www.lively.brussels\/wp-content\/uploads\/2022\/03\/ecocirc_2016_rgb-1024x589.png 1024w, https:\/\/www.lively.brussels\/wp-content\/uploads\/2022\/03\/ecocirc_2016_rgb-300x173.png 300w, https:\/\/www.lively.brussels\/wp-content\/uploads\/2022\/03\/ecocirc_2016_rgb-768x442.png 768w, https:\/\/www.lively.brussels\/wp-content\/uploads\/2022\/03\/ecocirc_2016_rgb-610x351.png 610w, https:\/\/www.lively.brussels\/wp-content\/uploads\/2022\/03\/ecocirc_2016_rgb-640x368.png 640w, https:\/\/www.lively.brussels\/wp-content\/uploads\/2022\/03\/ecocirc_2016_rgb-869x500.png 869w, https:\/\/www.lively.brussels\/wp-content\/uploads\/2022\/03\/ecocirc_2016_rgb.png 1029w\" sizes=\"auto, (max-width: 256px) 100vw, 256px\" \/><\/a><\/figure><\/div>\n\n\n\n<p>Pour nous en parler, nous avons eu le plaisir d\u2019accueillir Aude Grillot et Anthony Naralingom qui suivent ces projets chez <a href=\"https:\/\/hub.brussels\/fr\/\" target=\"_blank\" rel=\"noreferrer noopener\">hub.brussels, l\u2019agence bruxelloise des entreprises.<\/a><br>Petit tour d\u2019horizon. <\/p>\n\n\n\n<hr class=\"wp-block-separator\"\/>\n\n\n\n<h2 class=\"wp-block-heading\"><strong>Mais c\u2019est quoi, be.circular\u00a0?<\/strong><\/h2>\n\n\n\n<p><strong>Evidemment, on va peut-\u00eatre commencer par \u00e7a.<\/strong><\/p>\n\n\n\n<p><strong>Lanc\u00e9 en 2016 dans le cadre du PREC (le Programme R\u00e9gional en Economie Circulaire), <a href=\"http:\/\/www.circulareconomy.brussels\/\" target=\"_blank\" rel=\"noreferrer noopener\">Be.Circular est un appel \u00e0 projets annuel \u00e0 destination des cr\u00e9atrices et cr\u00e9ateurs en devenir mais aussi des entreprises existantes qui souhaitent d\u00e9velopper de nouvelles activit\u00e9s dans le secteur de l\u2019\u00e9conomie circulaire.<\/a><\/strong><\/p>\n\n\n\n<p>Cela \u00e9tant, point d\u2019attention important rappel\u00e9 par Aude\u00a0:<em> <\/em><strong><em>\u00ab\u00a0Ce qui est essentiel \u00e0 souligner, c\u2019est que c\u2019est avant tout un appel \u00e0 projets \u00e0 vis\u00e9e \u00e9conomique. <\/em><br><em>L\u2019objectif est vraiment de financer et d\u2019accompagner des projets entrepreneuriaux solides, pr\u00e9sentant de vraies perspectives de rentabilit\u00e9 \u00e0 terme et qui cr\u00e9eront un jour de l\u2019emploi dans la r\u00e9gion en d\u00e9veloppant de nouvelles activit\u00e9s productives ou des services innovants\u00a0\u00bb.<\/em><\/strong><\/p>\n\n\n\n<div class=\"wp-block-image\"><figure class=\"aligncenter size-full\"><img loading=\"lazy\" decoding=\"async\" width=\"750\" height=\"500\" src=\"https:\/\/www.lively.brussels\/wp-content\/uploads\/2022\/03\/2021-12-10-LIVELY-POST_95-21_1.jpg\" alt=\"\" class=\"wp-image-5730\" srcset=\"https:\/\/www.lively.brussels\/wp-content\/uploads\/2022\/03\/2021-12-10-LIVELY-POST_95-21_1.jpg 750w, https:\/\/www.lively.brussels\/wp-content\/uploads\/2022\/03\/2021-12-10-LIVELY-POST_95-21_1-300x200.jpg 300w, https:\/\/www.lively.brussels\/wp-content\/uploads\/2022\/03\/2021-12-10-LIVELY-POST_95-21_1-610x407.jpg 610w, https:\/\/www.lively.brussels\/wp-content\/uploads\/2022\/03\/2021-12-10-LIVELY-POST_95-21_1-640x427.jpg 640w\" sizes=\"auto, (max-width: 750px) 100vw, 750px\" \/><figcaption>L&rsquo;un des laur\u00e9ats Be.Circular 2021 : <a href=\"https:\/\/www.lively.brussels\/index.php\/2021\/10\/08\/on-a-trouve-2\/\" target=\"_blank\" rel=\"noreferrer noopener\">Norm Shoes<\/a><\/figcaption><\/figure><\/div>\n\n\n\n<p>Effectivement, c\u2019est un point assez fondamental, l\u2019id\u00e9e n\u2019est donc pas de soutenir des projets fragiles ou insuffisamment r\u00e9fl\u00e9chis.<br>G\u00e9r\u00e9 conjointement par <a href=\"https:\/\/hub.brussels\/fr\/\" target=\"_blank\" rel=\"noreferrer noopener\">hub.brussels<\/a>, <a href=\"https:\/\/environnement.brussels\/\" target=\"_blank\" rel=\"noreferrer noopener\">Bruxelles Environnement<\/a> et le <a href=\"https:\/\/economie-emploi.brussels\/\" target=\"_blank\" rel=\"noreferrer noopener\">SPRB Bruxelles Economie-Emploi<\/a>, <strong>Be.Circular a bien \u00e9t\u00e9 pens\u00e9 et con\u00e7u pour soutenir l\u2019initiative entrepreneuriale vers l\u2019\u00e9conomie circulaire.<\/strong><\/p>\n\n\n\n<p><strong><em>\u00ab\u00a0Exactement. <\/em><br><em>L\u2019appel \u00e0 projets Be.Circular concerne la mise en \u0153uvre de projets sp\u00e9cifiques, par exemple, pour soutenir un nouveau produit ou service dans sa mise sur le march\u00e9\u00a0\u00bb.<\/em><\/strong><\/p>\n\n\n\n<div class=\"wp-block-image\"><figure class=\"aligncenter size-full\"><img loading=\"lazy\" decoding=\"async\" width=\"750\" height=\"500\" src=\"https:\/\/www.lively.brussels\/wp-content\/uploads\/2022\/03\/2021-12-10-LIVELY-POST_95-21_3.jpg\" alt=\"\" class=\"wp-image-5733\" srcset=\"https:\/\/www.lively.brussels\/wp-content\/uploads\/2022\/03\/2021-12-10-LIVELY-POST_95-21_3.jpg 750w, https:\/\/www.lively.brussels\/wp-content\/uploads\/2022\/03\/2021-12-10-LIVELY-POST_95-21_3-300x200.jpg 300w, https:\/\/www.lively.brussels\/wp-content\/uploads\/2022\/03\/2021-12-10-LIVELY-POST_95-21_3-610x407.jpg 610w, https:\/\/www.lively.brussels\/wp-content\/uploads\/2022\/03\/2021-12-10-LIVELY-POST_95-21_3-640x427.jpg 640w\" sizes=\"auto, (max-width: 750px) 100vw, 750px\" \/><figcaption>Les laur\u00e9ats Be. Circular 2019 (dont Lively)<\/figcaption><\/figure><\/div>\n\n\n\n<hr class=\"wp-block-separator\"\/>\n\n\n\n<h2 class=\"wp-block-heading\"><strong>L\u2019\u00e9conomie circulaire pour toutes les entreprises<\/strong><\/h2>\n\n\n\n<p><strong>Dans cette id\u00e9e de vraiment soutenir l\u2019entreprenariat et le d\u00e9veloppement \u00e9conomique en r\u00e9gion bruxelloise, les initiateurs de Be.Circular ont tenu \u00e0 \u00eatre assez large sur ce qui se d\u00e9finit comme \u00e9conomie circulaire.<\/strong><\/p>\n\n\n\n<p><strong><em>\u00ab\u00a0On veut effectivement \u00eatre assez ouvert sur ces concepts parce qu\u2019on trouve que les entreprises ont des id\u00e9es qui sont extr\u00eamement int\u00e9ressantes pour nous. <\/em><br><\/strong><em>Cela comprend donc la r\u00e9utilisation, le recyclage et l\u2019upcycling, bien s\u00fbr, mais aussi l\u2019\u00e9conomie de la fonctionnalit\u00e9, par exemple.<\/em><\/p>\n\n\n\n<p><em>Cela \u00e9tant, \u00e0 chaque \u00e9dition, on met l\u2019accent sur certains secteurs qui nous semblent prioritaires, comme l\u2019alimentation ou les ressources-d\u00e9chets. <\/em><br><em><strong>Pour le prochain appel \u00e0 projets 2022, par exemple, on veut stimuler, en particulier, des projets dans la logistique et le transport\u00a0\u00bb.<\/strong><\/em><\/p>\n\n\n\n<div class=\"wp-block-image\"><figure class=\"aligncenter size-full\"><img loading=\"lazy\" decoding=\"async\" width=\"750\" height=\"500\" src=\"https:\/\/www.lively.brussels\/wp-content\/uploads\/2022\/03\/2021-10-05-LIVELY-CIRCLEMADE-TOUR-4.jpg\" alt=\"\" class=\"wp-image-5736\" srcset=\"https:\/\/www.lively.brussels\/wp-content\/uploads\/2022\/03\/2021-10-05-LIVELY-CIRCLEMADE-TOUR-4.jpg 750w, https:\/\/www.lively.brussels\/wp-content\/uploads\/2022\/03\/2021-10-05-LIVELY-CIRCLEMADE-TOUR-4-300x200.jpg 300w, https:\/\/www.lively.brussels\/wp-content\/uploads\/2022\/03\/2021-10-05-LIVELY-CIRCLEMADE-TOUR-4-610x407.jpg 610w, https:\/\/www.lively.brussels\/wp-content\/uploads\/2022\/03\/2021-10-05-LIVELY-CIRCLEMADE-TOUR-4-640x427.jpg 640w\" sizes=\"auto, (max-width: 750px) 100vw, 750px\" \/><figcaption><a href=\"https:\/\/bulkbar.be\/\" target=\"_blank\" rel=\"noreferrer noopener\">BulkBar, un autre laur\u00e9at 2021<\/a><\/figcaption><\/figure><\/div>\n\n\n\n<p><strong>Et parce qu\u2019une entreprise n\u2019est pas une autre entreprise, l\u2019appel \u00e0 projets Be.Circular se d\u00e9cline en trois priorit\u00e9s th\u00e9matiques<\/strong> (\u00ab\u00a03R : R\u00e9duire, R\u00e9utiliser, Recycler\u00a0\u00bb, \u00ab\u00a0Alimentation durable\u00a0\u00bb et \u00ab\u00a0Nouveaux mod\u00e8les \u00e9conomiques de l\u2019\u00e9conomie circulaire\u00a0\u00bb) <strong>et quatre cat\u00e9gories de financement et d\u2019accompagnement <\/strong>en fonction du projet.<\/p>\n\n\n\n<p class=\"has-text-align-center\"><a href=\"https:\/\/www.circulareconomy.brussels\/edition-2021\/\" target=\"_blank\" rel=\"noreferrer noopener\">L&rsquo;ensemble des Laur\u00e9ats 2021 par cat\u00e9gorie<\/a><\/p>\n\n\n\n<p><strong>La premi\u00e8re cat\u00e9gorie \u00ab\u00a0Lancement\u00a0\u00bb concerne tout particuli\u00e8rement la cr\u00e9ation de nouvelles activit\u00e9s, y compris par des entreprises en cr\u00e9ation. <\/strong><br>Dans cette logique \u00ab\u00a0start-up\u00a0\u00bb, le projet peut b\u00e9n\u00e9ficier d\u2019un soutien financier jusqu\u2019\u00e0\u00a0\u00a0 80.000 euros,\u00a0 auquel s\u2019ajoute un accompagnement expert d\u2019une valeur de 1.800 euros.<\/p>\n\n\n\n<p><strong>La deuxi\u00e8me \u00ab\u00a0Scale-up\u00a0\u00bb est destin\u00e9 aux entreprises existantes dont le projet circulaire a \u00e9t\u00e9 lanc\u00e9 et qui souhaite passer \u00e0 un stade de d\u00e9veloppement plus ambitieux. <br><\/strong>Dans cette logique \u00ab\u00a0scale-up\u00a0\u00bb, le projet peut b\u00e9n\u00e9ficier d\u2019un soutien financier jusqu\u2019\u00e0 200.000 euros,\u00a0 auquel s\u2019ajoute un accompagnement expert d\u2019une valeur de 1.800 euros.<\/p>\n\n\n\n<p><strong>La troisi\u00e8me \u00ab\u00a0diversification\u00a0\u00bb \u00bb est destin\u00e9 aux entreprises existantes qui diversifie leurs activit\u00e9s gr\u00e2ce \u00e0 un nouveau projet circulaire. <br><\/strong>Dans cette logique \u00ab\u00a0diversification\u00a0\u00bb, le projet peut b\u00e9n\u00e9ficier d\u2019un soutien financier jusqu\u2019\u00e0 80.000 euros,\u00a0 auquel s\u2019ajoute un accompagnement expert d\u2019une valeur de 1.800 euros.<\/p>\n\n\n\n<div class=\"wp-block-image\"><figure class=\"aligncenter size-full\"><img loading=\"lazy\" decoding=\"async\" width=\"750\" height=\"500\" src=\"https:\/\/www.lively.brussels\/wp-content\/uploads\/2022\/03\/2021-12-10-LIVELY-POST_95-21_4.jpg\" alt=\"\" class=\"wp-image-5745\" srcset=\"https:\/\/www.lively.brussels\/wp-content\/uploads\/2022\/03\/2021-12-10-LIVELY-POST_95-21_4.jpg 750w, https:\/\/www.lively.brussels\/wp-content\/uploads\/2022\/03\/2021-12-10-LIVELY-POST_95-21_4-300x200.jpg 300w, https:\/\/www.lively.brussels\/wp-content\/uploads\/2022\/03\/2021-12-10-LIVELY-POST_95-21_4-610x407.jpg 610w, https:\/\/www.lively.brussels\/wp-content\/uploads\/2022\/03\/2021-12-10-LIVELY-POST_95-21_4-640x427.jpg 640w\" sizes=\"auto, (max-width: 750px) 100vw, 750px\" \/><figcaption><a href=\"https:\/\/greenzy.eu\/\" target=\"_blank\" rel=\"noreferrer noopener\">Greenzy, l&rsquo;\u00e9co-composteur d&rsquo;int\u00e9rieur <\/a>est aussi Laur\u00e9at Be.Circular 2021<\/figcaption><\/figure><\/div>\n\n\n\n<hr class=\"wp-block-separator\"\/>\n\n\n\n<h2 class=\"wp-block-heading\"><strong>Un vrai levier<\/strong><\/h2>\n\n\n\n<p><strong>On l\u2019aura donc bien compris, Be.Circular, c\u2019est du lourd et c\u2019est bien pens\u00e9.<\/strong><br>Et, comme Aude l\u2019a rappel\u00e9, il s\u2019agit bien de donner les moyens aussi bien aux jeunes entrepreneu\u00b7r\u00b7se\u00b7s (projet de start-up) qu\u2019aux entreprises existantes de d\u00e9velopper de nouvelles activit\u00e9s g\u00e9n\u00e9ratrices de business.<\/p>\n\n\n\n<p>Et \u00e7a, en fin de compte, c\u2019est l\u2019essentiel. <br>C\u2019est bien \u00e7a, Anthony\u00a0?<\/p>\n\n\n\n<p><em>\u00ab\u00a0Absolument. la r\u00e9alit\u00e9 \u00e9conomique aujourd\u2019hui, c\u2019est que le co\u00fbt du travail par rapport \u00e0 l\u2019achat de ressources dans l\u2019\u00e9conomie lin\u00e9aire est souvent un \u00e9l\u00e9ment bloquant pour les entreprises qui souhaitent s\u2019engager dans de nouveaux mod\u00e8les.<\/em><br><em><strong>C\u2019est donc bien \u00e7a, le r\u00f4le de cet appel \u00e0 projets qui joue un r\u00f4le d\u2019impulsion fort, en permettant aux entreprises de prendre les risques n\u00e9cessaires, voire pour recruter de nouveaux collaborateurs.<\/strong><\/em><br><em>Avec un objectif unique\u00a0: s\u2019inscrire dans cette \u00e9conomie circulaire\u00a0\u00bb.<\/em><\/p>\n\n\n\n<p><strong>Gr\u00e2ce \u00e0 ce dispositif, il s\u2019agit aussi de cr\u00e9er un mouvement de fond vers l\u2019\u00e9conomie circulaire \u00e0 Bruxelles en donnant la possibilit\u00e9 \u00e0 tous les profils d\u2019entreprise de s\u2019essayer dans ces nouveaux mod\u00e8les.<\/strong><\/p>\n\n\n\n<p>Et le fait est que \u00e7a marche.<\/p>\n\n\n\n<p><em>\u00ab\u00a0Tout \u00e0 fait. En permettant \u00e0 tous de se lancer dans l\u2019\u00e9conomie circulaire avec cet appel \u00e0 projets, on cr\u00e9\u00e9 un v\u00e9ritable mouvement, une force motrice en faveur de la transition \u00e9conomique, environnementale et soci\u00e9tale\u00a0\u00bb.<\/em><\/p>\n\n\n\n<blockquote class=\"wp-block-quote is-layout-flow wp-block-quote-is-layout-flow\"><p><em>\u00ab\u00a0On voit maintenant des entrepreneu\u00b7r\u00b7se\u00b7s qui ont appris l\u2019existence de Be.Circular par les laur\u00e9ats des \u00e9ditions pr\u00e9c\u00e9dentes et qui se disent maintenant qu\u2019ils \/ elles peuvent aussi se lancer et inscrire leur mod\u00e8le d\u2019entreprise dans l\u2019\u00e9conomie circulaire\u00a0\u00bb.<\/em><\/p><cite>Anthony Naralingom, <a href=\"https:\/\/hub.brussels\/fr\/\" target=\"_blank\" rel=\"noreferrer noopener\">hub.brussels<\/a><\/cite><\/blockquote>\n\n\n\n<div class=\"wp-block-image\"><figure class=\"aligncenter size-full\"><img loading=\"lazy\" decoding=\"async\" width=\"750\" height=\"500\" src=\"https:\/\/www.lively.brussels\/wp-content\/uploads\/2022\/03\/31-Cheveux-Hair.jpg\" alt=\"\" class=\"wp-image-5750\" srcset=\"https:\/\/www.lively.brussels\/wp-content\/uploads\/2022\/03\/31-Cheveux-Hair.jpg 750w, https:\/\/www.lively.brussels\/wp-content\/uploads\/2022\/03\/31-Cheveux-Hair-300x200.jpg 300w, https:\/\/www.lively.brussels\/wp-content\/uploads\/2022\/03\/31-Cheveux-Hair-610x407.jpg 610w, https:\/\/www.lively.brussels\/wp-content\/uploads\/2022\/03\/31-Cheveux-Hair-640x427.jpg 640w\" sizes=\"auto, (max-width: 750px) 100vw, 750px\" \/><figcaption><a href=\"https:\/\/www.lively.brussels\/index.php\/2021\/04\/01\/un-cheveu-dans-la-soupe\/\" target=\"_blank\" rel=\"noreferrer noopener\">Hair Recycle par Dung-Dung, un super-projet aussi<\/a><\/figcaption><\/figure><\/div>\n\n\n\n<hr class=\"wp-block-separator\"\/>\n\n\n\n<h2 class=\"wp-block-heading\"><strong>L\u2019\u00e2ge de la maturit\u00e9<\/strong><\/h2>\n\n\n\n<p><strong>Ce qui est frappant, c\u2019est qu\u2019aujourd\u2019hui on a quitt\u00e9 l\u2019\u00e8re des pionniers, tous ceux qui, par conviction ou expertise acquise, se sont lanc\u00e9s dans l\u2019\u00e9conomie circulaire d\u00e8s les premi\u00e8res \u00e9ditions de l\u2019appel \u00e0 projets.<\/strong><\/p>\n\n\n\n<p>Pour Anthony, qui \u00e9tait l\u00e0 \u00e0 ce moment-l\u00e0, c\u2019est vraiment une \u00e9volution importante&nbsp;:<\/p>\n\n\n\n<p><em><strong>\u00ab\u00a0On a maintenant une vaste gamme de secteurs qui s\u2019engagent et, pour nous, c\u2019est extr\u00eamement positif parce que \u00e7a signifie qu\u2019on est sorti d\u2019une zone de niche pour int\u00e9grer l\u2019ensemble de l\u2019\u00e9conomie bruxelloise.<\/strong><\/em><\/p>\n\n\n\n<p><em>Et cela se voit nettement dans les profils des candidat\u00b7e\u00b7s. La majorit\u00e9, qui \u00e9tait plut\u00f4t observatrice au d\u00e9but, devient maintenant partie prenante de ce syst\u00e8me. Les choses bougent vraiment&nbsp;\u00bb.&nbsp;<\/em><\/p>\n\n\n\n<p><strong>Et cette maturit\u00e9, synonyme aussi de diversit\u00e9 des projets et des acteurs, apparait tr\u00e8s clairement dans les projets retenus lors de cette derni\u00e8re \u00e9dition 2021, comme on peut le voir ci-dessous.<\/strong><\/p>\n\n\n\n<figure class=\"wp-block-image size-large\"><img loading=\"lazy\" decoding=\"async\" width=\"1024\" height=\"724\" src=\"https:\/\/www.lively.brussels\/wp-content\/uploads\/2022\/03\/Be_Circular_Tableau_laureats_2021_FR_300dpi-1024x724.jpg\" alt=\"\" class=\"wp-image-5741\" srcset=\"https:\/\/www.lively.brussels\/wp-content\/uploads\/2022\/03\/Be_Circular_Tableau_laureats_2021_FR_300dpi-1024x724.jpg 1024w, https:\/\/www.lively.brussels\/wp-content\/uploads\/2022\/03\/Be_Circular_Tableau_laureats_2021_FR_300dpi-300x212.jpg 300w, https:\/\/www.lively.brussels\/wp-content\/uploads\/2022\/03\/Be_Circular_Tableau_laureats_2021_FR_300dpi-768x543.jpg 768w, https:\/\/www.lively.brussels\/wp-content\/uploads\/2022\/03\/Be_Circular_Tableau_laureats_2021_FR_300dpi-1536x1086.jpg 1536w, https:\/\/www.lively.brussels\/wp-content\/uploads\/2022\/03\/Be_Circular_Tableau_laureats_2021_FR_300dpi-2048x1448.jpg 2048w, https:\/\/www.lively.brussels\/wp-content\/uploads\/2022\/03\/Be_Circular_Tableau_laureats_2021_FR_300dpi-610x431.jpg 610w, https:\/\/www.lively.brussels\/wp-content\/uploads\/2022\/03\/Be_Circular_Tableau_laureats_2021_FR_300dpi-640x452.jpg 640w, https:\/\/www.lively.brussels\/wp-content\/uploads\/2022\/03\/Be_Circular_Tableau_laureats_2021_FR_300dpi-707x500.jpg 707w, https:\/\/www.lively.brussels\/wp-content\/uploads\/2022\/03\/Be_Circular_Tableau_laureats_2021_FR_300dpi-1320x933.jpg 1320w\" sizes=\"auto, (max-width: 1024px) 100vw, 1024px\" \/><\/figure>\n\n\n\n<p><em>\u00ab\u00a0C\u2019est aussi li\u00e9 au fait qu\u2019on met le focus, certaines ann\u00e9es, sur des th\u00e9matiques ou des secteurs sp\u00e9cifiques. <\/em><br><strong><em>Pour cette \u00e9dition 2021, c\u2019\u00e9tait plut\u00f4t sur la production locale et la production urbaine.<\/em><br><em>On continue sur notre lanc\u00e9e et on n\u2019exclut aucun secteur\u00a0\u00bb.<\/em><\/strong><\/p>\n\n\n\n<blockquote class=\"wp-block-quote is-layout-flow wp-block-quote-is-layout-flow\"><p><em>\u00ab\u00a0Pour nous, l\u2019\u2019\u00e9conomie circulaire concerne tous les secteurs et tous les projets seront identifi\u00e9s. <\/em><br><em>mais c\u2019est vrai qu\u2019on a quelques priorit\u00e9s qui sont des gros secteurs de la r\u00e9gion ou des secteurs \u00e0 fort enjeu en termes de circularit\u00e9. C\u2019est le cas, en particulier, pour l\u2019alimentation, la construction, les ressources-d\u00e9chets, la question de la logistique mobilit\u00e9 et la production urbaine\u00a0\u00bb.<\/em><\/p><cite>Anthony Naralingom, <a href=\"https:\/\/hub.brussels\/fr\/\" target=\"_blank\" rel=\"noreferrer noopener\">hub.brussels<\/a><\/cite><\/blockquote>\n\n\n\n<hr class=\"wp-block-separator\"\/>\n\n\n\n<h2 class=\"wp-block-heading\"><strong>C\u2019est \u00e0 vous<\/strong><\/h2>\n\n\n\n<p><strong>En fin de compte, ce qu\u2019il faut surtout retenir de cet anniversaire, c\u2019est que, plus que jamais, l\u2019appel \u00e0 projets Be.Circular est une super porte d\u2019entr\u00e9e pour celles et ceux qui souhaitent se lancer dans l\u2019aventure.<\/strong><\/p>\n\n\n\n<p>C\u2019est un challenge, un vrai, et tous les projets ne sont pas retenus mais le fait est qu\u2019entre le soutien financier et l\u2019accompagnement expert propos\u00e9, <strong>c\u2019est vraiment une super opportunit\u00e9 pour passer de l\u2019id\u00e9e au projet, pour transformer votre r\u00eave en aventure. <\/strong><br>Et, pourquoi pas, en success story des ann\u00e9es \u00e0 venir. \u00a0<\/p>\n\n\n\n<hr class=\"wp-block-separator\"\/>\n\n\n\n<p class=\"has-text-align-center has-small-font-size\">Cet article a \u00e9t\u00e9 r\u00e9alis\u00e9 en partenariat <br>avec\u00a0<a href=\"https:\/\/hub.brussels\/fr\/\" target=\"_blank\" rel=\"noreferrer noopener\">hub.brussels, l\u2019agence bruxelloise des entreprises.<\/a><\/p>\n\n\n\n<div class=\"wp-block-image\"><figure class=\"aligncenter size-full is-resized\"><a href=\"https:\/\/hub.brussels\/fr\/\" target=\"_blank\" rel=\"noopener\" class=\"img-link\"><img loading=\"lazy\" decoding=\"async\" src=\"https:\/\/www.lively.brussels\/wp-content\/uploads\/2021\/12\/HUB_LIVELY-2.png\" alt=\"\" class=\"wp-image-5521\" width=\"250\" height=\"116\" srcset=\"https:\/\/www.lively.brussels\/wp-content\/uploads\/2021\/12\/HUB_LIVELY-2.png 500w, https:\/\/www.lively.brussels\/wp-content\/uploads\/2021\/12\/HUB_LIVELY-2-300x139.png 300w\" sizes=\"auto, (max-width: 250px) 100vw, 250px\" \/><\/a><\/figure><\/div>\n\n\n\n<hr class=\"wp-block-separator\"\/>\n\n\n\n<div class=\"wp-block-image\"><figure class=\"aligncenter size-full is-resized\"><img loading=\"lazy\" decoding=\"async\" src=\"https:\/\/www.lively.brussels\/wp-content\/uploads\/2021\/12\/by-nc-sa.eu_-300x105-3.png\" alt=\"\" class=\"wp-image-5523\" width=\"225\" height=\"79\"\/><\/figure><\/div>\n\n\n\n<p class=\"has-text-align-center has-small-font-size\"><a href=\"https:\/\/www.lively.brussels\/index.php\/2020\/09\/30\/creative-come-on\/\" target=\"_blank\" rel=\"noreferrer noopener\">Cet article est sous Licence Creative Commons.<\/a><br>Vous \u00eates libre de le r\u00e9utiliser (en mentionnant l\u2019auteur \u2013 BY) mais pas pour un usage commercial (NC) et pour le partager dans les m\u00eames conditions (SA).<br><a href=\"https:\/\/creativecommons.org\/licenses\/?lang=fr\" target=\"_blank\" rel=\"noreferrer noopener\">All about Creative Commons<\/a><\/p>\n","protected":false},"excerpt":{"rendered":"<p>Be.Circular 5 ans d\u00e9j\u00e0<\/p>\n","protected":false},"author":2,"featured_media":5724,"comment_status":"open","ping_status":"open","sticky":false,"template":"","format":"standard","meta":{"ngg_post_thumbnail":0,"footnotes":""},"categories":[114],"tags":[304,187,192,153],"class_list":["post-5723","post","type-post","status-publish","format-standard","has-post-thumbnail","hentry","category-a-la-une","tag-be-circular","tag-bruxelles-capitale","tag-circular-economy","tag-economie-circulaire","entry-card--landscape"],"yoast_head":"<!-- This site is optimized with the Yoast SEO plugin v27.2 - https:\/\/yoast.com\/product\/yoast-seo-wordpress\/ -->\n<title>Maturit\u00e9, cr\u00e9ativit\u00e9 et diversit\u00e9 &#060; LIVELY - Le WebMag de l&#039;\u00e9conomie circulaire<\/title>\n<meta name=\"description\" content=\"Le Webmagazine de l&#039;\u00e9conomie circulaire \u00e0 Bruxelles, de la transition \u00e9conomique et de la durabilit\u00e9.\" \/>\n<meta name=\"robots\" content=\"index, follow, max-snippet:-1, max-image-preview:large, max-video-preview:-1\" \/>\n<link rel=\"canonical\" href=\"https:\/\/www.lively.brussels\/index.php\/2023\/03\/01\/maturite-creativite-et-diversite\/\" \/>\n<meta property=\"og:locale\" content=\"fr_FR\" \/>\n<meta property=\"og:type\" content=\"article\" \/>\n<meta property=\"og:title\" content=\"Maturit\u00e9, cr\u00e9ativit\u00e9 et diversit\u00e9 &#060; LIVELY - Le WebMag de l&#039;\u00e9conomie circulaire\" \/>\n<meta property=\"og:description\" content=\"Le Webmagazine de l&#039;\u00e9conomie circulaire \u00e0 Bruxelles, de la transition \u00e9conomique et de la durabilit\u00e9.\" \/>\n<meta property=\"og:url\" content=\"https:\/\/www.lively.brussels\/index.php\/2023\/03\/01\/maturite-creativite-et-diversite\/\" \/>\n<meta property=\"og:site_name\" content=\"LIVELY - Le WebMag de l&#039;\u00e9conomie circulaire\" \/>\n<meta property=\"article:publisher\" content=\"https:\/\/www.facebook.com\/LivelyBrussels\/\" \/>\n<meta property=\"article:published_time\" content=\"2023-03-01T10:23:16+00:00\" \/>\n<meta property=\"article:modified_time\" content=\"2023-08-28T10:26:30+00:00\" \/>\n<meta property=\"og:image\" content=\"https:\/\/www.lively.brussels\/wp-content\/uploads\/2022\/03\/2021-12-10-LIVELY-POST_95-21_2.jpg\" \/>\n\t<meta property=\"og:image:width\" content=\"750\" \/>\n\t<meta property=\"og:image:height\" content=\"500\" \/>\n\t<meta property=\"og:image:type\" content=\"image\/jpeg\" \/>\n<meta name=\"author\" content=\"Dan\" \/>\n<meta name=\"twitter:card\" content=\"summary_large_image\" \/>\n<meta name=\"twitter:creator\" content=\"@BrusselsLively\" \/>\n<meta name=\"twitter:site\" content=\"@BrusselsLively\" \/>\n<meta name=\"twitter:label1\" content=\"\u00c9crit par\" \/>\n\t<meta name=\"twitter:data1\" content=\"Dan\" \/>\n\t<meta name=\"twitter:label2\" content=\"Dur\u00e9e de lecture estim\u00e9e\" \/>\n\t<meta name=\"twitter:data2\" content=\"9 minutes\" \/>\n<script type=\"application\/ld+json\" class=\"yoast-schema-graph\">{\"@context\":\"https:\/\/schema.org\",\"@graph\":[{\"@type\":\"Article\",\"@id\":\"https:\/\/www.lively.brussels\/index.php\/2023\/03\/01\/maturite-creativite-et-diversite\/#article\",\"isPartOf\":{\"@id\":\"https:\/\/www.lively.brussels\/index.php\/2023\/03\/01\/maturite-creativite-et-diversite\/\"},\"author\":{\"name\":\"Dan\",\"@id\":\"https:\/\/www.lively.brussels\/#\/schema\/person\/27b8da6d7e6a73c586858220b3689813\"},\"headline\":\"Maturit\u00e9, cr\u00e9ativit\u00e9 et diversit\u00e9\",\"datePublished\":\"2023-03-01T10:23:16+00:00\",\"dateModified\":\"2023-08-28T10:26:30+00:00\",\"mainEntityOfPage\":{\"@id\":\"https:\/\/www.lively.brussels\/index.php\/2023\/03\/01\/maturite-creativite-et-diversite\/\"},\"wordCount\":1492,\"commentCount\":0,\"publisher\":{\"@id\":\"https:\/\/www.lively.brussels\/#organization\"},\"image\":{\"@id\":\"https:\/\/www.lively.brussels\/index.php\/2023\/03\/01\/maturite-creativite-et-diversite\/#primaryimage\"},\"thumbnailUrl\":\"https:\/\/www.lively.brussels\/wp-content\/uploads\/2022\/03\/2021-12-10-LIVELY-POST_95-21_2.jpg\",\"keywords\":[\"Be.Circular\",\"Bruxelles-Capitale\",\"Circular Economy\",\"Economie circulaire\"],\"articleSection\":[\"\u00c0 LA UNE\"],\"inLanguage\":\"fr-FR\",\"potentialAction\":[{\"@type\":\"CommentAction\",\"name\":\"Comment\",\"target\":[\"https:\/\/www.lively.brussels\/index.php\/2023\/03\/01\/maturite-creativite-et-diversite\/#respond\"]}]},{\"@type\":\"WebPage\",\"@id\":\"https:\/\/www.lively.brussels\/index.php\/2023\/03\/01\/maturite-creativite-et-diversite\/\",\"url\":\"https:\/\/www.lively.brussels\/index.php\/2023\/03\/01\/maturite-creativite-et-diversite\/\",\"name\":\"Maturit\u00e9, cr\u00e9ativit\u00e9 et diversit\u00e9 &#060; LIVELY - Le WebMag de l&#039;\u00e9conomie circulaire\",\"isPartOf\":{\"@id\":\"https:\/\/www.lively.brussels\/#website\"},\"primaryImageOfPage\":{\"@id\":\"https:\/\/www.lively.brussels\/index.php\/2023\/03\/01\/maturite-creativite-et-diversite\/#primaryimage\"},\"image\":{\"@id\":\"https:\/\/www.lively.brussels\/index.php\/2023\/03\/01\/maturite-creativite-et-diversite\/#primaryimage\"},\"thumbnailUrl\":\"https:\/\/www.lively.brussels\/wp-content\/uploads\/2022\/03\/2021-12-10-LIVELY-POST_95-21_2.jpg\",\"datePublished\":\"2023-03-01T10:23:16+00:00\",\"dateModified\":\"2023-08-28T10:26:30+00:00\",\"description\":\"Le Webmagazine de l'\u00e9conomie circulaire \u00e0 Bruxelles, de la transition \u00e9conomique et de la durabilit\u00e9.\",\"breadcrumb\":{\"@id\":\"https:\/\/www.lively.brussels\/index.php\/2023\/03\/01\/maturite-creativite-et-diversite\/#breadcrumb\"},\"inLanguage\":\"fr-FR\",\"potentialAction\":[{\"@type\":\"ReadAction\",\"target\":[\"https:\/\/www.lively.brussels\/index.php\/2023\/03\/01\/maturite-creativite-et-diversite\/\"]}]},{\"@type\":\"ImageObject\",\"inLanguage\":\"fr-FR\",\"@id\":\"https:\/\/www.lively.brussels\/index.php\/2023\/03\/01\/maturite-creativite-et-diversite\/#primaryimage\",\"url\":\"https:\/\/www.lively.brussels\/wp-content\/uploads\/2022\/03\/2021-12-10-LIVELY-POST_95-21_2.jpg\",\"contentUrl\":\"https:\/\/www.lively.brussels\/wp-content\/uploads\/2022\/03\/2021-12-10-LIVELY-POST_95-21_2.jpg\",\"width\":750,\"height\":500},{\"@type\":\"BreadcrumbList\",\"@id\":\"https:\/\/www.lively.brussels\/index.php\/2023\/03\/01\/maturite-creativite-et-diversite\/#breadcrumb\",\"itemListElement\":[{\"@type\":\"ListItem\",\"position\":1,\"name\":\"Accueil\",\"item\":\"https:\/\/www.lively.brussels\/\"},{\"@type\":\"ListItem\",\"position\":2,\"name\":\"Maturit\u00e9, cr\u00e9ativit\u00e9 et diversit\u00e9\"}]},{\"@type\":\"WebSite\",\"@id\":\"https:\/\/www.lively.brussels\/#website\",\"url\":\"https:\/\/www.lively.brussels\/\",\"name\":\"LIVELY - Le WebMag de l&#039;\u00e9conomie circulaire\",\"description\":\"Pour tout savoir de l&#039;\u00e9conomie circulaire \u00e0 Bruxelles, en Belgique et dans le reste de l&#039;univers\",\"publisher\":{\"@id\":\"https:\/\/www.lively.brussels\/#organization\"},\"potentialAction\":[{\"@type\":\"SearchAction\",\"target\":{\"@type\":\"EntryPoint\",\"urlTemplate\":\"https:\/\/www.lively.brussels\/?s={search_term_string}\"},\"query-input\":{\"@type\":\"PropertyValueSpecification\",\"valueRequired\":true,\"valueName\":\"search_term_string\"}}],\"inLanguage\":\"fr-FR\"},{\"@type\":\"Organization\",\"@id\":\"https:\/\/www.lively.brussels\/#organization\",\"name\":\"Sense Brussels SCRL\",\"url\":\"https:\/\/www.lively.brussels\/\",\"logo\":{\"@type\":\"ImageObject\",\"inLanguage\":\"fr-FR\",\"@id\":\"https:\/\/www.lively.brussels\/#\/schema\/logo\/image\/\",\"url\":\"https:\/\/www.lively.brussels\/wp-content\/uploads\/2020\/08\/Lively_Favicon.jpg\",\"contentUrl\":\"https:\/\/www.lively.brussels\/wp-content\/uploads\/2020\/08\/Lively_Favicon.jpg\",\"width\":134,\"height\":134,\"caption\":\"Sense Brussels SCRL\"},\"image\":{\"@id\":\"https:\/\/www.lively.brussels\/#\/schema\/logo\/image\/\"},\"sameAs\":[\"https:\/\/www.facebook.com\/LivelyBrussels\/\",\"https:\/\/x.com\/BrusselsLively\",\"https:\/\/www.instagram.com\/livelybrussels\/\",\"https:\/\/www.linkedin.com\/company\/lively-brussels\"]},{\"@type\":\"Person\",\"@id\":\"https:\/\/www.lively.brussels\/#\/schema\/person\/27b8da6d7e6a73c586858220b3689813\",\"name\":\"Dan\",\"image\":{\"@type\":\"ImageObject\",\"inLanguage\":\"fr-FR\",\"@id\":\"https:\/\/secure.gravatar.com\/avatar\/1c44b4e64c6affe7d245ec199692d5edbd481f3147a0239eef7565f0ac162043?s=96&d=mm&r=g\",\"url\":\"https:\/\/secure.gravatar.com\/avatar\/1c44b4e64c6affe7d245ec199692d5edbd481f3147a0239eef7565f0ac162043?s=96&d=mm&r=g\",\"contentUrl\":\"https:\/\/secure.gravatar.com\/avatar\/1c44b4e64c6affe7d245ec199692d5edbd481f3147a0239eef7565f0ac162043?s=96&d=mm&r=g\",\"caption\":\"Dan\"},\"url\":\"https:\/\/www.lively.brussels\/index.php\/author\/remade_dan\/\"}]}<\/script>\n<!-- \/ Yoast SEO plugin. -->","yoast_head_json":{"title":"Maturit\u00e9, cr\u00e9ativit\u00e9 et diversit\u00e9 &#060; LIVELY - Le WebMag de l&#039;\u00e9conomie circulaire","description":"Le Webmagazine de l'\u00e9conomie circulaire \u00e0 Bruxelles, de la transition \u00e9conomique et de la durabilit\u00e9.","robots":{"index":"index","follow":"follow","max-snippet":"max-snippet:-1","max-image-preview":"max-image-preview:large","max-video-preview":"max-video-preview:-1"},"canonical":"https:\/\/www.lively.brussels\/index.php\/2023\/03\/01\/maturite-creativite-et-diversite\/","og_locale":"fr_FR","og_type":"article","og_title":"Maturit\u00e9, cr\u00e9ativit\u00e9 et diversit\u00e9 &#060; LIVELY - Le WebMag de l&#039;\u00e9conomie circulaire","og_description":"Le Webmagazine de l'\u00e9conomie circulaire \u00e0 Bruxelles, de la transition \u00e9conomique et de la durabilit\u00e9.","og_url":"https:\/\/www.lively.brussels\/index.php\/2023\/03\/01\/maturite-creativite-et-diversite\/","og_site_name":"LIVELY - Le WebMag de l&#039;\u00e9conomie circulaire","article_publisher":"https:\/\/www.facebook.com\/LivelyBrussels\/","article_published_time":"2023-03-01T10:23:16+00:00","article_modified_time":"2023-08-28T10:26:30+00:00","og_image":[{"width":750,"height":500,"url":"https:\/\/www.lively.brussels\/wp-content\/uploads\/2022\/03\/2021-12-10-LIVELY-POST_95-21_2.jpg","type":"image\/jpeg"}],"author":"Dan","twitter_card":"summary_large_image","twitter_creator":"@BrusselsLively","twitter_site":"@BrusselsLively","twitter_misc":{"\u00c9crit par":"Dan","Dur\u00e9e de lecture estim\u00e9e":"9 minutes"},"schema":{"@context":"https:\/\/schema.org","@graph":[{"@type":"Article","@id":"https:\/\/www.lively.brussels\/index.php\/2023\/03\/01\/maturite-creativite-et-diversite\/#article","isPartOf":{"@id":"https:\/\/www.lively.brussels\/index.php\/2023\/03\/01\/maturite-creativite-et-diversite\/"},"author":{"name":"Dan","@id":"https:\/\/www.lively.brussels\/#\/schema\/person\/27b8da6d7e6a73c586858220b3689813"},"headline":"Maturit\u00e9, cr\u00e9ativit\u00e9 et diversit\u00e9","datePublished":"2023-03-01T10:23:16+00:00","dateModified":"2023-08-28T10:26:30+00:00","mainEntityOfPage":{"@id":"https:\/\/www.lively.brussels\/index.php\/2023\/03\/01\/maturite-creativite-et-diversite\/"},"wordCount":1492,"commentCount":0,"publisher":{"@id":"https:\/\/www.lively.brussels\/#organization"},"image":{"@id":"https:\/\/www.lively.brussels\/index.php\/2023\/03\/01\/maturite-creativite-et-diversite\/#primaryimage"},"thumbnailUrl":"https:\/\/www.lively.brussels\/wp-content\/uploads\/2022\/03\/2021-12-10-LIVELY-POST_95-21_2.jpg","keywords":["Be.Circular","Bruxelles-Capitale","Circular Economy","Economie circulaire"],"articleSection":["\u00c0 LA UNE"],"inLanguage":"fr-FR","potentialAction":[{"@type":"CommentAction","name":"Comment","target":["https:\/\/www.lively.brussels\/index.php\/2023\/03\/01\/maturite-creativite-et-diversite\/#respond"]}]},{"@type":"WebPage","@id":"https:\/\/www.lively.brussels\/index.php\/2023\/03\/01\/maturite-creativite-et-diversite\/","url":"https:\/\/www.lively.brussels\/index.php\/2023\/03\/01\/maturite-creativite-et-diversite\/","name":"Maturit\u00e9, cr\u00e9ativit\u00e9 et diversit\u00e9 &#060; LIVELY - Le WebMag de l&#039;\u00e9conomie circulaire","isPartOf":{"@id":"https:\/\/www.lively.brussels\/#website"},"primaryImageOfPage":{"@id":"https:\/\/www.lively.brussels\/index.php\/2023\/03\/01\/maturite-creativite-et-diversite\/#primaryimage"},"image":{"@id":"https:\/\/www.lively.brussels\/index.php\/2023\/03\/01\/maturite-creativite-et-diversite\/#primaryimage"},"thumbnailUrl":"https:\/\/www.lively.brussels\/wp-content\/uploads\/2022\/03\/2021-12-10-LIVELY-POST_95-21_2.jpg","datePublished":"2023-03-01T10:23:16+00:00","dateModified":"2023-08-28T10:26:30+00:00","description":"Le Webmagazine de l'\u00e9conomie circulaire \u00e0 Bruxelles, de la transition \u00e9conomique et de la durabilit\u00e9.","breadcrumb":{"@id":"https:\/\/www.lively.brussels\/index.php\/2023\/03\/01\/maturite-creativite-et-diversite\/#breadcrumb"},"inLanguage":"fr-FR","potentialAction":[{"@type":"ReadAction","target":["https:\/\/www.lively.brussels\/index.php\/2023\/03\/01\/maturite-creativite-et-diversite\/"]}]},{"@type":"ImageObject","inLanguage":"fr-FR","@id":"https:\/\/www.lively.brussels\/index.php\/2023\/03\/01\/maturite-creativite-et-diversite\/#primaryimage","url":"https:\/\/www.lively.brussels\/wp-content\/uploads\/2022\/03\/2021-12-10-LIVELY-POST_95-21_2.jpg","contentUrl":"https:\/\/www.lively.brussels\/wp-content\/uploads\/2022\/03\/2021-12-10-LIVELY-POST_95-21_2.jpg","width":750,"height":500},{"@type":"BreadcrumbList","@id":"https:\/\/www.lively.brussels\/index.php\/2023\/03\/01\/maturite-creativite-et-diversite\/#breadcrumb","itemListElement":[{"@type":"ListItem","position":1,"name":"Accueil","item":"https:\/\/www.lively.brussels\/"},{"@type":"ListItem","position":2,"name":"Maturit\u00e9, cr\u00e9ativit\u00e9 et diversit\u00e9"}]},{"@type":"WebSite","@id":"https:\/\/www.lively.brussels\/#website","url":"https:\/\/www.lively.brussels\/","name":"LIVELY - Le WebMag de l&#039;\u00e9conomie circulaire","description":"Pour tout savoir de l&#039;\u00e9conomie circulaire \u00e0 Bruxelles, en Belgique et dans le reste de l&#039;univers","publisher":{"@id":"https:\/\/www.lively.brussels\/#organization"},"potentialAction":[{"@type":"SearchAction","target":{"@type":"EntryPoint","urlTemplate":"https:\/\/www.lively.brussels\/?s={search_term_string}"},"query-input":{"@type":"PropertyValueSpecification","valueRequired":true,"valueName":"search_term_string"}}],"inLanguage":"fr-FR"},{"@type":"Organization","@id":"https:\/\/www.lively.brussels\/#organization","name":"Sense Brussels SCRL","url":"https:\/\/www.lively.brussels\/","logo":{"@type":"ImageObject","inLanguage":"fr-FR","@id":"https:\/\/www.lively.brussels\/#\/schema\/logo\/image\/","url":"https:\/\/www.lively.brussels\/wp-content\/uploads\/2020\/08\/Lively_Favicon.jpg","contentUrl":"https:\/\/www.lively.brussels\/wp-content\/uploads\/2020\/08\/Lively_Favicon.jpg","width":134,"height":134,"caption":"Sense Brussels SCRL"},"image":{"@id":"https:\/\/www.lively.brussels\/#\/schema\/logo\/image\/"},"sameAs":["https:\/\/www.facebook.com\/LivelyBrussels\/","https:\/\/x.com\/BrusselsLively","https:\/\/www.instagram.com\/livelybrussels\/","https:\/\/www.linkedin.com\/company\/lively-brussels"]},{"@type":"Person","@id":"https:\/\/www.lively.brussels\/#\/schema\/person\/27b8da6d7e6a73c586858220b3689813","name":"Dan","image":{"@type":"ImageObject","inLanguage":"fr-FR","@id":"https:\/\/secure.gravatar.com\/avatar\/1c44b4e64c6affe7d245ec199692d5edbd481f3147a0239eef7565f0ac162043?s=96&d=mm&r=g","url":"https:\/\/secure.gravatar.com\/avatar\/1c44b4e64c6affe7d245ec199692d5edbd481f3147a0239eef7565f0ac162043?s=96&d=mm&r=g","contentUrl":"https:\/\/secure.gravatar.com\/avatar\/1c44b4e64c6affe7d245ec199692d5edbd481f3147a0239eef7565f0ac162043?s=96&d=mm&r=g","caption":"Dan"},"url":"https:\/\/www.lively.brussels\/index.php\/author\/remade_dan\/"}]}},"_links":{"self":[{"href":"https:\/\/www.lively.brussels\/index.php\/wp-json\/wp\/v2\/posts\/5723","targetHints":{"allow":["GET"]}}],"collection":[{"href":"https:\/\/www.lively.brussels\/index.php\/wp-json\/wp\/v2\/posts"}],"about":[{"href":"https:\/\/www.lively.brussels\/index.php\/wp-json\/wp\/v2\/types\/post"}],"author":[{"embeddable":true,"href":"https:\/\/www.lively.brussels\/index.php\/wp-json\/wp\/v2\/users\/2"}],"replies":[{"embeddable":true,"href":"https:\/\/www.lively.brussels\/index.php\/wp-json\/wp\/v2\/comments?post=5723"}],"version-history":[{"count":20,"href":"https:\/\/www.lively.brussels\/index.php\/wp-json\/wp\/v2\/posts\/5723\/revisions"}],"predecessor-version":[{"id":5761,"href":"https:\/\/www.lively.brussels\/index.php\/wp-json\/wp\/v2\/posts\/5723\/revisions\/5761"}],"wp:featuredmedia":[{"embeddable":true,"href":"https:\/\/www.lively.brussels\/index.php\/wp-json\/wp\/v2\/media\/5724"}],"wp:attachment":[{"href":"https:\/\/www.lively.brussels\/index.php\/wp-json\/wp\/v2\/media?parent=5723"}],"wp:term":[{"taxonomy":"category","embeddable":true,"href":"https:\/\/www.lively.brussels\/index.php\/wp-json\/wp\/v2\/categories?post=5723"},{"taxonomy":"post_tag","embeddable":true,"href":"https:\/\/www.lively.brussels\/index.php\/wp-json\/wp\/v2\/tags?post=5723"}],"curies":[{"name":"wp","href":"https:\/\/api.w.org\/{rel}","templated":true}]}}