{"id":5763,"date":"2022-01-01T11:19:16","date_gmt":"2022-01-01T11:19:16","guid":{"rendered":"https:\/\/www.lively.brussels\/?p=5763"},"modified":"2024-05-21T10:07:55","modified_gmt":"2024-05-21T10:07:55","slug":"be-circular-ca-repart","status":"publish","type":"post","link":"https:\/\/www.lively.brussels\/index.php\/2022\/01\/01\/be-circular-ca-repart\/","title":{"rendered":"Be.Circular, \u00e7a repart\u00a0!"},"content":{"rendered":"\n<p><strong>Avec <a href=\"https:\/\/www.lively.brussels\/index.php\/2022\/03\/03\/maturite-creativite-et-diversite\/\" target=\"_blank\" rel=\"noreferrer noopener\">l\u2019\u00e9dition 2021, on a f\u00eat\u00e9 les 6 ans de cet appel \u00e0 projets<\/a> destin\u00e9 \u00e0 celles et ceux qui veulent se lancer dans l\u2019aventure de l\u2019\u00e9conomie circulaire \u00e0 Bruxelles.<\/strong><\/p>\n\n\n\n<p><strong>Et, \u00e0 peine la liste des laur\u00e9ats 2021 connue et annonc\u00e9e, voil\u00e0 venir le nouvel appel \u00e0 projets 2022 et la s\u00e9lection des futur\u00b7e\u00b7s candidat\u00b7e\u00b7s.<\/strong><\/p>\n\n\n\n<p><strong>Avec quelques diff\u00e9rences notables \u00e0 relever par rapport aux \u00e9ditions pr\u00e9c\u00e9dentes.<\/strong><\/p>\n\n\n\n<p><strong>Ah bon&nbsp;? Et c\u2019est important&nbsp;?<br><\/strong>Ben oui, quand m\u00eame, parce que \u00e7a ne marche plus tout \u00e0 fait pareil.<\/p>\n\n\n\n<p>Et, du coup, pour vous, ch\u00e8res lectrices et lecteurs, nous avons \u00e9t\u00e9 cherch\u00e9 nos infos et conseils aupr\u00e8s des bonnes personnes, j\u2019ai nomm\u00e9 Aude Grillot et Anthony Naralingom de <a href=\"https:\/\/hub.brussels\/fr\/\" target=\"_blank\" rel=\"noreferrer noopener\">hub.brussels, l\u2019agence bruxelloise pour l\u2019accompagnement de l\u2019entreprise<\/a>, qui copilote le dispositif avec <a href=\"https:\/\/environnement.brussels\/\" target=\"_blank\" rel=\"noreferrer noopener\">Bruxelles Environnement<\/a> et <a href=\"https:\/\/economie-emploi.brussels\/\" target=\"_blank\" rel=\"noreferrer noopener\">Bruxelles Economie Emploi.<\/a><\/p>\n\n\n\n<hr class=\"wp-block-separator\"\/>\n\n\n\n<h2 class=\"wp-block-heading\"><strong>Nouvelle \u00e9dition, grands changements<\/strong><\/h2>\n\n\n\n<p><strong>Evidemment, on va peut-\u00eatre commencer par \u00e7a.<br>Parce qu\u2019effectivement, l\u2019\u00e9dition de cette ann\u00e9e est marqu\u00e9e par de s\u00e9rieux changements.<\/strong><\/p>\n\n\n\n<p>Au niveau de la proc\u00e9dure tout d\u2019abord.<br><strong>Jusqu\u2019alors, les dossiers \u00e9taient remis en une fois (g\u00e9n\u00e9ralement au mois de mai) mais, \u00e0 partir de cette ann\u00e9e, le syst\u00e8me fonctionnera en deux tours.<\/strong><\/p>\n\n\n\n<p>Tu nous expliques \u00e7a, Anthony&nbsp;?<\/p>\n\n\n\n<p><em><strong>\u00ab&nbsp;En fait, c\u2019est quelque chose qu\u2019on avait dans les cartons depuis un moment et qu\u2019on a r\u00e9ussi \u00e0 mettre en place pour cette \u00e9dition 2022 avec l\u2019id\u00e9e de vraiment faciliter le travail des candidat\u00b7e\u00b7s.<\/strong><\/em><\/p>\n\n\n\n<p><em>Jusqu\u2019alors, le dossier \u00e0 remettre pouvait \u00eatre assez lourd pour certains. <\/em><br><em><strong>D\u2019o\u00f9 l\u2019id\u00e9e de fonctionner en deux \u00e9tapes avec un premier tour nettement plus simple o\u00f9 les personnes int\u00e9ress\u00e9es doivent pr\u00e9senter une note de concept pour d\u00e9crire leur projet et permettre au jury de bien saisir les enjeux du projet et son potentiel impact environnemental et socio-\u00e9conomique\u00bb.<\/strong><\/em><\/p>\n\n\n\n<p><strong>Et, pour information, la date limite pour remettre votre note de concept est le 7 mars 2022.<\/strong><\/p>\n\n\n\n<p>Tout est expliqu\u00e9 ici &gt; <a href=\"https:\/\/www.circulareconomy.brussels\/edition-2022\/\" target=\"_blank\" rel=\"noreferrer noopener\">https:\/\/www.circulareconomy.brussels\/edition-2022\/<\/a><\/p>\n\n\n\n<p><\/p>\n\n\n\n<figure class=\"wp-block-embed aligncenter is-type-video is-provider-vimeo wp-block-embed-vimeo\"><div class=\"wp-block-embed__wrapper\">\n<div class=\"responsive-container\"><iframe loading=\"lazy\" title=\"Enregistrement soire\u0301e de lancement BeCircular 2022\" src=\"https:\/\/player.vimeo.com\/video\/669809506?h=d8f50353b9&amp;dnt=1&amp;app_id=122963\" width=\"720\" height=\"450\" frameborder=\"0\" allow=\"autoplay; fullscreen; picture-in-picture\" allowfullscreen><\/iframe><\/div>\n<\/div><figcaption>La vid\u00e9o de la soir\u00e9e de lancement<\/figcaption><\/figure>\n\n\n\n<p>Et donc, \u00e0 ce stade de la note de concept, ce qui est important, c\u2019est vraiment d\u2019expliquer en quoi le projet est circulaire et quels sont ses impacts environnementaux et sociaux du projet .<\/p>\n\n\n\n<blockquote class=\"wp-block-quote is-layout-flow wp-block-quote-is-layout-flow\"><p><em>\u00ab&nbsp;Cette premi\u00e8re note de concept est beaucoup plus r\u00e9duite. <\/em><br><em>Ce qu\u2019on veut vraiment comprendre \u00e0 ce stade c\u2019est l\u2019ad\u00e9quation avec l\u2019appel \u00e0 projets, en particulier les aspects circulaires, d\u2019innovation, d\u2019ancrage r\u00e9gional, d\u2019impact soci\u00e9tal, de lien avec les initiatives existantes, etc. Les questions techniques et financi\u00e8res viendront apr\u00e8s&nbsp;\u00bb.<\/em><\/p><cite>Aude Grillot, <a href=\"https:\/\/hub.brussels\/fr\/\" target=\"_blank\" rel=\"noreferrer noopener\">hub.brussels<\/a><\/cite><\/blockquote>\n\n\n\n<div class=\"wp-block-image\"><figure class=\"aligncenter size-full\"><img loading=\"lazy\" decoding=\"async\" width=\"750\" height=\"500\" src=\"https:\/\/www.lively.brussels\/wp-content\/uploads\/2022\/03\/2021-12-10-LIVELY-POST_95-22_4.jpg\" alt=\"\" class=\"wp-image-5773\" srcset=\"https:\/\/www.lively.brussels\/wp-content\/uploads\/2022\/03\/2021-12-10-LIVELY-POST_95-22_4.jpg 750w, https:\/\/www.lively.brussels\/wp-content\/uploads\/2022\/03\/2021-12-10-LIVELY-POST_95-22_4-300x200.jpg 300w, https:\/\/www.lively.brussels\/wp-content\/uploads\/2022\/03\/2021-12-10-LIVELY-POST_95-22_4-610x407.jpg 610w, https:\/\/www.lively.brussels\/wp-content\/uploads\/2022\/03\/2021-12-10-LIVELY-POST_95-22_4-640x427.jpg 640w\" sizes=\"auto, (max-width: 750px) 100vw, 750px\" \/><figcaption><a href=\"https:\/\/www.beerfood.be\/\" target=\"_blank\" rel=\"noreferrer noopener\">BeerFood<\/a>, l&rsquo;un des pr\u00e9c\u00e9dents Laur\u00e9ats Be.Circular en collaboration avec <a href=\"https:\/\/www.lively.brussels\/index.php\/2021\/05\/18\/grands-coeurs\/\" target=\"_blank\" rel=\"noreferrer noopener\">la 100PAP, la bi\u00e8re solidaire<\/a><\/figcaption><\/figure><\/div>\n\n\n\n<p><strong>Et voil\u00e0, vous avez r\u00e9dig\u00e9 votre note de concept et vous en \u00eates satisfaits. <\/strong>Tant la circularit\u00e9 que les b\u00e9n\u00e9fices environnementaux et sociaux du projet ont \u00e9t\u00e9 clairement et soigneusement expliqu\u00e9s.<\/p>\n\n\n\n<p><strong>Et l\u00e0, il se passe quoi&nbsp;?<\/strong><\/p>\n\n\n\n<p><strong>Fondamentalement, c\u2019est l\u00e0 qu\u2019intervient la grosse nouveaut\u00e9.<\/strong><br>Un comit\u00e9 de travail va op\u00e9rer une premi\u00e8re s\u00e9lection des dossiers (qui sera, au plus tard, annonc\u00e9e le 20 avril) et celles et ceux qui seront retenu\u00b7e\u00b7s pourront continuer le parcours mais en b\u00e9n\u00e9ficiant cette ann\u00e9e d\u2019un accompagnement de la part des experts pour les aider \u00e0 r\u00e9diger au mieux leur dossier final pour le 24 juin \u00e0 12h au plus tard.<\/p>\n\n\n\n<p><strong><em>\u00ab&nbsp;C\u2019est exactement \u00e7a. <\/em><br><em>Ce qu\u2019on a voulu, c\u2019est que les candidat\u00b7e\u00b7s retenu\u00b7e\u00b7s au premier tour, ceux dont les concepts rentrent bien dans ce que veut soutenir la R\u00e9gion, puissent b\u00e9n\u00e9ficier de l\u2019accompagnement n\u00e9cessaire pour travailler sur ce dossier de candidature qui, il faut bien le reconna\u00eetre, peut \u00eatre un peu effrayant&nbsp;\u00bb.<\/em><\/strong><\/p>\n\n\n\n<blockquote class=\"wp-block-quote is-layout-flow wp-block-quote-is-layout-flow\"><p><em>\u00ab&nbsp;Avec ce nouveau syst\u00e8me, on a voulu r\u00e9duire la charge qui p\u00e8se sur les candidat\u00b7e\u00b7s mais sans r\u00e9duire notre niveau d\u2019exigence sur les questions de circularit\u00e9 mais aussi de faisabilit\u00e9 \u00e9conomique ou de cr\u00e9ation d\u2019emplois. On veut vraiment que les porteu\u00b7r\u00b7se\u00b7s de projets puissent postuler de fa\u00e7on efficace&nbsp;\u00bb.<\/em><\/p><cite>Anthony Naralingom, <a href=\"https:\/\/hub.brussels\/fr\/\" target=\"_blank\" rel=\"noreferrer noopener\">hub.brussels<\/a><\/cite><\/blockquote>\n\n\n\n<div class=\"wp-block-image\"><figure class=\"aligncenter size-full\"><img loading=\"lazy\" decoding=\"async\" width=\"750\" height=\"500\" src=\"https:\/\/www.lively.brussels\/wp-content\/uploads\/2022\/03\/06-10-2020-Website-Image-Circlemade-6-750x500-1.jpg\" alt=\"\" class=\"wp-image-5787\" srcset=\"https:\/\/www.lively.brussels\/wp-content\/uploads\/2022\/03\/06-10-2020-Website-Image-Circlemade-6-750x500-1.jpg 750w, https:\/\/www.lively.brussels\/wp-content\/uploads\/2022\/03\/06-10-2020-Website-Image-Circlemade-6-750x500-1-300x200.jpg 300w, https:\/\/www.lively.brussels\/wp-content\/uploads\/2022\/03\/06-10-2020-Website-Image-Circlemade-6-750x500-1-610x407.jpg 610w, https:\/\/www.lively.brussels\/wp-content\/uploads\/2022\/03\/06-10-2020-Website-Image-Circlemade-6-750x500-1-640x427.jpg 640w\" sizes=\"auto, (max-width: 750px) 100vw, 750px\" \/><figcaption><a href=\"https:\/\/www.permafungi.be\/\" target=\"_blank\" rel=\"noreferrer noopener\">PermaFungi, l&rsquo;une des sucess stories de Be.Circular<\/a><\/figcaption><\/figure><\/div>\n\n\n\n<p><strong>Ainsi donc, la soixantaine de projets que la R\u00e9gion esp\u00e8re s\u00e9lectionner au terme de ce premier tour b\u00e9n\u00e9ficiera d\u2019un accompagnement \u00e0 la fois sur les questions environnementales par des consultants missionn\u00e9s par Bruxelles Environnement et sur les aspects \u00e9conomiques et financiers par des consultants missionn\u00e9s par hub.brussels.<\/strong><\/p>\n\n\n\n<p>Autre petite nuance importante&nbsp;que tiennent \u00e0 souligner Aude et Anthony, c\u2019est le fait que <strong>ce syst\u00e8me \u00e0 deux tours ne concerne pas les projets pr\u00e9sent\u00e9s dans la cat\u00e9gorie Transition<\/strong> qui, eux, seront \u00e0 remettre pour le 24 juin.<\/p>\n\n\n\n<p><em>\u00ab&nbsp;C\u2019est cela. Cette cat\u00e9gorie Transition s\u2019adresse \u00e0 des entreprises d\u00e9j\u00e0 existantes qui sont clairement dans un mod\u00e8le lin\u00e9aire et qui veulent aller vers l\u2019\u00e9conomie circulaire. Le projet peut \u00eatre alors soit de mettre en place des bonnes pratiques circulaires, soit de travailler directement sur le business model.<\/em><\/p>\n\n\n\n<figure class=\"wp-block-image size-large\"><a href=\"https:\/\/www.circulareconomy.brussels\/edition-2022\/\" target=\"_blank\" rel=\"noopener\" class=\"img-link\"><img loading=\"lazy\" decoding=\"async\" width=\"1024\" height=\"726\" src=\"https:\/\/www.lively.brussels\/wp-content\/uploads\/2022\/03\/schema-2022-FR-1024x726.jpg\" alt=\"\" class=\"wp-image-5783\" srcset=\"https:\/\/www.lively.brussels\/wp-content\/uploads\/2022\/03\/schema-2022-FR-1024x726.jpg 1024w, https:\/\/www.lively.brussels\/wp-content\/uploads\/2022\/03\/schema-2022-FR-300x213.jpg 300w, https:\/\/www.lively.brussels\/wp-content\/uploads\/2022\/03\/schema-2022-FR-768x544.jpg 768w, https:\/\/www.lively.brussels\/wp-content\/uploads\/2022\/03\/schema-2022-FR-610x432.jpg 610w, https:\/\/www.lively.brussels\/wp-content\/uploads\/2022\/03\/schema-2022-FR-640x454.jpg 640w, https:\/\/www.lively.brussels\/wp-content\/uploads\/2022\/03\/schema-2022-FR-706x500.jpg 706w, https:\/\/www.lively.brussels\/wp-content\/uploads\/2022\/03\/schema-2022-FR.jpg 1184w\" sizes=\"auto, (max-width: 1024px) 100vw, 1024px\" \/><\/a><\/figure>\n\n\n\n<p><em>Et l\u00e0, le dossier de candidature est fondamentalement diff\u00e9rent, puisque le projet est encore souvent \u00e0 l\u2019\u00e9tat de r\u00e9flexion donc la dynamique et l\u2019accompagnement propos\u00e9 sont adapt\u00e9s en cons\u00e9quence&nbsp;\u00bb.<\/em><\/p>\n\n\n\n<hr class=\"wp-block-separator\"\/>\n\n\n\n<h2 class=\"wp-block-heading\"><strong>Quelques conseils aux candidat\u00b7E\u00b7s<\/strong><\/h2>\n\n\n\n<p><strong>On peut vous l\u2019assurer, cet appel \u00e0 projets Be.Circular est un sacr\u00e9 tremplin pour celles et ceux qui veulent s\u2019engager dans l\u2019\u00e9conomie circulaire. <br><\/strong>C\u2019est du travail, indubitablement, et il faut penser \u00e0 beaucoup de choses mais cela reste une opportunit\u00e9 vraiment int\u00e9ressante.<\/p>\n\n\n\n<p><strong>Et, du coup, on a demand\u00e9 \u00e0 Aude et Anthony quelques conseils pour vous aider si vous voulez tenter l\u2019aventure.<\/strong><\/p>\n\n\n\n<blockquote class=\"wp-block-quote is-layout-flow wp-block-quote-is-layout-flow\"><p><em>\u00ab L\u2019essentiel au premier tour, c\u2019est tout d\u2019abord de s\u2019assurer que l\u2019id\u00e9e, le concept entre bien dans les cat\u00e9gories de l\u2019appel \u00e0 projets. Cela doit se sentir tout de suite, \u00eatre clair et bien expliqu\u00e9&nbsp;\u00bb.<\/em><\/p><cite>Aude Grillot, <a href=\"https:\/\/hub.brussels\/fr\/\" target=\"_blank\" rel=\"noreferrer noopener\">hub.brussels<\/a><\/cite><\/blockquote>\n\n\n\n<div class=\"wp-block-image\"><figure class=\"aligncenter size-full\"><img loading=\"lazy\" decoding=\"async\" width=\"750\" height=\"500\" src=\"https:\/\/www.lively.brussels\/wp-content\/uploads\/2022\/03\/2020-11-30-Trait-Deco-1.jpg\" alt=\"\" class=\"wp-image-5908\" srcset=\"https:\/\/www.lively.brussels\/wp-content\/uploads\/2022\/03\/2020-11-30-Trait-Deco-1.jpg 750w, https:\/\/www.lively.brussels\/wp-content\/uploads\/2022\/03\/2020-11-30-Trait-Deco-1-300x200.jpg 300w, https:\/\/www.lively.brussels\/wp-content\/uploads\/2022\/03\/2020-11-30-Trait-Deco-1-610x407.jpg 610w, https:\/\/www.lively.brussels\/wp-content\/uploads\/2022\/03\/2020-11-30-Trait-Deco-1-640x427.jpg 640w\" sizes=\"auto, (max-width: 750px) 100vw, 750px\" \/><figcaption><a href=\"https:\/\/www.lively.brussels\/index.php\/2020\/11\/30\/design-economie-circulaire-amour\/\" target=\"_blank\" rel=\"noreferrer noopener\">Trait Deco, une autre belle histoire Be.Circular<\/a><\/figcaption><\/figure><\/div>\n\n\n\n<p><em><strong>\u00ab Quoi, pourquoi, comment\u2026<\/strong> \u00e0 ce stade, c\u2019est le plus important. Cela implique \u00e9videmment d\u2019avoir une premi\u00e8re id\u00e9e des impacts b\u00e9n\u00e9fiques au niveau environnemental et social mais aussi de d\u00e9montrer le caract\u00e8re innovant du projet, sa capacit\u00e9 \u00e0 fournir une r\u00e9ponse \u00e0 un besoin ou \u00e0 une probl\u00e9matique soigneusement analys\u00e9s&nbsp;\u00bb.<\/em><\/p>\n\n\n\n<p><em><strong>\u00ab&nbsp;Pour moi, ce qui est fondamental, c\u2019est d\u2019inscrire vraiment le projet dans la strat\u00e9gie g\u00e9n\u00e9rale de l\u2019entreprise. <\/strong><\/em><br><em>Il faut qu\u2019on sente que cette id\u00e9e s\u2019int\u00e8gre de mani\u00e8re logique et coh\u00e9rente dans la vision entrepreneuriale de la candidate ou du candidat. Et, du coup, mette en \u00e9vidence sa compr\u00e9hension des enjeux, ses ressources, ses comp\u00e9tences, etc.&nbsp;\u00bb.<\/em><\/p>\n\n\n\n<p>Anthony Naralingom, <a href=\"https:\/\/hub.brussels\/fr\/\" target=\"_blank\" rel=\"noreferrer noopener\">hub.brussels<\/a><\/p>\n\n\n\n<div class=\"wp-block-image\"><figure class=\"aligncenter size-full\"><a href=\"http:\/\/www.circlemade.brussels\/wp-content\/uploads\/2021\/09\/Circlemade_catalogue_2021_WebVersion.pdf\" target=\"_blank\" rel=\"noopener\" class=\"img-link\"><img loading=\"lazy\" decoding=\"async\" width=\"400\" height=\"476\" src=\"https:\/\/www.lively.brussels\/wp-content\/uploads\/2022\/03\/Catalogue-Circlemade-FR-LIGHT.jpg\" alt=\"\" class=\"wp-image-5795\" srcset=\"https:\/\/www.lively.brussels\/wp-content\/uploads\/2022\/03\/Catalogue-Circlemade-FR-LIGHT.jpg 400w, https:\/\/www.lively.brussels\/wp-content\/uploads\/2022\/03\/Catalogue-Circlemade-FR-LIGHT-252x300.jpg 252w\" sizes=\"auto, (max-width: 400px) 100vw, 400px\" \/><\/a><figcaption><a href=\"http:\/\/www.circlemade.brussels\/wp-content\/uploads\/2021\/09\/Circlemade_catalogue_2021_WebVersion.pdf\" target=\"_blank\" rel=\"noreferrer noopener\">Et, pour vous inspirer, le catalogue circle.made<\/a><\/figcaption><\/figure><\/div>\n\n\n\n<hr class=\"wp-block-separator\"\/>\n\n\n\n<h2 class=\"wp-block-heading\"><strong>A vous de jouer<\/strong><\/h2>\n\n\n\n<p><strong>En fait, normalement, vous devez avoir toutes les cartes en main pour pr\u00e9senter votre projet (la note de concept) si vous avez une bonne id\u00e9e, qu\u2019elles est bien expliqu\u00e9e, qu\u2019elle r\u00e9pond \u00e0 un besoin ou \u00e0 une probl\u00e9matique et qu\u2019elle offre des perspectives \u00e9conomiques.<\/strong><\/p>\n\n\n\n<p>En sachant, bien s\u00fbr, qu\u2019une bonne id\u00e9e peut \u00e9clore, murir et aboutir sans Be.Circular. <br>L\u2019appel \u00e0 projets est un formidable dispositif de soutien mais on peut tr\u00e8s bien r\u00e9ussir son projet sans ou si on n\u2019est pas retenu.<\/p>\n\n\n\n<p><strong>Une bonne id\u00e9e, c\u2019est une bonne id\u00e9e.<\/strong><\/p>\n\n\n\n<p><strong>Apr\u00e8s, il faut la marteler et la ciseler dans tous les coins pour que ne subsistent plus de zones d\u2019ombre.<\/strong><\/p>\n\n\n\n<p>Et \u00e7a, c\u2019est entre vos mains.<\/p>\n\n\n\n<p>Et peut-\u00eatre (nous l\u2019esp\u00e9rons de tout c\u0153ur) que nous aurons le plaisir de sonner \u00e0 votre porte pour pouvoir nous aussi en parler dans notre Webmagazine. <br>\u00c7a, \u00e7a nous ferait vraiment plaisir.<\/p>\n\n\n\n<hr class=\"wp-block-separator\"\/>\n\n\n\n<p>Cr\u00e9dit Photo A la Une : <a href=\"https:\/\/machao.design\/\" target=\"_blank\" rel=\"noreferrer noopener\">Machao Design<\/a><\/p>\n\n\n\n<p class=\"has-text-align-center has-small-font-size\">Cet article a \u00e9t\u00e9 r\u00e9alis\u00e9 en partenariat<br>avec&nbsp;<a href=\"https:\/\/hub.brussels\/fr\/\" target=\"_blank\" rel=\"noreferrer noopener\">hub.brussels, l\u2019agence bruxelloise des entreprises.<\/a><\/p>\n\n\n\n<div class=\"wp-block-image\"><figure class=\"aligncenter size-full is-resized\"><a href=\"https:\/\/hub.brussels\/fr\/\" target=\"_blank\" rel=\"noopener\" class=\"img-link\"><img loading=\"lazy\" decoding=\"async\" src=\"https:\/\/www.lively.brussels\/wp-content\/uploads\/2021\/12\/HUB_LIVELY-2.png\" alt=\"\" class=\"wp-image-5521\" width=\"250\" height=\"116\" srcset=\"https:\/\/www.lively.brussels\/wp-content\/uploads\/2021\/12\/HUB_LIVELY-2.png 500w, https:\/\/www.lively.brussels\/wp-content\/uploads\/2021\/12\/HUB_LIVELY-2-300x139.png 300w\" sizes=\"auto, (max-width: 250px) 100vw, 250px\" \/><\/a><\/figure><\/div>\n\n\n\n<hr class=\"wp-block-separator\"\/>\n\n\n\n<div class=\"wp-block-image\"><figure class=\"aligncenter size-full is-resized\"><img loading=\"lazy\" decoding=\"async\" src=\"https:\/\/www.lively.brussels\/wp-content\/uploads\/2021\/12\/by-nc-sa.eu_-300x105-3.png\" alt=\"\" class=\"wp-image-5523\" width=\"225\" height=\"79\"\/><\/figure><\/div>\n\n\n\n<p class=\"has-text-align-center has-small-font-size\"><a href=\"https:\/\/www.lively.brussels\/index.php\/2020\/09\/30\/creative-come-on\/\" target=\"_blank\" rel=\"noreferrer noopener\">Cet article est sous Licence Creative Commons.<\/a><br>Vous \u00eates libre de le r\u00e9utiliser (en mentionnant l\u2019auteur \u2013 BY) mais pas pour un usage commercial (NC) et pour le partager dans les m\u00eames conditions (SA).<br><a href=\"https:\/\/creativecommons.org\/licenses\/?lang=fr\" target=\"_blank\" rel=\"noreferrer noopener\">All about Creative Commons<\/a><\/p>\n","protected":false},"excerpt":{"rendered":"<p>Avec quelques petites choses \u00e0 savoir<\/p>\n","protected":false},"author":2,"featured_media":5764,"comment_status":"open","ping_status":"open","sticky":false,"template":"","format":"standard","meta":{"ngg_post_thumbnail":0,"footnotes":""},"categories":[114],"tags":[],"class_list":["post-5763","post","type-post","status-publish","format-standard","has-post-thumbnail","hentry","category-a-la-une","entry-card--landscape"],"yoast_head":"<!-- This site is optimized with the Yoast SEO plugin v27.2 - https:\/\/yoast.com\/product\/yoast-seo-wordpress\/ -->\n<title>Be.Circular, \u00e7a repart\u00a0! &#060; LIVELY - Le WebMag de l&#039;\u00e9conomie circulaire<\/title>\n<meta name=\"description\" content=\"Le Webmagazine de l&#039;\u00e9conomie circulaire \u00e0 Bruxelles, de la transition \u00e9conomique et de la durabilit\u00e9.\" \/>\n<meta name=\"robots\" content=\"index, follow, max-snippet:-1, max-image-preview:large, max-video-preview:-1\" \/>\n<link rel=\"canonical\" href=\"https:\/\/www.lively.brussels\/index.php\/2022\/01\/01\/be-circular-ca-repart\/\" \/>\n<meta property=\"og:locale\" content=\"fr_FR\" \/>\n<meta property=\"og:type\" content=\"article\" \/>\n<meta property=\"og:title\" content=\"Be.Circular, \u00e7a repart\u00a0! &#060; LIVELY - Le WebMag de l&#039;\u00e9conomie circulaire\" \/>\n<meta property=\"og:description\" content=\"Le Webmagazine de l&#039;\u00e9conomie circulaire \u00e0 Bruxelles, de la transition \u00e9conomique et de la durabilit\u00e9.\" \/>\n<meta property=\"og:url\" content=\"https:\/\/www.lively.brussels\/index.php\/2022\/01\/01\/be-circular-ca-repart\/\" \/>\n<meta property=\"og:site_name\" content=\"LIVELY - Le WebMag de l&#039;\u00e9conomie circulaire\" \/>\n<meta property=\"article:publisher\" content=\"https:\/\/www.facebook.com\/LivelyBrussels\/\" \/>\n<meta property=\"article:published_time\" content=\"2022-01-01T11:19:16+00:00\" \/>\n<meta property=\"article:modified_time\" content=\"2024-05-21T10:07:55+00:00\" \/>\n<meta property=\"og:image\" content=\"https:\/\/www.lively.brussels\/wp-content\/uploads\/2022\/03\/2021-12-10-LIVELY-POST_95-22_1.jpg\" \/>\n\t<meta property=\"og:image:width\" content=\"750\" \/>\n\t<meta property=\"og:image:height\" content=\"500\" \/>\n\t<meta property=\"og:image:type\" content=\"image\/jpeg\" \/>\n<meta name=\"author\" content=\"Dan\" \/>\n<meta name=\"twitter:card\" content=\"summary_large_image\" \/>\n<meta name=\"twitter:creator\" content=\"@BrusselsLively\" \/>\n<meta name=\"twitter:site\" content=\"@BrusselsLively\" \/>\n<meta name=\"twitter:label1\" content=\"\u00c9crit par\" \/>\n\t<meta name=\"twitter:data1\" content=\"Dan\" \/>\n\t<meta name=\"twitter:label2\" content=\"Dur\u00e9e de lecture estim\u00e9e\" \/>\n\t<meta name=\"twitter:data2\" content=\"8 minutes\" \/>\n<script type=\"application\/ld+json\" class=\"yoast-schema-graph\">{\"@context\":\"https:\/\/schema.org\",\"@graph\":[{\"@type\":\"Article\",\"@id\":\"https:\/\/www.lively.brussels\/index.php\/2022\/01\/01\/be-circular-ca-repart\/#article\",\"isPartOf\":{\"@id\":\"https:\/\/www.lively.brussels\/index.php\/2022\/01\/01\/be-circular-ca-repart\/\"},\"author\":{\"name\":\"Dan\",\"@id\":\"https:\/\/www.lively.brussels\/#\/schema\/person\/27b8da6d7e6a73c586858220b3689813\"},\"headline\":\"Be.Circular, \u00e7a repart\u00a0!\",\"datePublished\":\"2022-01-01T11:19:16+00:00\",\"dateModified\":\"2024-05-21T10:07:55+00:00\",\"mainEntityOfPage\":{\"@id\":\"https:\/\/www.lively.brussels\/index.php\/2022\/01\/01\/be-circular-ca-repart\/\"},\"wordCount\":1437,\"commentCount\":0,\"publisher\":{\"@id\":\"https:\/\/www.lively.brussels\/#organization\"},\"image\":{\"@id\":\"https:\/\/www.lively.brussels\/index.php\/2022\/01\/01\/be-circular-ca-repart\/#primaryimage\"},\"thumbnailUrl\":\"https:\/\/www.lively.brussels\/wp-content\/uploads\/2022\/03\/2021-12-10-LIVELY-POST_95-22_1.jpg\",\"articleSection\":[\"\u00c0 LA UNE\"],\"inLanguage\":\"fr-FR\",\"potentialAction\":[{\"@type\":\"CommentAction\",\"name\":\"Comment\",\"target\":[\"https:\/\/www.lively.brussels\/index.php\/2022\/01\/01\/be-circular-ca-repart\/#respond\"]}]},{\"@type\":\"WebPage\",\"@id\":\"https:\/\/www.lively.brussels\/index.php\/2022\/01\/01\/be-circular-ca-repart\/\",\"url\":\"https:\/\/www.lively.brussels\/index.php\/2022\/01\/01\/be-circular-ca-repart\/\",\"name\":\"Be.Circular, \u00e7a repart\u00a0! &#060; LIVELY - Le WebMag de l&#039;\u00e9conomie circulaire\",\"isPartOf\":{\"@id\":\"https:\/\/www.lively.brussels\/#website\"},\"primaryImageOfPage\":{\"@id\":\"https:\/\/www.lively.brussels\/index.php\/2022\/01\/01\/be-circular-ca-repart\/#primaryimage\"},\"image\":{\"@id\":\"https:\/\/www.lively.brussels\/index.php\/2022\/01\/01\/be-circular-ca-repart\/#primaryimage\"},\"thumbnailUrl\":\"https:\/\/www.lively.brussels\/wp-content\/uploads\/2022\/03\/2021-12-10-LIVELY-POST_95-22_1.jpg\",\"datePublished\":\"2022-01-01T11:19:16+00:00\",\"dateModified\":\"2024-05-21T10:07:55+00:00\",\"description\":\"Le Webmagazine de l'\u00e9conomie circulaire \u00e0 Bruxelles, de la transition \u00e9conomique et de la durabilit\u00e9.\",\"breadcrumb\":{\"@id\":\"https:\/\/www.lively.brussels\/index.php\/2022\/01\/01\/be-circular-ca-repart\/#breadcrumb\"},\"inLanguage\":\"fr-FR\",\"potentialAction\":[{\"@type\":\"ReadAction\",\"target\":[\"https:\/\/www.lively.brussels\/index.php\/2022\/01\/01\/be-circular-ca-repart\/\"]}]},{\"@type\":\"ImageObject\",\"inLanguage\":\"fr-FR\",\"@id\":\"https:\/\/www.lively.brussels\/index.php\/2022\/01\/01\/be-circular-ca-repart\/#primaryimage\",\"url\":\"https:\/\/www.lively.brussels\/wp-content\/uploads\/2022\/03\/2021-12-10-LIVELY-POST_95-22_1.jpg\",\"contentUrl\":\"https:\/\/www.lively.brussels\/wp-content\/uploads\/2022\/03\/2021-12-10-LIVELY-POST_95-22_1.jpg\",\"width\":750,\"height\":500},{\"@type\":\"BreadcrumbList\",\"@id\":\"https:\/\/www.lively.brussels\/index.php\/2022\/01\/01\/be-circular-ca-repart\/#breadcrumb\",\"itemListElement\":[{\"@type\":\"ListItem\",\"position\":1,\"name\":\"Accueil\",\"item\":\"https:\/\/www.lively.brussels\/\"},{\"@type\":\"ListItem\",\"position\":2,\"name\":\"Be.Circular, \u00e7a repart\u00a0!\"}]},{\"@type\":\"WebSite\",\"@id\":\"https:\/\/www.lively.brussels\/#website\",\"url\":\"https:\/\/www.lively.brussels\/\",\"name\":\"LIVELY - Le WebMag de l&#039;\u00e9conomie circulaire\",\"description\":\"Pour tout savoir de l&#039;\u00e9conomie circulaire \u00e0 Bruxelles, en Belgique et dans le reste de l&#039;univers\",\"publisher\":{\"@id\":\"https:\/\/www.lively.brussels\/#organization\"},\"potentialAction\":[{\"@type\":\"SearchAction\",\"target\":{\"@type\":\"EntryPoint\",\"urlTemplate\":\"https:\/\/www.lively.brussels\/?s={search_term_string}\"},\"query-input\":{\"@type\":\"PropertyValueSpecification\",\"valueRequired\":true,\"valueName\":\"search_term_string\"}}],\"inLanguage\":\"fr-FR\"},{\"@type\":\"Organization\",\"@id\":\"https:\/\/www.lively.brussels\/#organization\",\"name\":\"Sense Brussels SCRL\",\"url\":\"https:\/\/www.lively.brussels\/\",\"logo\":{\"@type\":\"ImageObject\",\"inLanguage\":\"fr-FR\",\"@id\":\"https:\/\/www.lively.brussels\/#\/schema\/logo\/image\/\",\"url\":\"https:\/\/www.lively.brussels\/wp-content\/uploads\/2020\/08\/Lively_Favicon.jpg\",\"contentUrl\":\"https:\/\/www.lively.brussels\/wp-content\/uploads\/2020\/08\/Lively_Favicon.jpg\",\"width\":134,\"height\":134,\"caption\":\"Sense Brussels SCRL\"},\"image\":{\"@id\":\"https:\/\/www.lively.brussels\/#\/schema\/logo\/image\/\"},\"sameAs\":[\"https:\/\/www.facebook.com\/LivelyBrussels\/\",\"https:\/\/x.com\/BrusselsLively\",\"https:\/\/www.instagram.com\/livelybrussels\/\",\"https:\/\/www.linkedin.com\/company\/lively-brussels\"]},{\"@type\":\"Person\",\"@id\":\"https:\/\/www.lively.brussels\/#\/schema\/person\/27b8da6d7e6a73c586858220b3689813\",\"name\":\"Dan\",\"image\":{\"@type\":\"ImageObject\",\"inLanguage\":\"fr-FR\",\"@id\":\"https:\/\/secure.gravatar.com\/avatar\/1c44b4e64c6affe7d245ec199692d5edbd481f3147a0239eef7565f0ac162043?s=96&d=mm&r=g\",\"url\":\"https:\/\/secure.gravatar.com\/avatar\/1c44b4e64c6affe7d245ec199692d5edbd481f3147a0239eef7565f0ac162043?s=96&d=mm&r=g\",\"contentUrl\":\"https:\/\/secure.gravatar.com\/avatar\/1c44b4e64c6affe7d245ec199692d5edbd481f3147a0239eef7565f0ac162043?s=96&d=mm&r=g\",\"caption\":\"Dan\"},\"url\":\"https:\/\/www.lively.brussels\/index.php\/author\/remade_dan\/\"}]}<\/script>\n<!-- \/ Yoast SEO plugin. -->","yoast_head_json":{"title":"Be.Circular, \u00e7a repart\u00a0! &#060; LIVELY - Le WebMag de l&#039;\u00e9conomie circulaire","description":"Le Webmagazine de l'\u00e9conomie circulaire \u00e0 Bruxelles, de la transition \u00e9conomique et de la durabilit\u00e9.","robots":{"index":"index","follow":"follow","max-snippet":"max-snippet:-1","max-image-preview":"max-image-preview:large","max-video-preview":"max-video-preview:-1"},"canonical":"https:\/\/www.lively.brussels\/index.php\/2022\/01\/01\/be-circular-ca-repart\/","og_locale":"fr_FR","og_type":"article","og_title":"Be.Circular, \u00e7a repart\u00a0! &#060; LIVELY - Le WebMag de l&#039;\u00e9conomie circulaire","og_description":"Le Webmagazine de l'\u00e9conomie circulaire \u00e0 Bruxelles, de la transition \u00e9conomique et de la durabilit\u00e9.","og_url":"https:\/\/www.lively.brussels\/index.php\/2022\/01\/01\/be-circular-ca-repart\/","og_site_name":"LIVELY - Le WebMag de l&#039;\u00e9conomie circulaire","article_publisher":"https:\/\/www.facebook.com\/LivelyBrussels\/","article_published_time":"2022-01-01T11:19:16+00:00","article_modified_time":"2024-05-21T10:07:55+00:00","og_image":[{"width":750,"height":500,"url":"https:\/\/www.lively.brussels\/wp-content\/uploads\/2022\/03\/2021-12-10-LIVELY-POST_95-22_1.jpg","type":"image\/jpeg"}],"author":"Dan","twitter_card":"summary_large_image","twitter_creator":"@BrusselsLively","twitter_site":"@BrusselsLively","twitter_misc":{"\u00c9crit par":"Dan","Dur\u00e9e de lecture estim\u00e9e":"8 minutes"},"schema":{"@context":"https:\/\/schema.org","@graph":[{"@type":"Article","@id":"https:\/\/www.lively.brussels\/index.php\/2022\/01\/01\/be-circular-ca-repart\/#article","isPartOf":{"@id":"https:\/\/www.lively.brussels\/index.php\/2022\/01\/01\/be-circular-ca-repart\/"},"author":{"name":"Dan","@id":"https:\/\/www.lively.brussels\/#\/schema\/person\/27b8da6d7e6a73c586858220b3689813"},"headline":"Be.Circular, \u00e7a repart\u00a0!","datePublished":"2022-01-01T11:19:16+00:00","dateModified":"2024-05-21T10:07:55+00:00","mainEntityOfPage":{"@id":"https:\/\/www.lively.brussels\/index.php\/2022\/01\/01\/be-circular-ca-repart\/"},"wordCount":1437,"commentCount":0,"publisher":{"@id":"https:\/\/www.lively.brussels\/#organization"},"image":{"@id":"https:\/\/www.lively.brussels\/index.php\/2022\/01\/01\/be-circular-ca-repart\/#primaryimage"},"thumbnailUrl":"https:\/\/www.lively.brussels\/wp-content\/uploads\/2022\/03\/2021-12-10-LIVELY-POST_95-22_1.jpg","articleSection":["\u00c0 LA UNE"],"inLanguage":"fr-FR","potentialAction":[{"@type":"CommentAction","name":"Comment","target":["https:\/\/www.lively.brussels\/index.php\/2022\/01\/01\/be-circular-ca-repart\/#respond"]}]},{"@type":"WebPage","@id":"https:\/\/www.lively.brussels\/index.php\/2022\/01\/01\/be-circular-ca-repart\/","url":"https:\/\/www.lively.brussels\/index.php\/2022\/01\/01\/be-circular-ca-repart\/","name":"Be.Circular, \u00e7a repart\u00a0! &#060; LIVELY - Le WebMag de l&#039;\u00e9conomie circulaire","isPartOf":{"@id":"https:\/\/www.lively.brussels\/#website"},"primaryImageOfPage":{"@id":"https:\/\/www.lively.brussels\/index.php\/2022\/01\/01\/be-circular-ca-repart\/#primaryimage"},"image":{"@id":"https:\/\/www.lively.brussels\/index.php\/2022\/01\/01\/be-circular-ca-repart\/#primaryimage"},"thumbnailUrl":"https:\/\/www.lively.brussels\/wp-content\/uploads\/2022\/03\/2021-12-10-LIVELY-POST_95-22_1.jpg","datePublished":"2022-01-01T11:19:16+00:00","dateModified":"2024-05-21T10:07:55+00:00","description":"Le Webmagazine de l'\u00e9conomie circulaire \u00e0 Bruxelles, de la transition \u00e9conomique et de la durabilit\u00e9.","breadcrumb":{"@id":"https:\/\/www.lively.brussels\/index.php\/2022\/01\/01\/be-circular-ca-repart\/#breadcrumb"},"inLanguage":"fr-FR","potentialAction":[{"@type":"ReadAction","target":["https:\/\/www.lively.brussels\/index.php\/2022\/01\/01\/be-circular-ca-repart\/"]}]},{"@type":"ImageObject","inLanguage":"fr-FR","@id":"https:\/\/www.lively.brussels\/index.php\/2022\/01\/01\/be-circular-ca-repart\/#primaryimage","url":"https:\/\/www.lively.brussels\/wp-content\/uploads\/2022\/03\/2021-12-10-LIVELY-POST_95-22_1.jpg","contentUrl":"https:\/\/www.lively.brussels\/wp-content\/uploads\/2022\/03\/2021-12-10-LIVELY-POST_95-22_1.jpg","width":750,"height":500},{"@type":"BreadcrumbList","@id":"https:\/\/www.lively.brussels\/index.php\/2022\/01\/01\/be-circular-ca-repart\/#breadcrumb","itemListElement":[{"@type":"ListItem","position":1,"name":"Accueil","item":"https:\/\/www.lively.brussels\/"},{"@type":"ListItem","position":2,"name":"Be.Circular, \u00e7a repart\u00a0!"}]},{"@type":"WebSite","@id":"https:\/\/www.lively.brussels\/#website","url":"https:\/\/www.lively.brussels\/","name":"LIVELY - Le WebMag de l&#039;\u00e9conomie circulaire","description":"Pour tout savoir de l&#039;\u00e9conomie circulaire \u00e0 Bruxelles, en Belgique et dans le reste de l&#039;univers","publisher":{"@id":"https:\/\/www.lively.brussels\/#organization"},"potentialAction":[{"@type":"SearchAction","target":{"@type":"EntryPoint","urlTemplate":"https:\/\/www.lively.brussels\/?s={search_term_string}"},"query-input":{"@type":"PropertyValueSpecification","valueRequired":true,"valueName":"search_term_string"}}],"inLanguage":"fr-FR"},{"@type":"Organization","@id":"https:\/\/www.lively.brussels\/#organization","name":"Sense Brussels SCRL","url":"https:\/\/www.lively.brussels\/","logo":{"@type":"ImageObject","inLanguage":"fr-FR","@id":"https:\/\/www.lively.brussels\/#\/schema\/logo\/image\/","url":"https:\/\/www.lively.brussels\/wp-content\/uploads\/2020\/08\/Lively_Favicon.jpg","contentUrl":"https:\/\/www.lively.brussels\/wp-content\/uploads\/2020\/08\/Lively_Favicon.jpg","width":134,"height":134,"caption":"Sense Brussels SCRL"},"image":{"@id":"https:\/\/www.lively.brussels\/#\/schema\/logo\/image\/"},"sameAs":["https:\/\/www.facebook.com\/LivelyBrussels\/","https:\/\/x.com\/BrusselsLively","https:\/\/www.instagram.com\/livelybrussels\/","https:\/\/www.linkedin.com\/company\/lively-brussels"]},{"@type":"Person","@id":"https:\/\/www.lively.brussels\/#\/schema\/person\/27b8da6d7e6a73c586858220b3689813","name":"Dan","image":{"@type":"ImageObject","inLanguage":"fr-FR","@id":"https:\/\/secure.gravatar.com\/avatar\/1c44b4e64c6affe7d245ec199692d5edbd481f3147a0239eef7565f0ac162043?s=96&d=mm&r=g","url":"https:\/\/secure.gravatar.com\/avatar\/1c44b4e64c6affe7d245ec199692d5edbd481f3147a0239eef7565f0ac162043?s=96&d=mm&r=g","contentUrl":"https:\/\/secure.gravatar.com\/avatar\/1c44b4e64c6affe7d245ec199692d5edbd481f3147a0239eef7565f0ac162043?s=96&d=mm&r=g","caption":"Dan"},"url":"https:\/\/www.lively.brussels\/index.php\/author\/remade_dan\/"}]}},"_links":{"self":[{"href":"https:\/\/www.lively.brussels\/index.php\/wp-json\/wp\/v2\/posts\/5763","targetHints":{"allow":["GET"]}}],"collection":[{"href":"https:\/\/www.lively.brussels\/index.php\/wp-json\/wp\/v2\/posts"}],"about":[{"href":"https:\/\/www.lively.brussels\/index.php\/wp-json\/wp\/v2\/types\/post"}],"author":[{"embeddable":true,"href":"https:\/\/www.lively.brussels\/index.php\/wp-json\/wp\/v2\/users\/2"}],"replies":[{"embeddable":true,"href":"https:\/\/www.lively.brussels\/index.php\/wp-json\/wp\/v2\/comments?post=5763"}],"version-history":[{"count":25,"href":"https:\/\/www.lively.brussels\/index.php\/wp-json\/wp\/v2\/posts\/5763\/revisions"}],"predecessor-version":[{"id":5909,"href":"https:\/\/www.lively.brussels\/index.php\/wp-json\/wp\/v2\/posts\/5763\/revisions\/5909"}],"wp:featuredmedia":[{"embeddable":true,"href":"https:\/\/www.lively.brussels\/index.php\/wp-json\/wp\/v2\/media\/5764"}],"wp:attachment":[{"href":"https:\/\/www.lively.brussels\/index.php\/wp-json\/wp\/v2\/media?parent=5763"}],"wp:term":[{"taxonomy":"category","embeddable":true,"href":"https:\/\/www.lively.brussels\/index.php\/wp-json\/wp\/v2\/categories?post=5763"},{"taxonomy":"post_tag","embeddable":true,"href":"https:\/\/www.lively.brussels\/index.php\/wp-json\/wp\/v2\/tags?post=5763"}],"curies":[{"name":"wp","href":"https:\/\/api.w.org\/{rel}","templated":true}]}}