{"id":6024,"date":"2023-07-14T18:00:07","date_gmt":"2023-07-14T18:00:07","guid":{"rendered":"https:\/\/www.lively.brussels\/?p=6024"},"modified":"2023-08-28T10:25:54","modified_gmt":"2023-08-28T10:25:54","slug":"transition-ecofeminisme-et-entreprenariat-3","status":"publish","type":"post","link":"https:\/\/www.lively.brussels\/index.php\/2023\/07\/14\/transition-ecofeminisme-et-entreprenariat-3\/","title":{"rendered":"Transition, \u00e9cof\u00e9minisme et entreprenariat"},"content":{"rendered":"\n<p>L\u2019entreprenariat f\u00e9minin est-il plus durable&nbsp;? Plus vertueux&nbsp;?Et si oui, pourquoi&nbsp;?<br>Et quelles sont ses sp\u00e9cificit\u00e9s&nbsp;?<br>Et l\u2019\u00e9cof\u00e9minisme dans tout \u00e7a&nbsp;?<\/p>\n\n\n\n<p><strong>Apr\u00e8s avoir creus\u00e9, dans nos les deux \u00e9pisodes pr\u00e9c\u00e9dents de notre s\u00e9rie, les sujets du <a href=\"https:\/\/www.lively.brussels\/index.php\/2022\/04\/15\/transition-ecofeminisme-et-entreprenariat\/\" target=\"_blank\" rel=\"noreferrer noopener\">mod\u00e8le patriarcal comme fondement du capitalisme<\/a> et de <a href=\"https:\/\/www.lively.brussels\/index.php\/2022\/04\/16\/transition-ecofeminisme-et-entreprenariat-2\/\" target=\"_blank\" rel=\"noreferrer noopener\">l\u2019\u00e9cof\u00e9minisme comme r\u00e9ponse possible pour \u00e9voluer vers la Grande Transition<\/a>, penchons nous aujourd\u2019hui sur l\u2019entreprenariat f\u00e9minin.<\/strong><\/p>\n\n\n\n<p>Les femmes entrepreneuses sont de plus en plus nombreuses, notamment \u00e0 Bruxelles.<\/p>\n\n\n\n<p><strong>Et la question \u00e0 laquelle nous avons voulu essayer de r\u00e9pondre aujourd\u2019hui est la place que pourrait prendre l\u2019entreprenariat f\u00e9minin dans cette \u00e9volution.<\/strong><\/p>\n\n\n\n<p>Pour contribuer \u00e0 ces r\u00e9flexions, nous avons recueilli les t\u00e9moignages de trois entrepreneuses bruxelloises que nous remercions tr\u00e8s chaleureusement (<a href=\"https:\/\/www.lively.brussels\/index.php\/2022\/04\/16\/des-branches-dans-la-ville\/\" target=\"_blank\" rel=\"noreferrer noopener\">Murielle Eyletters d\u2019Aliwen<\/a>, <a href=\"https:\/\/www.lively.brussels\/index.php\/2022\/04\/18\/collectif-creatif\/\" target=\"_blank\" rel=\"noreferrer noopener\">\u00c9lise Boon de Fais-Le Toi-M\u00eame<\/a>, et <a href=\"https:\/\/www.lively.brussels\/index.php\/2022\/04\/19\/finies-les-crasses-au-bureau\/\" target=\"_blank\" rel=\"noreferrer noopener\">Virginie de Selliers de Bulkbar<\/a>) et que nous vous invitons \u00e0 rencontrer dans votre Webmagazine. <\/p>\n\n\n\n<div class=\"wp-block-image\"><figure class=\"aligncenter size-full\"><img loading=\"lazy\" decoding=\"async\" width=\"750\" height=\"500\" src=\"https:\/\/www.lively.brussels\/wp-content\/uploads\/2022\/04\/2022-04-15-LIVELY-POST_FEMININ_Entrepreneuses_3.jpg\" alt=\"\" class=\"wp-image-6031\" srcset=\"https:\/\/www.lively.brussels\/wp-content\/uploads\/2022\/04\/2022-04-15-LIVELY-POST_FEMININ_Entrepreneuses_3.jpg 750w, https:\/\/www.lively.brussels\/wp-content\/uploads\/2022\/04\/2022-04-15-LIVELY-POST_FEMININ_Entrepreneuses_3-300x200.jpg 300w, https:\/\/www.lively.brussels\/wp-content\/uploads\/2022\/04\/2022-04-15-LIVELY-POST_FEMININ_Entrepreneuses_3-610x407.jpg 610w, https:\/\/www.lively.brussels\/wp-content\/uploads\/2022\/04\/2022-04-15-LIVELY-POST_FEMININ_Entrepreneuses_3-640x427.jpg 640w\" sizes=\"auto, (max-width: 750px) 100vw, 750px\" \/><figcaption><a href=\"https:\/\/www.lively.brussels\/index.php\/2022\/04\/18\/collectif-creatif\/\" target=\"_blank\" rel=\"noreferrer noopener\">L&rsquo;entreprenariat f\u00e9minin en action chez Fais-Le-Toi-M\u00eame<br><\/a>Source : <a href=\"https:\/\/faisletoimeme.be\/\" target=\"_blank\" rel=\"noreferrer noopener\">Fais-Le-Toi-M\u00eame<\/a><\/figcaption><\/figure><\/div>\n\n\n\n<hr class=\"wp-block-separator\"\/>\n\n\n\n<h2 class=\"wp-block-heading\"><strong>du coup, l\u2019entreprenariat f\u00e9minin, est-il plus durable&nbsp;?<\/strong><\/h2>\n\n\n\n<p>Pour tout vous dire, j\u2019ai longuement h\u00e9sit\u00e9 \u00e0 faire le lien entre \u00e9cof\u00e9minisme, entreprenariat f\u00e9minin et durabilit\u00e9.<br>Non pas que ce lien n\u2019existe pas.<br><strong>Engagement, action, f\u00e9minit\u00e9, d\u00e9termination, responsabilit\u00e9 sociale et soci\u00e9tale\u2026 ces liens semblent clairement exister.<\/strong><\/p>\n\n\n\n<div class=\"wp-block-image\"><figure class=\"aligncenter size-full\"><img loading=\"lazy\" decoding=\"async\" width=\"750\" height=\"750\" src=\"https:\/\/www.lively.brussels\/wp-content\/uploads\/2022\/04\/2022-04-15-LIVELY-POST_FEMININ_Entrepreneuses_7.jpg\" alt=\"\" class=\"wp-image-6035\" srcset=\"https:\/\/www.lively.brussels\/wp-content\/uploads\/2022\/04\/2022-04-15-LIVELY-POST_FEMININ_Entrepreneuses_7.jpg 750w, https:\/\/www.lively.brussels\/wp-content\/uploads\/2022\/04\/2022-04-15-LIVELY-POST_FEMININ_Entrepreneuses_7-300x300.jpg 300w, https:\/\/www.lively.brussels\/wp-content\/uploads\/2022\/04\/2022-04-15-LIVELY-POST_FEMININ_Entrepreneuses_7-150x150.jpg 150w, https:\/\/www.lively.brussels\/wp-content\/uploads\/2022\/04\/2022-04-15-LIVELY-POST_FEMININ_Entrepreneuses_7-610x610.jpg 610w, https:\/\/www.lively.brussels\/wp-content\/uploads\/2022\/04\/2022-04-15-LIVELY-POST_FEMININ_Entrepreneuses_7-640x640.jpg 640w, https:\/\/www.lively.brussels\/wp-content\/uploads\/2022\/04\/2022-04-15-LIVELY-POST_FEMININ_Entrepreneuses_7-500x500.jpg 500w\" sizes=\"auto, (max-width: 750px) 100vw, 750px\" \/><figcaption>Barbara Trachte, Secr\u00e9taire d&rsquo;Etat bruxelloise \u00e0 la Transition \u00e9conomique, prend clairement position sur le sujet.  <\/figcaption><\/figure><\/div>\n\n\n\n<p>Non, ce qui m\u2019a fait h\u00e9siter, c\u2019est que je ne voulais pas associer \u00e0 des r\u00e9flexions relativement personnelles et radicales les entrepreneuses durables bruxelloises qui ont pris le temps de r\u00e9pondre \u00e0 nos questions sur leurs vies et leurs projets.<\/p>\n\n\n\n<p><strong>Pour ce num\u00e9ro sp\u00e9cial de notre webmagazine Lively, j\u2019ai, en effet, eu le plaisir d\u2019entendre les t\u00e9moignages de <a href=\"https:\/\/www.lively.brussels\/index.php\/2022\/04\/16\/des-branches-dans-la-ville\/\" target=\"_blank\" rel=\"noreferrer noopener\">Murielle Eyletters, fondatrice d\u2019Aliwen<\/a> et docteure des arbres, <a href=\"https:\/\/www.lively.brussels\/index.php\/2022\/04\/18\/collectif-creatif\/\" target=\"_blank\" rel=\"noreferrer noopener\">d\u2019\u00c9lise Boon, cr\u00e9atrice de Fais-Le Toi-M\u00eame<\/a>, et de <a href=\"https:\/\/www.lively.brussels\/index.php\/2022\/04\/19\/finies-les-crasses-au-bureau\/\" target=\"_blank\" rel=\"noreferrer noopener\">Virginie de Selliers, fondatrice de Bulkbar<\/a>.<\/strong><\/p>\n\n\n\n<p><strong>Et, \u00e0 chacune d\u2019elles, actrices de l\u2019\u00e9conomie durable et \/ ou circulaire, nous avons demand\u00e9 quelles \u00e9taient, selon elles, les caract\u00e9ristiques de l\u2019entreprenariat f\u00e9minin.<\/strong><\/p>\n\n\n\n<p><strong>Et surtout, si l\u2019entreprenariat f\u00e9minin allait plus facilement dans le sens de la durabilit\u00e9.<\/strong><\/p>\n\n\n\n<p><strong>En deux mots, les femmes entrepreneuses sont-elles plus facilement des actrices de la transition que leurs homologues masculins&nbsp;?<\/strong><br>De ces \u00e9changes et t\u00e9moignages, voici ce que nous avons retenu.<\/p>\n\n\n\n<h2 class=\"wp-block-heading\"><strong>Un grand mot pour des histoires diff\u00e9rentes<\/strong><\/h2>\n\n\n\n<p><strong>Tout d\u2019abord, chacune d\u2019elles a tenu \u00e0 souligner le fait que leurs propos n\u2019\u00e9taient \u00ab&nbsp;que&nbsp;\u00bb l\u2019expression de leurs t\u00e9moignages personnels et, en aucun cas, des positions th\u00e9oriques ou des grands discours dogmatiques sur l\u2019Entreprenariat F\u00e9minin (avec de belles majuscules masculines).<\/strong><\/p>\n\n\n\n<p>Petit avant-propos utile et expression d\u2019une certaine humilit\u00e9.<\/p>\n\n\n\n<h2 class=\"wp-block-heading\"><strong>Courage, passion et d\u00e9termination<\/strong><\/h2>\n\n\n\n<p><strong>C\u2019est une \u00e9vidence, la tr\u00e8s grande majorit\u00e9 des femmes sont contraintes dans leur vie professionnelle par des exigences de conciliation avec la vie familiale nettement plus importantes que les hommes.<\/strong><\/p>\n\n\n\n<p><strong>D\u00e8s lors, pour celles qui sont confront\u00e9es \u00e0 ces situations, les d\u00e9fis \u00e0 relever peuvent \u00eatre significativement plus importants. <\/strong><br><strong>Alors, celles qui se lancent \u00e0 l\u2019aventure le font souvent avec une d\u00e9termination et une envie particuli\u00e8rement forte.<\/strong><\/p>\n\n\n\n<p><strong>\u00ab&nbsp;<em>Lorsque j\u2019\u00e9tais pr\u00e9sidente de l\u2019Association des Femmes Chefs d\u2019entreprise de Belgique, on m\u2019a souvent pos\u00e9 la question de savoir s\u2019il y avait des sp\u00e9cificit\u00e9s \u00e0 l\u2019entreprenariat f\u00e9minin.<\/em>&nbsp;\u00bb<\/strong><\/p>\n\n\n\n<div class=\"wp-block-image\"><figure class=\"aligncenter size-full\"><img loading=\"lazy\" decoding=\"async\" width=\"750\" height=\"500\" src=\"https:\/\/www.lively.brussels\/wp-content\/uploads\/2022\/04\/2022-04-15-LIVELY-POST_FEMININ_Entrepreneuses_8.jpg\" alt=\"\" class=\"wp-image-6042\" srcset=\"https:\/\/www.lively.brussels\/wp-content\/uploads\/2022\/04\/2022-04-15-LIVELY-POST_FEMININ_Entrepreneuses_8.jpg 750w, https:\/\/www.lively.brussels\/wp-content\/uploads\/2022\/04\/2022-04-15-LIVELY-POST_FEMININ_Entrepreneuses_8-300x200.jpg 300w, https:\/\/www.lively.brussels\/wp-content\/uploads\/2022\/04\/2022-04-15-LIVELY-POST_FEMININ_Entrepreneuses_8-610x407.jpg 610w, https:\/\/www.lively.brussels\/wp-content\/uploads\/2022\/04\/2022-04-15-LIVELY-POST_FEMININ_Entrepreneuses_8-640x427.jpg 640w\" sizes=\"auto, (max-width: 750px) 100vw, 750px\" \/><figcaption><a href=\"https:\/\/www.lively.brussels\/index.php\/2022\/04\/16\/des-branches-dans-la-ville\/\" target=\"_blank\" rel=\"noreferrer noopener\">Murielle Eyletters, experte en arboriculture urbaine et qui dirige le bureau d\u2019\u00e9tudes Aliwen sp\u00e9cialis\u00e9 dans le diagnostic des arbres en ville<\/a><\/figcaption><\/figure><\/div>\n\n\n\n<blockquote class=\"wp-block-quote is-layout-flow wp-block-quote-is-layout-flow\"><p>\u00ab&nbsp;<em>Ce que j\u2019ai pu constater, c\u2019est que derri\u00e8re chaque femme qui entreprend, il y a la passion du travail m\u00eal\u00e9e \u00e0 l\u2019envie de toujours concilier au mieux vie familiale et vie professionnelle&nbsp;\u00bb.<\/em><\/p><cite>Murielle Eyletters, fondatrice d\u2019<a href=\"https:\/\/www.lively.brussels\/index.php\/2022\/04\/16\/des-branches-dans-la-ville\/\" target=\"_blank\" rel=\"noreferrer noopener\">Aliwen et m\u00e9decin des arbres<\/a><\/cite><\/blockquote>\n\n\n\n<p><strong>\u00ab&nbsp;<em>C\u2019est toujours \u00e9videmment un gros challenge et c\u2019est probablement l\u2019un des freins \u00e0 l\u2019entrepreneuriat f\u00e9minin, en particulier dans les situations de monoparentalit\u00e9.<\/em><\/strong><\/p>\n\n\n\n<p><strong><em>Mais, en tout cas, pour celles qui passent le cap, c\u2019est toujours la passion d\u2019entreprendre et la conciliation vie famille et vie professionnelle qui est derri\u00e8re<\/em>&nbsp;\u00bb.<\/strong><\/p>\n\n\n\n<div class=\"wp-block-image\"><figure class=\"aligncenter size-full\"><a href=\"https:\/\/hub.brussels\/\" target=\"_blank\" rel=\"noopener\" class=\"img-link\"><img loading=\"lazy\" decoding=\"async\" width=\"750\" height=\"500\" src=\"https:\/\/www.lively.brussels\/wp-content\/uploads\/2022\/04\/2022-04-15-LIVELY-POST_FEMININ_Entrepreneuses_4.jpg\" alt=\"\" class=\"wp-image-6045\" srcset=\"https:\/\/www.lively.brussels\/wp-content\/uploads\/2022\/04\/2022-04-15-LIVELY-POST_FEMININ_Entrepreneuses_4.jpg 750w, https:\/\/www.lively.brussels\/wp-content\/uploads\/2022\/04\/2022-04-15-LIVELY-POST_FEMININ_Entrepreneuses_4-300x200.jpg 300w, https:\/\/www.lively.brussels\/wp-content\/uploads\/2022\/04\/2022-04-15-LIVELY-POST_FEMININ_Entrepreneuses_4-610x407.jpg 610w, https:\/\/www.lively.brussels\/wp-content\/uploads\/2022\/04\/2022-04-15-LIVELY-POST_FEMININ_Entrepreneuses_4-640x427.jpg 640w\" sizes=\"auto, (max-width: 750px) 100vw, 750px\" \/><\/a><figcaption><a href=\"https:\/\/www.lively.brussels\/index.php\/2020\/11\/30\/design-economie-circulaire-amour\/\" target=\"_blank\" rel=\"noreferrer noopener\">St\u00e9phanie Cornet, cr\u00e9atrice de Trait D\u00e9co <\/a><br><a href=\"https:\/\/www.lively.brussels\/index.php\/2020\/11\/30\/design-economie-circulaire-amour\/\" target=\"_blank\" rel=\"noreferrer noopener\">et entrepreneuse passionn\u00e9e. <\/a><br>Source : <a href=\"https:\/\/hub.brussels\/fr\/\" target=\"_blank\" rel=\"noreferrer noopener\">hub.brussels<\/a><\/figcaption><\/figure><\/div>\n\n\n\n<p><strong>C\u2019est aussi le point de vue d\u2019\u00c9lise Boon, cr\u00e9atrice de <a href=\"https:\/\/www.lively.brussels\/index.php\/2022\/04\/18\/collectif-creatif\/\" target=\"_blank\" rel=\"noreferrer noopener\">Fais-Le Toi-M\u00eame<\/a>, qui accueille une tr\u00e8s grande majorit\u00e9 de femmes (pr\u00e8s de 98 %) dans sa communaut\u00e9 de cr\u00e9atrices \/ cr\u00e9ateurs et d\u2019artisan\u00b7e\u00b7s\u00a0:<\/strong><\/p>\n\n\n\n<p><em><strong>\u00ab\u00a0Je crois effectivement que cela tient \u00e0 la nature des femmes d\u2019\u00eatre courageuses, d\u2019\u00eatre tenaces, de se lancer dans des sch\u00e9mas qui ne sont pas forc\u00e9ment classiques, de porter beaucoup, d\u2019\u00eatre moteur de changements.<\/strong><\/em><\/p>\n\n\n\n<p><em>C\u2019est sans doute li\u00e9 \u00e0 la place des femmes dans notre soci\u00e9t\u00e9, dans la syst\u00e9mique dans laquelle on vit, de l\u00e0 o\u00f9 elles en sont dans leurs carri\u00e8res, mais aussi d\u2019une multitude de facteurs soci\u00e9taux forc\u00e9ment assez complexes&nbsp;\u00bb.<\/em><\/p>\n\n\n\n<div class=\"wp-block-image\"><figure class=\"aligncenter size-full\"><img loading=\"lazy\" decoding=\"async\" width=\"750\" height=\"500\" src=\"https:\/\/www.lively.brussels\/wp-content\/uploads\/2022\/04\/2022-04-15-LIVELY-POST_FEMININ_Entrepreneuses_9.jpg\" alt=\"\" class=\"wp-image-6050\" srcset=\"https:\/\/www.lively.brussels\/wp-content\/uploads\/2022\/04\/2022-04-15-LIVELY-POST_FEMININ_Entrepreneuses_9.jpg 750w, https:\/\/www.lively.brussels\/wp-content\/uploads\/2022\/04\/2022-04-15-LIVELY-POST_FEMININ_Entrepreneuses_9-300x200.jpg 300w, https:\/\/www.lively.brussels\/wp-content\/uploads\/2022\/04\/2022-04-15-LIVELY-POST_FEMININ_Entrepreneuses_9-610x407.jpg 610w, https:\/\/www.lively.brussels\/wp-content\/uploads\/2022\/04\/2022-04-15-LIVELY-POST_FEMININ_Entrepreneuses_9-640x427.jpg 640w\" sizes=\"auto, (max-width: 750px) 100vw, 750px\" \/><figcaption><strong>\u00c9lise Boon et certaines des cr\u00e9atrices <\/strong><br><strong>et artisanes de Fais-Le Toi-M\u00eame<\/strong><br>Source : <a href=\"https:\/\/www.facebook.com\/fltmbxl\/photos\/3137906289755760\/\" target=\"_blank\" rel=\"noreferrer noopener\">Fais-Le Toi-M\u00eame<\/a><\/figcaption><\/figure><\/div>\n\n\n\n<hr class=\"wp-block-separator\"\/>\n\n\n\n<h2 class=\"wp-block-heading\"><strong>Sens des responsabilit\u00e9s<\/strong><\/h2>\n\n\n\n<p><strong>Forte de son exp\u00e9rience d\u2019entrepreneuse et de pr\u00e9sidente de l\u2019Association des Femmes Chefs d\u2019entreprise de Belgique, <a href=\"https:\/\/www.lively.brussels\/index.php\/2022\/04\/16\/des-branches-dans-la-ville\/\" target=\"_blank\" rel=\"noreferrer noopener\">Murielle Eyletters<\/a> a aussi tenu \u00e0 souligner le sens des responsabilit\u00e9s accru dont font preuve les entrepreneuses.<\/strong><\/p>\n\n\n\n<p><strong>Le projet n\u2019est pas que l\u2019expression d\u2019une ambition individuelle, il prend souvent en compte des r\u00e9alit\u00e9s familiales et cela, peut-\u00eatre un peu plus que chez les hommes pour lesquels l\u2019entreprenariat est souvent v\u00e9cu comme un d\u00e9fi personnel.<\/strong><\/p>\n\n\n\n<blockquote class=\"wp-block-quote is-layout-flow wp-block-quote-is-layout-flow\"><p><em>\u00ab&nbsp;Je crois effectivement qu\u2019il y a toujours \u00e9norm\u00e9ment de r\u00e9flexions derri\u00e8re une femme qui entreprend. <\/em><br><em>Elle va toujours se poser beaucoup de questions, parfois trop m\u00eame, au risque de la bloquer dans son projet. <\/em><br><em>Elle r\u00e9fl\u00e9chira toujours \u00e0 deux fois par rapport \u00e0 l\u2019investissement financier, pour essayer de ne pas mettre en p\u00e9ril l\u2019argent de la famille&nbsp;\u00bb.<\/em><\/p><cite>Murielle Eyletters, fondatrice d\u2019<a href=\"https:\/\/www.lively.brussels\/index.php\/2022\/04\/16\/des-branches-dans-la-ville\/\" target=\"_blank\" rel=\"noreferrer noopener\">Aliwen et m\u00e9decin des arbres<\/a><\/cite><\/blockquote>\n\n\n\n<p><em><strong>D\u2019ailleurs, l\u00e0-aussi, c\u2019est vrai que cette question du financement peut aussi \u00eatre parfois un frein. On va souvent moins pr\u00eater \u00e0 une femme qu\u2019\u00e0 un homme.&nbsp;\u00bb<\/strong><\/em><\/p>\n\n\n\n<div class=\"wp-block-image\"><figure class=\"aligncenter size-full is-resized\"><img loading=\"lazy\" decoding=\"async\" src=\"https:\/\/www.lively.brussels\/wp-content\/uploads\/2022\/04\/2022-04-15-LIVELY-POST_FEMININ_Entrepreneuses_5.jpg\" alt=\"\" class=\"wp-image-6056\" width=\"483\" height=\"322\" srcset=\"https:\/\/www.lively.brussels\/wp-content\/uploads\/2022\/04\/2022-04-15-LIVELY-POST_FEMININ_Entrepreneuses_5.jpg 750w, https:\/\/www.lively.brussels\/wp-content\/uploads\/2022\/04\/2022-04-15-LIVELY-POST_FEMININ_Entrepreneuses_5-300x200.jpg 300w, https:\/\/www.lively.brussels\/wp-content\/uploads\/2022\/04\/2022-04-15-LIVELY-POST_FEMININ_Entrepreneuses_5-610x407.jpg 610w, https:\/\/www.lively.brussels\/wp-content\/uploads\/2022\/04\/2022-04-15-LIVELY-POST_FEMININ_Entrepreneuses_5-640x427.jpg 640w\" sizes=\"auto, (max-width: 483px) 100vw, 483px\" \/><figcaption><a href=\"https:\/\/www.lively.brussels\/index.php\/2021\/07\/02\/la-transition-a-la-parole\/\" target=\"_blank\" rel=\"noreferrer noopener\">Les entrepreneuses bruxelloises mises \u00e0 l&rsquo;honneur <\/a><br><a href=\"https:\/\/www.lively.brussels\/index.php\/2021\/07\/02\/la-transition-a-la-parole\/\" target=\"_blank\" rel=\"noreferrer noopener\">lors de la finale du GreenLab 2021<\/a><br>Source : <a href=\"https:\/\/hub.brussels\/fr\/\" target=\"_blank\" rel=\"noreferrer noopener\">hub.brussels<\/a><\/figcaption><\/figure><\/div>\n\n\n\n<hr class=\"wp-block-separator\"\/>\n\n\n\n<h2 class=\"wp-block-heading\"><strong>Bienveillance, respect et gouvernance<\/strong><\/h2>\n\n\n\n<p><strong>Un autre trait de l\u2019entreprenariat f\u00e9minin que certaines de nos entrepreneuses ont tenu \u00e0 souligner (et qui est ind\u00e9niablement \u00e0 mettre en lien avec la durabilit\u00e9), c\u2019est l\u2019id\u00e9e de bienveillance qui s\u2019exprime \u00e0 la fois dans les relations interpersonnelles en privil\u00e9giant l\u2019\u00e9coute, le respect et l\u2019entraide mais aussi dans les modes de gouvernance adopt\u00e9s.<\/strong><\/p>\n\n\n\n<p>Selon <a href=\"https:\/\/www.lively.brussels\/index.php\/2022\/04\/18\/collectif-creatif\/\" target=\"_blank\" rel=\"noreferrer noopener\">\u00c9lise Boon, cr\u00e9atrice de Fais-Le Toi-M\u00eame<\/a>, c\u2019est tr\u00e8s perceptible\u00a0dans son environnement de travail\u00a0:\u00a0<\/p>\n\n\n\n<blockquote class=\"wp-block-quote is-layout-flow wp-block-quote-is-layout-flow\"><p><em>\u00ab&nbsp;Ce que je voie autour de moi, directement dans ma communaut\u00e9, c\u2019est que dans l\u2019entrepreneuriat f\u00e9minin, il y a une volont\u00e9 quand m\u00eame d\u2019amener beaucoup de bienveillance dans les rapports&nbsp;\u00bb.<\/em><\/p><cite>\u00c9lise Boon, cr\u00e9atrice de <a href=\"https:\/\/www.lively.brussels\/index.php\/2022\/04\/18\/collectif-creatif\/\" target=\"_blank\" rel=\"noreferrer noopener\">Fais-Le Toi-M\u00eame<\/a><\/cite><\/blockquote>\n\n\n\n<p><strong><em>\u00ab&nbsp;Cela se traduit notamment par le fait de favoriser une gouvernance horizontale ou, en tout cas, beaucoup moins verticale. <\/em><br><em>Je ne sais pas si c\u2019est le cas dans tous les projets d\u2019entreprenariat f\u00e9minin, mais c\u2019est tr\u00e8s visible chez nous, au sein de Fais-Le Toi-M\u00eame&nbsp;\u00bb.<\/em><\/strong><\/p>\n\n\n\n<div class=\"wp-block-image\"><figure class=\"aligncenter size-full\"><img loading=\"lazy\" decoding=\"async\" width=\"750\" height=\"500\" src=\"https:\/\/www.lively.brussels\/wp-content\/uploads\/2022\/04\/2022-04-15-LIVELY-POST_FEMININ_Entrepreneuses_10.jpg\" alt=\"\" class=\"wp-image-6061\" srcset=\"https:\/\/www.lively.brussels\/wp-content\/uploads\/2022\/04\/2022-04-15-LIVELY-POST_FEMININ_Entrepreneuses_10.jpg 750w, https:\/\/www.lively.brussels\/wp-content\/uploads\/2022\/04\/2022-04-15-LIVELY-POST_FEMININ_Entrepreneuses_10-300x200.jpg 300w, https:\/\/www.lively.brussels\/wp-content\/uploads\/2022\/04\/2022-04-15-LIVELY-POST_FEMININ_Entrepreneuses_10-610x407.jpg 610w, https:\/\/www.lively.brussels\/wp-content\/uploads\/2022\/04\/2022-04-15-LIVELY-POST_FEMININ_Entrepreneuses_10-640x427.jpg 640w\" sizes=\"auto, (max-width: 750px) 100vw, 750px\" \/><figcaption><strong><a href=\"https:\/\/www.lively.brussels\/index.php\/2022\/04\/18\/collectif-creatif\/\" target=\"_blank\" rel=\"noreferrer noopener\">Bonne Ambi chez Fais-Le Toi-M\u00eame !<\/a><br><\/strong>Source : <a href=\"https:\/\/www.facebook.com\/fltmbxl\/photos\/2495584477321281\/\" target=\"_blank\" rel=\"noreferrer noopener\">Fais-Le Toi-M\u00eame<\/a><\/figcaption><\/figure><\/div>\n\n\n\n<p><strong>Pour <a href=\"https:\/\/www.lively.brussels\/index.php\/2022\/04\/19\/finies-les-crasses-au-bureau\/\" target=\"_blank\" rel=\"noreferrer noopener\">Virginie de Selliers, fondatrice de Bulkbar<\/a>, ce pourrait effectivement \u00eatre une tendance remarquable de l\u2019entreprenariat f\u00e9minin\u00a0:<\/strong><\/p>\n\n\n\n<p><strong>\u00ab&nbsp;<em>C\u2019est vrai qu\u2019en tant que femme, on s\u2019entraide quand m\u00eame pas mal. Peut-\u00eatre plus qu\u2019entre hommes, m\u00eame si je dis \u00e7a avec des pincettes, \u00e9videmment&nbsp;\u00bb.<\/em><\/strong><\/p>\n\n\n\n<blockquote class=\"wp-block-quote is-layout-flow wp-block-quote-is-layout-flow\"><p><em>\u00ab&nbsp;C\u2019est un peu clich\u00e9, bien s\u00fbr, mais les hommes vont peut-\u00eatre plus avoir envie de pouvoir, et donc de chercher \u00e0 dominer et \u00e0 \u00e9craser leurs voisins&nbsp;alors que c\u2019est moins dans la mentalit\u00e9 des femmes&nbsp;\u00bb.<\/em><\/p><cite><a href=\"https:\/\/www.lively.brussels\/index.php\/2022\/04\/19\/finies-les-crasses-au-bureau\/\" target=\"_blank\" rel=\"noreferrer noopener\">Virginie de Selliers, fondatrice de Bulkbar<\/a><\/cite><\/blockquote>\n\n\n\n<p><strong><em><em>\u00ab&nbsp;Cela \u00e9tant, c\u2019est sans certitude aucune, et sans doute pas une caract\u00e9ristique flagrante.<\/em>&nbsp;\u00bb<\/em><\/strong><\/p>\n\n\n\n<div class=\"wp-block-image\"><figure class=\"aligncenter size-full\"><img loading=\"lazy\" decoding=\"async\" width=\"750\" height=\"500\" src=\"https:\/\/www.lively.brussels\/wp-content\/uploads\/2022\/04\/2022-04-15-LIVELY-POST_FEMININ_Entrepreneuses_11.jpg\" alt=\"\" class=\"wp-image-6066\" srcset=\"https:\/\/www.lively.brussels\/wp-content\/uploads\/2022\/04\/2022-04-15-LIVELY-POST_FEMININ_Entrepreneuses_11.jpg 750w, https:\/\/www.lively.brussels\/wp-content\/uploads\/2022\/04\/2022-04-15-LIVELY-POST_FEMININ_Entrepreneuses_11-300x200.jpg 300w, https:\/\/www.lively.brussels\/wp-content\/uploads\/2022\/04\/2022-04-15-LIVELY-POST_FEMININ_Entrepreneuses_11-610x407.jpg 610w, https:\/\/www.lively.brussels\/wp-content\/uploads\/2022\/04\/2022-04-15-LIVELY-POST_FEMININ_Entrepreneuses_11-640x427.jpg 640w\" sizes=\"auto, (max-width: 750px) 100vw, 750px\" \/><figcaption><strong><a href=\"https:\/\/www.lively.brussels\/index.php\/2022\/04\/19\/finies-les-crasses-au-bureau\/\" target=\"_blank\" rel=\"noreferrer noopener\">Virginie de Selliers, fondatrice de Bulkbar<br><\/a><\/strong>Source : <a href=\"https:\/\/hub.brussels\/fr\/\" target=\"_blank\" rel=\"noreferrer noopener\">hub.brussels<\/a><\/figcaption><\/figure><\/div>\n\n\n\n<hr class=\"wp-block-separator\"\/>\n\n\n\n<h2 class=\"wp-block-heading\"><strong>Vouloir donner du sens<\/strong><\/h2>\n\n\n\n<p><strong>Est-ce en lien avec la maternit\u00e9 et les enfants, un certain sens des responsabilit\u00e9s vers la famille et les g\u00e9n\u00e9rations futures&nbsp;? <br>Ou plut\u00f4t, une volont\u00e9 de se retrouver soi-m\u00eame, de s\u2019aligner avec ses valeurs&nbsp;?<\/strong><\/p>\n\n\n\n<p><strong>Difficile \u00e0 dire, \u00e9videmment, mais l\u2019une des tendances de l\u2019entreprenariat f\u00e9minin pourrait \u00eatre aussi qu\u2019il se dirigerait peut-\u00eatre plus facilement vers des projets \u00e0 forte valeur soci\u00e9tale et \/ ou environnementale.<\/strong><\/p>\n\n\n\n<div class=\"wp-block-image\"><figure class=\"aligncenter size-full\"><img loading=\"lazy\" decoding=\"async\" width=\"750\" height=\"500\" src=\"https:\/\/www.lively.brussels\/wp-content\/uploads\/2022\/04\/2022-04-15-LIVELY-POST_FEMININ_Entrepreneuses_12.jpg\" alt=\"\" class=\"wp-image-6070\" srcset=\"https:\/\/www.lively.brussels\/wp-content\/uploads\/2022\/04\/2022-04-15-LIVELY-POST_FEMININ_Entrepreneuses_12.jpg 750w, https:\/\/www.lively.brussels\/wp-content\/uploads\/2022\/04\/2022-04-15-LIVELY-POST_FEMININ_Entrepreneuses_12-300x200.jpg 300w, https:\/\/www.lively.brussels\/wp-content\/uploads\/2022\/04\/2022-04-15-LIVELY-POST_FEMININ_Entrepreneuses_12-610x407.jpg 610w, https:\/\/www.lively.brussels\/wp-content\/uploads\/2022\/04\/2022-04-15-LIVELY-POST_FEMININ_Entrepreneuses_12-640x427.jpg 640w\" sizes=\"auto, (max-width: 750px) 100vw, 750px\" \/><figcaption><strong><a href=\"https:\/\/www.lively.brussels\/index.php\/2021\/07\/02\/la-transition-a-la-parole\/\" target=\"_blank\" rel=\"noreferrer noopener\">Agnieszka Kazimierczuk re\u00e7oit le Prix greenlab.brussels 2021 des mains de Barabara Trachte pour son projet PyroLoop<\/a><\/strong>. <br>Source : <a href=\"https:\/\/hub.brussels\/fr\/\" target=\"_blank\" rel=\"noreferrer noopener\">hub.brussels<\/a><\/figcaption><\/figure><\/div>\n\n\n\n<p><strong>Pour \u00c9lise Boon, il est naturellement impossible de fournir une r\u00e9ponse d\u00e9finitive \u00e0 cette question, mais ce qu\u2019elle constate, c\u2019est que l\u2019entreprenariat f\u00e9minin conna\u00eet une forte croissance et que ce pourrait \u00eatre li\u00e9 \u00e0 cette volont\u00e9 de s\u2019engager.<\/strong><\/p>\n\n\n\n<blockquote class=\"wp-block-quote is-layout-flow wp-block-quote-is-layout-flow\"><p><em>\u00ab&nbsp;Je pense qu\u2019il y a peut-\u00eatre effectivement derri\u00e8re ce mouvement une urgence d\u2019agir, une urgence climatique, une volont\u00e9 de changer notre r\u00f4le dans le monde et dans le monde du travail, une volont\u00e9 de faire des choses avec plus de sens&nbsp;\u00bb.<\/em><\/p><cite><a href=\"https:\/\/www.lively.brussels\/index.php\/2022\/04\/18\/collectif-creatif\/\" target=\"_blank\" rel=\"noreferrer noopener\">\u00c9lise Boon, cr\u00e9atrice de Fais-Le Toi-M\u00eame<\/a><\/cite><\/blockquote>\n\n\n\n<p><em>\u00ab&nbsp;Mais \u00e9videmment, \u00e7a pourrait tout \u00e0 fait \u00eatre le cas pour l\u2019entrepreneuriat masculin.<\/em><\/p>\n\n\n\n<p><strong><em>Apr\u00e8s, je crois qu\u2019il y a quand m\u00eame aussi des valeurs sur l\u2019artisanat o\u00f9 les femmes sont peut-\u00eatre plus attir\u00e9es, une volont\u00e9 de trouver plus de sens dans ce qu\u2019on fait, \u00e7a, c\u2019est certain. <\/em><br><\/strong><em>Mais pareil, je ne pourrais pas forc\u00e9ment dire que c\u2019est typiquement f\u00e9minin&nbsp;\u00bb.<\/em><\/p>\n\n\n\n<div class=\"wp-block-image\"><figure class=\"aligncenter size-full\"><img loading=\"lazy\" decoding=\"async\" width=\"750\" height=\"500\" src=\"https:\/\/www.lively.brussels\/wp-content\/uploads\/2022\/04\/2022-04-15-LIVELY-POST_102-106.jpg\" alt=\"\" class=\"wp-image-6075\" srcset=\"https:\/\/www.lively.brussels\/wp-content\/uploads\/2022\/04\/2022-04-15-LIVELY-POST_102-106.jpg 750w, https:\/\/www.lively.brussels\/wp-content\/uploads\/2022\/04\/2022-04-15-LIVELY-POST_102-106-300x200.jpg 300w, https:\/\/www.lively.brussels\/wp-content\/uploads\/2022\/04\/2022-04-15-LIVELY-POST_102-106-610x407.jpg 610w, https:\/\/www.lively.brussels\/wp-content\/uploads\/2022\/04\/2022-04-15-LIVELY-POST_102-106-640x427.jpg 640w\" sizes=\"auto, (max-width: 750px) 100vw, 750px\" \/><figcaption><strong><a href=\"https:\/\/www.lively.brussels\/index.php\/2022\/04\/18\/collectif-creatif\/\" target=\"_blank\" rel=\"noreferrer noopener\">L&rsquo;artisanat cr\u00e9atif chez Fais-Le Toi-M\u00eame !<br><\/a><\/strong>Source : <a href=\"https:\/\/www.facebook.com\/fltmbxl\/photos\/?ref=page_internal\" target=\"_blank\" rel=\"noreferrer noopener\">Fais-Le Toi-M\u00eame<\/a><\/figcaption><\/figure><\/div>\n\n\n\n<p><strong>Pour Murielle Eyletters, il y a l\u00e0 peut-\u00eatre une sp\u00e9cificit\u00e9 de l\u2019entreprenariat f\u00e9minin, mais qui pourrait tout autant \u00eatre g\u00e9n\u00e9rationnelle&nbsp;:<\/strong><\/p>\n\n\n\n<blockquote class=\"wp-block-quote is-layout-flow wp-block-quote-is-layout-flow\"><p><em>\u00ab&nbsp;Peut \u00eatre effectivement qu\u2019il y a dans l\u2019entreprenariat f\u00e9minin un attrait vers la durabilit\u00e9 et les questions environnementales. <\/em><br><em>Et il est possible que cette tendance soit li\u00e9e \u00e0 notre c\u00f4t\u00e9 f\u00e9minin et \u00e0 notre c\u00f4t\u00e9 m\u00e8re, \u00e0 la conscience de ce que l\u2019on va l\u00e9guer \u00e0 nos enfants. <\/em><br><em>Et qu\u2019on est y peut-\u00eatre plus attentif. <\/em><br><br><em>Cela \u00e9tant, quand on regarde par exemple les manifestations pour le climat, c\u2019est sans doute plut\u00f4t une tendance g\u00e9n\u00e9rationnelle.&nbsp;\u00bb.<\/em><\/p><cite>Murielle Eyletters, fondatrice d\u2019<a href=\"https:\/\/www.lively.brussels\/index.php\/2022\/04\/16\/des-branches-dans-la-ville\/\" target=\"_blank\" rel=\"noreferrer noopener\">Aliwen et m\u00e9decin des arbres<\/a><\/cite><\/blockquote>\n\n\n\n<div class=\"wp-block-image\"><figure class=\"aligncenter size-full\"><img loading=\"lazy\" decoding=\"async\" width=\"750\" height=\"500\" src=\"https:\/\/www.lively.brussels\/wp-content\/uploads\/2022\/04\/2021-08-31-LIVELY-POST_65-2.jpg\" alt=\"\" class=\"wp-image-6080\" srcset=\"https:\/\/www.lively.brussels\/wp-content\/uploads\/2022\/04\/2021-08-31-LIVELY-POST_65-2.jpg 750w, https:\/\/www.lively.brussels\/wp-content\/uploads\/2022\/04\/2021-08-31-LIVELY-POST_65-2-300x200.jpg 300w, https:\/\/www.lively.brussels\/wp-content\/uploads\/2022\/04\/2021-08-31-LIVELY-POST_65-2-610x407.jpg 610w, https:\/\/www.lively.brussels\/wp-content\/uploads\/2022\/04\/2021-08-31-LIVELY-POST_65-2-640x427.jpg 640w\" sizes=\"auto, (max-width: 750px) 100vw, 750px\" \/><figcaption><a href=\"https:\/\/www.flickr.com\/photos\/350org\/43645323585\" target=\"_blank\" rel=\"noreferrer noopener\">Marche pour le Climat \u2013 Paris 2018 \u2013 Source : 350.org<\/a><\/figcaption><\/figure><\/div>\n\n\n\n<hr class=\"wp-block-separator\"\/>\n\n\n\n<h2 class=\"wp-block-heading\"><strong>Entrepreneu\u00b7r\u00b7e\u00b7s durables avant tout<\/strong><\/h2>\n\n\n\n<p><strong>Sujet compliqu\u00e9, bien s\u00fbr, et qui ne donne \u00e9videmment pas lieu \u00e0 de grandes conclusions cat\u00e9goriques et d\u00e9finitives.<br>Heureusement d\u2019ailleurs.<\/strong><\/p>\n\n\n\n<p><strong>Parce qu\u2019avant d\u2019\u00eatre des femmes et des hommes, nous sommes nous-m\u00eames, des individus uniques avec nos valeurs, nos ambitions et nos d\u00e9sirs. <br>Nos espoirs, nos r\u00e9ussites et nos \u00e9checs.<\/strong><\/p>\n\n\n\n<p><strong>Et, fondamentalement, c\u2019est ce que nos trois entrepreneuses ont tenu \u00e0 souligner.<\/strong><\/p>\n\n\n\n<p>M\u00eame si des tendances et des sensibilit\u00e9s existent dans les relations des femmes et des hommes vers l\u2019entreprenariat durable, elles ne sont ni mesurables, ni absolues.<\/p>\n\n\n\n<p><strong>Par contre, une chose est certaine, c\u2019est que derri\u00e8re cet entreprenariat durable, il y a des valeurs fortes, individuelles et collectives, qui sont absolument essentielles.<\/strong><\/p>\n\n\n\n<p><strong>Et que tout doit \u00eatre fait pour que les femmes, qui ne repr\u00e9sentent que 30 % des entrepreneu\u00b7r\u00b7e\u00b7s bruxellois\u00b7e\u00b7s aujourd\u2019hui, y aient une place au moins \u00e9gale \u00e0 celle des hommes.<\/strong><\/p>\n\n\n\n<p><strong>Pour le b\u00e9n\u00e9fice de tous.<\/strong><\/p>\n\n\n\n<div class=\"wp-block-image\"><figure class=\"aligncenter size-full\"><a href=\"https:\/\/www.lively.brussels\/index.php\/2022\/04\/18\/collectif-creatif\/\" target=\"_blank\" rel=\"noopener\" class=\"img-link\"><img loading=\"lazy\" decoding=\"async\" width=\"750\" height=\"500\" src=\"https:\/\/www.lively.brussels\/wp-content\/uploads\/2022\/04\/2022-04-15-LIVELY-POST_FEMININ_Entrepreneuses_1.jpg\" alt=\"\" class=\"wp-image-6083\" srcset=\"https:\/\/www.lively.brussels\/wp-content\/uploads\/2022\/04\/2022-04-15-LIVELY-POST_FEMININ_Entrepreneuses_1.jpg 750w, https:\/\/www.lively.brussels\/wp-content\/uploads\/2022\/04\/2022-04-15-LIVELY-POST_FEMININ_Entrepreneuses_1-300x200.jpg 300w, https:\/\/www.lively.brussels\/wp-content\/uploads\/2022\/04\/2022-04-15-LIVELY-POST_FEMININ_Entrepreneuses_1-610x407.jpg 610w, https:\/\/www.lively.brussels\/wp-content\/uploads\/2022\/04\/2022-04-15-LIVELY-POST_FEMININ_Entrepreneuses_1-640x427.jpg 640w\" sizes=\"auto, (max-width: 750px) 100vw, 750px\" \/><\/a><figcaption>Entrepreneuse joyeuse et engag\u00e9e chez Fais-Le-Toi-M\u00eame. <br>Source : <a href=\"https:\/\/www.facebook.com\/fltmbxl\/photos\/3183939618485760\/\" target=\"_blank\" rel=\"noreferrer noopener\">Fais-Le-Toi-M\u00eame<\/a><\/figcaption><\/figure><\/div>\n\n\n\n<hr class=\"wp-block-separator\"\/>\n\n\n\n<p><strong>Photo A la Une :<\/strong> <a href=\"https:\/\/www.facebook.com\/delfeadesign\/\" target=\"_blank\" rel=\"noreferrer noopener\">Delfea <\/a><\/p>\n\n\n\n<hr class=\"wp-block-separator\"\/>\n\n\n\n<p class=\"has-text-align-center has-small-font-size\">Cet article a \u00e9t\u00e9 r\u00e9alis\u00e9 en partenariat avec&nbsp;<br><a href=\"https:\/\/hub.brussels\/fr\/\" target=\"_blank\" rel=\"noreferrer noopener\">hub.brussels, l\u2019agence bruxelloise des entreprises.<\/a><\/p>\n\n\n\n<div class=\"wp-block-image\"><figure class=\"aligncenter size-full is-resized\"><a href=\"https:\/\/hub.brussels\/fr\/\" target=\"_blank\" rel=\"noopener\" class=\"img-link\"><img loading=\"lazy\" decoding=\"async\" src=\"https:\/\/www.lively.brussels\/wp-content\/uploads\/2021\/12\/HUB_LIVELY-1.png\" alt=\"\" class=\"wp-image-5520\" width=\"250\" height=\"116\" srcset=\"https:\/\/www.lively.brussels\/wp-content\/uploads\/2021\/12\/HUB_LIVELY-1.png 500w, https:\/\/www.lively.brussels\/wp-content\/uploads\/2021\/12\/HUB_LIVELY-1-300x139.png 300w\" sizes=\"auto, (max-width: 250px) 100vw, 250px\" \/><\/a><\/figure><\/div>\n\n\n\n<hr class=\"wp-block-separator\"\/>\n\n\n\n<div class=\"wp-block-image\"><figure class=\"aligncenter size-full is-resized\"><img loading=\"lazy\" decoding=\"async\" src=\"https:\/\/www.lively.brussels\/wp-content\/uploads\/2021\/12\/by-nc-sa.eu_-300x105-2.png\" alt=\"\" class=\"wp-image-5425\" width=\"225\" height=\"79\"\/><\/figure><\/div>\n\n\n\n<p class=\"has-text-align-center has-small-font-size\"><a href=\"https:\/\/www.lively.brussels\/index.php\/2020\/09\/30\/creative-come-on\/\" target=\"_blank\" rel=\"noreferrer noopener\">Cet article est sous Licence Creative Commons.<\/a><br>Vous \u00eates libre de le r\u00e9utiliser (en mentionnant l\u2019auteur \u2013 BY) mais pas pour un usage commercial (NC) et pour le partager dans les m\u00eames conditions (SA).<br><a href=\"https:\/\/creativecommons.org\/licenses\/?lang=fr\" target=\"_blank\" rel=\"noreferrer noopener\">All about Creative Commons<\/a><\/p>\n","protected":false},"excerpt":{"rendered":"<p>Episode 3 \u2013 L\u2019entreprenariat f\u00e9minin <\/p>\n","protected":false},"author":2,"featured_media":6025,"comment_status":"open","ping_status":"closed","sticky":false,"template":"","format":"standard","meta":{"ngg_post_thumbnail":0,"footnotes":""},"categories":[114],"tags":[253,252,307,273],"class_list":["post-6024","post","type-post","status-publish","format-standard","has-post-thumbnail","hentry","category-a-la-une","tag-creativite","tag-entreprenariat","tag-entreprenariat-feminin","tag-transition","entry-card--landscape"],"yoast_head":"<!-- This site is optimized with the Yoast SEO plugin v27.2 - https:\/\/yoast.com\/product\/yoast-seo-wordpress\/ -->\n<title>Transition, \u00e9cof\u00e9minisme et entreprenariat &#060; LIVELY - Le WebMag de l&#039;\u00e9conomie circulaire<\/title>\n<meta name=\"description\" content=\"Le Webmagazine de l&#039;\u00e9conomie circulaire \u00e0 Bruxelles, de la transition \u00e9conomique et de la durabilit\u00e9.\" \/>\n<meta name=\"robots\" content=\"index, follow, max-snippet:-1, max-image-preview:large, max-video-preview:-1\" \/>\n<link rel=\"canonical\" href=\"https:\/\/www.lively.brussels\/index.php\/2023\/07\/14\/transition-ecofeminisme-et-entreprenariat-3\/\" \/>\n<meta property=\"og:locale\" content=\"fr_FR\" \/>\n<meta property=\"og:type\" content=\"article\" \/>\n<meta property=\"og:title\" content=\"Transition, \u00e9cof\u00e9minisme et entreprenariat &#060; LIVELY - Le WebMag de l&#039;\u00e9conomie circulaire\" \/>\n<meta property=\"og:description\" content=\"Le Webmagazine de l&#039;\u00e9conomie circulaire \u00e0 Bruxelles, de la transition \u00e9conomique et de la durabilit\u00e9.\" \/>\n<meta property=\"og:url\" content=\"https:\/\/www.lively.brussels\/index.php\/2023\/07\/14\/transition-ecofeminisme-et-entreprenariat-3\/\" \/>\n<meta property=\"og:site_name\" content=\"LIVELY - Le WebMag de l&#039;\u00e9conomie circulaire\" \/>\n<meta property=\"article:publisher\" content=\"https:\/\/www.facebook.com\/LivelyBrussels\/\" \/>\n<meta property=\"article:published_time\" content=\"2023-07-14T18:00:07+00:00\" \/>\n<meta property=\"article:modified_time\" content=\"2023-08-28T10:25:54+00:00\" \/>\n<meta property=\"og:image\" content=\"https:\/\/www.lively.brussels\/wp-content\/uploads\/2022\/04\/2022-04-15-LIVELY-POST_FEMININ_Entrepreneuses_2.jpg\" \/>\n\t<meta property=\"og:image:width\" content=\"750\" \/>\n\t<meta property=\"og:image:height\" content=\"500\" \/>\n\t<meta property=\"og:image:type\" content=\"image\/jpeg\" \/>\n<meta name=\"author\" content=\"Dan\" \/>\n<meta name=\"twitter:card\" content=\"summary_large_image\" \/>\n<meta name=\"twitter:creator\" content=\"@BrusselsLively\" \/>\n<meta name=\"twitter:site\" content=\"@BrusselsLively\" \/>\n<meta name=\"twitter:label1\" content=\"\u00c9crit par\" \/>\n\t<meta name=\"twitter:data1\" content=\"Dan\" \/>\n\t<meta name=\"twitter:label2\" content=\"Dur\u00e9e de lecture estim\u00e9e\" \/>\n\t<meta name=\"twitter:data2\" content=\"12 minutes\" \/>\n<script type=\"application\/ld+json\" class=\"yoast-schema-graph\">{\"@context\":\"https:\/\/schema.org\",\"@graph\":[{\"@type\":\"Article\",\"@id\":\"https:\/\/www.lively.brussels\/index.php\/2023\/07\/14\/transition-ecofeminisme-et-entreprenariat-3\/#article\",\"isPartOf\":{\"@id\":\"https:\/\/www.lively.brussels\/index.php\/2023\/07\/14\/transition-ecofeminisme-et-entreprenariat-3\/\"},\"author\":{\"name\":\"Dan\",\"@id\":\"https:\/\/www.lively.brussels\/#\/schema\/person\/27b8da6d7e6a73c586858220b3689813\"},\"headline\":\"Transition, \u00e9cof\u00e9minisme et entreprenariat\",\"datePublished\":\"2023-07-14T18:00:07+00:00\",\"dateModified\":\"2023-08-28T10:25:54+00:00\",\"mainEntityOfPage\":{\"@id\":\"https:\/\/www.lively.brussels\/index.php\/2023\/07\/14\/transition-ecofeminisme-et-entreprenariat-3\/\"},\"wordCount\":2076,\"commentCount\":0,\"publisher\":{\"@id\":\"https:\/\/www.lively.brussels\/#organization\"},\"image\":{\"@id\":\"https:\/\/www.lively.brussels\/index.php\/2023\/07\/14\/transition-ecofeminisme-et-entreprenariat-3\/#primaryimage\"},\"thumbnailUrl\":\"https:\/\/www.lively.brussels\/wp-content\/uploads\/2022\/04\/2022-04-15-LIVELY-POST_FEMININ_Entrepreneuses_2.jpg\",\"keywords\":[\"Cr\u00e9ativit\u00e9\",\"Entreprenariat\",\"Entreprenariat f\u00e9minin\",\"Transition\"],\"articleSection\":[\"\u00c0 LA UNE\"],\"inLanguage\":\"fr-FR\",\"potentialAction\":[{\"@type\":\"CommentAction\",\"name\":\"Comment\",\"target\":[\"https:\/\/www.lively.brussels\/index.php\/2023\/07\/14\/transition-ecofeminisme-et-entreprenariat-3\/#respond\"]}]},{\"@type\":\"WebPage\",\"@id\":\"https:\/\/www.lively.brussels\/index.php\/2023\/07\/14\/transition-ecofeminisme-et-entreprenariat-3\/\",\"url\":\"https:\/\/www.lively.brussels\/index.php\/2023\/07\/14\/transition-ecofeminisme-et-entreprenariat-3\/\",\"name\":\"Transition, \u00e9cof\u00e9minisme et entreprenariat &#060; LIVELY - Le WebMag de l&#039;\u00e9conomie circulaire\",\"isPartOf\":{\"@id\":\"https:\/\/www.lively.brussels\/#website\"},\"primaryImageOfPage\":{\"@id\":\"https:\/\/www.lively.brussels\/index.php\/2023\/07\/14\/transition-ecofeminisme-et-entreprenariat-3\/#primaryimage\"},\"image\":{\"@id\":\"https:\/\/www.lively.brussels\/index.php\/2023\/07\/14\/transition-ecofeminisme-et-entreprenariat-3\/#primaryimage\"},\"thumbnailUrl\":\"https:\/\/www.lively.brussels\/wp-content\/uploads\/2022\/04\/2022-04-15-LIVELY-POST_FEMININ_Entrepreneuses_2.jpg\",\"datePublished\":\"2023-07-14T18:00:07+00:00\",\"dateModified\":\"2023-08-28T10:25:54+00:00\",\"description\":\"Le Webmagazine de l'\u00e9conomie circulaire \u00e0 Bruxelles, de la transition \u00e9conomique et de la durabilit\u00e9.\",\"breadcrumb\":{\"@id\":\"https:\/\/www.lively.brussels\/index.php\/2023\/07\/14\/transition-ecofeminisme-et-entreprenariat-3\/#breadcrumb\"},\"inLanguage\":\"fr-FR\",\"potentialAction\":[{\"@type\":\"ReadAction\",\"target\":[\"https:\/\/www.lively.brussels\/index.php\/2023\/07\/14\/transition-ecofeminisme-et-entreprenariat-3\/\"]}]},{\"@type\":\"ImageObject\",\"inLanguage\":\"fr-FR\",\"@id\":\"https:\/\/www.lively.brussels\/index.php\/2023\/07\/14\/transition-ecofeminisme-et-entreprenariat-3\/#primaryimage\",\"url\":\"https:\/\/www.lively.brussels\/wp-content\/uploads\/2022\/04\/2022-04-15-LIVELY-POST_FEMININ_Entrepreneuses_2.jpg\",\"contentUrl\":\"https:\/\/www.lively.brussels\/wp-content\/uploads\/2022\/04\/2022-04-15-LIVELY-POST_FEMININ_Entrepreneuses_2.jpg\",\"width\":750,\"height\":500},{\"@type\":\"BreadcrumbList\",\"@id\":\"https:\/\/www.lively.brussels\/index.php\/2023\/07\/14\/transition-ecofeminisme-et-entreprenariat-3\/#breadcrumb\",\"itemListElement\":[{\"@type\":\"ListItem\",\"position\":1,\"name\":\"Accueil\",\"item\":\"https:\/\/www.lively.brussels\/\"},{\"@type\":\"ListItem\",\"position\":2,\"name\":\"Transition, \u00e9cof\u00e9minisme et entreprenariat\"}]},{\"@type\":\"WebSite\",\"@id\":\"https:\/\/www.lively.brussels\/#website\",\"url\":\"https:\/\/www.lively.brussels\/\",\"name\":\"LIVELY - Le WebMag de l&#039;\u00e9conomie circulaire\",\"description\":\"Pour tout savoir de l&#039;\u00e9conomie circulaire \u00e0 Bruxelles, en Belgique et dans le reste de l&#039;univers\",\"publisher\":{\"@id\":\"https:\/\/www.lively.brussels\/#organization\"},\"potentialAction\":[{\"@type\":\"SearchAction\",\"target\":{\"@type\":\"EntryPoint\",\"urlTemplate\":\"https:\/\/www.lively.brussels\/?s={search_term_string}\"},\"query-input\":{\"@type\":\"PropertyValueSpecification\",\"valueRequired\":true,\"valueName\":\"search_term_string\"}}],\"inLanguage\":\"fr-FR\"},{\"@type\":\"Organization\",\"@id\":\"https:\/\/www.lively.brussels\/#organization\",\"name\":\"Sense Brussels SCRL\",\"url\":\"https:\/\/www.lively.brussels\/\",\"logo\":{\"@type\":\"ImageObject\",\"inLanguage\":\"fr-FR\",\"@id\":\"https:\/\/www.lively.brussels\/#\/schema\/logo\/image\/\",\"url\":\"https:\/\/www.lively.brussels\/wp-content\/uploads\/2020\/08\/Lively_Favicon.jpg\",\"contentUrl\":\"https:\/\/www.lively.brussels\/wp-content\/uploads\/2020\/08\/Lively_Favicon.jpg\",\"width\":134,\"height\":134,\"caption\":\"Sense Brussels SCRL\"},\"image\":{\"@id\":\"https:\/\/www.lively.brussels\/#\/schema\/logo\/image\/\"},\"sameAs\":[\"https:\/\/www.facebook.com\/LivelyBrussels\/\",\"https:\/\/x.com\/BrusselsLively\",\"https:\/\/www.instagram.com\/livelybrussels\/\",\"https:\/\/www.linkedin.com\/company\/lively-brussels\"]},{\"@type\":\"Person\",\"@id\":\"https:\/\/www.lively.brussels\/#\/schema\/person\/27b8da6d7e6a73c586858220b3689813\",\"name\":\"Dan\",\"image\":{\"@type\":\"ImageObject\",\"inLanguage\":\"fr-FR\",\"@id\":\"https:\/\/secure.gravatar.com\/avatar\/1c44b4e64c6affe7d245ec199692d5edbd481f3147a0239eef7565f0ac162043?s=96&d=mm&r=g\",\"url\":\"https:\/\/secure.gravatar.com\/avatar\/1c44b4e64c6affe7d245ec199692d5edbd481f3147a0239eef7565f0ac162043?s=96&d=mm&r=g\",\"contentUrl\":\"https:\/\/secure.gravatar.com\/avatar\/1c44b4e64c6affe7d245ec199692d5edbd481f3147a0239eef7565f0ac162043?s=96&d=mm&r=g\",\"caption\":\"Dan\"},\"url\":\"https:\/\/www.lively.brussels\/index.php\/author\/remade_dan\/\"}]}<\/script>\n<!-- \/ Yoast SEO plugin. -->","yoast_head_json":{"title":"Transition, \u00e9cof\u00e9minisme et entreprenariat &#060; LIVELY - Le WebMag de l&#039;\u00e9conomie circulaire","description":"Le Webmagazine de l'\u00e9conomie circulaire \u00e0 Bruxelles, de la transition \u00e9conomique et de la durabilit\u00e9.","robots":{"index":"index","follow":"follow","max-snippet":"max-snippet:-1","max-image-preview":"max-image-preview:large","max-video-preview":"max-video-preview:-1"},"canonical":"https:\/\/www.lively.brussels\/index.php\/2023\/07\/14\/transition-ecofeminisme-et-entreprenariat-3\/","og_locale":"fr_FR","og_type":"article","og_title":"Transition, \u00e9cof\u00e9minisme et entreprenariat &#060; LIVELY - Le WebMag de l&#039;\u00e9conomie circulaire","og_description":"Le Webmagazine de l'\u00e9conomie circulaire \u00e0 Bruxelles, de la transition \u00e9conomique et de la durabilit\u00e9.","og_url":"https:\/\/www.lively.brussels\/index.php\/2023\/07\/14\/transition-ecofeminisme-et-entreprenariat-3\/","og_site_name":"LIVELY - Le WebMag de l&#039;\u00e9conomie circulaire","article_publisher":"https:\/\/www.facebook.com\/LivelyBrussels\/","article_published_time":"2023-07-14T18:00:07+00:00","article_modified_time":"2023-08-28T10:25:54+00:00","og_image":[{"width":750,"height":500,"url":"https:\/\/www.lively.brussels\/wp-content\/uploads\/2022\/04\/2022-04-15-LIVELY-POST_FEMININ_Entrepreneuses_2.jpg","type":"image\/jpeg"}],"author":"Dan","twitter_card":"summary_large_image","twitter_creator":"@BrusselsLively","twitter_site":"@BrusselsLively","twitter_misc":{"\u00c9crit par":"Dan","Dur\u00e9e de lecture estim\u00e9e":"12 minutes"},"schema":{"@context":"https:\/\/schema.org","@graph":[{"@type":"Article","@id":"https:\/\/www.lively.brussels\/index.php\/2023\/07\/14\/transition-ecofeminisme-et-entreprenariat-3\/#article","isPartOf":{"@id":"https:\/\/www.lively.brussels\/index.php\/2023\/07\/14\/transition-ecofeminisme-et-entreprenariat-3\/"},"author":{"name":"Dan","@id":"https:\/\/www.lively.brussels\/#\/schema\/person\/27b8da6d7e6a73c586858220b3689813"},"headline":"Transition, \u00e9cof\u00e9minisme et entreprenariat","datePublished":"2023-07-14T18:00:07+00:00","dateModified":"2023-08-28T10:25:54+00:00","mainEntityOfPage":{"@id":"https:\/\/www.lively.brussels\/index.php\/2023\/07\/14\/transition-ecofeminisme-et-entreprenariat-3\/"},"wordCount":2076,"commentCount":0,"publisher":{"@id":"https:\/\/www.lively.brussels\/#organization"},"image":{"@id":"https:\/\/www.lively.brussels\/index.php\/2023\/07\/14\/transition-ecofeminisme-et-entreprenariat-3\/#primaryimage"},"thumbnailUrl":"https:\/\/www.lively.brussels\/wp-content\/uploads\/2022\/04\/2022-04-15-LIVELY-POST_FEMININ_Entrepreneuses_2.jpg","keywords":["Cr\u00e9ativit\u00e9","Entreprenariat","Entreprenariat f\u00e9minin","Transition"],"articleSection":["\u00c0 LA UNE"],"inLanguage":"fr-FR","potentialAction":[{"@type":"CommentAction","name":"Comment","target":["https:\/\/www.lively.brussels\/index.php\/2023\/07\/14\/transition-ecofeminisme-et-entreprenariat-3\/#respond"]}]},{"@type":"WebPage","@id":"https:\/\/www.lively.brussels\/index.php\/2023\/07\/14\/transition-ecofeminisme-et-entreprenariat-3\/","url":"https:\/\/www.lively.brussels\/index.php\/2023\/07\/14\/transition-ecofeminisme-et-entreprenariat-3\/","name":"Transition, \u00e9cof\u00e9minisme et entreprenariat &#060; LIVELY - Le WebMag de l&#039;\u00e9conomie circulaire","isPartOf":{"@id":"https:\/\/www.lively.brussels\/#website"},"primaryImageOfPage":{"@id":"https:\/\/www.lively.brussels\/index.php\/2023\/07\/14\/transition-ecofeminisme-et-entreprenariat-3\/#primaryimage"},"image":{"@id":"https:\/\/www.lively.brussels\/index.php\/2023\/07\/14\/transition-ecofeminisme-et-entreprenariat-3\/#primaryimage"},"thumbnailUrl":"https:\/\/www.lively.brussels\/wp-content\/uploads\/2022\/04\/2022-04-15-LIVELY-POST_FEMININ_Entrepreneuses_2.jpg","datePublished":"2023-07-14T18:00:07+00:00","dateModified":"2023-08-28T10:25:54+00:00","description":"Le Webmagazine de l'\u00e9conomie circulaire \u00e0 Bruxelles, de la transition \u00e9conomique et de la durabilit\u00e9.","breadcrumb":{"@id":"https:\/\/www.lively.brussels\/index.php\/2023\/07\/14\/transition-ecofeminisme-et-entreprenariat-3\/#breadcrumb"},"inLanguage":"fr-FR","potentialAction":[{"@type":"ReadAction","target":["https:\/\/www.lively.brussels\/index.php\/2023\/07\/14\/transition-ecofeminisme-et-entreprenariat-3\/"]}]},{"@type":"ImageObject","inLanguage":"fr-FR","@id":"https:\/\/www.lively.brussels\/index.php\/2023\/07\/14\/transition-ecofeminisme-et-entreprenariat-3\/#primaryimage","url":"https:\/\/www.lively.brussels\/wp-content\/uploads\/2022\/04\/2022-04-15-LIVELY-POST_FEMININ_Entrepreneuses_2.jpg","contentUrl":"https:\/\/www.lively.brussels\/wp-content\/uploads\/2022\/04\/2022-04-15-LIVELY-POST_FEMININ_Entrepreneuses_2.jpg","width":750,"height":500},{"@type":"BreadcrumbList","@id":"https:\/\/www.lively.brussels\/index.php\/2023\/07\/14\/transition-ecofeminisme-et-entreprenariat-3\/#breadcrumb","itemListElement":[{"@type":"ListItem","position":1,"name":"Accueil","item":"https:\/\/www.lively.brussels\/"},{"@type":"ListItem","position":2,"name":"Transition, \u00e9cof\u00e9minisme et entreprenariat"}]},{"@type":"WebSite","@id":"https:\/\/www.lively.brussels\/#website","url":"https:\/\/www.lively.brussels\/","name":"LIVELY - Le WebMag de l&#039;\u00e9conomie circulaire","description":"Pour tout savoir de l&#039;\u00e9conomie circulaire \u00e0 Bruxelles, en Belgique et dans le reste de l&#039;univers","publisher":{"@id":"https:\/\/www.lively.brussels\/#organization"},"potentialAction":[{"@type":"SearchAction","target":{"@type":"EntryPoint","urlTemplate":"https:\/\/www.lively.brussels\/?s={search_term_string}"},"query-input":{"@type":"PropertyValueSpecification","valueRequired":true,"valueName":"search_term_string"}}],"inLanguage":"fr-FR"},{"@type":"Organization","@id":"https:\/\/www.lively.brussels\/#organization","name":"Sense Brussels SCRL","url":"https:\/\/www.lively.brussels\/","logo":{"@type":"ImageObject","inLanguage":"fr-FR","@id":"https:\/\/www.lively.brussels\/#\/schema\/logo\/image\/","url":"https:\/\/www.lively.brussels\/wp-content\/uploads\/2020\/08\/Lively_Favicon.jpg","contentUrl":"https:\/\/www.lively.brussels\/wp-content\/uploads\/2020\/08\/Lively_Favicon.jpg","width":134,"height":134,"caption":"Sense Brussels SCRL"},"image":{"@id":"https:\/\/www.lively.brussels\/#\/schema\/logo\/image\/"},"sameAs":["https:\/\/www.facebook.com\/LivelyBrussels\/","https:\/\/x.com\/BrusselsLively","https:\/\/www.instagram.com\/livelybrussels\/","https:\/\/www.linkedin.com\/company\/lively-brussels"]},{"@type":"Person","@id":"https:\/\/www.lively.brussels\/#\/schema\/person\/27b8da6d7e6a73c586858220b3689813","name":"Dan","image":{"@type":"ImageObject","inLanguage":"fr-FR","@id":"https:\/\/secure.gravatar.com\/avatar\/1c44b4e64c6affe7d245ec199692d5edbd481f3147a0239eef7565f0ac162043?s=96&d=mm&r=g","url":"https:\/\/secure.gravatar.com\/avatar\/1c44b4e64c6affe7d245ec199692d5edbd481f3147a0239eef7565f0ac162043?s=96&d=mm&r=g","contentUrl":"https:\/\/secure.gravatar.com\/avatar\/1c44b4e64c6affe7d245ec199692d5edbd481f3147a0239eef7565f0ac162043?s=96&d=mm&r=g","caption":"Dan"},"url":"https:\/\/www.lively.brussels\/index.php\/author\/remade_dan\/"}]}},"_links":{"self":[{"href":"https:\/\/www.lively.brussels\/index.php\/wp-json\/wp\/v2\/posts\/6024","targetHints":{"allow":["GET"]}}],"collection":[{"href":"https:\/\/www.lively.brussels\/index.php\/wp-json\/wp\/v2\/posts"}],"about":[{"href":"https:\/\/www.lively.brussels\/index.php\/wp-json\/wp\/v2\/types\/post"}],"author":[{"embeddable":true,"href":"https:\/\/www.lively.brussels\/index.php\/wp-json\/wp\/v2\/users\/2"}],"replies":[{"embeddable":true,"href":"https:\/\/www.lively.brussels\/index.php\/wp-json\/wp\/v2\/comments?post=6024"}],"version-history":[{"count":44,"href":"https:\/\/www.lively.brussels\/index.php\/wp-json\/wp\/v2\/posts\/6024\/revisions"}],"predecessor-version":[{"id":6207,"href":"https:\/\/www.lively.brussels\/index.php\/wp-json\/wp\/v2\/posts\/6024\/revisions\/6207"}],"wp:featuredmedia":[{"embeddable":true,"href":"https:\/\/www.lively.brussels\/index.php\/wp-json\/wp\/v2\/media\/6025"}],"wp:attachment":[{"href":"https:\/\/www.lively.brussels\/index.php\/wp-json\/wp\/v2\/media?parent=6024"}],"wp:term":[{"taxonomy":"category","embeddable":true,"href":"https:\/\/www.lively.brussels\/index.php\/wp-json\/wp\/v2\/categories?post=6024"},{"taxonomy":"post_tag","embeddable":true,"href":"https:\/\/www.lively.brussels\/index.php\/wp-json\/wp\/v2\/tags?post=6024"}],"curies":[{"name":"wp","href":"https:\/\/api.w.org\/{rel}","templated":true}]}}