{"id":6264,"date":"2023-06-10T12:37:45","date_gmt":"2023-06-10T12:37:45","guid":{"rendered":"https:\/\/www.lively.brussels\/?p=6264"},"modified":"2023-08-28T10:24:01","modified_gmt":"2023-08-28T10:24:01","slug":"la-grande-transition-bruxelloise","status":"publish","type":"post","link":"https:\/\/www.lively.brussels\/index.php\/2023\/06\/10\/la-grande-transition-bruxelloise\/","title":{"rendered":"La Grande Transition Bruxelloise"},"content":{"rendered":"\n<p><strong>Ch\u00e8res lectrices et chers lecteurs de Lively,<br>Vous l\u2019aurez, bien s\u00fbr, compris \u00e0 la lecture de votre webmagazine favori, les initiatives en faveur d\u2019un d\u00e9veloppement \u00e9conomique ancr\u00e9 dans la durabilit\u00e9 et la circularit\u00e9 se multiplient \u00e0 Bruxelles.<\/strong><\/p>\n\n\n\n<p><strong>Bien s\u00fbr, on pourrait se dire\u00a0: <\/strong><br><strong>\u00ab\u00a0<em>Ah, oui, c\u2019est sympa, il se passe des trucs. Des boutiques bio, des livraisons en v\u00e9lo, des gentils chevelus qui font des meubles en r\u00e9cup\u2026\u00a0<\/em><br><em>Tous ces petits jeunes qui s\u2019engagent, c\u2019est chouette<\/em>\u00a0\u00bb.<\/strong><\/p>\n\n\n\n<p><strong>Eh bien, non.<br>Si c\u2019est chouette, bien s\u00fbr.<br>Mais non, ce qui se passe \u00e0 Bruxelles, c\u2019est beaucoup plus que \u00e7a.<\/strong><\/p>\n\n\n\n<p><strong>Objectivement, chiffres et faits \u00e0 l\u2019appui, Bruxelles est une r\u00e9gion tr\u00e8s clairement en avance en Europe et dans le monde sur les questions de durabilit\u00e9 et de transformation de l\u2019\u00e9conomie vers plus de vertu et moins de carbone.<\/strong><\/p>\n\n\n\n<p>Et cette r\u00e9alit\u00e9 objective, elle se concr\u00e9tise effectivement par la multitude d\u2019initiatives qui \u00e9closent chaque jour dans notre belle capitale. <br><strong>Il se passe vraiment beaucoup, beaucoup de choses int\u00e9ressantes.<\/strong><br>Tout autour de nous, un incroyable foisonnement d\u2019id\u00e9es, de cr\u00e9ativit\u00e9 et de projets.<\/p>\n\n\n\n<p><strong>Mais surtout, ce qui fait de notre belle capitale une r\u00e9gion en avance sur ces sujets de durabilit\u00e9, c\u2019est qu\u2019\u00e0 Bruxelles, cette Grande Transition, c\u2019est aujourd\u2019hui un v\u00e9ritable projet politique, une vision forte et claire, une strat\u00e9gie ambitieuse et m\u00fbrement r\u00e9fl\u00e9chie port\u00e9e par une Secr\u00e9taire d\u2019Etat engag\u00e9e, Barbara Trachte, et un gouvernement volontariste.<\/strong><\/p>\n\n\n\n<p><strong>Et cette vision de la Grande Transition Bruxelloise, elle a m\u00eame un nom, des objectifs et un programme d\u2019actions.<\/strong><\/p>\n\n\n\n<p><strong><a href=\"https:\/\/shiftingeconomy.brussels\/\" target=\"_blank\" rel=\"noreferrer noopener\">C\u2019est la Shifting Economy de Bruxelles.<\/a><\/strong><\/p>\n\n\n<div class=\"wp-block-image\">\n<figure class=\"aligncenter size-full\"><a href=\"https:\/\/shiftingeconomy.brussels\/\" target=\"_blank\" rel=\"noreferrer noopener\" class=\"img-link\"><img loading=\"lazy\" decoding=\"async\" width=\"572\" height=\"134\" src=\"https:\/\/www.lively.brussels\/wp-content\/uploads\/2022\/09\/LOGO_Shifting_Economy.jpg\" alt=\"\" class=\"wp-image-6268\" srcset=\"https:\/\/www.lively.brussels\/wp-content\/uploads\/2022\/09\/LOGO_Shifting_Economy.jpg 572w, https:\/\/www.lively.brussels\/wp-content\/uploads\/2022\/09\/LOGO_Shifting_Economy-300x70.jpg 300w\" sizes=\"auto, (max-width: 572px) 100vw, 572px\" \/><\/a><\/figure>\n<\/div>\n\n\n<p><strong>Explications.<\/strong><\/p>\n\n\n\n<hr class=\"wp-block-separator has-alpha-channel-opacity\"\/>\n\n\n\n<h2 class=\"wp-block-heading\"><strong>Un v\u00e9ritable projet politique<\/strong><\/h2>\n\n\n\n<p><strong>Si l\u2019on peut parler ici d\u2019un projet politique authentique et m\u00fbrement r\u00e9fl\u00e9chi, c\u2019est clairement pour plusieurs raisons.<\/strong><\/p>\n\n\n\n<p><strong>\u00c0 commencer par une d\u00e9finition claire de ce que doit \u00eatre cette Transition \u00e9conomique (Shifting Economy) et qui, pour le coup, est limpide et qui est ainsi pos\u00e9e\u00a0:<\/strong><\/p>\n\n\n\n<blockquote class=\"wp-block-quote is-layout-flow wp-block-quote-is-layout-flow\"><p>\u00ab\u00a0<em>La Transition \u00e9conomique, c\u2019est la transformation progressive des activit\u00e9s \u00e9conomiques bruxelloises dans la perspective de contribuer aux d\u00e9fis sociaux et environnementaux locaux et globaux ainsi qu\u2019\u00e0 la cr\u00e9ation et au maintien d\u2019emploi de qualit\u00e9 pour les Bruxellois. <\/em><\/p><p><em>Pour permettre cette transformation, les soutiens \u00e9conomiques seront r\u00e9orient\u00e9s afin que l\u2019activit\u00e9 \u00e9conomique soit r\u00e9ancr\u00e9e territorialement et ait une finalit\u00e9 soci\u00e9tale.<\/em> \u00bb<\/p><cite>Source : <a href=\"https:\/\/shiftingeconomy.brussels\/wp-content\/uploads\/2022\/04\/ShiftingEconomy-Brochure-FR.pdf\" target=\"_blank\" rel=\"noreferrer noopener\">STRAT\u00c9GIE R\u00c9GIONALE DE TRANSITION \u00c9CONOMIQUE 2022 &#8211; 2030<\/a><\/cite><\/blockquote>\n\n\n<div class=\"wp-block-image\">\n<figure class=\"aligncenter size-full\"><img loading=\"lazy\" decoding=\"async\" width=\"750\" height=\"500\" src=\"https:\/\/www.lively.brussels\/wp-content\/uploads\/2022\/09\/2022-09-07-LIVELY-POST_106-Shifting-Economy_3.jpg\" alt=\"\" class=\"wp-image-6282\" srcset=\"https:\/\/www.lively.brussels\/wp-content\/uploads\/2022\/09\/2022-09-07-LIVELY-POST_106-Shifting-Economy_3.jpg 750w, https:\/\/www.lively.brussels\/wp-content\/uploads\/2022\/09\/2022-09-07-LIVELY-POST_106-Shifting-Economy_3-300x200.jpg 300w, https:\/\/www.lively.brussels\/wp-content\/uploads\/2022\/09\/2022-09-07-LIVELY-POST_106-Shifting-Economy_3-610x407.jpg 610w, https:\/\/www.lively.brussels\/wp-content\/uploads\/2022\/09\/2022-09-07-LIVELY-POST_106-Shifting-Economy_3-640x427.jpg 640w\" sizes=\"auto, (max-width: 750px) 100vw, 750px\" \/><figcaption>Une vision port\u00e9e et partag\u00e9e par les principales institutions bruxelloises. <\/figcaption><\/figure>\n<\/div>\n\n\n<p><strong>C\u2019est clair, c\u2019est complet, c\u2019est coh\u00e9rent. Et c\u2019est admirable.<br>Nous, en tout cas, \u00e7a nous va tr\u00e8s bien.<\/strong><\/p>\n\n\n\n<p>Maintenant, si ce n\u2019\u00e9tait que cela, ce pourrait \u00eatre juste une belle d\u00e9finition, des mots plaisants sans valeur r\u00e9elle.<br><strong>Ce qu\u2019il faut pour r\u00e9aliser cette vision, c\u2019est un cap clairement affirm\u00e9, une strat\u00e9gie et un plan d\u2019actions.<\/strong><\/p>\n\n\n\n<p><strong>Eh bien, l\u00e0-aussi, la Transition \u00e9conomique (Shifting Economy) bruxelloise est bien dot\u00e9e.<\/strong><\/p>\n\n\n\n<p>Le cap, tout d\u2019abord. <br><strong>Il est effectivement \u00e9tabli avec un objectif \u00e0 la fois ambitieux et incontournable\u00a0: la neutralit\u00e9 carbone des activit\u00e9s \u00e9conomiques bruxelloises \u00e0 l\u2019horizon 2050.<\/strong><\/p>\n\n\n\n<p>Auquel sont associ\u00e9es deux \u00e9tapes interm\u00e9diaires&nbsp;:<\/p>\n\n\n\n<ul class=\"wp-block-list\"><li><strong>2024 :<\/strong> les entreprises d\u00e9j\u00e0 inscrites dans une d\u00e9marche de transition \u00e9conomique ou qui sont exemplaires sur le plan social ou environnemental b\u00e9n\u00e9ficieront d\u2019une majoration des aides \u00e9conomiques.<\/li><li><strong>2030 :<\/strong> tous les outils \u00e9conomiques de la R\u00e9gion seront r\u00e9orient\u00e9s pour qu\u2019ils se concentrent sur le soutien aux entreprises qui auront fait le choix de l\u2019exemplarit\u00e9 sociale et environnementale.<\/li><\/ul>\n\n\n<div class=\"wp-block-image\">\n<figure class=\"aligncenter size-full\"><img loading=\"lazy\" decoding=\"async\" width=\"750\" height=\"500\" src=\"https:\/\/www.lively.brussels\/wp-content\/uploads\/2022\/09\/2022-09-07-LIVELY-POST_106-Shifting-Economy_5.jpg\" alt=\"\" class=\"wp-image-6274\" srcset=\"https:\/\/www.lively.brussels\/wp-content\/uploads\/2022\/09\/2022-09-07-LIVELY-POST_106-Shifting-Economy_5.jpg 750w, https:\/\/www.lively.brussels\/wp-content\/uploads\/2022\/09\/2022-09-07-LIVELY-POST_106-Shifting-Economy_5-300x200.jpg 300w, https:\/\/www.lively.brussels\/wp-content\/uploads\/2022\/09\/2022-09-07-LIVELY-POST_106-Shifting-Economy_5-610x407.jpg 610w, https:\/\/www.lively.brussels\/wp-content\/uploads\/2022\/09\/2022-09-07-LIVELY-POST_106-Shifting-Economy_5-640x427.jpg 640w\" sizes=\"auto, (max-width: 750px) 100vw, 750px\" \/><figcaption>La transition \u00e0 Bruxelles est d\u00e9j\u00e0 en mouvement. <br>Source : <a href=\"https:\/\/economie-emploi.brussels\/news-green-deal\" target=\"_blank\" rel=\"noreferrer noopener\">Bruxelles Economie Emploi<\/a><\/figcaption><\/figure>\n<\/div>\n\n\n<p>On l\u2019aura compris, le Gouvernement bruxellois a \u00e9t\u00e9 assez malin pour, d\u2019une part, privil\u00e9gier les outils et instruments qui sont entre ces mains, et, d\u2019autre part, pour privil\u00e9gier les encouragements aux entreprises (la carotte) plut\u00f4t que les sanctions (le b\u00e2ton).<br><strong>\u00c0 nouveau, on peut constater une r\u00e9elle coh\u00e9rence et la volont\u00e9 de stimuler, encourager et soutenir les acteurs \u00e9conomiques qui s\u2019engagent sur cette voie.\u00a0<\/strong><\/p>\n\n\n\n<hr class=\"wp-block-separator has-alpha-channel-opacity\"\/>\n\n\n\n<h2 class=\"wp-block-heading\"><strong>Une strat\u00e9gie compl\u00e8te et bien pens\u00e9e<\/strong><\/h2>\n\n\n\n<p><strong>On a la vision, on a le cap. <br>Se pose maintenant la question du comment.<\/strong><\/p>\n\n\n\n<p><strong>Et l\u00e0 aussi, le projet de Transition \u00e9conomique (Shifting Economy) \u00e0 la bruxelloise fournit des r\u00e9ponses cr\u00e9dibles.<\/strong><\/p>\n\n\n\n<p><strong>En termes d\u2019objectifs op\u00e9rationnels, tout d\u2019abord. <br>C\u2019est ainsi que cette vision devrait \u00eatre atteinte par le biais des 4 objectifs concrets (et cumulatifs) suivants\u00a0:<\/strong><\/p>\n\n\n\n<ol class=\"wp-block-list\" type=\"1\"><li><strong>Cr\u00e9er des nouvelles opportunit\u00e9s \u00e9conomiques<\/strong> pour les entrepreneurs actifs en R\u00e9gion bruxelloise et assurer la prosp\u00e9rit\u00e9 \u00e9conomique de la R\u00e9gion ainsi que la cr\u00e9ation d\u2019emplois.<br><\/li><li><strong>Pr\u00e9server le capital naturel, localement et globalement.<\/strong> Cela implique de coconstruire une \u00e9conomie qui soit progressivement plus sobre dans l\u2019utilisation des ressources naturelles, qui devienne circulaire et d\u00e9carbon\u00e9e afin de r\u00e9pondre aux d\u00e9fis climatiques globaux. Ultimement, elle deviendra r\u00e9g\u00e9n\u00e9rative.<br><\/li><li><strong>Pr\u00e9server l\u2019humain, en favorisant la cr\u00e9ation et le maintien d\u2019emplois de qualit\u00e9<\/strong> pour les Bruxellois\u00b7e\u00b7s, une distribution juste et \u00e9quitable des gains \u00e9conomiques, l\u2019inclusion et la gouvernance participative en entreprise.<br><\/li><li><strong>R\u00e9pondre aux fonctions vitales du territoire et aux besoins mat\u00e9riels des Bruxellois\u00b7e\u00b7s<\/strong> en d\u00e9veloppant une \u00e9conomie locale, forte de ses composantes marchandes et non marchandes, \u00e0 l\u2019autonomie renforc\u00e9e et ouverte sur le monde qui attire les investisseurs \u00e9trangers, qui met en avant l\u2019expertise des entreprises bruxelloises et l\u2019exportation de biens et services et de connaissances permettant d\u2019essaimer l\u2019\u00e9conomie \u00e0 impact vers d\u2019autres territoires et, enfin, qui est connect\u00e9e avec son hinterland et sa dimension m\u00e9tropolitaine.<\/li><\/ol>\n\n\n\n<p>Vous appr\u00e9cierez comme moi, je pense, <strong>le juste \u00e9quilibre affich\u00e9 dans ces objectifs entre dynamisme \u00e9conomique et entreprenariat d\u2019une part, et prise en compte du bien-\u00eatre de la population, d\u2019autre part.<\/strong><\/p>\n\n\n\n<p><strong>On est clairement dans de la durabilit\u00e9 bien comprise.<\/strong><\/p>\n\n\n<div class=\"wp-block-image\">\n<figure class=\"aligncenter size-full\"><a href=\"https:\/\/donut.brussels\/\" target=\"_blank\" rel=\"noreferrer noopener\" class=\"img-link\"><img loading=\"lazy\" decoding=\"async\" width=\"600\" height=\"600\" src=\"https:\/\/www.lively.brussels\/wp-content\/uploads\/2022\/09\/VISUEL2_Tekengebied-1-owvep6ozbsx3pvvmkrcmwb00bhfys1dwj7d1jzi2r4.png\" alt=\"\" class=\"wp-image-6278\" srcset=\"https:\/\/www.lively.brussels\/wp-content\/uploads\/2022\/09\/VISUEL2_Tekengebied-1-owvep6ozbsx3pvvmkrcmwb00bhfys1dwj7d1jzi2r4.png 600w, https:\/\/www.lively.brussels\/wp-content\/uploads\/2022\/09\/VISUEL2_Tekengebied-1-owvep6ozbsx3pvvmkrcmwb00bhfys1dwj7d1jzi2r4-300x300.png 300w, https:\/\/www.lively.brussels\/wp-content\/uploads\/2022\/09\/VISUEL2_Tekengebied-1-owvep6ozbsx3pvvmkrcmwb00bhfys1dwj7d1jzi2r4-150x150.png 150w, https:\/\/www.lively.brussels\/wp-content\/uploads\/2022\/09\/VISUEL2_Tekengebied-1-owvep6ozbsx3pvvmkrcmwb00bhfys1dwj7d1jzi2r4-500x500.png 500w\" sizes=\"auto, (max-width: 600px) 100vw, 600px\" \/><\/a><figcaption>Une vision qui s&rsquo;inscrit avec coh\u00e9rence <a href=\"https:\/\/donut.brussels\/\" target=\"_blank\" rel=\"noreferrer noopener\">dans le Donuts bruxellois. <\/a><\/figcaption><\/figure>\n<\/div>\n\n\n<hr class=\"wp-block-separator has-alpha-channel-opacity\"\/>\n\n\n\n<h2 class=\"wp-block-heading\"><strong>Des leviers pour changer les choses<\/strong><\/h2>\n\n\n\n<p><strong>Consciente des outils et instruments \u00e0 sa disposition pour r\u00e9aliser ces objectifs, la R\u00e9gion bruxelloise a, par ailleurs, d\u00e9termin\u00e9 les leviers et champs d\u2019actions qui sont les siens.<\/strong><\/p>\n\n\n\n<p><strong>Et ce sont \u00e9videmment sur ces leviers qu\u2019elle entend peser pour accompagner cette Grande Transition qui nous concerne tous. <br>En substance, la R\u00e9gion interviendra sur les axes suivants\u00a0:<\/strong><\/p>\n\n\n\n<ol class=\"wp-block-list\" type=\"1\"><li><strong>Le d\u00e9veloppement d\u2019un \u00e9cosyst\u00e8me favorable<\/strong> \u00e0 l\u2019entreprenariat<br><\/li><li><strong>Le financement <\/strong>des entreprises<br><\/li><li><strong>L\u2019accompagnement<\/strong> des entreprises<br><\/li><li><strong>L\u2019h\u00e9bergement<\/strong> des entreprises<br><\/li><li><strong>Des march\u00e9s publics durables<\/strong>, innovants et pro-PME<br><\/li><li><strong>Le soutien \u00e0 l\u2019innovation <\/strong>et \u00e0 la R&amp;D (Recherche &amp; D\u00e9veloppement)<br><\/li><li><strong>Le soutien \u00e0 l\u2019entreprenariat social et d\u00e9mocratique<\/strong> (et notamment \u00e0 la forme coop\u00e9rative)<\/li><\/ol>\n\n\n\n<p><strong>L\u00e0-aussi, une belle gommette pour la coh\u00e9rence et la logique du projet\u00a0: la R\u00e9gion bruxelloise ne s\u2019engage que sur les leviers qui sont entre ces mains. <\/strong><br>Aucune promesse d\u00e9magogique n\u2019est prise au nom des entreprises elles-m\u00eames.<\/p>\n\n\n<div class=\"wp-block-image\">\n<figure class=\"aligncenter size-full\"><img loading=\"lazy\" decoding=\"async\" width=\"750\" height=\"500\" src=\"https:\/\/www.lively.brussels\/wp-content\/uploads\/2022\/09\/2022-09-07-LIVELY-POST_106-Shifting-Economy_2.jpg\" alt=\"\" class=\"wp-image-6271\" srcset=\"https:\/\/www.lively.brussels\/wp-content\/uploads\/2022\/09\/2022-09-07-LIVELY-POST_106-Shifting-Economy_2.jpg 750w, https:\/\/www.lively.brussels\/wp-content\/uploads\/2022\/09\/2022-09-07-LIVELY-POST_106-Shifting-Economy_2-300x200.jpg 300w, https:\/\/www.lively.brussels\/wp-content\/uploads\/2022\/09\/2022-09-07-LIVELY-POST_106-Shifting-Economy_2-610x407.jpg 610w, https:\/\/www.lively.brussels\/wp-content\/uploads\/2022\/09\/2022-09-07-LIVELY-POST_106-Shifting-Economy_2-640x427.jpg 640w\" sizes=\"auto, (max-width: 750px) 100vw, 750px\" \/><figcaption>Une vision politique forte notamment port\u00e9e et pr\u00e9sent\u00e9e par Barbara Trachte, Secr\u00e9taire d\u2019\u00c9tat en charge de la Transition \u00e9conomique et recherche scientifique<\/figcaption><\/figure>\n<\/div>\n\n\n<p><strong>Et cette position est tr\u00e8s bien assum\u00e9e par l\u2019initiatrice de ce grand projet, la Secr\u00e9taire d\u2019Etat, Barbara Trachte\u00a0:<\/strong><\/p>\n\n\n\n<blockquote class=\"wp-block-quote is-layout-flow wp-block-quote-is-layout-flow\"><p>\u00ab\u00a0<em>Au cours des derni\u00e8res ann\u00e9es, les situations sanitaire et internationale ont eu pour cons\u00e9quences de nous confronter brutalement aux limites de notre mod\u00e8le \u00e9conomique mondialis\u00e9. <\/em><\/p><p><em>Si on y ajoute le changement climatique en cours et la rar\u00e9faction des ressources, nous nous apercevons que nous sommes devenus trop d\u00e9pendants de facteurs externes que nous ne ma\u00eetrisons pas.<\/em><\/p><p><em>Or, nous avons des moyens d\u2019agir\u00a0: c\u2019est le r\u00f4le des pouvoirs publics de catalyser le d\u00e9veloppement d\u2019une \u00e9conomie prosp\u00e8re qui respecte les limites de l\u2019Humain et de la Nature. Une \u00e9conomie qui \u00a0respecte le plancher social tout en n\u2019outrepassant pas le plafond environnemental. <\/em><br><em>Et qui, \u00e0 terme, les r\u00e9g\u00e9n\u00e8re gr\u00e2ce \u00e0 sa capacit\u00e9 d\u2019innovation.<\/em>\u00a0\u00bb<\/p><cite>Barbara Trachte, Secr\u00e9taire d\u2019\u00c9tat en charge de la Transition \u00e9conomique et recherche scientifique<\/cite><\/blockquote>\n\n\n\n<p><strong>\u00c0 propos de ces leviers d\u2019actions, aoutons, et c\u2019est bien s\u00fbr essentiel, que pour chacun de ces axes de travail, des dispositions et actions tr\u00e8s concr\u00e8tes sont d\u00e9finies. <\/strong><br>Nous ne vous les listerons pas ici parce que c\u2019est un peu long mais <a href=\"https:\/\/shiftingeconomy.brussels\/wp-content\/uploads\/2022\/04\/ShiftingEconomy-Brochure-FR.pdf\" target=\"_blank\" rel=\"noreferrer noopener\">vous les trouverez dans le d\u00e9tail \u00e0 la lecture de la Strat\u00e9gie r\u00e9gionale compl\u00e8te<\/a>. <\/p>\n\n\n\n<p><strong>En deux mots, pour atteindre cet horizon bienheureux, tout le monde est sur le pont.<br>Et donc, bravo aussi pour \u00e7a.<\/strong><\/p>\n\n\n\n<hr class=\"wp-block-separator has-alpha-channel-opacity\"\/>\n\n\n\n<h2 class=\"wp-block-heading\"><strong>\u00c7a a d\u00e9j\u00e0 commenc\u00e9<\/strong><\/h2>\n\n\n\n<p><strong>OK. Je sais ce que vous vous dites<\/strong> : <strong>\u00ab\u00a0<em>Ouais, c\u2019est sympa. Il va se passer des trucs et on va dans le bon sens. <\/em><br><em>C\u2019est chouette. <\/em><br><em>Et maintenant je peux retourner bosser \/ lire \/ dormir \/ jouer aux Lego \/ finir l\u2019ap\u00e9ro \/ Etc.<\/em>\u00a0\u00bb <\/strong><br>(Biffer la mention inutile)<\/p>\n\n\n\n<p><strong>Eh bien, je vous dis non. <br><\/strong>Pas encore.<br><strong>Parce qu\u2019en fait, cette super-strat\u00e9gie de la Grande Transition \u00e0 la bruxelloise qui emm\u00e8ne et concerne tout le monde \u00e0 grands coups de mesures de soutien et d\u2019encouragement\u2026 elle est d\u00e9j\u00e0 l\u00e0.<\/strong><\/p>\n\n\n<div class=\"wp-block-image\">\n<figure class=\"aligncenter size-full\"><img loading=\"lazy\" decoding=\"async\" width=\"750\" height=\"500\" src=\"https:\/\/www.lively.brussels\/wp-content\/uploads\/2022\/09\/2022-09-07-LIVELY-POST_106-Shifting-Economy_6.jpg\" alt=\"\" class=\"wp-image-6287\" srcset=\"https:\/\/www.lively.brussels\/wp-content\/uploads\/2022\/09\/2022-09-07-LIVELY-POST_106-Shifting-Economy_6.jpg 750w, https:\/\/www.lively.brussels\/wp-content\/uploads\/2022\/09\/2022-09-07-LIVELY-POST_106-Shifting-Economy_6-300x200.jpg 300w, https:\/\/www.lively.brussels\/wp-content\/uploads\/2022\/09\/2022-09-07-LIVELY-POST_106-Shifting-Economy_6-610x407.jpg 610w, https:\/\/www.lively.brussels\/wp-content\/uploads\/2022\/09\/2022-09-07-LIVELY-POST_106-Shifting-Economy_6-640x427.jpg 640w\" sizes=\"auto, (max-width: 750px) 100vw, 750px\" \/><figcaption><a href=\"https:\/\/bigh.farm\/fr\/home\/\" target=\"_blank\" rel=\"noreferrer noopener\">BIGH Farm,<\/a> l&rsquo;un des acteurs embl\u00e9mantiques de la Grande Transition bruxelloise. <\/figcaption><\/figure>\n<\/div>\n\n\n<p><strong>\u00c7a a d\u00e9j\u00e0 commenc\u00e9.<\/strong><\/p>\n\n\n\n<p><a href=\"https:\/\/shiftingeconomy.brussels\/appels-a-projets\/\" target=\"_blank\" rel=\"noreferrer noopener\">Avec une premi\u00e8re s\u00e9rie d\u2019appels \u00e0 projets, hyper s\u00e9duisants et int\u00e9ressants que vous devez vraiment aller voir. <br>C\u2019est ici, c\u2019est maintenant et c\u2019est des magnifiques opportunit\u00e9s pour celles et ceux qui veulent faire bouger Bruxelles<\/a>. <\/p>\n\n\n\n<hr class=\"wp-block-separator has-alpha-channel-opacity\"\/>\n\n\n\n<h2 class=\"wp-block-heading\"><strong>On a de la chance<\/strong><\/h2>\n\n\n\n<p>\u00c9videmment, le risque pour nous, c\u2019est qu\u2019\u00e0 la lecture d\u2019un tel article, vous finissiez par consid\u00e9rer votre webmagazine favori comme un instrument de propagande \u00e0 la solde du Gouvernement.<\/p>\n\n\n\n<p><strong>C\u2019est vrai qu\u2019on est pour le moins positif et admiratif. <br><\/strong>Je le reconnais.<\/p>\n\n\n\n<p>Mais, franchement, nous, on pense qu\u2019il y a de quoi.<\/p>\n\n\n\n<p><strong>Il nous semble, en effet, que nous avons une chance rare, celle de disposer d\u2019un gouvernement r\u00e9gional (qui n\u2019\u0153uvre bien s\u00fbr qu\u2019\u00e0 la hauteur de ces comp\u00e9tences) qui\u00a0:<\/strong><\/p>\n\n\n\n<ul class=\"wp-block-list\"><li><strong>A une vraie conscience des enjeux <\/strong>\u00e9cologiques, climatiques et soci\u00e9taux actuels.<\/li><li><strong>A compris qu\u2019on ne changerait les choses qu\u2019avec les acteurs concern\u00e9s<\/strong>, et, en particulier les entreprises, en les accompagnant et en les soutenant.<\/li><li><strong>Est parvenu \u00e0 construire un vrai projet de soci\u00e9t\u00e9 <\/strong>durable pour les Bruxellois\u00b7e\u00b7s.<\/li><\/ul>\n\n\n\n<p><strong>Reconnaissons-le, toutes les r\u00e9gions et tous les pays du monde n\u2019ont pas cette chance.<\/strong><\/p>\n\n\n\n<p><strong>Merci \u00e0 toutes et tous\u00a0!<br>Et vive Bruxelles\u00a0!<\/strong><\/p>\n\n\n\n<hr class=\"wp-block-separator has-alpha-channel-opacity\"\/>\n\n\n\n<p class=\"has-text-align-center has-small-font-size\">Cet article a \u00e9t\u00e9 r\u00e9alis\u00e9 en partenariat<br>avec\u00a0<a href=\"https:\/\/hub.brussels\/fr\/\" target=\"_blank\" rel=\"noreferrer noopener\">hub.brussels, l\u2019agence bruxelloise des entreprises.<\/a><\/p>\n\n\n<div class=\"wp-block-image\">\n<figure class=\"aligncenter size-full is-resized\"><a href=\"https:\/\/hub.brussels\/\" target=\"_blank\" rel=\"noreferrer noopener\" class=\"img-link\"><img loading=\"lazy\" decoding=\"async\" src=\"https:\/\/www.lively.brussels\/wp-content\/uploads\/2021\/12\/HUB_LIVELY-2.png\" alt=\"\" class=\"wp-image-5521\" width=\"375\" height=\"173\" srcset=\"https:\/\/www.lively.brussels\/wp-content\/uploads\/2021\/12\/HUB_LIVELY-2.png 500w, https:\/\/www.lively.brussels\/wp-content\/uploads\/2021\/12\/HUB_LIVELY-2-300x139.png 300w\" sizes=\"auto, (max-width: 375px) 100vw, 375px\" \/><\/a><\/figure>\n<\/div>\n\n\n<hr class=\"wp-block-separator has-alpha-channel-opacity\"\/>\n\n\n<div class=\"wp-block-image\">\n<figure class=\"aligncenter size-full is-resized\"><img loading=\"lazy\" decoding=\"async\" src=\"https:\/\/www.lively.brussels\/wp-content\/uploads\/2021\/12\/by-nc-sa.eu_-300x105-3.png\" alt=\"\" class=\"wp-image-5523\" width=\"225\" height=\"79\"\/><\/figure>\n<\/div>\n\n\n<p class=\"has-text-align-center has-small-font-size\"><a href=\"https:\/\/www.lively.brussels\/index.php\/2020\/09\/30\/creative-come-on\/\" target=\"_blank\" rel=\"noreferrer noopener\">Cet article est sous Licence Creative Commons.<\/a><br>Vous \u00eates libre de le r\u00e9utiliser (en mentionnant l\u2019auteur \u2013 BY) mais pas pour un usage commercial (NC) et pour le partager dans les m\u00eames conditions (SA).<br><a href=\"https:\/\/creativecommons.org\/licenses\/?lang=fr\" target=\"_blank\" rel=\"noreferrer noopener\">All about Creative Commons<\/a><\/p>\n","protected":false},"excerpt":{"rendered":"<p>\u00c7a y est, c\u2019est parti !<\/p>\n","protected":false},"author":2,"featured_media":6265,"comment_status":"open","ping_status":"open","sticky":false,"template":"","format":"standard","meta":{"ngg_post_thumbnail":0,"footnotes":""},"categories":[265],"tags":[],"class_list":["post-6264","post","type-post","status-publish","format-standard","has-post-thumbnail","hentry","category-a-new-world","entry-card--landscape"],"yoast_head":"<!-- This site is optimized with the Yoast SEO plugin v27.2 - https:\/\/yoast.com\/product\/yoast-seo-wordpress\/ -->\n<title>La Grande Transition Bruxelloise &#060; LIVELY - Le WebMag de l&#039;\u00e9conomie circulaire<\/title>\n<meta name=\"description\" content=\"Le Webmagazine de l&#039;\u00e9conomie circulaire \u00e0 Bruxelles, de la transition \u00e9conomique et de la durabilit\u00e9.\" \/>\n<meta name=\"robots\" content=\"index, follow, max-snippet:-1, max-image-preview:large, max-video-preview:-1\" \/>\n<link rel=\"canonical\" href=\"https:\/\/www.lively.brussels\/index.php\/2023\/06\/10\/la-grande-transition-bruxelloise\/\" \/>\n<meta property=\"og:locale\" content=\"fr_FR\" \/>\n<meta property=\"og:type\" content=\"article\" \/>\n<meta property=\"og:title\" content=\"La Grande Transition Bruxelloise &#060; LIVELY - Le WebMag de l&#039;\u00e9conomie circulaire\" \/>\n<meta property=\"og:description\" content=\"Le Webmagazine de l&#039;\u00e9conomie circulaire \u00e0 Bruxelles, de la transition \u00e9conomique et de la durabilit\u00e9.\" \/>\n<meta property=\"og:url\" content=\"https:\/\/www.lively.brussels\/index.php\/2023\/06\/10\/la-grande-transition-bruxelloise\/\" \/>\n<meta property=\"og:site_name\" content=\"LIVELY - Le WebMag de l&#039;\u00e9conomie circulaire\" \/>\n<meta property=\"article:publisher\" content=\"https:\/\/www.facebook.com\/LivelyBrussels\/\" \/>\n<meta property=\"article:published_time\" content=\"2023-06-10T12:37:45+00:00\" \/>\n<meta property=\"article:modified_time\" content=\"2023-08-28T10:24:01+00:00\" \/>\n<meta property=\"og:image\" content=\"https:\/\/www.lively.brussels\/wp-content\/uploads\/2022\/09\/2022-09-07-LIVELY-POST_106-Shifting-Economy_1.jpg\" \/>\n\t<meta property=\"og:image:width\" content=\"750\" \/>\n\t<meta property=\"og:image:height\" content=\"500\" \/>\n\t<meta property=\"og:image:type\" content=\"image\/jpeg\" \/>\n<meta name=\"author\" content=\"Dan\" \/>\n<meta name=\"twitter:card\" content=\"summary_large_image\" \/>\n<meta name=\"twitter:creator\" content=\"@BrusselsLively\" \/>\n<meta name=\"twitter:site\" content=\"@BrusselsLively\" \/>\n<meta name=\"twitter:label1\" content=\"\u00c9crit par\" \/>\n\t<meta name=\"twitter:data1\" content=\"Dan\" \/>\n\t<meta name=\"twitter:label2\" content=\"Dur\u00e9e de lecture estim\u00e9e\" \/>\n\t<meta name=\"twitter:data2\" content=\"9 minutes\" \/>\n<script type=\"application\/ld+json\" class=\"yoast-schema-graph\">{\"@context\":\"https:\/\/schema.org\",\"@graph\":[{\"@type\":\"Article\",\"@id\":\"https:\/\/www.lively.brussels\/index.php\/2023\/06\/10\/la-grande-transition-bruxelloise\/#article\",\"isPartOf\":{\"@id\":\"https:\/\/www.lively.brussels\/index.php\/2023\/06\/10\/la-grande-transition-bruxelloise\/\"},\"author\":{\"name\":\"Dan\",\"@id\":\"https:\/\/www.lively.brussels\/#\/schema\/person\/27b8da6d7e6a73c586858220b3689813\"},\"headline\":\"La Grande Transition Bruxelloise\",\"datePublished\":\"2023-06-10T12:37:45+00:00\",\"dateModified\":\"2023-08-28T10:24:01+00:00\",\"mainEntityOfPage\":{\"@id\":\"https:\/\/www.lively.brussels\/index.php\/2023\/06\/10\/la-grande-transition-bruxelloise\/\"},\"wordCount\":1871,\"commentCount\":0,\"publisher\":{\"@id\":\"https:\/\/www.lively.brussels\/#organization\"},\"image\":{\"@id\":\"https:\/\/www.lively.brussels\/index.php\/2023\/06\/10\/la-grande-transition-bruxelloise\/#primaryimage\"},\"thumbnailUrl\":\"https:\/\/www.lively.brussels\/wp-content\/uploads\/2022\/09\/2022-09-07-LIVELY-POST_106-Shifting-Economy_1.jpg\",\"articleSection\":[\"A NEW WORLD\"],\"inLanguage\":\"fr-FR\",\"potentialAction\":[{\"@type\":\"CommentAction\",\"name\":\"Comment\",\"target\":[\"https:\/\/www.lively.brussels\/index.php\/2023\/06\/10\/la-grande-transition-bruxelloise\/#respond\"]}]},{\"@type\":\"WebPage\",\"@id\":\"https:\/\/www.lively.brussels\/index.php\/2023\/06\/10\/la-grande-transition-bruxelloise\/\",\"url\":\"https:\/\/www.lively.brussels\/index.php\/2023\/06\/10\/la-grande-transition-bruxelloise\/\",\"name\":\"La Grande Transition Bruxelloise &#060; LIVELY - Le WebMag de l&#039;\u00e9conomie circulaire\",\"isPartOf\":{\"@id\":\"https:\/\/www.lively.brussels\/#website\"},\"primaryImageOfPage\":{\"@id\":\"https:\/\/www.lively.brussels\/index.php\/2023\/06\/10\/la-grande-transition-bruxelloise\/#primaryimage\"},\"image\":{\"@id\":\"https:\/\/www.lively.brussels\/index.php\/2023\/06\/10\/la-grande-transition-bruxelloise\/#primaryimage\"},\"thumbnailUrl\":\"https:\/\/www.lively.brussels\/wp-content\/uploads\/2022\/09\/2022-09-07-LIVELY-POST_106-Shifting-Economy_1.jpg\",\"datePublished\":\"2023-06-10T12:37:45+00:00\",\"dateModified\":\"2023-08-28T10:24:01+00:00\",\"description\":\"Le Webmagazine de l'\u00e9conomie circulaire \u00e0 Bruxelles, de la transition \u00e9conomique et de la durabilit\u00e9.\",\"breadcrumb\":{\"@id\":\"https:\/\/www.lively.brussels\/index.php\/2023\/06\/10\/la-grande-transition-bruxelloise\/#breadcrumb\"},\"inLanguage\":\"fr-FR\",\"potentialAction\":[{\"@type\":\"ReadAction\",\"target\":[\"https:\/\/www.lively.brussels\/index.php\/2023\/06\/10\/la-grande-transition-bruxelloise\/\"]}]},{\"@type\":\"ImageObject\",\"inLanguage\":\"fr-FR\",\"@id\":\"https:\/\/www.lively.brussels\/index.php\/2023\/06\/10\/la-grande-transition-bruxelloise\/#primaryimage\",\"url\":\"https:\/\/www.lively.brussels\/wp-content\/uploads\/2022\/09\/2022-09-07-LIVELY-POST_106-Shifting-Economy_1.jpg\",\"contentUrl\":\"https:\/\/www.lively.brussels\/wp-content\/uploads\/2022\/09\/2022-09-07-LIVELY-POST_106-Shifting-Economy_1.jpg\",\"width\":750,\"height\":500},{\"@type\":\"BreadcrumbList\",\"@id\":\"https:\/\/www.lively.brussels\/index.php\/2023\/06\/10\/la-grande-transition-bruxelloise\/#breadcrumb\",\"itemListElement\":[{\"@type\":\"ListItem\",\"position\":1,\"name\":\"Accueil\",\"item\":\"https:\/\/www.lively.brussels\/\"},{\"@type\":\"ListItem\",\"position\":2,\"name\":\"La Grande Transition Bruxelloise\"}]},{\"@type\":\"WebSite\",\"@id\":\"https:\/\/www.lively.brussels\/#website\",\"url\":\"https:\/\/www.lively.brussels\/\",\"name\":\"LIVELY - Le WebMag de l&#039;\u00e9conomie circulaire\",\"description\":\"Pour tout savoir de l&#039;\u00e9conomie circulaire \u00e0 Bruxelles, en Belgique et dans le reste de l&#039;univers\",\"publisher\":{\"@id\":\"https:\/\/www.lively.brussels\/#organization\"},\"potentialAction\":[{\"@type\":\"SearchAction\",\"target\":{\"@type\":\"EntryPoint\",\"urlTemplate\":\"https:\/\/www.lively.brussels\/?s={search_term_string}\"},\"query-input\":{\"@type\":\"PropertyValueSpecification\",\"valueRequired\":true,\"valueName\":\"search_term_string\"}}],\"inLanguage\":\"fr-FR\"},{\"@type\":\"Organization\",\"@id\":\"https:\/\/www.lively.brussels\/#organization\",\"name\":\"Sense Brussels SCRL\",\"url\":\"https:\/\/www.lively.brussels\/\",\"logo\":{\"@type\":\"ImageObject\",\"inLanguage\":\"fr-FR\",\"@id\":\"https:\/\/www.lively.brussels\/#\/schema\/logo\/image\/\",\"url\":\"https:\/\/www.lively.brussels\/wp-content\/uploads\/2020\/08\/Lively_Favicon.jpg\",\"contentUrl\":\"https:\/\/www.lively.brussels\/wp-content\/uploads\/2020\/08\/Lively_Favicon.jpg\",\"width\":134,\"height\":134,\"caption\":\"Sense Brussels SCRL\"},\"image\":{\"@id\":\"https:\/\/www.lively.brussels\/#\/schema\/logo\/image\/\"},\"sameAs\":[\"https:\/\/www.facebook.com\/LivelyBrussels\/\",\"https:\/\/x.com\/BrusselsLively\",\"https:\/\/www.instagram.com\/livelybrussels\/\",\"https:\/\/www.linkedin.com\/company\/lively-brussels\"]},{\"@type\":\"Person\",\"@id\":\"https:\/\/www.lively.brussels\/#\/schema\/person\/27b8da6d7e6a73c586858220b3689813\",\"name\":\"Dan\",\"image\":{\"@type\":\"ImageObject\",\"inLanguage\":\"fr-FR\",\"@id\":\"https:\/\/secure.gravatar.com\/avatar\/1c44b4e64c6affe7d245ec199692d5edbd481f3147a0239eef7565f0ac162043?s=96&d=mm&r=g\",\"url\":\"https:\/\/secure.gravatar.com\/avatar\/1c44b4e64c6affe7d245ec199692d5edbd481f3147a0239eef7565f0ac162043?s=96&d=mm&r=g\",\"contentUrl\":\"https:\/\/secure.gravatar.com\/avatar\/1c44b4e64c6affe7d245ec199692d5edbd481f3147a0239eef7565f0ac162043?s=96&d=mm&r=g\",\"caption\":\"Dan\"},\"url\":\"https:\/\/www.lively.brussels\/index.php\/author\/remade_dan\/\"}]}<\/script>\n<!-- \/ Yoast SEO plugin. -->","yoast_head_json":{"title":"La Grande Transition Bruxelloise &#060; LIVELY - Le WebMag de l&#039;\u00e9conomie circulaire","description":"Le Webmagazine de l'\u00e9conomie circulaire \u00e0 Bruxelles, de la transition \u00e9conomique et de la durabilit\u00e9.","robots":{"index":"index","follow":"follow","max-snippet":"max-snippet:-1","max-image-preview":"max-image-preview:large","max-video-preview":"max-video-preview:-1"},"canonical":"https:\/\/www.lively.brussels\/index.php\/2023\/06\/10\/la-grande-transition-bruxelloise\/","og_locale":"fr_FR","og_type":"article","og_title":"La Grande Transition Bruxelloise &#060; LIVELY - Le WebMag de l&#039;\u00e9conomie circulaire","og_description":"Le Webmagazine de l'\u00e9conomie circulaire \u00e0 Bruxelles, de la transition \u00e9conomique et de la durabilit\u00e9.","og_url":"https:\/\/www.lively.brussels\/index.php\/2023\/06\/10\/la-grande-transition-bruxelloise\/","og_site_name":"LIVELY - Le WebMag de l&#039;\u00e9conomie circulaire","article_publisher":"https:\/\/www.facebook.com\/LivelyBrussels\/","article_published_time":"2023-06-10T12:37:45+00:00","article_modified_time":"2023-08-28T10:24:01+00:00","og_image":[{"width":750,"height":500,"url":"https:\/\/www.lively.brussels\/wp-content\/uploads\/2022\/09\/2022-09-07-LIVELY-POST_106-Shifting-Economy_1.jpg","type":"image\/jpeg"}],"author":"Dan","twitter_card":"summary_large_image","twitter_creator":"@BrusselsLively","twitter_site":"@BrusselsLively","twitter_misc":{"\u00c9crit par":"Dan","Dur\u00e9e de lecture estim\u00e9e":"9 minutes"},"schema":{"@context":"https:\/\/schema.org","@graph":[{"@type":"Article","@id":"https:\/\/www.lively.brussels\/index.php\/2023\/06\/10\/la-grande-transition-bruxelloise\/#article","isPartOf":{"@id":"https:\/\/www.lively.brussels\/index.php\/2023\/06\/10\/la-grande-transition-bruxelloise\/"},"author":{"name":"Dan","@id":"https:\/\/www.lively.brussels\/#\/schema\/person\/27b8da6d7e6a73c586858220b3689813"},"headline":"La Grande Transition Bruxelloise","datePublished":"2023-06-10T12:37:45+00:00","dateModified":"2023-08-28T10:24:01+00:00","mainEntityOfPage":{"@id":"https:\/\/www.lively.brussels\/index.php\/2023\/06\/10\/la-grande-transition-bruxelloise\/"},"wordCount":1871,"commentCount":0,"publisher":{"@id":"https:\/\/www.lively.brussels\/#organization"},"image":{"@id":"https:\/\/www.lively.brussels\/index.php\/2023\/06\/10\/la-grande-transition-bruxelloise\/#primaryimage"},"thumbnailUrl":"https:\/\/www.lively.brussels\/wp-content\/uploads\/2022\/09\/2022-09-07-LIVELY-POST_106-Shifting-Economy_1.jpg","articleSection":["A NEW WORLD"],"inLanguage":"fr-FR","potentialAction":[{"@type":"CommentAction","name":"Comment","target":["https:\/\/www.lively.brussels\/index.php\/2023\/06\/10\/la-grande-transition-bruxelloise\/#respond"]}]},{"@type":"WebPage","@id":"https:\/\/www.lively.brussels\/index.php\/2023\/06\/10\/la-grande-transition-bruxelloise\/","url":"https:\/\/www.lively.brussels\/index.php\/2023\/06\/10\/la-grande-transition-bruxelloise\/","name":"La Grande Transition Bruxelloise &#060; LIVELY - Le WebMag de l&#039;\u00e9conomie circulaire","isPartOf":{"@id":"https:\/\/www.lively.brussels\/#website"},"primaryImageOfPage":{"@id":"https:\/\/www.lively.brussels\/index.php\/2023\/06\/10\/la-grande-transition-bruxelloise\/#primaryimage"},"image":{"@id":"https:\/\/www.lively.brussels\/index.php\/2023\/06\/10\/la-grande-transition-bruxelloise\/#primaryimage"},"thumbnailUrl":"https:\/\/www.lively.brussels\/wp-content\/uploads\/2022\/09\/2022-09-07-LIVELY-POST_106-Shifting-Economy_1.jpg","datePublished":"2023-06-10T12:37:45+00:00","dateModified":"2023-08-28T10:24:01+00:00","description":"Le Webmagazine de l'\u00e9conomie circulaire \u00e0 Bruxelles, de la transition \u00e9conomique et de la durabilit\u00e9.","breadcrumb":{"@id":"https:\/\/www.lively.brussels\/index.php\/2023\/06\/10\/la-grande-transition-bruxelloise\/#breadcrumb"},"inLanguage":"fr-FR","potentialAction":[{"@type":"ReadAction","target":["https:\/\/www.lively.brussels\/index.php\/2023\/06\/10\/la-grande-transition-bruxelloise\/"]}]},{"@type":"ImageObject","inLanguage":"fr-FR","@id":"https:\/\/www.lively.brussels\/index.php\/2023\/06\/10\/la-grande-transition-bruxelloise\/#primaryimage","url":"https:\/\/www.lively.brussels\/wp-content\/uploads\/2022\/09\/2022-09-07-LIVELY-POST_106-Shifting-Economy_1.jpg","contentUrl":"https:\/\/www.lively.brussels\/wp-content\/uploads\/2022\/09\/2022-09-07-LIVELY-POST_106-Shifting-Economy_1.jpg","width":750,"height":500},{"@type":"BreadcrumbList","@id":"https:\/\/www.lively.brussels\/index.php\/2023\/06\/10\/la-grande-transition-bruxelloise\/#breadcrumb","itemListElement":[{"@type":"ListItem","position":1,"name":"Accueil","item":"https:\/\/www.lively.brussels\/"},{"@type":"ListItem","position":2,"name":"La Grande Transition Bruxelloise"}]},{"@type":"WebSite","@id":"https:\/\/www.lively.brussels\/#website","url":"https:\/\/www.lively.brussels\/","name":"LIVELY - Le WebMag de l&#039;\u00e9conomie circulaire","description":"Pour tout savoir de l&#039;\u00e9conomie circulaire \u00e0 Bruxelles, en Belgique et dans le reste de l&#039;univers","publisher":{"@id":"https:\/\/www.lively.brussels\/#organization"},"potentialAction":[{"@type":"SearchAction","target":{"@type":"EntryPoint","urlTemplate":"https:\/\/www.lively.brussels\/?s={search_term_string}"},"query-input":{"@type":"PropertyValueSpecification","valueRequired":true,"valueName":"search_term_string"}}],"inLanguage":"fr-FR"},{"@type":"Organization","@id":"https:\/\/www.lively.brussels\/#organization","name":"Sense Brussels SCRL","url":"https:\/\/www.lively.brussels\/","logo":{"@type":"ImageObject","inLanguage":"fr-FR","@id":"https:\/\/www.lively.brussels\/#\/schema\/logo\/image\/","url":"https:\/\/www.lively.brussels\/wp-content\/uploads\/2020\/08\/Lively_Favicon.jpg","contentUrl":"https:\/\/www.lively.brussels\/wp-content\/uploads\/2020\/08\/Lively_Favicon.jpg","width":134,"height":134,"caption":"Sense Brussels SCRL"},"image":{"@id":"https:\/\/www.lively.brussels\/#\/schema\/logo\/image\/"},"sameAs":["https:\/\/www.facebook.com\/LivelyBrussels\/","https:\/\/x.com\/BrusselsLively","https:\/\/www.instagram.com\/livelybrussels\/","https:\/\/www.linkedin.com\/company\/lively-brussels"]},{"@type":"Person","@id":"https:\/\/www.lively.brussels\/#\/schema\/person\/27b8da6d7e6a73c586858220b3689813","name":"Dan","image":{"@type":"ImageObject","inLanguage":"fr-FR","@id":"https:\/\/secure.gravatar.com\/avatar\/1c44b4e64c6affe7d245ec199692d5edbd481f3147a0239eef7565f0ac162043?s=96&d=mm&r=g","url":"https:\/\/secure.gravatar.com\/avatar\/1c44b4e64c6affe7d245ec199692d5edbd481f3147a0239eef7565f0ac162043?s=96&d=mm&r=g","contentUrl":"https:\/\/secure.gravatar.com\/avatar\/1c44b4e64c6affe7d245ec199692d5edbd481f3147a0239eef7565f0ac162043?s=96&d=mm&r=g","caption":"Dan"},"url":"https:\/\/www.lively.brussels\/index.php\/author\/remade_dan\/"}]}},"_links":{"self":[{"href":"https:\/\/www.lively.brussels\/index.php\/wp-json\/wp\/v2\/posts\/6264","targetHints":{"allow":["GET"]}}],"collection":[{"href":"https:\/\/www.lively.brussels\/index.php\/wp-json\/wp\/v2\/posts"}],"about":[{"href":"https:\/\/www.lively.brussels\/index.php\/wp-json\/wp\/v2\/types\/post"}],"author":[{"embeddable":true,"href":"https:\/\/www.lively.brussels\/index.php\/wp-json\/wp\/v2\/users\/2"}],"replies":[{"embeddable":true,"href":"https:\/\/www.lively.brussels\/index.php\/wp-json\/wp\/v2\/comments?post=6264"}],"version-history":[{"count":24,"href":"https:\/\/www.lively.brussels\/index.php\/wp-json\/wp\/v2\/posts\/6264\/revisions"}],"predecessor-version":[{"id":6295,"href":"https:\/\/www.lively.brussels\/index.php\/wp-json\/wp\/v2\/posts\/6264\/revisions\/6295"}],"wp:featuredmedia":[{"embeddable":true,"href":"https:\/\/www.lively.brussels\/index.php\/wp-json\/wp\/v2\/media\/6265"}],"wp:attachment":[{"href":"https:\/\/www.lively.brussels\/index.php\/wp-json\/wp\/v2\/media?parent=6264"}],"wp:term":[{"taxonomy":"category","embeddable":true,"href":"https:\/\/www.lively.brussels\/index.php\/wp-json\/wp\/v2\/categories?post=6264"},{"taxonomy":"post_tag","embeddable":true,"href":"https:\/\/www.lively.brussels\/index.php\/wp-json\/wp\/v2\/tags?post=6264"}],"curies":[{"name":"wp","href":"https:\/\/api.w.org\/{rel}","templated":true}]}}