{"id":972,"date":"2020-09-29T16:16:37","date_gmt":"2020-09-29T16:16:37","guid":{"rendered":"https:\/\/www.lively.brussels\/?p=972"},"modified":"2020-12-09T10:57:06","modified_gmt":"2020-12-09T10:57:06","slug":"its-time-to-shift","status":"publish","type":"post","link":"https:\/\/www.lively.brussels\/index.php\/2020\/09\/29\/its-time-to-shift\/","title":{"rendered":"It&rsquo;s time to shift"},"content":{"rendered":"\n<p>We are not living within the boundaries of the planet and this is driven to a large extent by our linear take-make-waste and extractive economic model.<br>Currently, we are using&nbsp;<a href=\"https:\/\/ec.europa.eu\/knowledge4policy\/foresight\/topic\/aggravating-resource-scarcity\/global-demand-resources-materials_en#:~:text=Humanity%20currently%20uses%20resources%20at%20a%20rate%2050%25,non-renewable%20resources%20such%20as%20fossil%20fuels%20and%20minerals.\">resources at a rate 50% faster<\/a>&nbsp;than they can be regenerated by nature and&nbsp; demand for raw materials and natural resources is increasing as well as <a href=\"https:\/\/www.eea.europa.eu\/data-and-maps\/indicators\/waste-generation-4\/assessment\">waste generation<\/a>. <\/p>\n\n\n\n<p><strong>The culture of waste has reached its limit.<\/strong><\/p>\n\n\n\n<figure class=\"wp-block-image size-full is-resized\"><a href=\"https:\/\/www.lively.brussels\/wp-content\/uploads\/2020\/09\/IS3-Cradle-to-Cradle-11-Infographic.jpg\" target=\"_blank\" rel=\"noopener noreferrer\" class=\"img-link\"><img loading=\"lazy\" decoding=\"async\" src=\"https:\/\/www.lively.brussels\/wp-content\/uploads\/2020\/09\/IS3-Cradle-to-Cradle-11-Infographic.jpg\" alt=\"\" class=\"wp-image-977\" width=\"771\" height=\"379\" srcset=\"https:\/\/www.lively.brussels\/wp-content\/uploads\/2020\/09\/IS3-Cradle-to-Cradle-11-Infographic.jpg 2048w, https:\/\/www.lively.brussels\/wp-content\/uploads\/2020\/09\/IS3-Cradle-to-Cradle-11-Infographic-300x148.jpg 300w, https:\/\/www.lively.brussels\/wp-content\/uploads\/2020\/09\/IS3-Cradle-to-Cradle-11-Infographic-1024x505.jpg 1024w, https:\/\/www.lively.brussels\/wp-content\/uploads\/2020\/09\/IS3-Cradle-to-Cradle-11-Infographic-768x378.jpg 768w, https:\/\/www.lively.brussels\/wp-content\/uploads\/2020\/09\/IS3-Cradle-to-Cradle-11-Infographic-1536x757.jpg 1536w, https:\/\/www.lively.brussels\/wp-content\/uploads\/2020\/09\/IS3-Cradle-to-Cradle-11-Infographic-610x301.jpg 610w, https:\/\/www.lively.brussels\/wp-content\/uploads\/2020\/09\/IS3-Cradle-to-Cradle-11-Infographic-640x315.jpg 640w, https:\/\/www.lively.brussels\/wp-content\/uploads\/2020\/09\/IS3-Cradle-to-Cradle-11-Infographic-1000x493.jpg 1000w, https:\/\/www.lively.brussels\/wp-content\/uploads\/2020\/09\/IS3-Cradle-to-Cradle-11-Infographic-1320x650.jpg 1320w\" sizes=\"auto, (max-width: 771px) 100vw, 771px\" \/><\/a><figcaption>Source: Earth\u2019s natural wealth: an audit. By David Cohen. New Scientist (2007)<\/figcaption><\/figure>\n\n\n\n<hr class=\"wp-block-separator\"\/>\n\n\n\n<h2 class=\"wp-block-heading\">re-thinking future business and economic growth<\/h2>\n\n\n\n<p><strong>The circular economy sets out a completely different vision to our current linear consumption and production model<\/strong>, and it is a fundamental set to achieving the EU\u2019s target of becoming climate neutral by 2050.&nbsp; <br>For instance, as shown by a recent <a href=\"https:\/\/www.ellenmacarthurfoundation.org\/publications\/completing-the-picture-climate-change\" target=\"_blank\" rel=\"noreferrer noopener\">Ellen MacArthur Foundation publication<\/a>, applying circular economy strategies in just five key areas could reduce 9.3 billion tonnes of CO2 emissions by 2050 \u2013 equivalent to cutting current emissions from all transport to zero.<\/p>\n\n\n\n<p>The concept of a circular economy offers a systematic and coherent framework for re-thinking future business and economic growth in relation to the availability and access to strategic resources, materials and energy that underpin our economies. Its core idea is to decouple economic growth and prosperity from consumption of finite resources and to build economic, natural and social capital.<\/p>\n\n\n\n<p><\/p>\n\n\n\n<p>With the first EU Circular Economy Action Plan, launched in 2015, <strong>the EU managed to turn a somewhat abstract concept into real policy change.<\/strong> <br>But with the world being still <a href=\"https:\/\/www.circle-economy.com\/news\/the-circularity-gap-report-our-world-is-only-9-circular\" target=\"_blank\" rel=\"noreferrer noopener\">only<\/a><a href=\"https:\/\/www.circle-economy.com\/news\/the-circularity-gap-report-our-world-is-only-9-circular\"> 9% circular<\/a>, <strong>more ambitious actions were needed <\/strong>to boost circularity in the EU and beyond. Actions taken so far in the EU have focused on supply-side measures aimed at addressing negative impacts of products, services and production, and on dealing with materials that become waste.<\/p>\n\n\n\n<hr class=\"wp-block-separator\"\/>\n\n\n\n<h2 class=\"wp-block-heading\">And now ? <\/h2>\n\n\n\n<p><strong>The new EU Circular Economy Action Plan paves the way for a further acceleration of the transition <\/strong>and is an important strategy for trying to reach a sustainable, decarbonised and resource-efficient economy in the EU. Published on 11 March 2020, it is a promising continuation of the EU\u00b4s ambition from 2015. <br>The plan has announced initiatives along the life cycle of products, targeting for example their design, promoting circular economy processes, fostering sustainable consumption, and aiming to ensure that the resources used are kept in the EU economy for as long as possible.<\/p>\n\n\n\n<div class=\"wp-block-image\"><figure class=\"aligncenter size-large is-resized\"><img decoding=\"async\" src=\"https:\/\/www.lively.brussels\/wp-content\/uploads\/2020\/09\/New-Logo-Circular-Economy-Action-Plan_web.jpg\" alt=\"\" class=\"wp-image-986\" width=\"350\" srcset=\"https:\/\/www.lively.brussels\/wp-content\/uploads\/2020\/09\/New-Logo-Circular-Economy-Action-Plan_web.jpg 450w, https:\/\/www.lively.brussels\/wp-content\/uploads\/2020\/09\/New-Logo-Circular-Economy-Action-Plan_web-300x230.jpg 300w\" sizes=\"(max-width: 450px) 100vw, 450px\" \/><figcaption><a href=\"https:\/\/ec.europa.eu\/commission\/presscorner\/detail\/en\/ip_20_420\" target=\"_blank\" rel=\"noreferrer noopener\">A new&nbsp;Circular Economy Action Plan<\/a>&nbsp;<\/figcaption><\/figure><\/div>\n\n\n\n<p><strong>Now the EU and its member states need to take appropriate action<\/strong> in order to switch the current linear economic paradigm, by having a clear vision of this global challenge. To fulfil a coherent and broad implementation of the plan, there are additional challenges that need to be addressed.<\/p>\n\n\n\n<p>The role of the circular economy needs to be analysed in the wider global context.<\/p>\n\n\n\n<hr class=\"wp-block-separator\"\/>\n\n\n\n<blockquote class=\"wp-block-quote is-style-default is-layout-flow wp-block-quote-is-layout-flow\"><p>\u201cWe need to change the way we produce, consume and trade\u201d<\/p><cite>Ursula von der Leyen, Commission President, in her <a href=\"https:\/\/ec.europa.eu\/commission\/sites\/beta-political\/files\/political-guidelines-next-commission_en.pdf\" target=\"_blank\" rel=\"noreferrer noopener\">Agenda for Europe<\/a><\/cite><\/blockquote>\n\n\n\n<hr class=\"wp-block-separator\"\/>\n\n\n\n<h2 class=\"wp-block-heading\">A global approach<\/h2>\n\n\n\n<p>An effective implementation of a more circular economy requires an understanding of potential implications of the transition across a variety of sectors, as well as the implications of various policy areas and societal trends on the circular economy transition. For instance, the role of trade policies and of the ongoing digital revolution.<\/p>\n\n\n\n<p><strong>The shift to a circular economy in the EU needs to address the implications both within and outside the EU.<\/strong> The transition to a circular economy model in the EU unavoidably has implications on a global scale, for EU and its trade partners, thus, it requires an internationalist approach and cooperation between countries and along value chains. <br>For instance, the current lack of international definitions and standards linked to waste recycling is creating a barrier to recycling efforts, obstructing the benefits of circular economy as part of trade. <br>Thus, it is necessary<strong> to adopt collaborative and inclusive approaches<\/strong> to the <strong>design and use of products, production and waste standards<\/strong> for circularity within key global supply chains.<\/p>\n\n\n\n<hr class=\"wp-block-separator\"\/>\n\n\n\n<h2 class=\"wp-block-heading\">We know what to do<\/h2>\n\n\n\n<p><strong>The EU and member states\u2019 efforts should focus on measures aimed to boost this transition, for instance providing more incentives to circular economy projects and business. <\/strong><br><strong>The Just Transition Fund<\/strong>, the flagship for supporting workers and communities affected by the energy transition, could be a supporting foothold to take this transition forward. Fostering circular business models across small and medium enterprises and start-ups \u2013 including through waste prevention through product-service-systems\/leasing models; repair and re-use, remanufacturing and refurbishment, and so on \u2013 could create accessible jobs while helping decarbonise the economy. <br><strong>These measures should be accompanied by employment strategies<\/strong> as well as training measures for workers and business. <br>For instance, coordination and sharing of practices in circular economy skills programmes and adopting targeted approaches for the most vulnerable workers, particularly the low skilled, unemployed, younger and older workers.<\/p>\n\n\n\n<hr class=\"wp-block-separator\"\/>\n\n\n\n<h2 class=\"wp-block-heading\">Benefits for all<\/h2>\n\n\n\n<p>In addition, it is really important that EU policies consider t<strong>he involvement of the public and private sectors to facilitate the consumption of sustainable and circular products<\/strong>, making them more affordable for all citizens. This could be benefited by using an environmental fiscal reform as a key instrument, for instance giving favourable rates to repair activities. Indeed, this fiscal reform could help to shift tax burden from labour to the use of non-renewable energy and virgin raw materials.<\/p>\n\n\n\n<p>Adopting circular economy principles will not only benefit Europe environmentally and socially but could also help generate economic and employment benefits. The circular shift is expected to create a net economic benefit upward <a href=\"https:\/\/www.mckinsey.com\/~\/media\/McKinsey\/Business%20Functions\/Sustainability\/Our%20Insights\/Europes%20circular%20economy%20opportunity\/Europes%20circulareconomy%20opportunity.ashx\" target=\"_blank\" rel=\"noreferrer noopener\">of \u20ac1.8 trillion by 2030<\/a>, &nbsp;and around <a href=\"https:\/\/ec.europa.eu\/commission\/presscorner\/detail\/en\/qanda_20_419\" target=\"_blank\" rel=\"noreferrer noopener\">700,000 new jobs<\/a>.<\/p>\n\n\n\n<p>Circular economy provides an overarching framework to overcome simultaneously the battle of decarbonising the economy while building resilience to climate change. <\/p>\n\n\n\n<p><strong>Taking into account our current climate and health crisis context, putting circular economy at the centre of the EU economic recovery and doing it by carrying out a systemic approach, will contribute to building more resilient economies and societies, while helping meet climate targets.<\/strong><\/p>\n\n\n\n<hr class=\"wp-block-separator\"\/>\n\n\n\n<div class=\"wp-block-image\"><figure class=\"aligncenter size-large is-resized\"><img loading=\"lazy\" decoding=\"async\" src=\"https:\/\/www.lively.brussels\/wp-content\/uploads\/2020\/09\/by-nc-sa.eu_.png\" alt=\"\" class=\"wp-image-879\" width=\"200\" height=\"69\" srcset=\"https:\/\/www.lively.brussels\/wp-content\/uploads\/2020\/09\/by-nc-sa.eu_.png 403w, https:\/\/www.lively.brussels\/wp-content\/uploads\/2020\/09\/by-nc-sa.eu_-300x105.png 300w\" sizes=\"auto, (max-width: 200px) 100vw, 200px\" \/><\/figure><\/div>\n\n\n\n<p class=\"has-text-align-center has-small-font-size\">This article is licensed under a Creative Commons License.<br>You are free to reuse it (mentioning the author &#8211; BY) but not for commercial use (NC) and to share it under the same conditions (SA).<\/p>\n","protected":false},"excerpt":{"rendered":"<p>Does the EU have a clear vision for circular economy?<\/p>\n","protected":false},"author":8,"featured_media":1240,"comment_status":"closed","ping_status":"closed","sticky":false,"template":"","format":"standard","meta":{"ngg_post_thumbnail":0,"footnotes":""},"categories":[66],"tags":[193,192,194,191,190],"class_list":["post-972","post","type-post","status-publish","format-standard","has-post-thumbnail","hentry","category-circularite","tag-analyse","tag-circular-economy","tag-eu-policy","tag-european-union","tag-union-europeenne","entry-card--landscape"],"yoast_head":"<!-- This site is optimized with the Yoast SEO plugin v27.2 - https:\/\/yoast.com\/product\/yoast-seo-wordpress\/ -->\n<title>It&#039;s time to shift &#060; LIVELY - Le WebMag de l&#039;\u00e9conomie circulaire<\/title>\n<meta name=\"description\" content=\"Le Webmagazine de l&#039;\u00e9conomie circulaire \u00e0 Bruxelles, de la transition \u00e9conomique et de la durabilit\u00e9.\" \/>\n<meta name=\"robots\" content=\"index, follow, max-snippet:-1, max-image-preview:large, max-video-preview:-1\" \/>\n<link rel=\"canonical\" href=\"https:\/\/www.lively.brussels\/index.php\/2020\/09\/29\/its-time-to-shift\/\" \/>\n<meta property=\"og:locale\" content=\"fr_FR\" \/>\n<meta property=\"og:type\" content=\"article\" \/>\n<meta property=\"og:title\" content=\"It&#039;s time to shift &#060; LIVELY - Le WebMag de l&#039;\u00e9conomie circulaire\" \/>\n<meta property=\"og:description\" content=\"Le Webmagazine de l&#039;\u00e9conomie circulaire \u00e0 Bruxelles, de la transition \u00e9conomique et de la durabilit\u00e9.\" \/>\n<meta property=\"og:url\" content=\"https:\/\/www.lively.brussels\/index.php\/2020\/09\/29\/its-time-to-shift\/\" \/>\n<meta property=\"og:site_name\" content=\"LIVELY - Le WebMag de l&#039;\u00e9conomie circulaire\" \/>\n<meta property=\"article:publisher\" content=\"https:\/\/www.facebook.com\/LivelyBrussels\/\" \/>\n<meta property=\"article:published_time\" content=\"2020-09-29T16:16:37+00:00\" \/>\n<meta property=\"article:modified_time\" content=\"2020-12-09T10:57:06+00:00\" \/>\n<meta property=\"og:image\" content=\"https:\/\/www.lively.brussels\/wp-content\/uploads\/2020\/09\/06-10-2020-Website-Image-EU-Flag-750x500-2.jpg\" \/>\n\t<meta property=\"og:image:width\" content=\"750\" \/>\n\t<meta property=\"og:image:height\" content=\"500\" \/>\n\t<meta property=\"og:image:type\" content=\"image\/jpeg\" \/>\n<meta name=\"author\" content=\"C\u00e9line\" \/>\n<meta name=\"twitter:card\" content=\"summary_large_image\" \/>\n<meta name=\"twitter:creator\" content=\"@BrusselsLively\" \/>\n<meta name=\"twitter:site\" content=\"@BrusselsLively\" \/>\n<meta name=\"twitter:label1\" content=\"\u00c9crit par\" \/>\n\t<meta name=\"twitter:data1\" content=\"C\u00e9line\" \/>\n\t<meta name=\"twitter:label2\" content=\"Dur\u00e9e de lecture estim\u00e9e\" \/>\n\t<meta name=\"twitter:data2\" content=\"5 minutes\" \/>\n<script type=\"application\/ld+json\" class=\"yoast-schema-graph\">{\"@context\":\"https:\/\/schema.org\",\"@graph\":[{\"@type\":\"Article\",\"@id\":\"https:\/\/www.lively.brussels\/index.php\/2020\/09\/29\/its-time-to-shift\/#article\",\"isPartOf\":{\"@id\":\"https:\/\/www.lively.brussels\/index.php\/2020\/09\/29\/its-time-to-shift\/\"},\"author\":{\"name\":\"C\u00e9line\",\"@id\":\"https:\/\/www.lively.brussels\/#\/schema\/person\/410265e8596edda3c9000a67733d8664\"},\"headline\":\"It&rsquo;s time to shift\",\"datePublished\":\"2020-09-29T16:16:37+00:00\",\"dateModified\":\"2020-12-09T10:57:06+00:00\",\"mainEntityOfPage\":{\"@id\":\"https:\/\/www.lively.brussels\/index.php\/2020\/09\/29\/its-time-to-shift\/\"},\"wordCount\":1018,\"publisher\":{\"@id\":\"https:\/\/www.lively.brussels\/#organization\"},\"image\":{\"@id\":\"https:\/\/www.lively.brussels\/index.php\/2020\/09\/29\/its-time-to-shift\/#primaryimage\"},\"thumbnailUrl\":\"https:\/\/www.lively.brussels\/wp-content\/uploads\/2020\/09\/06-10-2020-Website-Image-EU-Flag-750x500-2.jpg\",\"keywords\":[\"Analyse\",\"Circular Economy\",\"EU Policy\",\"European Union\",\"Union Europ\u00e9enne\"],\"articleSection\":[\"CIRCULARIT\u00c9\"],\"inLanguage\":\"fr-FR\"},{\"@type\":\"WebPage\",\"@id\":\"https:\/\/www.lively.brussels\/index.php\/2020\/09\/29\/its-time-to-shift\/\",\"url\":\"https:\/\/www.lively.brussels\/index.php\/2020\/09\/29\/its-time-to-shift\/\",\"name\":\"It's time to shift &#060; LIVELY - Le WebMag de l&#039;\u00e9conomie circulaire\",\"isPartOf\":{\"@id\":\"https:\/\/www.lively.brussels\/#website\"},\"primaryImageOfPage\":{\"@id\":\"https:\/\/www.lively.brussels\/index.php\/2020\/09\/29\/its-time-to-shift\/#primaryimage\"},\"image\":{\"@id\":\"https:\/\/www.lively.brussels\/index.php\/2020\/09\/29\/its-time-to-shift\/#primaryimage\"},\"thumbnailUrl\":\"https:\/\/www.lively.brussels\/wp-content\/uploads\/2020\/09\/06-10-2020-Website-Image-EU-Flag-750x500-2.jpg\",\"datePublished\":\"2020-09-29T16:16:37+00:00\",\"dateModified\":\"2020-12-09T10:57:06+00:00\",\"description\":\"Le Webmagazine de l'\u00e9conomie circulaire \u00e0 Bruxelles, de la transition \u00e9conomique et de la durabilit\u00e9.\",\"breadcrumb\":{\"@id\":\"https:\/\/www.lively.brussels\/index.php\/2020\/09\/29\/its-time-to-shift\/#breadcrumb\"},\"inLanguage\":\"fr-FR\",\"potentialAction\":[{\"@type\":\"ReadAction\",\"target\":[\"https:\/\/www.lively.brussels\/index.php\/2020\/09\/29\/its-time-to-shift\/\"]}]},{\"@type\":\"ImageObject\",\"inLanguage\":\"fr-FR\",\"@id\":\"https:\/\/www.lively.brussels\/index.php\/2020\/09\/29\/its-time-to-shift\/#primaryimage\",\"url\":\"https:\/\/www.lively.brussels\/wp-content\/uploads\/2020\/09\/06-10-2020-Website-Image-EU-Flag-750x500-2.jpg\",\"contentUrl\":\"https:\/\/www.lively.brussels\/wp-content\/uploads\/2020\/09\/06-10-2020-Website-Image-EU-Flag-750x500-2.jpg\",\"width\":750,\"height\":500},{\"@type\":\"BreadcrumbList\",\"@id\":\"https:\/\/www.lively.brussels\/index.php\/2020\/09\/29\/its-time-to-shift\/#breadcrumb\",\"itemListElement\":[{\"@type\":\"ListItem\",\"position\":1,\"name\":\"Accueil\",\"item\":\"https:\/\/www.lively.brussels\/\"},{\"@type\":\"ListItem\",\"position\":2,\"name\":\"It&#8217;s time to shift\"}]},{\"@type\":\"WebSite\",\"@id\":\"https:\/\/www.lively.brussels\/#website\",\"url\":\"https:\/\/www.lively.brussels\/\",\"name\":\"LIVELY - Le WebMag de l&#039;\u00e9conomie circulaire\",\"description\":\"Pour tout savoir de l&#039;\u00e9conomie circulaire \u00e0 Bruxelles, en Belgique et dans le reste de l&#039;univers\",\"publisher\":{\"@id\":\"https:\/\/www.lively.brussels\/#organization\"},\"potentialAction\":[{\"@type\":\"SearchAction\",\"target\":{\"@type\":\"EntryPoint\",\"urlTemplate\":\"https:\/\/www.lively.brussels\/?s={search_term_string}\"},\"query-input\":{\"@type\":\"PropertyValueSpecification\",\"valueRequired\":true,\"valueName\":\"search_term_string\"}}],\"inLanguage\":\"fr-FR\"},{\"@type\":\"Organization\",\"@id\":\"https:\/\/www.lively.brussels\/#organization\",\"name\":\"Sense Brussels SCRL\",\"url\":\"https:\/\/www.lively.brussels\/\",\"logo\":{\"@type\":\"ImageObject\",\"inLanguage\":\"fr-FR\",\"@id\":\"https:\/\/www.lively.brussels\/#\/schema\/logo\/image\/\",\"url\":\"https:\/\/www.lively.brussels\/wp-content\/uploads\/2020\/08\/Lively_Favicon.jpg\",\"contentUrl\":\"https:\/\/www.lively.brussels\/wp-content\/uploads\/2020\/08\/Lively_Favicon.jpg\",\"width\":134,\"height\":134,\"caption\":\"Sense Brussels SCRL\"},\"image\":{\"@id\":\"https:\/\/www.lively.brussels\/#\/schema\/logo\/image\/\"},\"sameAs\":[\"https:\/\/www.facebook.com\/LivelyBrussels\/\",\"https:\/\/x.com\/BrusselsLively\",\"https:\/\/www.instagram.com\/livelybrussels\/\",\"https:\/\/www.linkedin.com\/company\/lively-brussels\"]},{\"@type\":\"Person\",\"@id\":\"https:\/\/www.lively.brussels\/#\/schema\/person\/410265e8596edda3c9000a67733d8664\",\"name\":\"C\u00e9line\",\"image\":{\"@type\":\"ImageObject\",\"inLanguage\":\"fr-FR\",\"@id\":\"https:\/\/secure.gravatar.com\/avatar\/f2bfd164f532d81665d3c946317734caf2d2c3c96e3b32543a137aad134bc9d8?s=96&d=mm&r=g\",\"url\":\"https:\/\/secure.gravatar.com\/avatar\/f2bfd164f532d81665d3c946317734caf2d2c3c96e3b32543a137aad134bc9d8?s=96&d=mm&r=g\",\"contentUrl\":\"https:\/\/secure.gravatar.com\/avatar\/f2bfd164f532d81665d3c946317734caf2d2c3c96e3b32543a137aad134bc9d8?s=96&d=mm&r=g\",\"caption\":\"C\u00e9line\"},\"url\":\"https:\/\/www.lively.brussels\/index.php\/author\/celinelively-brussels\/\"}]}<\/script>\n<!-- \/ Yoast SEO plugin. -->","yoast_head_json":{"title":"It's time to shift &#060; LIVELY - Le WebMag de l&#039;\u00e9conomie circulaire","description":"Le Webmagazine de l'\u00e9conomie circulaire \u00e0 Bruxelles, de la transition \u00e9conomique et de la durabilit\u00e9.","robots":{"index":"index","follow":"follow","max-snippet":"max-snippet:-1","max-image-preview":"max-image-preview:large","max-video-preview":"max-video-preview:-1"},"canonical":"https:\/\/www.lively.brussels\/index.php\/2020\/09\/29\/its-time-to-shift\/","og_locale":"fr_FR","og_type":"article","og_title":"It's time to shift &#060; LIVELY - Le WebMag de l&#039;\u00e9conomie circulaire","og_description":"Le Webmagazine de l'\u00e9conomie circulaire \u00e0 Bruxelles, de la transition \u00e9conomique et de la durabilit\u00e9.","og_url":"https:\/\/www.lively.brussels\/index.php\/2020\/09\/29\/its-time-to-shift\/","og_site_name":"LIVELY - Le WebMag de l&#039;\u00e9conomie circulaire","article_publisher":"https:\/\/www.facebook.com\/LivelyBrussels\/","article_published_time":"2020-09-29T16:16:37+00:00","article_modified_time":"2020-12-09T10:57:06+00:00","og_image":[{"width":750,"height":500,"url":"https:\/\/www.lively.brussels\/wp-content\/uploads\/2020\/09\/06-10-2020-Website-Image-EU-Flag-750x500-2.jpg","type":"image\/jpeg"}],"author":"C\u00e9line","twitter_card":"summary_large_image","twitter_creator":"@BrusselsLively","twitter_site":"@BrusselsLively","twitter_misc":{"\u00c9crit par":"C\u00e9line","Dur\u00e9e de lecture estim\u00e9e":"5 minutes"},"schema":{"@context":"https:\/\/schema.org","@graph":[{"@type":"Article","@id":"https:\/\/www.lively.brussels\/index.php\/2020\/09\/29\/its-time-to-shift\/#article","isPartOf":{"@id":"https:\/\/www.lively.brussels\/index.php\/2020\/09\/29\/its-time-to-shift\/"},"author":{"name":"C\u00e9line","@id":"https:\/\/www.lively.brussels\/#\/schema\/person\/410265e8596edda3c9000a67733d8664"},"headline":"It&rsquo;s time to shift","datePublished":"2020-09-29T16:16:37+00:00","dateModified":"2020-12-09T10:57:06+00:00","mainEntityOfPage":{"@id":"https:\/\/www.lively.brussels\/index.php\/2020\/09\/29\/its-time-to-shift\/"},"wordCount":1018,"publisher":{"@id":"https:\/\/www.lively.brussels\/#organization"},"image":{"@id":"https:\/\/www.lively.brussels\/index.php\/2020\/09\/29\/its-time-to-shift\/#primaryimage"},"thumbnailUrl":"https:\/\/www.lively.brussels\/wp-content\/uploads\/2020\/09\/06-10-2020-Website-Image-EU-Flag-750x500-2.jpg","keywords":["Analyse","Circular Economy","EU Policy","European Union","Union Europ\u00e9enne"],"articleSection":["CIRCULARIT\u00c9"],"inLanguage":"fr-FR"},{"@type":"WebPage","@id":"https:\/\/www.lively.brussels\/index.php\/2020\/09\/29\/its-time-to-shift\/","url":"https:\/\/www.lively.brussels\/index.php\/2020\/09\/29\/its-time-to-shift\/","name":"It's time to shift &#060; LIVELY - Le WebMag de l&#039;\u00e9conomie circulaire","isPartOf":{"@id":"https:\/\/www.lively.brussels\/#website"},"primaryImageOfPage":{"@id":"https:\/\/www.lively.brussels\/index.php\/2020\/09\/29\/its-time-to-shift\/#primaryimage"},"image":{"@id":"https:\/\/www.lively.brussels\/index.php\/2020\/09\/29\/its-time-to-shift\/#primaryimage"},"thumbnailUrl":"https:\/\/www.lively.brussels\/wp-content\/uploads\/2020\/09\/06-10-2020-Website-Image-EU-Flag-750x500-2.jpg","datePublished":"2020-09-29T16:16:37+00:00","dateModified":"2020-12-09T10:57:06+00:00","description":"Le Webmagazine de l'\u00e9conomie circulaire \u00e0 Bruxelles, de la transition \u00e9conomique et de la durabilit\u00e9.","breadcrumb":{"@id":"https:\/\/www.lively.brussels\/index.php\/2020\/09\/29\/its-time-to-shift\/#breadcrumb"},"inLanguage":"fr-FR","potentialAction":[{"@type":"ReadAction","target":["https:\/\/www.lively.brussels\/index.php\/2020\/09\/29\/its-time-to-shift\/"]}]},{"@type":"ImageObject","inLanguage":"fr-FR","@id":"https:\/\/www.lively.brussels\/index.php\/2020\/09\/29\/its-time-to-shift\/#primaryimage","url":"https:\/\/www.lively.brussels\/wp-content\/uploads\/2020\/09\/06-10-2020-Website-Image-EU-Flag-750x500-2.jpg","contentUrl":"https:\/\/www.lively.brussels\/wp-content\/uploads\/2020\/09\/06-10-2020-Website-Image-EU-Flag-750x500-2.jpg","width":750,"height":500},{"@type":"BreadcrumbList","@id":"https:\/\/www.lively.brussels\/index.php\/2020\/09\/29\/its-time-to-shift\/#breadcrumb","itemListElement":[{"@type":"ListItem","position":1,"name":"Accueil","item":"https:\/\/www.lively.brussels\/"},{"@type":"ListItem","position":2,"name":"It&#8217;s time to shift"}]},{"@type":"WebSite","@id":"https:\/\/www.lively.brussels\/#website","url":"https:\/\/www.lively.brussels\/","name":"LIVELY - Le WebMag de l&#039;\u00e9conomie circulaire","description":"Pour tout savoir de l&#039;\u00e9conomie circulaire \u00e0 Bruxelles, en Belgique et dans le reste de l&#039;univers","publisher":{"@id":"https:\/\/www.lively.brussels\/#organization"},"potentialAction":[{"@type":"SearchAction","target":{"@type":"EntryPoint","urlTemplate":"https:\/\/www.lively.brussels\/?s={search_term_string}"},"query-input":{"@type":"PropertyValueSpecification","valueRequired":true,"valueName":"search_term_string"}}],"inLanguage":"fr-FR"},{"@type":"Organization","@id":"https:\/\/www.lively.brussels\/#organization","name":"Sense Brussels SCRL","url":"https:\/\/www.lively.brussels\/","logo":{"@type":"ImageObject","inLanguage":"fr-FR","@id":"https:\/\/www.lively.brussels\/#\/schema\/logo\/image\/","url":"https:\/\/www.lively.brussels\/wp-content\/uploads\/2020\/08\/Lively_Favicon.jpg","contentUrl":"https:\/\/www.lively.brussels\/wp-content\/uploads\/2020\/08\/Lively_Favicon.jpg","width":134,"height":134,"caption":"Sense Brussels SCRL"},"image":{"@id":"https:\/\/www.lively.brussels\/#\/schema\/logo\/image\/"},"sameAs":["https:\/\/www.facebook.com\/LivelyBrussels\/","https:\/\/x.com\/BrusselsLively","https:\/\/www.instagram.com\/livelybrussels\/","https:\/\/www.linkedin.com\/company\/lively-brussels"]},{"@type":"Person","@id":"https:\/\/www.lively.brussels\/#\/schema\/person\/410265e8596edda3c9000a67733d8664","name":"C\u00e9line","image":{"@type":"ImageObject","inLanguage":"fr-FR","@id":"https:\/\/secure.gravatar.com\/avatar\/f2bfd164f532d81665d3c946317734caf2d2c3c96e3b32543a137aad134bc9d8?s=96&d=mm&r=g","url":"https:\/\/secure.gravatar.com\/avatar\/f2bfd164f532d81665d3c946317734caf2d2c3c96e3b32543a137aad134bc9d8?s=96&d=mm&r=g","contentUrl":"https:\/\/secure.gravatar.com\/avatar\/f2bfd164f532d81665d3c946317734caf2d2c3c96e3b32543a137aad134bc9d8?s=96&d=mm&r=g","caption":"C\u00e9line"},"url":"https:\/\/www.lively.brussels\/index.php\/author\/celinelively-brussels\/"}]}},"_links":{"self":[{"href":"https:\/\/www.lively.brussels\/index.php\/wp-json\/wp\/v2\/posts\/972","targetHints":{"allow":["GET"]}}],"collection":[{"href":"https:\/\/www.lively.brussels\/index.php\/wp-json\/wp\/v2\/posts"}],"about":[{"href":"https:\/\/www.lively.brussels\/index.php\/wp-json\/wp\/v2\/types\/post"}],"author":[{"embeddable":true,"href":"https:\/\/www.lively.brussels\/index.php\/wp-json\/wp\/v2\/users\/8"}],"replies":[{"embeddable":true,"href":"https:\/\/www.lively.brussels\/index.php\/wp-json\/wp\/v2\/comments?post=972"}],"version-history":[{"count":26,"href":"https:\/\/www.lively.brussels\/index.php\/wp-json\/wp\/v2\/posts\/972\/revisions"}],"predecessor-version":[{"id":1387,"href":"https:\/\/www.lively.brussels\/index.php\/wp-json\/wp\/v2\/posts\/972\/revisions\/1387"}],"wp:featuredmedia":[{"embeddable":true,"href":"https:\/\/www.lively.brussels\/index.php\/wp-json\/wp\/v2\/media\/1240"}],"wp:attachment":[{"href":"https:\/\/www.lively.brussels\/index.php\/wp-json\/wp\/v2\/media?parent=972"}],"wp:term":[{"taxonomy":"category","embeddable":true,"href":"https:\/\/www.lively.brussels\/index.php\/wp-json\/wp\/v2\/categories?post=972"},{"taxonomy":"post_tag","embeddable":true,"href":"https:\/\/www.lively.brussels\/index.php\/wp-json\/wp\/v2\/tags?post=972"}],"curies":[{"name":"wp","href":"https:\/\/api.w.org\/{rel}","templated":true}]}}